{"id":66949,"date":"2024-10-16T19:12:14","date_gmt":"2024-10-16T16:12:14","guid":{"rendered":"https:\/\/kibrisdakik.com\/index.php\/2024\/10\/16\/unal-ustelden-malatyadaki-deprem-icin-gecmis-olsun-mesaji\/"},"modified":"2024-10-16T19:12:14","modified_gmt":"2024-10-16T16:12:14","slug":"unal-ustelden-malatyadaki-deprem-icin-gecmis-olsun-mesaji","status":"publish","type":"post","link":"https:\/\/kibrisdakik.com\/?p=66949","title":{"rendered":"\u00dcnal \u00dcstel\u2019den Malatya\u2019daki deprem i\u00e7in ge\u00e7mi\u015f olsun mesaj\u0131"},"content":{"rendered":"<div>\n<div class=\"mariselle-image-container center\">\n                                            <\/div>\n<p>Ba\u015fbakan \u00dcnal \u00dcstel, Malatya\u2019da meydana gelen 5,9 b\u00fcy\u00fckl\u00fc\u011f\u00fcndeki depremden etkilenen vatanda\u015flara ge\u00e7mi\u015f olsun dileklerini ileterek, \u201cHer zaman yanlar\u0131nday\u0131z\u201d dedi.<\/p>\n<p>Ba\u015fbakan \u00dcnal \u00dcstel, sosyal medya hesab\u0131ndan yapt\u0131\u011f\u0131 payla\u015f\u0131mda, Malatya\u2019n\u0131n Kale il\u00e7esinde meydana gelen ve \u00e7evre illerde de hissedilen 5,9 b\u00fcy\u00fckl\u00fc\u011f\u00fcndeki depremden etkilenen vatanda\u015flara ge\u00e7mi\u015f olsun dileklerini iletti.<\/p>\n<p>\u00dcstel mesaj\u0131nda; \u201cBir kez daha vurgulamak isterim ki, her zaman yanlar\u0131nday\u0131z\u201d ifadelerini kulland\u0131.<\/p>\n<\/p><\/div>\n<p><script async\n                    defer\n                    crossorigin=\"anonymous\"\n                    src=\"https:\/\/connect.facebook.net\/tr_TR\/sdk.js#xfbml=1&#038;version=v3.3\"\n            ><\/script><\/p>\n","protected":false},"excerpt":{"rendered":"<p>Ba\u015fbakan \u00dcnal \u00dcstel, Malatya\u2019da meydana gelen 5,9 b\u00fcy\u00fckl\u00fc\u011f\u00fcndeki depremden etkilenen vatanda\u015flara ge\u00e7mi\u015f olsun dileklerini ileterek, \u201cHer zaman yanlar\u0131nday\u0131z\u201d dedi. Ba\u015fbakan \u00dcnal \u00dcstel, sosyal medya hesab\u0131ndan yapt\u0131\u011f\u0131 payla\u015f\u0131mda, Malatya\u2019n\u0131n Kale il\u00e7esinde meydana gelen ve \u00e7evre illerde de hissedilen 5,9 b\u00fcy\u00fckl\u00fc\u011f\u00fcndeki depremden etkilenen vatanda\u015flara ge\u00e7mi\u015f olsun dileklerini iletti. \u00dcstel mesaj\u0131nda; \u201cBir kez daha vurgulamak isterim ki, her<\/p>\n","protected":false},"author":1,"featured_media":2463,"comment_status":"open","ping_status":"open","sticky":false,"template":"","format":"standard","meta":{"footnotes":""},"categories":[81],"tags":[],"class_list":["post-66949","post","type-post","status-publish","format-standard","has-post-thumbnail","hentry","category-kibris"],"yoast_head":"<!-- This site is optimized with the Yoast SEO plugin v27.4 - https:\/\/yoast.com\/product\/yoast-seo-wordpress\/ -->\n<title>\u00dcnal \u00dcstel\u2019den Malatya\u2019daki deprem i\u00e7in ge\u00e7mi\u015f olsun mesaj\u0131 -<\/title>\n<meta name=\"robots\" content=\"index, follow, max-snippet:-1, max-image-preview:large, max-video-preview:-1\" \/>\n<link rel=\"canonical\" href=\"https:\/\/kibrisdakik.com\/?p=66949\" \/>\n<meta property=\"og:locale\" content=\"tr_TR\" \/>\n<meta property=\"og:type\" content=\"article\" \/>\n<meta property=\"og:title\" content=\"\u00dcnal \u00dcstel\u2019den Malatya\u2019daki deprem i\u00e7in ge\u00e7mi\u015f olsun mesaj\u0131 -\" \/>\n<meta property=\"og:description\" content=\"Ba\u015fbakan \u00dcnal \u00dcstel, Malatya\u2019da meydana gelen 5,9 b\u00fcy\u00fckl\u00fc\u011f\u00fcndeki depremden etkilenen vatanda\u015flara ge\u00e7mi\u015f olsun dileklerini ileterek, \u201cHer zaman yanlar\u0131nday\u0131z\u201d dedi. Ba\u015fbakan \u00dcnal \u00dcstel, sosyal medya hesab\u0131ndan yapt\u0131\u011f\u0131 payla\u015f\u0131mda, Malatya\u2019n\u0131n Kale il\u00e7esinde meydana gelen ve \u00e7evre illerde de hissedilen 5,9 b\u00fcy\u00fckl\u00fc\u011f\u00fcndeki depremden etkilenen vatanda\u015flara ge\u00e7mi\u015f olsun dileklerini iletti. \u00dcstel mesaj\u0131nda; \u201cBir kez daha vurgulamak isterim ki, her\" \/>\n<meta property=\"og:url\" content=\"https:\/\/kibrisdakik.com\/?p=66949\" \/>\n<meta property=\"article:published_time\" content=\"2024-10-16T16:12:14+00:00\" \/>\n<meta property=\"og:image\" content=\"https:\/\/kibrisdakik.com\/wp-content\/uploads\/2023\/03\/UNAL-USTEL-YAZI-YAZARKEN-1024x576.png\" \/>\n\t<meta property=\"og:image:width\" content=\"1024\" \/>\n\t<meta property=\"og:image:height\" content=\"576\" \/>\n\t<meta property=\"og:image:type\" content=\"image\/png\" \/>\n<meta name=\"author\" content=\"admin\" \/>\n<meta name=\"twitter:card\" content=\"summary_large_image\" \/>\n<meta name=\"twitter:label1\" content=\"Yazan:\" \/>\n\t<meta name=\"twitter:data1\" content=\"admin\" \/>\n<script type=\"application\/ld+json\" class=\"yoast-schema-graph\">{\"@context\":\"https:\\\/\\\/schema.org\",\"@graph\":[{\"@type\":\"Article\",\"@id\":\"https:\\\/\\\/kibrisdakik.com\\\/?p=66949#article\",\"isPartOf\":{\"@id\":\"https:\\\/\\\/kibrisdakik.com\\\/?p=66949\"},\"author\":{\"name\":\"admin\",\"@id\":\"https:\\\/\\\/kibrisdakik.com\\\/#\\\/schema\\\/person\\\/9cd9d437bbb44f72b73ba127e06d8e79\"},\"headline\":\"\u00dcnal \u00dcstel\u2019den Malatya\u2019daki deprem i\u00e7in ge\u00e7mi\u015f olsun mesaj\u0131\",\"datePublished\":\"2024-10-16T16:12:14+00:00\",\"mainEntityOfPage\":{\"@id\":\"https:\\\/\\\/kibrisdakik.com\\\/?p=66949\"},\"wordCount\":92,\"commentCount\":0,\"image\":{\"@id\":\"https:\\\/\\\/kibrisdakik.com\\\/?p=66949#primaryimage\"},\"thumbnailUrl\":\"https:\\\/\\\/kibrisdakik.com\\\/wp-content\\\/uploads\\\/2023\\\/03\\\/UNAL-USTEL-YAZI-YAZARKEN-740x420.png\",\"articleSection\":[\"K\u0131br\u0131s\"],\"inLanguage\":\"tr\",\"potentialAction\":[{\"@type\":\"CommentAction\",\"name\":\"Comment\",\"target\":[\"https:\\\/\\\/kibrisdakik.com\\\/?p=66949#respond\"]}]},{\"@type\":\"WebPage\",\"@id\":\"https:\\\/\\\/kibrisdakik.com\\\/?p=66949\",\"url\":\"https:\\\/\\\/kibrisdakik.com\\\/?p=66949\",\"name\":\"\u00dcnal \u00dcstel\u2019den Malatya\u2019daki deprem i\u00e7in ge\u00e7mi\u015f olsun mesaj\u0131 -\",\"isPartOf\":{\"@id\":\"https:\\\/\\\/kibrisdakik.com\\\/#website\"},\"primaryImageOfPage\":{\"@id\":\"https:\\\/\\\/kibrisdakik.com\\\/?p=66949#primaryimage\"},\"image\":{\"@id\":\"https:\\\/\\\/kibrisdakik.com\\\/?p=66949#primaryimage\"},\"thumbnailUrl\":\"https:\\\/\\\/kibrisdakik.com\\\/wp-content\\\/uploads\\\/2023\\\/03\\\/UNAL-USTEL-YAZI-YAZARKEN-740x420.png\",\"datePublished\":\"2024-10-16T16:12:14+00:00\",\"author\":{\"@id\":\"https:\\\/\\\/kibrisdakik.com\\\/#\\\/schema\\\/person\\\/9cd9d437bbb44f72b73ba127e06d8e79\"},\"breadcrumb\":{\"@id\":\"https:\\\/\\\/kibrisdakik.com\\\/?p=66949#breadcrumb\"},\"inLanguage\":\"tr\",\"potentialAction\":[{\"@type\":\"ReadAction\",\"target\":[\"https:\\\/\\\/kibrisdakik.com\\\/?p=66949\"]}]},{\"@type\":\"ImageObject\",\"inLanguage\":\"tr\",\"@id\":\"https:\\\/\\\/kibrisdakik.com\\\/?p=66949#primaryimage\",\"url\":\"https:\\\/\\\/kibrisdakik.com\\\/wp-content\\\/uploads\\\/2023\\\/03\\\/UNAL-USTEL-YAZI-YAZARKEN-740x420.png\",\"contentUrl\":\"https:\\\/\\\/kibrisdakik.com\\\/wp-content\\\/uploads\\\/2023\\\/03\\\/UNAL-USTEL-YAZI-YAZARKEN-740x420.png\",\"width\":1849,\"height\":1040},{\"@type\":\"BreadcrumbList\",\"@id\":\"https:\\\/\\\/kibrisdakik.com\\\/?p=66949#breadcrumb\",\"itemListElement\":[{\"@type\":\"ListItem\",\"position\":1,\"name\":\"Home\",\"item\":\"https:\\\/\\\/kibrisdakik.com\\\/\"},{\"@type\":\"ListItem\",\"position\":2,\"name\":\"\u00dcnal \u00dcstel\u2019den Malatya\u2019daki deprem i\u00e7in ge\u00e7mi\u015f olsun mesaj\u0131\"}]},{\"@type\":\"WebSite\",\"@id\":\"https:\\\/\\\/kibrisdakik.com\\\/#website\",\"url\":\"https:\\\/\\\/kibrisdakik.com\\\/\",\"name\":\"\",\"description\":\"Tam vaktinde haber\",\"potentialAction\":[{\"@type\":\"SearchAction\",\"target\":{\"@type\":\"EntryPoint\",\"urlTemplate\":\"https:\\\/\\\/kibrisdakik.com\\\/?s={search_term_string}\"},\"query-input\":{\"@type\":\"PropertyValueSpecification\",\"valueRequired\":true,\"valueName\":\"search_term_string\"}}],\"inLanguage\":\"tr\"},{\"@type\":\"Person\",\"@id\":\"https:\\\/\\\/kibrisdakik.com\\\/#\\\/schema\\\/person\\\/9cd9d437bbb44f72b73ba127e06d8e79\",\"name\":\"admin\",\"image\":{\"@type\":\"ImageObject\",\"inLanguage\":\"tr\",\"@id\":\"https:\\\/\\\/secure.gravatar.com\\\/avatar\\\/ccc17943b9d660506c869530f897617f7cb1c21a4bf30023f252596d83e1f007?s=96&d=mm&r=g\",\"url\":\"https:\\\/\\\/secure.gravatar.com\\\/avatar\\\/ccc17943b9d660506c869530f897617f7cb1c21a4bf30023f252596d83e1f007?s=96&d=mm&r=g\",\"contentUrl\":\"https:\\\/\\\/secure.gravatar.com\\\/avatar\\\/ccc17943b9d660506c869530f897617f7cb1c21a4bf30023f252596d83e1f007?s=96&d=mm&r=g\",\"caption\":\"admin\"},\"sameAs\":[\"https:\\\/\\\/kibrisdakik.com\"],\"url\":\"https:\\\/\\\/kibrisdakik.com\\\/?author=1\"}]}<\/script>\n<!-- \/ Yoast SEO plugin. -->","yoast_head_json":{"title":"\u00dcnal \u00dcstel\u2019den Malatya\u2019daki deprem i\u00e7in ge\u00e7mi\u015f olsun mesaj\u0131 -","robots":{"index":"index","follow":"follow","max-snippet":"max-snippet:-1","max-image-preview":"max-image-preview:large","max-video-preview":"max-video-preview:-1"},"canonical":"https:\/\/kibrisdakik.com\/?p=66949","og_locale":"tr_TR","og_type":"article","og_title":"\u00dcnal \u00dcstel\u2019den Malatya\u2019daki deprem i\u00e7in ge\u00e7mi\u015f olsun mesaj\u0131 -","og_description":"Ba\u015fbakan \u00dcnal \u00dcstel, Malatya\u2019da meydana gelen 5,9 b\u00fcy\u00fckl\u00fc\u011f\u00fcndeki depremden etkilenen vatanda\u015flara ge\u00e7mi\u015f olsun dileklerini ileterek, \u201cHer zaman yanlar\u0131nday\u0131z\u201d dedi. Ba\u015fbakan \u00dcnal \u00dcstel, sosyal medya hesab\u0131ndan yapt\u0131\u011f\u0131 payla\u015f\u0131mda, Malatya\u2019n\u0131n Kale il\u00e7esinde meydana gelen ve \u00e7evre illerde de hissedilen 5,9 b\u00fcy\u00fckl\u00fc\u011f\u00fcndeki depremden etkilenen vatanda\u015flara ge\u00e7mi\u015f olsun dileklerini iletti. \u00dcstel mesaj\u0131nda; \u201cBir kez daha vurgulamak isterim ki, her","og_url":"https:\/\/kibrisdakik.com\/?p=66949","article_published_time":"2024-10-16T16:12:14+00:00","og_image":[{"width":1024,"height":576,"url":"https:\/\/kibrisdakik.com\/wp-content\/uploads\/2023\/03\/UNAL-USTEL-YAZI-YAZARKEN-1024x576.png","type":"image\/png"}],"author":"admin","twitter_card":"summary_large_image","twitter_misc":{"Yazan:":"admin"},"schema":{"@context":"https:\/\/schema.org","@graph":[{"@type":"Article","@id":"https:\/\/kibrisdakik.com\/?p=66949#article","isPartOf":{"@id":"https:\/\/kibrisdakik.com\/?p=66949"},"author":{"name":"admin","@id":"https:\/\/kibrisdakik.com\/#\/schema\/person\/9cd9d437bbb44f72b73ba127e06d8e79"},"headline":"\u00dcnal \u00dcstel\u2019den Malatya\u2019daki deprem i\u00e7in ge\u00e7mi\u015f olsun mesaj\u0131","datePublished":"2024-10-16T16:12:14+00:00","mainEntityOfPage":{"@id":"https:\/\/kibrisdakik.com\/?p=66949"},"wordCount":92,"commentCount":0,"image":{"@id":"https:\/\/kibrisdakik.com\/?p=66949#primaryimage"},"thumbnailUrl":"https:\/\/kibrisdakik.com\/wp-content\/uploads\/2023\/03\/UNAL-USTEL-YAZI-YAZARKEN-740x420.png","articleSection":["K\u0131br\u0131s"],"inLanguage":"tr","potentialAction":[{"@type":"CommentAction","name":"Comment","target":["https:\/\/kibrisdakik.com\/?p=66949#respond"]}]},{"@type":"WebPage","@id":"https:\/\/kibrisdakik.com\/?p=66949","url":"https:\/\/kibrisdakik.com\/?p=66949","name":"\u00dcnal \u00dcstel\u2019den Malatya\u2019daki deprem i\u00e7in ge\u00e7mi\u015f olsun mesaj\u0131 -","isPartOf":{"@id":"https:\/\/kibrisdakik.com\/#website"},"primaryImageOfPage":{"@id":"https:\/\/kibrisdakik.com\/?p=66949#primaryimage"},"image":{"@id":"https:\/\/kibrisdakik.com\/?p=66949#primaryimage"},"thumbnailUrl":"https:\/\/kibrisdakik.com\/wp-content\/uploads\/2023\/03\/UNAL-USTEL-YAZI-YAZARKEN-740x420.png","datePublished":"2024-10-16T16:12:14+00:00","author":{"@id":"https:\/\/kibrisdakik.com\/#\/schema\/person\/9cd9d437bbb44f72b73ba127e06d8e79"},"breadcrumb":{"@id":"https:\/\/kibrisdakik.com\/?p=66949#breadcrumb"},"inLanguage":"tr","potentialAction":[{"@type":"ReadAction","target":["https:\/\/kibrisdakik.com\/?p=66949"]}]},{"@type":"ImageObject","inLanguage":"tr","@id":"https:\/\/kibrisdakik.com\/?p=66949#primaryimage","url":"https:\/\/kibrisdakik.com\/wp-content\/uploads\/2023\/03\/UNAL-USTEL-YAZI-YAZARKEN-740x420.png","contentUrl":"https:\/\/kibrisdakik.com\/wp-content\/uploads\/2023\/03\/UNAL-USTEL-YAZI-YAZARKEN-740x420.png","width":1849,"height":1040},{"@type":"BreadcrumbList","@id":"https:\/\/kibrisdakik.com\/?p=66949#breadcrumb","itemListElement":[{"@type":"ListItem","position":1,"name":"Home","item":"https:\/\/kibrisdakik.com\/"},{"@type":"ListItem","position":2,"name":"\u00dcnal \u00dcstel\u2019den Malatya\u2019daki deprem i\u00e7in ge\u00e7mi\u015f olsun mesaj\u0131"}]},{"@type":"WebSite","@id":"https:\/\/kibrisdakik.com\/#website","url":"https:\/\/kibrisdakik.com\/","name":"","description":"Tam vaktinde haber","potentialAction":[{"@type":"SearchAction","target":{"@type":"EntryPoint","urlTemplate":"https:\/\/kibrisdakik.com\/?s={search_term_string}"},"query-input":{"@type":"PropertyValueSpecification","valueRequired":true,"valueName":"search_term_string"}}],"inLanguage":"tr"},{"@type":"Person","@id":"https:\/\/kibrisdakik.com\/#\/schema\/person\/9cd9d437bbb44f72b73ba127e06d8e79","name":"admin","image":{"@type":"ImageObject","inLanguage":"tr","@id":"https:\/\/secure.gravatar.com\/avatar\/ccc17943b9d660506c869530f897617f7cb1c21a4bf30023f252596d83e1f007?s=96&d=mm&r=g","url":"https:\/\/secure.gravatar.com\/avatar\/ccc17943b9d660506c869530f897617f7cb1c21a4bf30023f252596d83e1f007?s=96&d=mm&r=g","contentUrl":"https:\/\/secure.gravatar.com\/avatar\/ccc17943b9d660506c869530f897617f7cb1c21a4bf30023f252596d83e1f007?s=96&d=mm&r=g","caption":"admin"},"sameAs":["https:\/\/kibrisdakik.com"],"url":"https:\/\/kibrisdakik.com\/?author=1"}]}},"_links":{"self":[{"href":"https:\/\/kibrisdakik.com\/index.php?rest_route=\/wp\/v2\/posts\/66949","targetHints":{"allow":["GET"]}}],"collection":[{"href":"https:\/\/kibrisdakik.com\/index.php?rest_route=\/wp\/v2\/posts"}],"about":[{"href":"https:\/\/kibrisdakik.com\/index.php?rest_route=\/wp\/v2\/types\/post"}],"author":[{"embeddable":true,"href":"https:\/\/kibrisdakik.com\/index.php?rest_route=\/wp\/v2\/users\/1"}],"replies":[{"embeddable":true,"href":"https:\/\/kibrisdakik.com\/index.php?rest_route=%2Fwp%2Fv2%2Fcomments&post=66949"}],"version-history":[{"count":0,"href":"https:\/\/kibrisdakik.com\/index.php?rest_route=\/wp\/v2\/posts\/66949\/revisions"}],"wp:featuredmedia":[{"embeddable":true,"href":"https:\/\/kibrisdakik.com\/index.php?rest_route=\/wp\/v2\/media\/2463"}],"wp:attachment":[{"href":"https:\/\/kibrisdakik.com\/index.php?rest_route=%2Fwp%2Fv2%2Fmedia&parent=66949"}],"wp:term":[{"taxonomy":"category","embeddable":true,"href":"https:\/\/kibrisdakik.com\/index.php?rest_route=%2Fwp%2Fv2%2Fcategories&post=66949"},{"taxonomy":"post_tag","embeddable":true,"href":"https:\/\/kibrisdakik.com\/index.php?rest_route=%2Fwp%2Fv2%2Ftags&post=66949"}],"curies":[{"name":"wp","href":"https:\/\/api.w.org\/{rel}","templated":true}]}}