{"id":66956,"date":"2024-10-16T19:32:36","date_gmt":"2024-10-16T16:32:36","guid":{"rendered":"https:\/\/kibrisdakik.com\/index.php\/2024\/10\/16\/esendagliyargisal-hizmetlerin-daha-iyi-bir-yere-tasinmasi-icin-hem-devletin-hem-de-yarginin-uzerine-dusen-gorevler-var\/"},"modified":"2024-10-16T19:32:36","modified_gmt":"2024-10-16T16:32:36","slug":"esendagliyargisal-hizmetlerin-daha-iyi-bir-yere-tasinmasi-icin-hem-devletin-hem-de-yarginin-uzerine-dusen-gorevler-var","status":"publish","type":"post","link":"https:\/\/kibrisdakik.com\/?p=66956","title":{"rendered":"Esenda\u011fl\u0131:Yarg\u0131sal hizmetlerin daha iyi bir yere ta\u015f\u0131nmas\u0131 i\u00e7in hem devletin, hem de yarg\u0131n\u0131n \u00fczerine d\u00fc\u015fen g\u00f6revler var"},"content":{"rendered":"<div>\n<div class=\"mariselle-image-container center\">\n                                            <\/div>\n<p>K\u0131br\u0131s T\u00fcrk Barolar Birli\u011fi Ba\u015fkan\u0131 Hasan Esenda\u011fl\u0131, BRT\u2019de kat\u0131ld\u0131\u011f\u0131 programda, devletin, mahkeme hizmetlerinin iyile\u015ftirilmesi ad\u0131na b\u00fct\u00e7e ay\u0131rmas\u0131 gerekti\u011fini s\u00f6yleyerek, bu y\u00f6ntemle sorunlar\u0131n b\u00fcy\u00fck oranda \u00e7\u00f6z\u00fclece\u011fini kaydetti.<\/p>\n<p> \tEsenda\u011fl\u0131, siyasi meselelerin yarg\u0131 yoluyla \u00e7\u00f6z\u00fclmemesi gerekti\u011fini berlirtti.<br \/>Ne yarg\u0131n\u0131n siyasete ne de siyasetin yarg\u0131ya kar\u0131\u015fmamas\u0131 gerekti\u011fini anlatan Esenda\u011fl\u0131, Cumhuriyet Meclis\u2019inde ya\u015fanan ba\u015fkanl\u0131k se\u00e7iminde demokrasinin ve siyasetin kendi \u00e7arklar\u0131n\u0131n \u00e7al\u0131\u015farak sorunun a\u015f\u0131lmas\u0131 gerekti\u011fine vurgu yapt\u0131.<\/p>\n<p>\t  Barolar Birli\u011fi\u2019nin, hem i\u00e7e hem d\u0131\u015fa kar\u015f\u0131, topluma kar\u015f\u0131 \u00f6devleri oldu\u011funu ifade eden Esenda\u011fl\u0131, hafta ba\u015f\u0131n da yap\u0131lan eyleme de de\u011findi.<br \/>Esenda\u011fl\u0131, \u201cHaklar\u0131n Korunmas\u0131 \u0130nisiyatifi bir eylem yapt\u0131 ve biz de o eylemde bulundu\u011fumuz i\u00e7in, toplumun belli kesimlerinden ele\u015ftiri ald\u0131k. Yap\u0131lan bu eylem y\u00fczde y\u00fcz bir hukuki meseledir. K\u0131br\u0131sl\u0131 T\u00fcrkler yada KKTC\u2019deki yasalar taht\u0131nda yasal olarak i\u015f yapan ve yasal olarak bulunan insanlar, Rum taraf\u0131nda Rum Meclisi\u2019nden ge\u00e7irilen bir yasa ile oradaki yarg\u0131 yada adli mekanizma taraf\u0131ndan tutuklan\u0131yor ve yarg\u0131lan\u0131yor.  Mesele tamamen hukuk\u00e7ular\u0131n tart\u0131\u015fmas\u0131 gereken bir meseledir, Meselenin siyasi taraf\u0131 \u015fudur. Rum taraf\u0131 meseleye siyasi olarak yakla\u015f\u0131yor. K\u0131br\u0131s sorununun en \u00f6nemli ba\u015fl\u0131klar\u0131ndan birisi olan M\u00fclkiyet meselesini masadan ve iki toplum ger\u00e7e\u011finden ay\u0131r\u0131yor. Ve bireyleri hedef alarak cezaland\u0131r\u0131p bir pozisyon elde etmeye \u00e7al\u0131\u015f\u0131yor. K\u0131br\u0131sl\u0131 T\u00fcrkler, Rum Y\u00f6netimi\u2019nin bu hareketi ile esas \u00f6zg\u00fcrl\u00fcklerinden mahrum olma gibi bir olayla kar\u015f\u0131 kar\u015f\u0131yad\u0131r. Biz de birlik olarak, bunun d\u0131\u015f\u0131nda kalamazd\u0131k\u201d dedi.<\/p>\n<\/p><\/div>\n<p><script async\n                    defer\n                    crossorigin=\"anonymous\"\n                    src=\"https:\/\/connect.facebook.net\/tr_TR\/sdk.js#xfbml=1&#038;version=v3.3\"\n            ><\/script><\/p>\n","protected":false},"excerpt":{"rendered":"<p>K\u0131br\u0131s T\u00fcrk Barolar Birli\u011fi Ba\u015fkan\u0131 Hasan Esenda\u011fl\u0131, BRT\u2019de kat\u0131ld\u0131\u011f\u0131 programda, devletin, mahkeme hizmetlerinin iyile\u015ftirilmesi ad\u0131na b\u00fct\u00e7e ay\u0131rmas\u0131 gerekti\u011fini s\u00f6yleyerek, bu y\u00f6ntemle sorunlar\u0131n b\u00fcy\u00fck oranda \u00e7\u00f6z\u00fclece\u011fini kaydetti. Esenda\u011fl\u0131, siyasi meselelerin yarg\u0131 yoluyla \u00e7\u00f6z\u00fclmemesi gerekti\u011fini berlirtti.Ne yarg\u0131n\u0131n siyasete ne de siyasetin yarg\u0131ya kar\u0131\u015fmamas\u0131 gerekti\u011fini anlatan Esenda\u011fl\u0131, Cumhuriyet Meclis\u2019inde ya\u015fanan ba\u015fkanl\u0131k se\u00e7iminde demokrasinin ve siyasetin kendi \u00e7arklar\u0131n\u0131n \u00e7al\u0131\u015farak<\/p>\n","protected":false},"author":1,"featured_media":66957,"comment_status":"open","ping_status":"open","sticky":false,"template":"","format":"standard","meta":{"footnotes":""},"categories":[81],"tags":[],"class_list":["post-66956","post","type-post","status-publish","format-standard","has-post-thumbnail","hentry","category-kibris"],"yoast_head":"<!-- This site is optimized with the Yoast SEO plugin v27.5 - https:\/\/yoast.com\/product\/yoast-seo-wordpress\/ -->\n<title>Esenda\u011fl\u0131:Yarg\u0131sal hizmetlerin daha iyi bir yere ta\u015f\u0131nmas\u0131 i\u00e7in hem devletin, hem de yarg\u0131n\u0131n \u00fczerine d\u00fc\u015fen g\u00f6revler var -<\/title>\n<meta name=\"robots\" content=\"index, follow, max-snippet:-1, max-image-preview:large, max-video-preview:-1\" \/>\n<link rel=\"canonical\" href=\"https:\/\/kibrisdakik.com\/?p=66956\" \/>\n<meta property=\"og:locale\" content=\"tr_TR\" \/>\n<meta property=\"og:type\" content=\"article\" \/>\n<meta property=\"og:title\" content=\"Esenda\u011fl\u0131:Yarg\u0131sal hizmetlerin daha iyi bir yere ta\u015f\u0131nmas\u0131 i\u00e7in hem devletin, hem de yarg\u0131n\u0131n \u00fczerine d\u00fc\u015fen g\u00f6revler var -\" \/>\n<meta property=\"og:description\" content=\"K\u0131br\u0131s T\u00fcrk Barolar Birli\u011fi Ba\u015fkan\u0131 Hasan Esenda\u011fl\u0131, BRT\u2019de kat\u0131ld\u0131\u011f\u0131 programda, devletin, mahkeme hizmetlerinin iyile\u015ftirilmesi ad\u0131na b\u00fct\u00e7e ay\u0131rmas\u0131 gerekti\u011fini s\u00f6yleyerek, bu y\u00f6ntemle sorunlar\u0131n b\u00fcy\u00fck oranda \u00e7\u00f6z\u00fclece\u011fini kaydetti. Esenda\u011fl\u0131, siyasi meselelerin yarg\u0131 yoluyla \u00e7\u00f6z\u00fclmemesi gerekti\u011fini berlirtti.Ne yarg\u0131n\u0131n siyasete ne de siyasetin yarg\u0131ya kar\u0131\u015fmamas\u0131 gerekti\u011fini anlatan Esenda\u011fl\u0131, Cumhuriyet Meclis\u2019inde ya\u015fanan ba\u015fkanl\u0131k se\u00e7iminde demokrasinin ve siyasetin kendi \u00e7arklar\u0131n\u0131n \u00e7al\u0131\u015farak\" \/>\n<meta property=\"og:url\" content=\"https:\/\/kibrisdakik.com\/?p=66956\" \/>\n<meta property=\"article:published_time\" content=\"2024-10-16T16:32:36+00:00\" \/>\n<meta property=\"og:image\" content=\"https:\/\/kibrisdakik.com\/wp-content\/uploads\/2024\/10\/hasan-esendagli-124-740x420.jpg\" \/>\n\t<meta property=\"og:image:width\" content=\"2429\" \/>\n\t<meta property=\"og:image:height\" content=\"1343\" \/>\n\t<meta property=\"og:image:type\" content=\"image\/jpeg\" \/>\n<meta name=\"author\" content=\"admin\" \/>\n<meta name=\"twitter:card\" content=\"summary_large_image\" \/>\n<meta name=\"twitter:label1\" content=\"Yazan:\" \/>\n\t<meta name=\"twitter:data1\" content=\"admin\" \/>\n\t<meta name=\"twitter:label2\" content=\"Tahmini okuma s\u00fcresi\" \/>\n\t<meta name=\"twitter:data2\" content=\"2 dakika\" \/>\n<script type=\"application\/ld+json\" class=\"yoast-schema-graph\">{\"@context\":\"https:\\\/\\\/schema.org\",\"@graph\":[{\"@type\":\"Article\",\"@id\":\"https:\\\/\\\/kibrisdakik.com\\\/?p=66956#article\",\"isPartOf\":{\"@id\":\"https:\\\/\\\/kibrisdakik.com\\\/?p=66956\"},\"author\":{\"name\":\"admin\",\"@id\":\"https:\\\/\\\/kibrisdakik.com\\\/#\\\/schema\\\/person\\\/9cd9d437bbb44f72b73ba127e06d8e79\"},\"headline\":\"Esenda\u011fl\u0131:Yarg\u0131sal hizmetlerin daha iyi bir yere ta\u015f\u0131nmas\u0131 i\u00e7in hem devletin, hem de yarg\u0131n\u0131n \u00fczerine d\u00fc\u015fen g\u00f6revler var\",\"datePublished\":\"2024-10-16T16:32:36+00:00\",\"mainEntityOfPage\":{\"@id\":\"https:\\\/\\\/kibrisdakik.com\\\/?p=66956\"},\"wordCount\":331,\"commentCount\":0,\"image\":{\"@id\":\"https:\\\/\\\/kibrisdakik.com\\\/?p=66956#primaryimage\"},\"thumbnailUrl\":\"https:\\\/\\\/kibrisdakik.com\\\/wp-content\\\/uploads\\\/2024\\\/10\\\/hasan-esendagli-124-740x420.jpg\",\"articleSection\":[\"K\u0131br\u0131s\"],\"inLanguage\":\"tr\",\"potentialAction\":[{\"@type\":\"CommentAction\",\"name\":\"Comment\",\"target\":[\"https:\\\/\\\/kibrisdakik.com\\\/?p=66956#respond\"]}]},{\"@type\":\"WebPage\",\"@id\":\"https:\\\/\\\/kibrisdakik.com\\\/?p=66956\",\"url\":\"https:\\\/\\\/kibrisdakik.com\\\/?p=66956\",\"name\":\"Esenda\u011fl\u0131:Yarg\u0131sal hizmetlerin daha iyi bir yere ta\u015f\u0131nmas\u0131 i\u00e7in hem devletin, hem de yarg\u0131n\u0131n \u00fczerine d\u00fc\u015fen g\u00f6revler var -\",\"isPartOf\":{\"@id\":\"https:\\\/\\\/kibrisdakik.com\\\/#website\"},\"primaryImageOfPage\":{\"@id\":\"https:\\\/\\\/kibrisdakik.com\\\/?p=66956#primaryimage\"},\"image\":{\"@id\":\"https:\\\/\\\/kibrisdakik.com\\\/?p=66956#primaryimage\"},\"thumbnailUrl\":\"https:\\\/\\\/kibrisdakik.com\\\/wp-content\\\/uploads\\\/2024\\\/10\\\/hasan-esendagli-124-740x420.jpg\",\"datePublished\":\"2024-10-16T16:32:36+00:00\",\"author\":{\"@id\":\"https:\\\/\\\/kibrisdakik.com\\\/#\\\/schema\\\/person\\\/9cd9d437bbb44f72b73ba127e06d8e79\"},\"breadcrumb\":{\"@id\":\"https:\\\/\\\/kibrisdakik.com\\\/?p=66956#breadcrumb\"},\"inLanguage\":\"tr\",\"potentialAction\":[{\"@type\":\"ReadAction\",\"target\":[\"https:\\\/\\\/kibrisdakik.com\\\/?p=66956\"]}]},{\"@type\":\"ImageObject\",\"inLanguage\":\"tr\",\"@id\":\"https:\\\/\\\/kibrisdakik.com\\\/?p=66956#primaryimage\",\"url\":\"https:\\\/\\\/kibrisdakik.com\\\/wp-content\\\/uploads\\\/2024\\\/10\\\/hasan-esendagli-124-740x420.jpg\",\"contentUrl\":\"https:\\\/\\\/kibrisdakik.com\\\/wp-content\\\/uploads\\\/2024\\\/10\\\/hasan-esendagli-124-740x420.jpg\",\"width\":2429,\"height\":1343},{\"@type\":\"BreadcrumbList\",\"@id\":\"https:\\\/\\\/kibrisdakik.com\\\/?p=66956#breadcrumb\",\"itemListElement\":[{\"@type\":\"ListItem\",\"position\":1,\"name\":\"Home\",\"item\":\"https:\\\/\\\/kibrisdakik.com\\\/\"},{\"@type\":\"ListItem\",\"position\":2,\"name\":\"Esenda\u011fl\u0131:Yarg\u0131sal hizmetlerin daha iyi bir yere ta\u015f\u0131nmas\u0131 i\u00e7in hem devletin, hem de yarg\u0131n\u0131n \u00fczerine d\u00fc\u015fen g\u00f6revler var\"}]},{\"@type\":\"WebSite\",\"@id\":\"https:\\\/\\\/kibrisdakik.com\\\/#website\",\"url\":\"https:\\\/\\\/kibrisdakik.com\\\/\",\"name\":\"\",\"description\":\"Tam vaktinde haber\",\"potentialAction\":[{\"@type\":\"SearchAction\",\"target\":{\"@type\":\"EntryPoint\",\"urlTemplate\":\"https:\\\/\\\/kibrisdakik.com\\\/?s={search_term_string}\"},\"query-input\":{\"@type\":\"PropertyValueSpecification\",\"valueRequired\":true,\"valueName\":\"search_term_string\"}}],\"inLanguage\":\"tr\"},{\"@type\":\"Person\",\"@id\":\"https:\\\/\\\/kibrisdakik.com\\\/#\\\/schema\\\/person\\\/9cd9d437bbb44f72b73ba127e06d8e79\",\"name\":\"admin\",\"image\":{\"@type\":\"ImageObject\",\"inLanguage\":\"tr\",\"@id\":\"https:\\\/\\\/secure.gravatar.com\\\/avatar\\\/ccc17943b9d660506c869530f897617f7cb1c21a4bf30023f252596d83e1f007?s=96&d=mm&r=g\",\"url\":\"https:\\\/\\\/secure.gravatar.com\\\/avatar\\\/ccc17943b9d660506c869530f897617f7cb1c21a4bf30023f252596d83e1f007?s=96&d=mm&r=g\",\"contentUrl\":\"https:\\\/\\\/secure.gravatar.com\\\/avatar\\\/ccc17943b9d660506c869530f897617f7cb1c21a4bf30023f252596d83e1f007?s=96&d=mm&r=g\",\"caption\":\"admin\"},\"sameAs\":[\"https:\\\/\\\/kibrisdakik.com\"],\"url\":\"https:\\\/\\\/kibrisdakik.com\\\/?author=1\"}]}<\/script>\n<!-- \/ Yoast SEO plugin. -->","yoast_head_json":{"title":"Esenda\u011fl\u0131:Yarg\u0131sal hizmetlerin daha iyi bir yere ta\u015f\u0131nmas\u0131 i\u00e7in hem devletin, hem de yarg\u0131n\u0131n \u00fczerine d\u00fc\u015fen g\u00f6revler var -","robots":{"index":"index","follow":"follow","max-snippet":"max-snippet:-1","max-image-preview":"max-image-preview:large","max-video-preview":"max-video-preview:-1"},"canonical":"https:\/\/kibrisdakik.com\/?p=66956","og_locale":"tr_TR","og_type":"article","og_title":"Esenda\u011fl\u0131:Yarg\u0131sal hizmetlerin daha iyi bir yere ta\u015f\u0131nmas\u0131 i\u00e7in hem devletin, hem de yarg\u0131n\u0131n \u00fczerine d\u00fc\u015fen g\u00f6revler var -","og_description":"K\u0131br\u0131s T\u00fcrk Barolar Birli\u011fi Ba\u015fkan\u0131 Hasan Esenda\u011fl\u0131, BRT\u2019de kat\u0131ld\u0131\u011f\u0131 programda, devletin, mahkeme hizmetlerinin iyile\u015ftirilmesi ad\u0131na b\u00fct\u00e7e ay\u0131rmas\u0131 gerekti\u011fini s\u00f6yleyerek, bu y\u00f6ntemle sorunlar\u0131n b\u00fcy\u00fck oranda \u00e7\u00f6z\u00fclece\u011fini kaydetti. Esenda\u011fl\u0131, siyasi meselelerin yarg\u0131 yoluyla \u00e7\u00f6z\u00fclmemesi gerekti\u011fini berlirtti.Ne yarg\u0131n\u0131n siyasete ne de siyasetin yarg\u0131ya kar\u0131\u015fmamas\u0131 gerekti\u011fini anlatan Esenda\u011fl\u0131, Cumhuriyet Meclis\u2019inde ya\u015fanan ba\u015fkanl\u0131k se\u00e7iminde demokrasinin ve siyasetin kendi \u00e7arklar\u0131n\u0131n \u00e7al\u0131\u015farak","og_url":"https:\/\/kibrisdakik.com\/?p=66956","article_published_time":"2024-10-16T16:32:36+00:00","og_image":[{"width":2429,"height":1343,"url":"https:\/\/kibrisdakik.com\/wp-content\/uploads\/2024\/10\/hasan-esendagli-124-740x420.jpg","type":"image\/jpeg"}],"author":"admin","twitter_card":"summary_large_image","twitter_misc":{"Yazan:":"admin","Tahmini okuma s\u00fcresi":"2 dakika"},"schema":{"@context":"https:\/\/schema.org","@graph":[{"@type":"Article","@id":"https:\/\/kibrisdakik.com\/?p=66956#article","isPartOf":{"@id":"https:\/\/kibrisdakik.com\/?p=66956"},"author":{"name":"admin","@id":"https:\/\/kibrisdakik.com\/#\/schema\/person\/9cd9d437bbb44f72b73ba127e06d8e79"},"headline":"Esenda\u011fl\u0131:Yarg\u0131sal hizmetlerin daha iyi bir yere ta\u015f\u0131nmas\u0131 i\u00e7in hem devletin, hem de yarg\u0131n\u0131n \u00fczerine d\u00fc\u015fen g\u00f6revler var","datePublished":"2024-10-16T16:32:36+00:00","mainEntityOfPage":{"@id":"https:\/\/kibrisdakik.com\/?p=66956"},"wordCount":331,"commentCount":0,"image":{"@id":"https:\/\/kibrisdakik.com\/?p=66956#primaryimage"},"thumbnailUrl":"https:\/\/kibrisdakik.com\/wp-content\/uploads\/2024\/10\/hasan-esendagli-124-740x420.jpg","articleSection":["K\u0131br\u0131s"],"inLanguage":"tr","potentialAction":[{"@type":"CommentAction","name":"Comment","target":["https:\/\/kibrisdakik.com\/?p=66956#respond"]}]},{"@type":"WebPage","@id":"https:\/\/kibrisdakik.com\/?p=66956","url":"https:\/\/kibrisdakik.com\/?p=66956","name":"Esenda\u011fl\u0131:Yarg\u0131sal hizmetlerin daha iyi bir yere ta\u015f\u0131nmas\u0131 i\u00e7in hem devletin, hem de yarg\u0131n\u0131n \u00fczerine d\u00fc\u015fen g\u00f6revler var -","isPartOf":{"@id":"https:\/\/kibrisdakik.com\/#website"},"primaryImageOfPage":{"@id":"https:\/\/kibrisdakik.com\/?p=66956#primaryimage"},"image":{"@id":"https:\/\/kibrisdakik.com\/?p=66956#primaryimage"},"thumbnailUrl":"https:\/\/kibrisdakik.com\/wp-content\/uploads\/2024\/10\/hasan-esendagli-124-740x420.jpg","datePublished":"2024-10-16T16:32:36+00:00","author":{"@id":"https:\/\/kibrisdakik.com\/#\/schema\/person\/9cd9d437bbb44f72b73ba127e06d8e79"},"breadcrumb":{"@id":"https:\/\/kibrisdakik.com\/?p=66956#breadcrumb"},"inLanguage":"tr","potentialAction":[{"@type":"ReadAction","target":["https:\/\/kibrisdakik.com\/?p=66956"]}]},{"@type":"ImageObject","inLanguage":"tr","@id":"https:\/\/kibrisdakik.com\/?p=66956#primaryimage","url":"https:\/\/kibrisdakik.com\/wp-content\/uploads\/2024\/10\/hasan-esendagli-124-740x420.jpg","contentUrl":"https:\/\/kibrisdakik.com\/wp-content\/uploads\/2024\/10\/hasan-esendagli-124-740x420.jpg","width":2429,"height":1343},{"@type":"BreadcrumbList","@id":"https:\/\/kibrisdakik.com\/?p=66956#breadcrumb","itemListElement":[{"@type":"ListItem","position":1,"name":"Home","item":"https:\/\/kibrisdakik.com\/"},{"@type":"ListItem","position":2,"name":"Esenda\u011fl\u0131:Yarg\u0131sal hizmetlerin daha iyi bir yere ta\u015f\u0131nmas\u0131 i\u00e7in hem devletin, hem de yarg\u0131n\u0131n \u00fczerine d\u00fc\u015fen g\u00f6revler var"}]},{"@type":"WebSite","@id":"https:\/\/kibrisdakik.com\/#website","url":"https:\/\/kibrisdakik.com\/","name":"","description":"Tam vaktinde haber","potentialAction":[{"@type":"SearchAction","target":{"@type":"EntryPoint","urlTemplate":"https:\/\/kibrisdakik.com\/?s={search_term_string}"},"query-input":{"@type":"PropertyValueSpecification","valueRequired":true,"valueName":"search_term_string"}}],"inLanguage":"tr"},{"@type":"Person","@id":"https:\/\/kibrisdakik.com\/#\/schema\/person\/9cd9d437bbb44f72b73ba127e06d8e79","name":"admin","image":{"@type":"ImageObject","inLanguage":"tr","@id":"https:\/\/secure.gravatar.com\/avatar\/ccc17943b9d660506c869530f897617f7cb1c21a4bf30023f252596d83e1f007?s=96&d=mm&r=g","url":"https:\/\/secure.gravatar.com\/avatar\/ccc17943b9d660506c869530f897617f7cb1c21a4bf30023f252596d83e1f007?s=96&d=mm&r=g","contentUrl":"https:\/\/secure.gravatar.com\/avatar\/ccc17943b9d660506c869530f897617f7cb1c21a4bf30023f252596d83e1f007?s=96&d=mm&r=g","caption":"admin"},"sameAs":["https:\/\/kibrisdakik.com"],"url":"https:\/\/kibrisdakik.com\/?author=1"}]}},"_links":{"self":[{"href":"https:\/\/kibrisdakik.com\/index.php?rest_route=\/wp\/v2\/posts\/66956","targetHints":{"allow":["GET"]}}],"collection":[{"href":"https:\/\/kibrisdakik.com\/index.php?rest_route=\/wp\/v2\/posts"}],"about":[{"href":"https:\/\/kibrisdakik.com\/index.php?rest_route=\/wp\/v2\/types\/post"}],"author":[{"embeddable":true,"href":"https:\/\/kibrisdakik.com\/index.php?rest_route=\/wp\/v2\/users\/1"}],"replies":[{"embeddable":true,"href":"https:\/\/kibrisdakik.com\/index.php?rest_route=%2Fwp%2Fv2%2Fcomments&post=66956"}],"version-history":[{"count":0,"href":"https:\/\/kibrisdakik.com\/index.php?rest_route=\/wp\/v2\/posts\/66956\/revisions"}],"wp:featuredmedia":[{"embeddable":true,"href":"https:\/\/kibrisdakik.com\/index.php?rest_route=\/wp\/v2\/media\/66957"}],"wp:attachment":[{"href":"https:\/\/kibrisdakik.com\/index.php?rest_route=%2Fwp%2Fv2%2Fmedia&parent=66956"}],"wp:term":[{"taxonomy":"category","embeddable":true,"href":"https:\/\/kibrisdakik.com\/index.php?rest_route=%2Fwp%2Fv2%2Fcategories&post=66956"},{"taxonomy":"post_tag","embeddable":true,"href":"https:\/\/kibrisdakik.com\/index.php?rest_route=%2Fwp%2Fv2%2Ftags&post=66956"}],"curies":[{"name":"wp","href":"https:\/\/api.w.org\/{rel}","templated":true}]}}