{"id":66968,"date":"2024-10-16T21:47:00","date_gmt":"2024-10-16T18:47:00","guid":{"rendered":"https:\/\/kibrisdakik.com\/index.php\/2024\/10\/16\/cumhurbaskani-tatarbizim-onerdigimiz-41-genisletilmis-toplanti-guterres-tarafindan-kabul-gordu\/"},"modified":"2024-10-16T21:47:00","modified_gmt":"2024-10-16T18:47:00","slug":"cumhurbaskani-tatarbizim-onerdigimiz-41-genisletilmis-toplanti-guterres-tarafindan-kabul-gordu","status":"publish","type":"post","link":"https:\/\/kibrisdakik.com\/?p=66968","title":{"rendered":"Cumhurba\u015fkan\u0131 Tatar:Bizim \u00f6nerdi\u011fimiz 4+1 geni\u015fletilmi\u015f toplant\u0131 Guterres taraf\u0131ndan kabul g\u00f6rd\u00fc"},"content":{"rendered":"<div>\n<p>Cumhurba\u015fkan\u0131 Ersin Tatar, New York d\u00f6n\u00fc\u015f\u00fc Ercan Havaliman\u0131\u2019nda a\u00e7\u0131klamalarda bulundu.<br \/>Bu sabah saat 2 de ba\u015flayan ve saat 4\u2019te biten yemekten sonra \u00fclkeye d\u00f6nd\u00fc\u011f\u00fcn\u00fc kaydederek, kendisine vekalet eden Cumhuriyet Meclisi Ba\u015fkan\u0131 Zorlu T\u00f6re\u2019nin de k\u0131smetse meclis a\u00e7abilece\u011fini kaydetti.<\/p>\n<p>\u00a0<\/p>\n<p>Cumhurba\u015fkan\u0131 Tatar, Eyl\u00fcl ay\u0131nda BM Genel Sekreteri Antonio Guterres\u2019in daveti \u00fczerine yap\u0131lan ikili g\u00f6r\u00fc\u015fmede, Guterres\u2019in her iki lidere de gayri resmi g\u00f6r\u00fc\u015fme i\u00e7in \u00f6neri yapt\u0131\u011f\u0131n\u0131 ve kabul edilmesinin ard\u0131ndan gayri resmi 3\u2019l\u00fc g\u00f6r\u00fc\u015fmesinin ger\u00e7ekle\u015fti\u011fini s\u00f6yleyerek, \u201cBen de kabul ettim \u00e7\u00fcnk\u00fc Uluslararas\u0131 diplomaside ve K\u0131br\u0131s konusunun i\u00e7inde bulundu\u011fu ko\u015fullarda bu yemek \u00f6nemliydi\u201d dedi.<\/p>\n<p>\u00a0<\/p>\n<p>Kendilerinin daha \u00f6nce Guterres\u2019e 4+1 format\u0131nda bir g\u00f6r\u00fc\u015fmenin olabilece\u011fi \u00f6nerisinde bulunduklar\u0131n\u0131 hat\u0131rlatan Tatar, Guterres\u2019in bu \u00f6neriyi muhakkak ki farkl\u0131 \u00fclkelerle de isti\u015fare ettikten sonra yap\u0131lan toplant\u0131da geni\u015fletilmi\u015f bir gayri resmi toplant\u0131dan bahsetti\u011fini ve \u00f6n\u00fcm\u00fczdeki aylarda ger\u00e7ekle\u015ftirilebilece\u011fini belirtti.<\/p>\n<div class=\"mariselle-image-container center\">\n                                            <\/div>\n<p>Tatar, \u201cBu toplant\u0131da her iki taraf\u0131n da pozisyonundan bahsetmesi bizim i\u00e7in \u00f6nemliydi. \u00c7\u00fcnk\u00fc benim orada son 4 y\u0131ld\u0131r s\u00fcrd\u00fcrmekte oldu\u011fum yeni siyasetimizin yani egemen e\u015fitli\u011fimizin ve uluslararas\u0131 stat\u00fcm\u00fcz\u00fcn teyidi ile ancak bir g\u00f6r\u00fc\u015fmen s\u00fcrecinin ba\u015flayabilece\u011fini, 50 y\u0131ld\u0131r federasyon temelinde bir anla\u015fma i\u00e7in u\u011fra\u015f\u0131ld\u0131\u011f\u0131n\u0131 ve hi\u00e7bir netice al\u0131nmad\u0131\u011f\u0131n\u0131 ve Crans Montana\u2019da hi\u00e7bir netice al\u0131nmad\u0131\u011f\u0131 g\u00f6r\u00fcld\u00fc. Ak\u015famki yemekte de bu konular konu\u015fuldu\u011funda, zaten genel sekreterde biliyor ki 2017\u2019deki s\u00fcre\u00e7 bir bak\u0131ma G\u00fcney K\u0131br\u0131s\u2019\u0131n tutumu ile \u00e7\u00f6km\u00fc\u015ft\u00fc. Dolay\u0131s\u0131 ile ayn\u0131 anlay\u0131\u015f ile g\u00f6r\u00fc\u015fmelerin y\u00fcr\u00fct\u00fclmesinde hi\u00e7bir anlam olmad\u0131\u011f\u0131 i\u00e7in yeni siyasetimizi yine ben ak\u015fam oradan tekrarlad\u0131m ve resmi bir s\u00fcrecin ancak egemen e\u015fitli\u011fimizin e\u015fit uluslararas\u0131 stat\u00fcm\u00fcz\u00fcn teyidi ile olaca\u011f\u0131n\u0131 kar\u015f\u0131 tarafta tabi kendi siyasetlerini s\u00fcrd\u00fcrmekte olduklar\u0131n\u0131 ifade ettiler\u201d dedi.<\/p>\n<p>\u00a0<\/p>\n<p>Cumhurba\u015fkan\u0131 Tatar, BM Genel Sekreteri Guterres\u2019in ak\u015fam yemekten sonra yapt\u0131\u011f\u0131 a\u00e7\u0131klamada, ortak zeminin olmad\u0131\u011f\u0131n\u0131 da ifade etti\u011fini kaydederek, \u201cBu bizim i\u00e7in \u00f6nemlidir yani ortak zeminin olmad\u0131\u011f\u0131n\u0131 ki biliyorsunuz ki\u015fisel temsilcisi Holguin\u2019in de sundu\u011fu raporda, ortak zeminin olmad\u0131\u011f\u0131 ifade edilmi\u015ftir. B\u00fct\u00fcn bunlar\u0131 de\u011ferlendirirken iki ayr\u0131 pozisyondan bahsetmektedir bu da diplomatik anlamda \u00f6nemli bir mesajd\u0131r \u00e7\u00fcnk\u00fc K\u0131br\u0131s T\u00fcrk taraf\u0131n\u0131n hakl\u0131 pozisyonu da demek ki elbette bir bak\u0131ma anla\u015f\u0131lmaktad\u0131r\u201d dedi.<\/p>\n<p>\u00a0<\/p>\n<p>Tatar, \u201cNeden bizim pozisyonumuzun farkl\u0131 oldu\u011fu diplomatik \u00e7evrelerde \u00e7ok iyi anla\u015f\u0131lmaktad\u0131r. BM G\u00fcvenlik Konseyi kararlar\u0131 zaten 50 y\u0131ld\u0131r orada oldu\u011fu gibi duruyor.BM G\u00fcvenlik Konseyinin \u015fuandaki pozisyonu da bellidir. D\u00fcnyada ya\u015fanan olaylar da bellidir. Gazze de ya\u015fanan da bellidir. Bunlar\u0131n oldu\u011fu bir ortamda art\u0131k K\u0131br\u0131s Meselesinin 50 y\u0131l \u00f6nce BM G\u00fcvenlik Konseyi kararlar\u0131 halen daha duruyor diye onlara ba\u011fl\u0131 kalmak ve illa o \u015fekilde bir \u00e7\u00f6z\u00fcm bulunacak \u015feklindeki \u0131srarl\u0131 tutumlar\u0131n\u0131n ne kadar ger\u00e7ekten uzak oldu\u011funu da bir kez daha orada ifade ettim\u201d dedi.<\/p>\n<p>\u00a0<\/p>\n<p>Di\u011fer bir konunun da, kendilerinin her zaman gayri resmi olarak her iki taraf\u0131 ve her iki halk\u0131n faydalanabilece\u011fi bir tak\u0131m konularda i\u015fbirli\u011fi ve isti\u015fare yap\u0131labilece\u011fini her zaman oldu\u011fu gibi yine tekrarlad\u0131\u011f\u0131n\u0131 dile getiren Tatar, \u201cBizim uzak duraca\u011f\u0131m\u0131z resmi g\u00f6r\u00fc\u015fmelerin ba\u015flamas\u0131d\u0131r \u00c7\u00fcnk\u00fc resmi g\u00f6r\u00fc\u015fmeler meseleleri bamba\u015fka yerlere g\u00f6t\u00fcrebilir. Bu bak\u0131mdan birtak\u0131m \u00f6neriler kar\u015f\u0131s\u0131nda, yeni kap\u0131lar\u0131n a\u00e7\u0131lmas\u0131 ve mevcut kap\u0131lar\u0131n g\u00f6zden ge\u00e7irilmesi, ticaretin her t\u00fcrl\u00fc G\u00fcney K\u0131br\u0131s ile \u00e7e\u015fitli farkl\u0131 temaslar\u0131n artt\u0131r\u0131labilmesi i\u00e7in bunu ben de onaylad\u0131m\u201d dedi.<\/p>\n<p>\u00a0<\/p>\n<p>Cumhurba\u015fkan\u0131, G\u00fcney K\u0131br\u0131s Rum Y\u00f6netimi Ba\u015fkan\u0131 Nikos Hristodulidis ile bir s\u00fcre sonra bu gibi konular\u0131 isti\u015fare ve de\u011ferlendirme i\u00e7in K\u0131br\u0131s\u2019ta bulu\u015fabileceklerini de yap\u0131lan toplant\u0131da ifade etti\u011fini s\u00f6yleyerek, Genel Sekreter Guterres\u2019in de bu y\u00f6nde bir a\u00e7\u0131klama yapt\u0131\u011f\u0131n\u0131 belirtti.<\/p>\n<p>Tatar, \u201cBu bak\u0131mdan be d\u00fcnk\u00fc toplant\u0131da, i\u015fbirli\u011finden yana oldu\u011fumuzu genel sekreterin de orda iki halk\u0131 aras\u0131nda ki ekonomik sosyal ili\u015fkilerin geli\u015fmesinin faydal\u0131 olaca\u011f\u0131n\u0131 s\u00f6ylemesi \u00fczerine biz y\u0131llardan beridir izolasyon ve ambargolar alt\u0131nda bir tak\u0131m s\u0131k\u0131nt\u0131lar ya\u015farken, G\u00fcney K\u0131br\u0131s tan\u0131nm\u0131\u015f bir devlet ve Annan Plan\u0131 kar\u015f\u0131s\u0131n da ekonomik geli\u015fmemizi engellemek i\u00e7in her t\u00fcrl\u00fc olay\u0131 yapt\u0131klar\u0131n\u0131 onun i\u00e7in Holguin\u2019e dedi\u011fimiz direk ticaret direk u\u00e7u\u015f ve ambargolar\u0131n hafifletilmesi ile bir s\u00fcrecin ba\u015flayabilece\u011fini s\u00f6yledi\u011fimde kar\u015f\u0131 taraf\u0131n tabi ki buna hi\u00e7 s\u0131cak bakmad\u0131\u011f\u0131n\u0131 g\u00f6rd\u00fck ve Genel Sekreterin huzurunda son aylarda artt\u0131r\u0131lan bask\u0131lar\u0131n ve tutuklamalar gerek turizme y\u00f6nelik hareketleri gerek Yunanistan\u2019\u0131n bize y\u00f6nelik hareketlerin asla kabul edilmeyece\u011fini \u00c7\u00fcnk\u00fc b\u00fct\u00fcn bunlar\u0131n esas\u0131nda var olan haks\u0131zca uygulanmakta olan izolasyon ve ambargolar\u0131n daha da artt\u0131r\u0131lmakta oldu\u011funu ve bunun da hi\u00e7 kimseye faydas\u0131n\u0131n olmad\u0131\u011f\u0131n\u0131 orada ifade ettim\u201d dedi.<\/p>\n<p>\u00a0<\/p>\n<p>New York\u2019tan b\u00f6yle bir de\u011ferlendirme ile d\u00f6nd\u00fc\u011f\u00fcn\u00fcn alt\u0131n\u0131 \u00e7izen Tatar, ancak g\u00f6r\u00fc\u015fmenin faydal\u0131 oldu\u011funa inand\u0131\u011f\u0131n\u0131 ve bu g\u00f6r\u00fc\u015fmenin bir yol haritas\u0131 \u00e7izebilece\u011fini kaydetti.<\/p>\n<p>\u00a0<\/p>\n<p>Tatar, \u201cBizim her zaman diyalogdan yana oldu\u011fumuzu ama do\u011fru zemin olu\u015fmad\u0131k\u00e7a masaya oturmayaca\u011f\u0131m\u0131z\u0131 s\u00f6yledik. Bir ad\u0131m at\u0131ld\u0131 o ad\u0131m da bundan sonraki s\u00fcre\u00e7te geni\u015fletilmi\u015f bir toplant\u0131n\u0131n yani T\u00fcrkiye\u2019nin de kat\u0131l\u0131m\u0131 ile bir de\u011ferlendirme yap\u0131labilece\u011finin Genel Sekreter taraf\u0131ndan kabul g\u00f6rmesi bizim i\u00e7in \u00f6nemli\u201d dedi.<\/p>\n<\/p><\/div>\n<p><script async\n                    defer\n                    crossorigin=\"anonymous\"\n                    src=\"https:\/\/connect.facebook.net\/tr_TR\/sdk.js#xfbml=1&#038;version=v3.3\"\n            ><\/script><\/p>\n","protected":false},"excerpt":{"rendered":"<p>Cumhurba\u015fkan\u0131 Ersin Tatar, New York d\u00f6n\u00fc\u015f\u00fc Ercan Havaliman\u0131\u2019nda a\u00e7\u0131klamalarda bulundu.Bu sabah saat 2 de ba\u015flayan ve saat 4\u2019te biten yemekten sonra \u00fclkeye d\u00f6nd\u00fc\u011f\u00fcn\u00fc kaydederek, kendisine vekalet eden Cumhuriyet Meclisi Ba\u015fkan\u0131 Zorlu T\u00f6re\u2019nin de k\u0131smetse meclis a\u00e7abilece\u011fini kaydetti. \u00a0 Cumhurba\u015fkan\u0131 Tatar, Eyl\u00fcl ay\u0131nda BM Genel Sekreteri Antonio Guterres\u2019in daveti \u00fczerine yap\u0131lan ikili g\u00f6r\u00fc\u015fmede, Guterres\u2019in her iki<\/p>\n","protected":false},"author":1,"featured_media":66969,"comment_status":"open","ping_status":"open","sticky":false,"template":"","format":"standard","meta":{"footnotes":""},"categories":[81],"tags":[],"class_list":["post-66968","post","type-post","status-publish","format-standard","has-post-thumbnail","hentry","category-kibris"],"yoast_head":"<!-- This site is optimized with the Yoast SEO plugin v27.4 - https:\/\/yoast.com\/product\/yoast-seo-wordpress\/ -->\n<title>Cumhurba\u015fkan\u0131 Tatar:Bizim \u00f6nerdi\u011fimiz 4+1 geni\u015fletilmi\u015f toplant\u0131 Guterres taraf\u0131ndan kabul g\u00f6rd\u00fc -<\/title>\n<meta name=\"robots\" content=\"index, follow, max-snippet:-1, max-image-preview:large, max-video-preview:-1\" \/>\n<link rel=\"canonical\" href=\"https:\/\/kibrisdakik.com\/?p=66968\" \/>\n<meta property=\"og:locale\" content=\"tr_TR\" \/>\n<meta property=\"og:type\" content=\"article\" \/>\n<meta property=\"og:title\" content=\"Cumhurba\u015fkan\u0131 Tatar:Bizim \u00f6nerdi\u011fimiz 4+1 geni\u015fletilmi\u015f toplant\u0131 Guterres taraf\u0131ndan kabul g\u00f6rd\u00fc -\" \/>\n<meta property=\"og:description\" content=\"Cumhurba\u015fkan\u0131 Ersin Tatar, New York d\u00f6n\u00fc\u015f\u00fc Ercan Havaliman\u0131\u2019nda a\u00e7\u0131klamalarda bulundu.Bu sabah saat 2 de ba\u015flayan ve saat 4\u2019te biten yemekten sonra \u00fclkeye d\u00f6nd\u00fc\u011f\u00fcn\u00fc kaydederek, kendisine vekalet eden Cumhuriyet Meclisi Ba\u015fkan\u0131 Zorlu T\u00f6re\u2019nin de k\u0131smetse meclis a\u00e7abilece\u011fini kaydetti. \u00a0 Cumhurba\u015fkan\u0131 Tatar, Eyl\u00fcl ay\u0131nda BM Genel Sekreteri Antonio Guterres\u2019in daveti \u00fczerine yap\u0131lan ikili g\u00f6r\u00fc\u015fmede, Guterres\u2019in her iki\" \/>\n<meta property=\"og:url\" content=\"https:\/\/kibrisdakik.com\/?p=66968\" \/>\n<meta property=\"article:published_time\" content=\"2024-10-16T18:47:00+00:00\" \/>\n<meta property=\"og:image\" content=\"https:\/\/kibrisdakik.com\/wp-content\/uploads\/2024\/10\/lla-740x365.jpg\" \/>\n\t<meta property=\"og:image:width\" content=\"772\" \/>\n\t<meta property=\"og:image:height\" content=\"365\" \/>\n\t<meta property=\"og:image:type\" content=\"image\/jpeg\" \/>\n<meta name=\"author\" content=\"admin\" \/>\n<meta name=\"twitter:card\" content=\"summary_large_image\" \/>\n<meta name=\"twitter:label1\" content=\"Yazan:\" \/>\n\t<meta name=\"twitter:data1\" content=\"admin\" \/>\n\t<meta name=\"twitter:label2\" content=\"Tahmini okuma s\u00fcresi\" \/>\n\t<meta name=\"twitter:data2\" content=\"5 dakika\" \/>\n<script type=\"application\/ld+json\" class=\"yoast-schema-graph\">{\"@context\":\"https:\\\/\\\/schema.org\",\"@graph\":[{\"@type\":\"Article\",\"@id\":\"https:\\\/\\\/kibrisdakik.com\\\/?p=66968#article\",\"isPartOf\":{\"@id\":\"https:\\\/\\\/kibrisdakik.com\\\/?p=66968\"},\"author\":{\"name\":\"admin\",\"@id\":\"https:\\\/\\\/kibrisdakik.com\\\/#\\\/schema\\\/person\\\/9cd9d437bbb44f72b73ba127e06d8e79\"},\"headline\":\"Cumhurba\u015fkan\u0131 Tatar:Bizim \u00f6nerdi\u011fimiz 4+1 geni\u015fletilmi\u015f toplant\u0131 Guterres taraf\u0131ndan kabul g\u00f6rd\u00fc\",\"datePublished\":\"2024-10-16T18:47:00+00:00\",\"mainEntityOfPage\":{\"@id\":\"https:\\\/\\\/kibrisdakik.com\\\/?p=66968\"},\"wordCount\":1046,\"commentCount\":0,\"image\":{\"@id\":\"https:\\\/\\\/kibrisdakik.com\\\/?p=66968#primaryimage\"},\"thumbnailUrl\":\"https:\\\/\\\/kibrisdakik.com\\\/wp-content\\\/uploads\\\/2024\\\/10\\\/lla-740x365.jpg\",\"articleSection\":[\"K\u0131br\u0131s\"],\"inLanguage\":\"tr\",\"potentialAction\":[{\"@type\":\"CommentAction\",\"name\":\"Comment\",\"target\":[\"https:\\\/\\\/kibrisdakik.com\\\/?p=66968#respond\"]}]},{\"@type\":\"WebPage\",\"@id\":\"https:\\\/\\\/kibrisdakik.com\\\/?p=66968\",\"url\":\"https:\\\/\\\/kibrisdakik.com\\\/?p=66968\",\"name\":\"Cumhurba\u015fkan\u0131 Tatar:Bizim \u00f6nerdi\u011fimiz 4+1 geni\u015fletilmi\u015f toplant\u0131 Guterres taraf\u0131ndan kabul g\u00f6rd\u00fc -\",\"isPartOf\":{\"@id\":\"https:\\\/\\\/kibrisdakik.com\\\/#website\"},\"primaryImageOfPage\":{\"@id\":\"https:\\\/\\\/kibrisdakik.com\\\/?p=66968#primaryimage\"},\"image\":{\"@id\":\"https:\\\/\\\/kibrisdakik.com\\\/?p=66968#primaryimage\"},\"thumbnailUrl\":\"https:\\\/\\\/kibrisdakik.com\\\/wp-content\\\/uploads\\\/2024\\\/10\\\/lla-740x365.jpg\",\"datePublished\":\"2024-10-16T18:47:00+00:00\",\"author\":{\"@id\":\"https:\\\/\\\/kibrisdakik.com\\\/#\\\/schema\\\/person\\\/9cd9d437bbb44f72b73ba127e06d8e79\"},\"breadcrumb\":{\"@id\":\"https:\\\/\\\/kibrisdakik.com\\\/?p=66968#breadcrumb\"},\"inLanguage\":\"tr\",\"potentialAction\":[{\"@type\":\"ReadAction\",\"target\":[\"https:\\\/\\\/kibrisdakik.com\\\/?p=66968\"]}]},{\"@type\":\"ImageObject\",\"inLanguage\":\"tr\",\"@id\":\"https:\\\/\\\/kibrisdakik.com\\\/?p=66968#primaryimage\",\"url\":\"https:\\\/\\\/kibrisdakik.com\\\/wp-content\\\/uploads\\\/2024\\\/10\\\/lla-740x365.jpg\",\"contentUrl\":\"https:\\\/\\\/kibrisdakik.com\\\/wp-content\\\/uploads\\\/2024\\\/10\\\/lla-740x365.jpg\",\"width\":772,\"height\":365},{\"@type\":\"BreadcrumbList\",\"@id\":\"https:\\\/\\\/kibrisdakik.com\\\/?p=66968#breadcrumb\",\"itemListElement\":[{\"@type\":\"ListItem\",\"position\":1,\"name\":\"Home\",\"item\":\"https:\\\/\\\/kibrisdakik.com\\\/\"},{\"@type\":\"ListItem\",\"position\":2,\"name\":\"Cumhurba\u015fkan\u0131 Tatar:Bizim \u00f6nerdi\u011fimiz 4+1 geni\u015fletilmi\u015f toplant\u0131 Guterres taraf\u0131ndan kabul g\u00f6rd\u00fc\"}]},{\"@type\":\"WebSite\",\"@id\":\"https:\\\/\\\/kibrisdakik.com\\\/#website\",\"url\":\"https:\\\/\\\/kibrisdakik.com\\\/\",\"name\":\"\",\"description\":\"Tam vaktinde haber\",\"potentialAction\":[{\"@type\":\"SearchAction\",\"target\":{\"@type\":\"EntryPoint\",\"urlTemplate\":\"https:\\\/\\\/kibrisdakik.com\\\/?s={search_term_string}\"},\"query-input\":{\"@type\":\"PropertyValueSpecification\",\"valueRequired\":true,\"valueName\":\"search_term_string\"}}],\"inLanguage\":\"tr\"},{\"@type\":\"Person\",\"@id\":\"https:\\\/\\\/kibrisdakik.com\\\/#\\\/schema\\\/person\\\/9cd9d437bbb44f72b73ba127e06d8e79\",\"name\":\"admin\",\"image\":{\"@type\":\"ImageObject\",\"inLanguage\":\"tr\",\"@id\":\"https:\\\/\\\/secure.gravatar.com\\\/avatar\\\/ccc17943b9d660506c869530f897617f7cb1c21a4bf30023f252596d83e1f007?s=96&d=mm&r=g\",\"url\":\"https:\\\/\\\/secure.gravatar.com\\\/avatar\\\/ccc17943b9d660506c869530f897617f7cb1c21a4bf30023f252596d83e1f007?s=96&d=mm&r=g\",\"contentUrl\":\"https:\\\/\\\/secure.gravatar.com\\\/avatar\\\/ccc17943b9d660506c869530f897617f7cb1c21a4bf30023f252596d83e1f007?s=96&d=mm&r=g\",\"caption\":\"admin\"},\"sameAs\":[\"https:\\\/\\\/kibrisdakik.com\"],\"url\":\"https:\\\/\\\/kibrisdakik.com\\\/?author=1\"}]}<\/script>\n<!-- \/ Yoast SEO plugin. -->","yoast_head_json":{"title":"Cumhurba\u015fkan\u0131 Tatar:Bizim \u00f6nerdi\u011fimiz 4+1 geni\u015fletilmi\u015f toplant\u0131 Guterres taraf\u0131ndan kabul g\u00f6rd\u00fc -","robots":{"index":"index","follow":"follow","max-snippet":"max-snippet:-1","max-image-preview":"max-image-preview:large","max-video-preview":"max-video-preview:-1"},"canonical":"https:\/\/kibrisdakik.com\/?p=66968","og_locale":"tr_TR","og_type":"article","og_title":"Cumhurba\u015fkan\u0131 Tatar:Bizim \u00f6nerdi\u011fimiz 4+1 geni\u015fletilmi\u015f toplant\u0131 Guterres taraf\u0131ndan kabul g\u00f6rd\u00fc -","og_description":"Cumhurba\u015fkan\u0131 Ersin Tatar, New York d\u00f6n\u00fc\u015f\u00fc Ercan Havaliman\u0131\u2019nda a\u00e7\u0131klamalarda bulundu.Bu sabah saat 2 de ba\u015flayan ve saat 4\u2019te biten yemekten sonra \u00fclkeye d\u00f6nd\u00fc\u011f\u00fcn\u00fc kaydederek, kendisine vekalet eden Cumhuriyet Meclisi Ba\u015fkan\u0131 Zorlu T\u00f6re\u2019nin de k\u0131smetse meclis a\u00e7abilece\u011fini kaydetti. \u00a0 Cumhurba\u015fkan\u0131 Tatar, Eyl\u00fcl ay\u0131nda BM Genel Sekreteri Antonio Guterres\u2019in daveti \u00fczerine yap\u0131lan ikili g\u00f6r\u00fc\u015fmede, Guterres\u2019in her iki","og_url":"https:\/\/kibrisdakik.com\/?p=66968","article_published_time":"2024-10-16T18:47:00+00:00","og_image":[{"width":772,"height":365,"url":"https:\/\/kibrisdakik.com\/wp-content\/uploads\/2024\/10\/lla-740x365.jpg","type":"image\/jpeg"}],"author":"admin","twitter_card":"summary_large_image","twitter_misc":{"Yazan:":"admin","Tahmini okuma s\u00fcresi":"5 dakika"},"schema":{"@context":"https:\/\/schema.org","@graph":[{"@type":"Article","@id":"https:\/\/kibrisdakik.com\/?p=66968#article","isPartOf":{"@id":"https:\/\/kibrisdakik.com\/?p=66968"},"author":{"name":"admin","@id":"https:\/\/kibrisdakik.com\/#\/schema\/person\/9cd9d437bbb44f72b73ba127e06d8e79"},"headline":"Cumhurba\u015fkan\u0131 Tatar:Bizim \u00f6nerdi\u011fimiz 4+1 geni\u015fletilmi\u015f toplant\u0131 Guterres taraf\u0131ndan kabul g\u00f6rd\u00fc","datePublished":"2024-10-16T18:47:00+00:00","mainEntityOfPage":{"@id":"https:\/\/kibrisdakik.com\/?p=66968"},"wordCount":1046,"commentCount":0,"image":{"@id":"https:\/\/kibrisdakik.com\/?p=66968#primaryimage"},"thumbnailUrl":"https:\/\/kibrisdakik.com\/wp-content\/uploads\/2024\/10\/lla-740x365.jpg","articleSection":["K\u0131br\u0131s"],"inLanguage":"tr","potentialAction":[{"@type":"CommentAction","name":"Comment","target":["https:\/\/kibrisdakik.com\/?p=66968#respond"]}]},{"@type":"WebPage","@id":"https:\/\/kibrisdakik.com\/?p=66968","url":"https:\/\/kibrisdakik.com\/?p=66968","name":"Cumhurba\u015fkan\u0131 Tatar:Bizim \u00f6nerdi\u011fimiz 4+1 geni\u015fletilmi\u015f toplant\u0131 Guterres taraf\u0131ndan kabul g\u00f6rd\u00fc -","isPartOf":{"@id":"https:\/\/kibrisdakik.com\/#website"},"primaryImageOfPage":{"@id":"https:\/\/kibrisdakik.com\/?p=66968#primaryimage"},"image":{"@id":"https:\/\/kibrisdakik.com\/?p=66968#primaryimage"},"thumbnailUrl":"https:\/\/kibrisdakik.com\/wp-content\/uploads\/2024\/10\/lla-740x365.jpg","datePublished":"2024-10-16T18:47:00+00:00","author":{"@id":"https:\/\/kibrisdakik.com\/#\/schema\/person\/9cd9d437bbb44f72b73ba127e06d8e79"},"breadcrumb":{"@id":"https:\/\/kibrisdakik.com\/?p=66968#breadcrumb"},"inLanguage":"tr","potentialAction":[{"@type":"ReadAction","target":["https:\/\/kibrisdakik.com\/?p=66968"]}]},{"@type":"ImageObject","inLanguage":"tr","@id":"https:\/\/kibrisdakik.com\/?p=66968#primaryimage","url":"https:\/\/kibrisdakik.com\/wp-content\/uploads\/2024\/10\/lla-740x365.jpg","contentUrl":"https:\/\/kibrisdakik.com\/wp-content\/uploads\/2024\/10\/lla-740x365.jpg","width":772,"height":365},{"@type":"BreadcrumbList","@id":"https:\/\/kibrisdakik.com\/?p=66968#breadcrumb","itemListElement":[{"@type":"ListItem","position":1,"name":"Home","item":"https:\/\/kibrisdakik.com\/"},{"@type":"ListItem","position":2,"name":"Cumhurba\u015fkan\u0131 Tatar:Bizim \u00f6nerdi\u011fimiz 4+1 geni\u015fletilmi\u015f toplant\u0131 Guterres taraf\u0131ndan kabul g\u00f6rd\u00fc"}]},{"@type":"WebSite","@id":"https:\/\/kibrisdakik.com\/#website","url":"https:\/\/kibrisdakik.com\/","name":"","description":"Tam vaktinde haber","potentialAction":[{"@type":"SearchAction","target":{"@type":"EntryPoint","urlTemplate":"https:\/\/kibrisdakik.com\/?s={search_term_string}"},"query-input":{"@type":"PropertyValueSpecification","valueRequired":true,"valueName":"search_term_string"}}],"inLanguage":"tr"},{"@type":"Person","@id":"https:\/\/kibrisdakik.com\/#\/schema\/person\/9cd9d437bbb44f72b73ba127e06d8e79","name":"admin","image":{"@type":"ImageObject","inLanguage":"tr","@id":"https:\/\/secure.gravatar.com\/avatar\/ccc17943b9d660506c869530f897617f7cb1c21a4bf30023f252596d83e1f007?s=96&d=mm&r=g","url":"https:\/\/secure.gravatar.com\/avatar\/ccc17943b9d660506c869530f897617f7cb1c21a4bf30023f252596d83e1f007?s=96&d=mm&r=g","contentUrl":"https:\/\/secure.gravatar.com\/avatar\/ccc17943b9d660506c869530f897617f7cb1c21a4bf30023f252596d83e1f007?s=96&d=mm&r=g","caption":"admin"},"sameAs":["https:\/\/kibrisdakik.com"],"url":"https:\/\/kibrisdakik.com\/?author=1"}]}},"_links":{"self":[{"href":"https:\/\/kibrisdakik.com\/index.php?rest_route=\/wp\/v2\/posts\/66968","targetHints":{"allow":["GET"]}}],"collection":[{"href":"https:\/\/kibrisdakik.com\/index.php?rest_route=\/wp\/v2\/posts"}],"about":[{"href":"https:\/\/kibrisdakik.com\/index.php?rest_route=\/wp\/v2\/types\/post"}],"author":[{"embeddable":true,"href":"https:\/\/kibrisdakik.com\/index.php?rest_route=\/wp\/v2\/users\/1"}],"replies":[{"embeddable":true,"href":"https:\/\/kibrisdakik.com\/index.php?rest_route=%2Fwp%2Fv2%2Fcomments&post=66968"}],"version-history":[{"count":0,"href":"https:\/\/kibrisdakik.com\/index.php?rest_route=\/wp\/v2\/posts\/66968\/revisions"}],"wp:featuredmedia":[{"embeddable":true,"href":"https:\/\/kibrisdakik.com\/index.php?rest_route=\/wp\/v2\/media\/66969"}],"wp:attachment":[{"href":"https:\/\/kibrisdakik.com\/index.php?rest_route=%2Fwp%2Fv2%2Fmedia&parent=66968"}],"wp:term":[{"taxonomy":"category","embeddable":true,"href":"https:\/\/kibrisdakik.com\/index.php?rest_route=%2Fwp%2Fv2%2Fcategories&post=66968"},{"taxonomy":"post_tag","embeddable":true,"href":"https:\/\/kibrisdakik.com\/index.php?rest_route=%2Fwp%2Fv2%2Ftags&post=66968"}],"curies":[{"name":"wp","href":"https:\/\/api.w.org\/{rel}","templated":true}]}}