{"id":66994,"date":"2024-10-17T10:55:14","date_gmt":"2024-10-17T07:55:14","guid":{"rendered":"https:\/\/kibrisdakik.com\/index.php\/2024\/10\/17\/meclisin-baskanlik-divani-secimini-bugun-yapmasi-bekleniyor-ubp-grubu-saat-11-00de-toplaniyor\/"},"modified":"2024-10-17T10:55:14","modified_gmt":"2024-10-17T07:55:14","slug":"meclisin-baskanlik-divani-secimini-bugun-yapmasi-bekleniyor-ubp-grubu-saat-11-00de-toplaniyor","status":"publish","type":"post","link":"https:\/\/kibrisdakik.com\/?p=66994","title":{"rendered":"Meclis\u2019in Ba\u015fkanl\u0131k Divan\u0131 se\u00e7imini bug\u00fcn yapmas\u0131 bekleniyor\u2026 UBP Grubu saat 11.00\u2019de toplan\u0131yor"},"content":{"rendered":"<div>\n<div class=\"mariselle-image-container center\">\n                                            <\/div>\n<p>10 g\u00fcnd\u00fcr tamamlanamayan Cumhuriyet Meclisi Ba\u015fkanl\u0131k Divan\u0131 se\u00e7iminin bug\u00fcn yap\u0131lmas\u0131, Genel Kurul\u2019un bu g\u00fcndemle toplanmas\u0131 bekleniyor.<\/p>\n<p>UBP Grup Ba\u015fkan Vekili Sunat Atun\u2019un T\u00fcrk Ajans\u0131 K\u0131br\u0131s (TAK) muhabirine verdi\u011fi bilgiye g\u00f6re, UBP milletvekilleri bug\u00fcn saat 11.00\u2019de bir araya gelerek Meclis Ba\u015fkanl\u0131\u011f\u0131 se\u00e7im s\u00fcrecini g\u00f6r\u00fc\u015fecek.<\/p>\n<p>Meclis Genel Kurulu\u2019nun da, UBP\u2018nin bu toplant\u0131s\u0131n\u0131n ard\u0131ndan toplanmas\u0131 bekleniyor.<\/p>\n<p><strong>-Neler olmu\u015ftu?<\/strong><\/p>\n<p>1 Ekim\u2019de t\u00f6rensel a\u00e7\u0131l\u0131\u015fla ba\u015flayan yeni yasama y\u0131l\u0131n\u0131n ilk toplant\u0131s\u0131 Ba\u015fkanl\u0131k Divan\u0131 se\u00e7imi g\u00fcndemiyle 7 Ekim\u2019de yap\u0131lm\u0131\u015f, Ulusal Birlik Partisi (UBP) taraf\u0131ndan Cumhuriyet Meclisi ba\u015fkanl\u0131\u011f\u0131 i\u00e7in aday g\u00f6sterilen Zorlu T\u00f6re i\u00e7in 4 d\u00f6rt tur oylamadan sonra yap\u0131lm\u0131\u015f, salt \u00e7o\u011funluk sa\u011flanamam\u0131\u015f, UBP, bunun \u00fczerine Girne milletvekili Kutlu Evren aday g\u00f6stermi\u015fti.<\/p>\n<p>UBP milletvekili Kutlu Evren de Genel Kurul\u2019daki ilk oylamas\u0131nda 26 ret oyu alm\u0131\u015f, grup ba\u015fkan vekilleriyle g\u00f6r\u00fc\u015fme yap\u0131lmak \u00fczere toplant\u0131ya ara verilmi\u015fti.<\/p>\n<p>Genel Kurul, 3 g\u00fcnl\u00fck aradan sonra 10 Ekim Per\u015fembe ak\u015fam\u0131 yeniden toplanm\u0131\u015f, UBP Milletvekili Kutlu Evren\u2019in adayl\u0131ktan \u00e7ekilmesi \u00fczerine Cumhuriyet Meclisi Ba\u015fkanl\u0131\u011f\u0131 i\u00e7in UBP yeniden Zorlu T\u00f6re\u2019yi \u00f6nermi\u015fti.<\/p>\n<p>Zorlu T\u00f6re i\u00e7in be\u015finci tur oylamada 25 ret, 23 kabul ve 1 de ge\u00e7ersiz oy kullan\u0131lm\u0131\u015f, T\u00f6re, tek aday oldu\u011fu i\u00e7in bu sonucun kendisinin Meclis ba\u015fkan\u0131 se\u00e7ildi\u011fi anlam\u0131na geldi\u011fini belirterek, oturumu kapatm\u0131\u015f, CTP milletvekilleri buna itiraz etmi\u015f, erken se\u00e7im \u00e7a\u011fr\u0131s\u0131 da yapm\u0131\u015ft\u0131.<\/p>\n<p>Se\u00e7im sonu\u00e7lar\u0131yla ilgili Ba\u015fsavc\u0131l\u0131ktan g\u00f6r\u00fc\u015f istenmi\u015f, Ba\u015fsavc\u0131l\u0131k g\u00f6r\u00fc\u015f\u00fcn\u00fcn Zorlu T\u00f6re\u2019nin Meclis Ba\u015fkan\u0131 se\u00e7ilemedi\u011fi \u015feklinde oldu\u011fu a\u00e7\u0131klanm\u0131\u015ft\u0131.<\/p>\n<p>Meclis \u0130\u00e7 T\u00fcz\u00fc\u011f\u00fc\u2019ne g\u00f6re, ba\u015fkanl\u0131k se\u00e7imindeki oylamalarda ilk d\u00f6rt turda salt \u00e7o\u011funluk aran\u0131yor. Be\u015finci turda ise kabul oylar\u0131 ret oylar\u0131ndan fazla olmas\u0131 halinde aday, se\u00e7imi kazanm\u0131\u015f oluyor.<\/p>\n<\/p><\/div>\n<p><script async\n                    defer\n                    crossorigin=\"anonymous\"\n                    src=\"https:\/\/connect.facebook.net\/tr_TR\/sdk.js#xfbml=1&#038;version=v3.3\"\n            ><\/script><\/p>\n","protected":false},"excerpt":{"rendered":"<p>10 g\u00fcnd\u00fcr tamamlanamayan Cumhuriyet Meclisi Ba\u015fkanl\u0131k Divan\u0131 se\u00e7iminin bug\u00fcn yap\u0131lmas\u0131, Genel Kurul\u2019un bu g\u00fcndemle toplanmas\u0131 bekleniyor. UBP Grup Ba\u015fkan Vekili Sunat Atun\u2019un T\u00fcrk Ajans\u0131 K\u0131br\u0131s (TAK) muhabirine verdi\u011fi bilgiye g\u00f6re, UBP milletvekilleri bug\u00fcn saat 11.00\u2019de bir araya gelerek Meclis Ba\u015fkanl\u0131\u011f\u0131 se\u00e7im s\u00fcrecini g\u00f6r\u00fc\u015fecek. Meclis Genel Kurulu\u2019nun da, UBP\u2018nin bu toplant\u0131s\u0131n\u0131n ard\u0131ndan toplanmas\u0131 bekleniyor. -Neler olmu\u015ftu?<\/p>\n","protected":false},"author":1,"featured_media":65817,"comment_status":"open","ping_status":"open","sticky":false,"template":"","format":"standard","meta":{"footnotes":""},"categories":[81],"tags":[],"class_list":["post-66994","post","type-post","status-publish","format-standard","has-post-thumbnail","hentry","category-kibris"],"yoast_head":"<!-- This site is optimized with the Yoast SEO plugin v27.4 - https:\/\/yoast.com\/product\/yoast-seo-wordpress\/ -->\n<title>Meclis\u2019in Ba\u015fkanl\u0131k Divan\u0131 se\u00e7imini bug\u00fcn yapmas\u0131 bekleniyor\u2026 UBP Grubu saat 11.00\u2019de toplan\u0131yor -<\/title>\n<meta name=\"robots\" content=\"index, follow, max-snippet:-1, max-image-preview:large, max-video-preview:-1\" \/>\n<link rel=\"canonical\" href=\"https:\/\/kibrisdakik.com\/?p=66994\" \/>\n<meta property=\"og:locale\" content=\"tr_TR\" \/>\n<meta property=\"og:type\" content=\"article\" \/>\n<meta property=\"og:title\" content=\"Meclis\u2019in Ba\u015fkanl\u0131k Divan\u0131 se\u00e7imini bug\u00fcn yapmas\u0131 bekleniyor\u2026 UBP Grubu saat 11.00\u2019de toplan\u0131yor -\" \/>\n<meta property=\"og:description\" content=\"10 g\u00fcnd\u00fcr tamamlanamayan Cumhuriyet Meclisi Ba\u015fkanl\u0131k Divan\u0131 se\u00e7iminin bug\u00fcn yap\u0131lmas\u0131, Genel Kurul\u2019un bu g\u00fcndemle toplanmas\u0131 bekleniyor. UBP Grup Ba\u015fkan Vekili Sunat Atun\u2019un T\u00fcrk Ajans\u0131 K\u0131br\u0131s (TAK) muhabirine verdi\u011fi bilgiye g\u00f6re, UBP milletvekilleri bug\u00fcn saat 11.00\u2019de bir araya gelerek Meclis Ba\u015fkanl\u0131\u011f\u0131 se\u00e7im s\u00fcrecini g\u00f6r\u00fc\u015fecek. Meclis Genel Kurulu\u2019nun da, UBP\u2018nin bu toplant\u0131s\u0131n\u0131n ard\u0131ndan toplanmas\u0131 bekleniyor. -Neler olmu\u015ftu?\" \/>\n<meta property=\"og:url\" content=\"https:\/\/kibrisdakik.com\/?p=66994\" \/>\n<meta property=\"article:published_time\" content=\"2024-10-17T07:55:14+00:00\" \/>\n<meta property=\"og:image\" content=\"https:\/\/kibrisdakik.com\/wp-content\/uploads\/2024\/10\/nisap-24-aa-740x420.jpg\" \/>\n\t<meta property=\"og:image:width\" content=\"1200\" \/>\n\t<meta property=\"og:image:height\" content=\"800\" \/>\n\t<meta property=\"og:image:type\" content=\"image\/jpeg\" \/>\n<meta name=\"author\" content=\"admin\" \/>\n<meta name=\"twitter:card\" content=\"summary_large_image\" \/>\n<meta name=\"twitter:label1\" content=\"Yazan:\" \/>\n\t<meta name=\"twitter:data1\" content=\"admin\" \/>\n\t<meta name=\"twitter:label2\" content=\"Tahmini okuma s\u00fcresi\" \/>\n\t<meta name=\"twitter:data2\" content=\"2 dakika\" \/>\n<script type=\"application\/ld+json\" class=\"yoast-schema-graph\">{\"@context\":\"https:\\\/\\\/schema.org\",\"@graph\":[{\"@type\":\"Article\",\"@id\":\"https:\\\/\\\/kibrisdakik.com\\\/?p=66994#article\",\"isPartOf\":{\"@id\":\"https:\\\/\\\/kibrisdakik.com\\\/?p=66994\"},\"author\":{\"name\":\"admin\",\"@id\":\"https:\\\/\\\/kibrisdakik.com\\\/#\\\/schema\\\/person\\\/9cd9d437bbb44f72b73ba127e06d8e79\"},\"headline\":\"Meclis\u2019in Ba\u015fkanl\u0131k Divan\u0131 se\u00e7imini bug\u00fcn yapmas\u0131 bekleniyor\u2026 UBP Grubu saat 11.00\u2019de toplan\u0131yor\",\"datePublished\":\"2024-10-17T07:55:14+00:00\",\"mainEntityOfPage\":{\"@id\":\"https:\\\/\\\/kibrisdakik.com\\\/?p=66994\"},\"wordCount\":371,\"commentCount\":0,\"image\":{\"@id\":\"https:\\\/\\\/kibrisdakik.com\\\/?p=66994#primaryimage\"},\"thumbnailUrl\":\"https:\\\/\\\/kibrisdakik.com\\\/wp-content\\\/uploads\\\/2024\\\/10\\\/nisap-24-aa-740x420.jpg\",\"articleSection\":[\"K\u0131br\u0131s\"],\"inLanguage\":\"tr\",\"potentialAction\":[{\"@type\":\"CommentAction\",\"name\":\"Comment\",\"target\":[\"https:\\\/\\\/kibrisdakik.com\\\/?p=66994#respond\"]}]},{\"@type\":\"WebPage\",\"@id\":\"https:\\\/\\\/kibrisdakik.com\\\/?p=66994\",\"url\":\"https:\\\/\\\/kibrisdakik.com\\\/?p=66994\",\"name\":\"Meclis\u2019in Ba\u015fkanl\u0131k Divan\u0131 se\u00e7imini bug\u00fcn yapmas\u0131 bekleniyor\u2026 UBP Grubu saat 11.00\u2019de toplan\u0131yor -\",\"isPartOf\":{\"@id\":\"https:\\\/\\\/kibrisdakik.com\\\/#website\"},\"primaryImageOfPage\":{\"@id\":\"https:\\\/\\\/kibrisdakik.com\\\/?p=66994#primaryimage\"},\"image\":{\"@id\":\"https:\\\/\\\/kibrisdakik.com\\\/?p=66994#primaryimage\"},\"thumbnailUrl\":\"https:\\\/\\\/kibrisdakik.com\\\/wp-content\\\/uploads\\\/2024\\\/10\\\/nisap-24-aa-740x420.jpg\",\"datePublished\":\"2024-10-17T07:55:14+00:00\",\"author\":{\"@id\":\"https:\\\/\\\/kibrisdakik.com\\\/#\\\/schema\\\/person\\\/9cd9d437bbb44f72b73ba127e06d8e79\"},\"breadcrumb\":{\"@id\":\"https:\\\/\\\/kibrisdakik.com\\\/?p=66994#breadcrumb\"},\"inLanguage\":\"tr\",\"potentialAction\":[{\"@type\":\"ReadAction\",\"target\":[\"https:\\\/\\\/kibrisdakik.com\\\/?p=66994\"]}]},{\"@type\":\"ImageObject\",\"inLanguage\":\"tr\",\"@id\":\"https:\\\/\\\/kibrisdakik.com\\\/?p=66994#primaryimage\",\"url\":\"https:\\\/\\\/kibrisdakik.com\\\/wp-content\\\/uploads\\\/2024\\\/10\\\/nisap-24-aa-740x420.jpg\",\"contentUrl\":\"https:\\\/\\\/kibrisdakik.com\\\/wp-content\\\/uploads\\\/2024\\\/10\\\/nisap-24-aa-740x420.jpg\",\"width\":1200,\"height\":800},{\"@type\":\"BreadcrumbList\",\"@id\":\"https:\\\/\\\/kibrisdakik.com\\\/?p=66994#breadcrumb\",\"itemListElement\":[{\"@type\":\"ListItem\",\"position\":1,\"name\":\"Home\",\"item\":\"https:\\\/\\\/kibrisdakik.com\\\/\"},{\"@type\":\"ListItem\",\"position\":2,\"name\":\"Meclis\u2019in Ba\u015fkanl\u0131k Divan\u0131 se\u00e7imini bug\u00fcn yapmas\u0131 bekleniyor\u2026 UBP Grubu saat 11.00\u2019de toplan\u0131yor\"}]},{\"@type\":\"WebSite\",\"@id\":\"https:\\\/\\\/kibrisdakik.com\\\/#website\",\"url\":\"https:\\\/\\\/kibrisdakik.com\\\/\",\"name\":\"\",\"description\":\"Tam vaktinde haber\",\"potentialAction\":[{\"@type\":\"SearchAction\",\"target\":{\"@type\":\"EntryPoint\",\"urlTemplate\":\"https:\\\/\\\/kibrisdakik.com\\\/?s={search_term_string}\"},\"query-input\":{\"@type\":\"PropertyValueSpecification\",\"valueRequired\":true,\"valueName\":\"search_term_string\"}}],\"inLanguage\":\"tr\"},{\"@type\":\"Person\",\"@id\":\"https:\\\/\\\/kibrisdakik.com\\\/#\\\/schema\\\/person\\\/9cd9d437bbb44f72b73ba127e06d8e79\",\"name\":\"admin\",\"image\":{\"@type\":\"ImageObject\",\"inLanguage\":\"tr\",\"@id\":\"https:\\\/\\\/secure.gravatar.com\\\/avatar\\\/ccc17943b9d660506c869530f897617f7cb1c21a4bf30023f252596d83e1f007?s=96&d=mm&r=g\",\"url\":\"https:\\\/\\\/secure.gravatar.com\\\/avatar\\\/ccc17943b9d660506c869530f897617f7cb1c21a4bf30023f252596d83e1f007?s=96&d=mm&r=g\",\"contentUrl\":\"https:\\\/\\\/secure.gravatar.com\\\/avatar\\\/ccc17943b9d660506c869530f897617f7cb1c21a4bf30023f252596d83e1f007?s=96&d=mm&r=g\",\"caption\":\"admin\"},\"sameAs\":[\"https:\\\/\\\/kibrisdakik.com\"],\"url\":\"https:\\\/\\\/kibrisdakik.com\\\/?author=1\"}]}<\/script>\n<!-- \/ Yoast SEO plugin. -->","yoast_head_json":{"title":"Meclis\u2019in Ba\u015fkanl\u0131k Divan\u0131 se\u00e7imini bug\u00fcn yapmas\u0131 bekleniyor\u2026 UBP Grubu saat 11.00\u2019de toplan\u0131yor -","robots":{"index":"index","follow":"follow","max-snippet":"max-snippet:-1","max-image-preview":"max-image-preview:large","max-video-preview":"max-video-preview:-1"},"canonical":"https:\/\/kibrisdakik.com\/?p=66994","og_locale":"tr_TR","og_type":"article","og_title":"Meclis\u2019in Ba\u015fkanl\u0131k Divan\u0131 se\u00e7imini bug\u00fcn yapmas\u0131 bekleniyor\u2026 UBP Grubu saat 11.00\u2019de toplan\u0131yor -","og_description":"10 g\u00fcnd\u00fcr tamamlanamayan Cumhuriyet Meclisi Ba\u015fkanl\u0131k Divan\u0131 se\u00e7iminin bug\u00fcn yap\u0131lmas\u0131, Genel Kurul\u2019un bu g\u00fcndemle toplanmas\u0131 bekleniyor. UBP Grup Ba\u015fkan Vekili Sunat Atun\u2019un T\u00fcrk Ajans\u0131 K\u0131br\u0131s (TAK) muhabirine verdi\u011fi bilgiye g\u00f6re, UBP milletvekilleri bug\u00fcn saat 11.00\u2019de bir araya gelerek Meclis Ba\u015fkanl\u0131\u011f\u0131 se\u00e7im s\u00fcrecini g\u00f6r\u00fc\u015fecek. Meclis Genel Kurulu\u2019nun da, UBP\u2018nin bu toplant\u0131s\u0131n\u0131n ard\u0131ndan toplanmas\u0131 bekleniyor. -Neler olmu\u015ftu?","og_url":"https:\/\/kibrisdakik.com\/?p=66994","article_published_time":"2024-10-17T07:55:14+00:00","og_image":[{"width":1200,"height":800,"url":"https:\/\/kibrisdakik.com\/wp-content\/uploads\/2024\/10\/nisap-24-aa-740x420.jpg","type":"image\/jpeg"}],"author":"admin","twitter_card":"summary_large_image","twitter_misc":{"Yazan:":"admin","Tahmini okuma s\u00fcresi":"2 dakika"},"schema":{"@context":"https:\/\/schema.org","@graph":[{"@type":"Article","@id":"https:\/\/kibrisdakik.com\/?p=66994#article","isPartOf":{"@id":"https:\/\/kibrisdakik.com\/?p=66994"},"author":{"name":"admin","@id":"https:\/\/kibrisdakik.com\/#\/schema\/person\/9cd9d437bbb44f72b73ba127e06d8e79"},"headline":"Meclis\u2019in Ba\u015fkanl\u0131k Divan\u0131 se\u00e7imini bug\u00fcn yapmas\u0131 bekleniyor\u2026 UBP Grubu saat 11.00\u2019de toplan\u0131yor","datePublished":"2024-10-17T07:55:14+00:00","mainEntityOfPage":{"@id":"https:\/\/kibrisdakik.com\/?p=66994"},"wordCount":371,"commentCount":0,"image":{"@id":"https:\/\/kibrisdakik.com\/?p=66994#primaryimage"},"thumbnailUrl":"https:\/\/kibrisdakik.com\/wp-content\/uploads\/2024\/10\/nisap-24-aa-740x420.jpg","articleSection":["K\u0131br\u0131s"],"inLanguage":"tr","potentialAction":[{"@type":"CommentAction","name":"Comment","target":["https:\/\/kibrisdakik.com\/?p=66994#respond"]}]},{"@type":"WebPage","@id":"https:\/\/kibrisdakik.com\/?p=66994","url":"https:\/\/kibrisdakik.com\/?p=66994","name":"Meclis\u2019in Ba\u015fkanl\u0131k Divan\u0131 se\u00e7imini bug\u00fcn yapmas\u0131 bekleniyor\u2026 UBP Grubu saat 11.00\u2019de toplan\u0131yor -","isPartOf":{"@id":"https:\/\/kibrisdakik.com\/#website"},"primaryImageOfPage":{"@id":"https:\/\/kibrisdakik.com\/?p=66994#primaryimage"},"image":{"@id":"https:\/\/kibrisdakik.com\/?p=66994#primaryimage"},"thumbnailUrl":"https:\/\/kibrisdakik.com\/wp-content\/uploads\/2024\/10\/nisap-24-aa-740x420.jpg","datePublished":"2024-10-17T07:55:14+00:00","author":{"@id":"https:\/\/kibrisdakik.com\/#\/schema\/person\/9cd9d437bbb44f72b73ba127e06d8e79"},"breadcrumb":{"@id":"https:\/\/kibrisdakik.com\/?p=66994#breadcrumb"},"inLanguage":"tr","potentialAction":[{"@type":"ReadAction","target":["https:\/\/kibrisdakik.com\/?p=66994"]}]},{"@type":"ImageObject","inLanguage":"tr","@id":"https:\/\/kibrisdakik.com\/?p=66994#primaryimage","url":"https:\/\/kibrisdakik.com\/wp-content\/uploads\/2024\/10\/nisap-24-aa-740x420.jpg","contentUrl":"https:\/\/kibrisdakik.com\/wp-content\/uploads\/2024\/10\/nisap-24-aa-740x420.jpg","width":1200,"height":800},{"@type":"BreadcrumbList","@id":"https:\/\/kibrisdakik.com\/?p=66994#breadcrumb","itemListElement":[{"@type":"ListItem","position":1,"name":"Home","item":"https:\/\/kibrisdakik.com\/"},{"@type":"ListItem","position":2,"name":"Meclis\u2019in Ba\u015fkanl\u0131k Divan\u0131 se\u00e7imini bug\u00fcn yapmas\u0131 bekleniyor\u2026 UBP Grubu saat 11.00\u2019de toplan\u0131yor"}]},{"@type":"WebSite","@id":"https:\/\/kibrisdakik.com\/#website","url":"https:\/\/kibrisdakik.com\/","name":"","description":"Tam vaktinde haber","potentialAction":[{"@type":"SearchAction","target":{"@type":"EntryPoint","urlTemplate":"https:\/\/kibrisdakik.com\/?s={search_term_string}"},"query-input":{"@type":"PropertyValueSpecification","valueRequired":true,"valueName":"search_term_string"}}],"inLanguage":"tr"},{"@type":"Person","@id":"https:\/\/kibrisdakik.com\/#\/schema\/person\/9cd9d437bbb44f72b73ba127e06d8e79","name":"admin","image":{"@type":"ImageObject","inLanguage":"tr","@id":"https:\/\/secure.gravatar.com\/avatar\/ccc17943b9d660506c869530f897617f7cb1c21a4bf30023f252596d83e1f007?s=96&d=mm&r=g","url":"https:\/\/secure.gravatar.com\/avatar\/ccc17943b9d660506c869530f897617f7cb1c21a4bf30023f252596d83e1f007?s=96&d=mm&r=g","contentUrl":"https:\/\/secure.gravatar.com\/avatar\/ccc17943b9d660506c869530f897617f7cb1c21a4bf30023f252596d83e1f007?s=96&d=mm&r=g","caption":"admin"},"sameAs":["https:\/\/kibrisdakik.com"],"url":"https:\/\/kibrisdakik.com\/?author=1"}]}},"_links":{"self":[{"href":"https:\/\/kibrisdakik.com\/index.php?rest_route=\/wp\/v2\/posts\/66994","targetHints":{"allow":["GET"]}}],"collection":[{"href":"https:\/\/kibrisdakik.com\/index.php?rest_route=\/wp\/v2\/posts"}],"about":[{"href":"https:\/\/kibrisdakik.com\/index.php?rest_route=\/wp\/v2\/types\/post"}],"author":[{"embeddable":true,"href":"https:\/\/kibrisdakik.com\/index.php?rest_route=\/wp\/v2\/users\/1"}],"replies":[{"embeddable":true,"href":"https:\/\/kibrisdakik.com\/index.php?rest_route=%2Fwp%2Fv2%2Fcomments&post=66994"}],"version-history":[{"count":0,"href":"https:\/\/kibrisdakik.com\/index.php?rest_route=\/wp\/v2\/posts\/66994\/revisions"}],"wp:featuredmedia":[{"embeddable":true,"href":"https:\/\/kibrisdakik.com\/index.php?rest_route=\/wp\/v2\/media\/65817"}],"wp:attachment":[{"href":"https:\/\/kibrisdakik.com\/index.php?rest_route=%2Fwp%2Fv2%2Fmedia&parent=66994"}],"wp:term":[{"taxonomy":"category","embeddable":true,"href":"https:\/\/kibrisdakik.com\/index.php?rest_route=%2Fwp%2Fv2%2Fcategories&post=66994"},{"taxonomy":"post_tag","embeddable":true,"href":"https:\/\/kibrisdakik.com\/index.php?rest_route=%2Fwp%2Fv2%2Ftags&post=66994"}],"curies":[{"name":"wp","href":"https:\/\/api.w.org\/{rel}","templated":true}]}}