{"id":67007,"date":"2024-10-17T13:46:27","date_gmt":"2024-10-17T10:46:27","guid":{"rendered":"https:\/\/kibrisdakik.com\/index.php\/2024\/10\/17\/ktoeos-yonetimi-ve-tmk-velileri-okuldaki-ogretmen-eksikligi-ve-yasanan-ders-kayitlarina-dikkat-amaciyla-okul-onunde-eylem-gerceklestirdi\/"},"modified":"2024-10-17T13:46:27","modified_gmt":"2024-10-17T10:46:27","slug":"ktoeos-yonetimi-ve-tmk-velileri-okuldaki-ogretmen-eksikligi-ve-yasanan-ders-kayitlarina-dikkat-amaciyla-okul-onunde-eylem-gerceklestirdi","status":"publish","type":"post","link":"https:\/\/kibrisdakik.com\/?p=67007","title":{"rendered":"KTOE\u00d6S y\u00f6netimi ve TMK velileri okuldaki \u00f6\u011fretmen eksikli\u011fi ve ya\u015fanan ders kay\u0131tlar\u0131na dikkat amac\u0131yla okul \u00f6n\u00fcnde eylem ger\u00e7ekle\u015ftirdi"},"content":{"rendered":"<div>\n<div class=\"mariselle-image-container center\">\n                                            <\/div>\n<p>Okullardaki \u00f6\u011fretmen eksikliklerine dikkat \u00e7ekmek amac\u0131yla \u00f6\u011fretmen kadrosu eksik olan okullarda eylem ger\u00e7ekle\u015ftiren K\u0131br\u0131s T\u00fcrk Orta E\u011fitim \u00d6\u011fretmenler Sendikas\u0131 y\u00f6netimi bu kez T\u00fcrk Maarif Koleji\u2019ndeyi. <\/p>\n<p>Okul \u00f6n\u00fcnde ger\u00e7ekle\u015fen eyleme baz\u0131 \u00f6\u011fretmenler ve veliler de destek verdi. <\/p>\n<p>7A S\u0131n\u0131f\u0131 \u00f6\u011frenci velilerini temsilen a\u00e7\u0131klama yapan \u00dclfet Kuto\u011flu Kuru\u015f,\u00e7ocuklar\u0131\u0131n\u0131n e\u011fitim hakk\u0131 i\u00e7in topland\u0131klar\u0131n\u0131 belirterek \u201cKe\u015fke b\u00f6yle bir g\u00fcndem maddesi ile toplan\u0131p \u00e7ocuklar\u0131m\u0131z\u0131n derslerine \u00f6\u011fretmen talep eder durumunda b\u0131rak\u0131lmasayd\u0131k\u201d dedi.<\/p>\n<p>\u201c\u00d6\u011fretmen g\u00f6revlendirmeleri tamamlanmad\u0131 gerek\u00e7esiyle\u201d Bakanlar Kurulu karar\u0131 ile bir hafta ge\u00e7 a\u00e7\u0131lan okullara hala \u00f6\u011fretmenlerin g\u00f6revlendirilmemesinin kabul edilebilecek bir durum olmad\u0131\u011f\u0131na vurgu yapan Kuru\u015f, haftada 9 saatlik eksik ders yapan \u00f6\u011frencilerin ders a\u00e7\u0131klar\u0131n\u0131n nas\u0131l kapat\u0131laca\u011f\u0131n\u0131 sordu.<\/p>\n<p>K\u0131br\u0131s T\u00fcrk Orta E\u011fitim \u00d6\u011fretmenler Sendikas\u0131 Ba\u015fkan\u0131 Selma Eylem de a\u00e7\u0131klamas\u0131na eksik kadrolara ve ya\u015fana geli\u015fmelere sessiz kalmayarak tepki g\u00f6steren velilere te\u015fekk\u00fcr ederek ba\u015flad\u0131.<\/p>\n<p>Eylem, eksik kadrolar nedeniyle ge\u00e7en haftalar\u0131n telafisinin nas\u0131l olaca\u011f\u0131n\u0131n Milli E\u011fitim Bakan\u0131 taraf\u0131ndan a\u00e7\u0131klanmas\u0131 gerekti\u011fini s\u00f6yledi.<\/p>\n<\/p><\/div>\n<p><script async\n                    defer\n                    crossorigin=\"anonymous\"\n                    src=\"https:\/\/connect.facebook.net\/tr_TR\/sdk.js#xfbml=1&#038;version=v3.3\"\n            ><\/script><\/p>\n","protected":false},"excerpt":{"rendered":"<p>Okullardaki \u00f6\u011fretmen eksikliklerine dikkat \u00e7ekmek amac\u0131yla \u00f6\u011fretmen kadrosu eksik olan okullarda eylem ger\u00e7ekle\u015ftiren K\u0131br\u0131s T\u00fcrk Orta E\u011fitim \u00d6\u011fretmenler Sendikas\u0131 y\u00f6netimi bu kez T\u00fcrk Maarif Koleji\u2019ndeyi. Okul \u00f6n\u00fcnde ger\u00e7ekle\u015fen eyleme baz\u0131 \u00f6\u011fretmenler ve veliler de destek verdi. 7A S\u0131n\u0131f\u0131 \u00f6\u011frenci velilerini temsilen a\u00e7\u0131klama yapan \u00dclfet Kuto\u011flu Kuru\u015f,\u00e7ocuklar\u0131\u0131n\u0131n e\u011fitim hakk\u0131 i\u00e7in topland\u0131klar\u0131n\u0131 belirterek \u201cKe\u015fke b\u00f6yle bir g\u00fcndem<\/p>\n","protected":false},"author":1,"featured_media":67008,"comment_status":"open","ping_status":"open","sticky":false,"template":"","format":"standard","meta":{"footnotes":""},"categories":[81],"tags":[],"class_list":["post-67007","post","type-post","status-publish","format-standard","has-post-thumbnail","hentry","category-kibris"],"yoast_head":"<!-- This site is optimized with the Yoast SEO plugin v27.4 - https:\/\/yoast.com\/product\/yoast-seo-wordpress\/ -->\n<title>KTOE\u00d6S y\u00f6netimi ve TMK velileri okuldaki \u00f6\u011fretmen eksikli\u011fi ve ya\u015fanan ders kay\u0131tlar\u0131na dikkat amac\u0131yla okul \u00f6n\u00fcnde eylem ger\u00e7ekle\u015ftirdi -<\/title>\n<meta name=\"robots\" content=\"index, follow, max-snippet:-1, max-image-preview:large, max-video-preview:-1\" \/>\n<link rel=\"canonical\" href=\"https:\/\/kibrisdakik.com\/?p=67007\" \/>\n<meta property=\"og:locale\" content=\"tr_TR\" \/>\n<meta property=\"og:type\" content=\"article\" \/>\n<meta property=\"og:title\" content=\"KTOE\u00d6S y\u00f6netimi ve TMK velileri okuldaki \u00f6\u011fretmen eksikli\u011fi ve ya\u015fanan ders kay\u0131tlar\u0131na dikkat amac\u0131yla okul \u00f6n\u00fcnde eylem ger\u00e7ekle\u015ftirdi -\" \/>\n<meta property=\"og:description\" content=\"Okullardaki \u00f6\u011fretmen eksikliklerine dikkat \u00e7ekmek amac\u0131yla \u00f6\u011fretmen kadrosu eksik olan okullarda eylem ger\u00e7ekle\u015ftiren K\u0131br\u0131s T\u00fcrk Orta E\u011fitim \u00d6\u011fretmenler Sendikas\u0131 y\u00f6netimi bu kez T\u00fcrk Maarif Koleji\u2019ndeyi. Okul \u00f6n\u00fcnde ger\u00e7ekle\u015fen eyleme baz\u0131 \u00f6\u011fretmenler ve veliler de destek verdi. 7A S\u0131n\u0131f\u0131 \u00f6\u011frenci velilerini temsilen a\u00e7\u0131klama yapan \u00dclfet Kuto\u011flu Kuru\u015f,\u00e7ocuklar\u0131\u0131n\u0131n e\u011fitim hakk\u0131 i\u00e7in topland\u0131klar\u0131n\u0131 belirterek \u201cKe\u015fke b\u00f6yle bir g\u00fcndem\" \/>\n<meta property=\"og:url\" content=\"https:\/\/kibrisdakik.com\/?p=67007\" \/>\n<meta property=\"article:published_time\" content=\"2024-10-17T10:46:27+00:00\" \/>\n<meta property=\"og:image\" content=\"https:\/\/kibrisdakik.com\/wp-content\/uploads\/2024\/10\/assdksak-740x379.jpg\" \/>\n\t<meta property=\"og:image:width\" content=\"1067\" \/>\n\t<meta property=\"og:image:height\" content=\"379\" \/>\n\t<meta property=\"og:image:type\" content=\"image\/jpeg\" \/>\n<meta name=\"author\" content=\"admin\" \/>\n<meta name=\"twitter:card\" content=\"summary_large_image\" \/>\n<meta name=\"twitter:label1\" content=\"Yazan:\" \/>\n\t<meta name=\"twitter:data1\" content=\"admin\" \/>\n\t<meta name=\"twitter:label2\" content=\"Tahmini okuma s\u00fcresi\" \/>\n\t<meta name=\"twitter:data2\" content=\"1 dakika\" \/>\n<script type=\"application\/ld+json\" class=\"yoast-schema-graph\">{\"@context\":\"https:\\\/\\\/schema.org\",\"@graph\":[{\"@type\":\"Article\",\"@id\":\"https:\\\/\\\/kibrisdakik.com\\\/?p=67007#article\",\"isPartOf\":{\"@id\":\"https:\\\/\\\/kibrisdakik.com\\\/?p=67007\"},\"author\":{\"name\":\"admin\",\"@id\":\"https:\\\/\\\/kibrisdakik.com\\\/#\\\/schema\\\/person\\\/9cd9d437bbb44f72b73ba127e06d8e79\"},\"headline\":\"KTOE\u00d6S y\u00f6netimi ve TMK velileri okuldaki \u00f6\u011fretmen eksikli\u011fi ve ya\u015fanan ders kay\u0131tlar\u0131na dikkat amac\u0131yla okul \u00f6n\u00fcnde eylem ger\u00e7ekle\u015ftirdi\",\"datePublished\":\"2024-10-17T10:46:27+00:00\",\"mainEntityOfPage\":{\"@id\":\"https:\\\/\\\/kibrisdakik.com\\\/?p=67007\"},\"wordCount\":237,\"commentCount\":0,\"image\":{\"@id\":\"https:\\\/\\\/kibrisdakik.com\\\/?p=67007#primaryimage\"},\"thumbnailUrl\":\"https:\\\/\\\/kibrisdakik.com\\\/wp-content\\\/uploads\\\/2024\\\/10\\\/assdksak-740x379.jpg\",\"articleSection\":[\"K\u0131br\u0131s\"],\"inLanguage\":\"tr\",\"potentialAction\":[{\"@type\":\"CommentAction\",\"name\":\"Comment\",\"target\":[\"https:\\\/\\\/kibrisdakik.com\\\/?p=67007#respond\"]}]},{\"@type\":\"WebPage\",\"@id\":\"https:\\\/\\\/kibrisdakik.com\\\/?p=67007\",\"url\":\"https:\\\/\\\/kibrisdakik.com\\\/?p=67007\",\"name\":\"KTOE\u00d6S y\u00f6netimi ve TMK velileri okuldaki \u00f6\u011fretmen eksikli\u011fi ve ya\u015fanan ders kay\u0131tlar\u0131na dikkat amac\u0131yla okul \u00f6n\u00fcnde eylem ger\u00e7ekle\u015ftirdi -\",\"isPartOf\":{\"@id\":\"https:\\\/\\\/kibrisdakik.com\\\/#website\"},\"primaryImageOfPage\":{\"@id\":\"https:\\\/\\\/kibrisdakik.com\\\/?p=67007#primaryimage\"},\"image\":{\"@id\":\"https:\\\/\\\/kibrisdakik.com\\\/?p=67007#primaryimage\"},\"thumbnailUrl\":\"https:\\\/\\\/kibrisdakik.com\\\/wp-content\\\/uploads\\\/2024\\\/10\\\/assdksak-740x379.jpg\",\"datePublished\":\"2024-10-17T10:46:27+00:00\",\"author\":{\"@id\":\"https:\\\/\\\/kibrisdakik.com\\\/#\\\/schema\\\/person\\\/9cd9d437bbb44f72b73ba127e06d8e79\"},\"breadcrumb\":{\"@id\":\"https:\\\/\\\/kibrisdakik.com\\\/?p=67007#breadcrumb\"},\"inLanguage\":\"tr\",\"potentialAction\":[{\"@type\":\"ReadAction\",\"target\":[\"https:\\\/\\\/kibrisdakik.com\\\/?p=67007\"]}]},{\"@type\":\"ImageObject\",\"inLanguage\":\"tr\",\"@id\":\"https:\\\/\\\/kibrisdakik.com\\\/?p=67007#primaryimage\",\"url\":\"https:\\\/\\\/kibrisdakik.com\\\/wp-content\\\/uploads\\\/2024\\\/10\\\/assdksak-740x379.jpg\",\"contentUrl\":\"https:\\\/\\\/kibrisdakik.com\\\/wp-content\\\/uploads\\\/2024\\\/10\\\/assdksak-740x379.jpg\",\"width\":1067,\"height\":379},{\"@type\":\"BreadcrumbList\",\"@id\":\"https:\\\/\\\/kibrisdakik.com\\\/?p=67007#breadcrumb\",\"itemListElement\":[{\"@type\":\"ListItem\",\"position\":1,\"name\":\"Home\",\"item\":\"https:\\\/\\\/kibrisdakik.com\\\/\"},{\"@type\":\"ListItem\",\"position\":2,\"name\":\"KTOE\u00d6S y\u00f6netimi ve TMK velileri okuldaki \u00f6\u011fretmen eksikli\u011fi ve ya\u015fanan ders kay\u0131tlar\u0131na dikkat amac\u0131yla okul \u00f6n\u00fcnde eylem ger\u00e7ekle\u015ftirdi\"}]},{\"@type\":\"WebSite\",\"@id\":\"https:\\\/\\\/kibrisdakik.com\\\/#website\",\"url\":\"https:\\\/\\\/kibrisdakik.com\\\/\",\"name\":\"\",\"description\":\"Tam vaktinde haber\",\"potentialAction\":[{\"@type\":\"SearchAction\",\"target\":{\"@type\":\"EntryPoint\",\"urlTemplate\":\"https:\\\/\\\/kibrisdakik.com\\\/?s={search_term_string}\"},\"query-input\":{\"@type\":\"PropertyValueSpecification\",\"valueRequired\":true,\"valueName\":\"search_term_string\"}}],\"inLanguage\":\"tr\"},{\"@type\":\"Person\",\"@id\":\"https:\\\/\\\/kibrisdakik.com\\\/#\\\/schema\\\/person\\\/9cd9d437bbb44f72b73ba127e06d8e79\",\"name\":\"admin\",\"image\":{\"@type\":\"ImageObject\",\"inLanguage\":\"tr\",\"@id\":\"https:\\\/\\\/secure.gravatar.com\\\/avatar\\\/ccc17943b9d660506c869530f897617f7cb1c21a4bf30023f252596d83e1f007?s=96&d=mm&r=g\",\"url\":\"https:\\\/\\\/secure.gravatar.com\\\/avatar\\\/ccc17943b9d660506c869530f897617f7cb1c21a4bf30023f252596d83e1f007?s=96&d=mm&r=g\",\"contentUrl\":\"https:\\\/\\\/secure.gravatar.com\\\/avatar\\\/ccc17943b9d660506c869530f897617f7cb1c21a4bf30023f252596d83e1f007?s=96&d=mm&r=g\",\"caption\":\"admin\"},\"sameAs\":[\"https:\\\/\\\/kibrisdakik.com\"],\"url\":\"https:\\\/\\\/kibrisdakik.com\\\/?author=1\"}]}<\/script>\n<!-- \/ Yoast SEO plugin. -->","yoast_head_json":{"title":"KTOE\u00d6S y\u00f6netimi ve TMK velileri okuldaki \u00f6\u011fretmen eksikli\u011fi ve ya\u015fanan ders kay\u0131tlar\u0131na dikkat amac\u0131yla okul \u00f6n\u00fcnde eylem ger\u00e7ekle\u015ftirdi -","robots":{"index":"index","follow":"follow","max-snippet":"max-snippet:-1","max-image-preview":"max-image-preview:large","max-video-preview":"max-video-preview:-1"},"canonical":"https:\/\/kibrisdakik.com\/?p=67007","og_locale":"tr_TR","og_type":"article","og_title":"KTOE\u00d6S y\u00f6netimi ve TMK velileri okuldaki \u00f6\u011fretmen eksikli\u011fi ve ya\u015fanan ders kay\u0131tlar\u0131na dikkat amac\u0131yla okul \u00f6n\u00fcnde eylem ger\u00e7ekle\u015ftirdi -","og_description":"Okullardaki \u00f6\u011fretmen eksikliklerine dikkat \u00e7ekmek amac\u0131yla \u00f6\u011fretmen kadrosu eksik olan okullarda eylem ger\u00e7ekle\u015ftiren K\u0131br\u0131s T\u00fcrk Orta E\u011fitim \u00d6\u011fretmenler Sendikas\u0131 y\u00f6netimi bu kez T\u00fcrk Maarif Koleji\u2019ndeyi. Okul \u00f6n\u00fcnde ger\u00e7ekle\u015fen eyleme baz\u0131 \u00f6\u011fretmenler ve veliler de destek verdi. 7A S\u0131n\u0131f\u0131 \u00f6\u011frenci velilerini temsilen a\u00e7\u0131klama yapan \u00dclfet Kuto\u011flu Kuru\u015f,\u00e7ocuklar\u0131\u0131n\u0131n e\u011fitim hakk\u0131 i\u00e7in topland\u0131klar\u0131n\u0131 belirterek \u201cKe\u015fke b\u00f6yle bir g\u00fcndem","og_url":"https:\/\/kibrisdakik.com\/?p=67007","article_published_time":"2024-10-17T10:46:27+00:00","og_image":[{"width":1067,"height":379,"url":"https:\/\/kibrisdakik.com\/wp-content\/uploads\/2024\/10\/assdksak-740x379.jpg","type":"image\/jpeg"}],"author":"admin","twitter_card":"summary_large_image","twitter_misc":{"Yazan:":"admin","Tahmini okuma s\u00fcresi":"1 dakika"},"schema":{"@context":"https:\/\/schema.org","@graph":[{"@type":"Article","@id":"https:\/\/kibrisdakik.com\/?p=67007#article","isPartOf":{"@id":"https:\/\/kibrisdakik.com\/?p=67007"},"author":{"name":"admin","@id":"https:\/\/kibrisdakik.com\/#\/schema\/person\/9cd9d437bbb44f72b73ba127e06d8e79"},"headline":"KTOE\u00d6S y\u00f6netimi ve TMK velileri okuldaki \u00f6\u011fretmen eksikli\u011fi ve ya\u015fanan ders kay\u0131tlar\u0131na dikkat amac\u0131yla okul \u00f6n\u00fcnde eylem ger\u00e7ekle\u015ftirdi","datePublished":"2024-10-17T10:46:27+00:00","mainEntityOfPage":{"@id":"https:\/\/kibrisdakik.com\/?p=67007"},"wordCount":237,"commentCount":0,"image":{"@id":"https:\/\/kibrisdakik.com\/?p=67007#primaryimage"},"thumbnailUrl":"https:\/\/kibrisdakik.com\/wp-content\/uploads\/2024\/10\/assdksak-740x379.jpg","articleSection":["K\u0131br\u0131s"],"inLanguage":"tr","potentialAction":[{"@type":"CommentAction","name":"Comment","target":["https:\/\/kibrisdakik.com\/?p=67007#respond"]}]},{"@type":"WebPage","@id":"https:\/\/kibrisdakik.com\/?p=67007","url":"https:\/\/kibrisdakik.com\/?p=67007","name":"KTOE\u00d6S y\u00f6netimi ve TMK velileri okuldaki \u00f6\u011fretmen eksikli\u011fi ve ya\u015fanan ders kay\u0131tlar\u0131na dikkat amac\u0131yla okul \u00f6n\u00fcnde eylem ger\u00e7ekle\u015ftirdi -","isPartOf":{"@id":"https:\/\/kibrisdakik.com\/#website"},"primaryImageOfPage":{"@id":"https:\/\/kibrisdakik.com\/?p=67007#primaryimage"},"image":{"@id":"https:\/\/kibrisdakik.com\/?p=67007#primaryimage"},"thumbnailUrl":"https:\/\/kibrisdakik.com\/wp-content\/uploads\/2024\/10\/assdksak-740x379.jpg","datePublished":"2024-10-17T10:46:27+00:00","author":{"@id":"https:\/\/kibrisdakik.com\/#\/schema\/person\/9cd9d437bbb44f72b73ba127e06d8e79"},"breadcrumb":{"@id":"https:\/\/kibrisdakik.com\/?p=67007#breadcrumb"},"inLanguage":"tr","potentialAction":[{"@type":"ReadAction","target":["https:\/\/kibrisdakik.com\/?p=67007"]}]},{"@type":"ImageObject","inLanguage":"tr","@id":"https:\/\/kibrisdakik.com\/?p=67007#primaryimage","url":"https:\/\/kibrisdakik.com\/wp-content\/uploads\/2024\/10\/assdksak-740x379.jpg","contentUrl":"https:\/\/kibrisdakik.com\/wp-content\/uploads\/2024\/10\/assdksak-740x379.jpg","width":1067,"height":379},{"@type":"BreadcrumbList","@id":"https:\/\/kibrisdakik.com\/?p=67007#breadcrumb","itemListElement":[{"@type":"ListItem","position":1,"name":"Home","item":"https:\/\/kibrisdakik.com\/"},{"@type":"ListItem","position":2,"name":"KTOE\u00d6S y\u00f6netimi ve TMK velileri okuldaki \u00f6\u011fretmen eksikli\u011fi ve ya\u015fanan ders kay\u0131tlar\u0131na dikkat amac\u0131yla okul \u00f6n\u00fcnde eylem ger\u00e7ekle\u015ftirdi"}]},{"@type":"WebSite","@id":"https:\/\/kibrisdakik.com\/#website","url":"https:\/\/kibrisdakik.com\/","name":"","description":"Tam vaktinde haber","potentialAction":[{"@type":"SearchAction","target":{"@type":"EntryPoint","urlTemplate":"https:\/\/kibrisdakik.com\/?s={search_term_string}"},"query-input":{"@type":"PropertyValueSpecification","valueRequired":true,"valueName":"search_term_string"}}],"inLanguage":"tr"},{"@type":"Person","@id":"https:\/\/kibrisdakik.com\/#\/schema\/person\/9cd9d437bbb44f72b73ba127e06d8e79","name":"admin","image":{"@type":"ImageObject","inLanguage":"tr","@id":"https:\/\/secure.gravatar.com\/avatar\/ccc17943b9d660506c869530f897617f7cb1c21a4bf30023f252596d83e1f007?s=96&d=mm&r=g","url":"https:\/\/secure.gravatar.com\/avatar\/ccc17943b9d660506c869530f897617f7cb1c21a4bf30023f252596d83e1f007?s=96&d=mm&r=g","contentUrl":"https:\/\/secure.gravatar.com\/avatar\/ccc17943b9d660506c869530f897617f7cb1c21a4bf30023f252596d83e1f007?s=96&d=mm&r=g","caption":"admin"},"sameAs":["https:\/\/kibrisdakik.com"],"url":"https:\/\/kibrisdakik.com\/?author=1"}]}},"_links":{"self":[{"href":"https:\/\/kibrisdakik.com\/index.php?rest_route=\/wp\/v2\/posts\/67007","targetHints":{"allow":["GET"]}}],"collection":[{"href":"https:\/\/kibrisdakik.com\/index.php?rest_route=\/wp\/v2\/posts"}],"about":[{"href":"https:\/\/kibrisdakik.com\/index.php?rest_route=\/wp\/v2\/types\/post"}],"author":[{"embeddable":true,"href":"https:\/\/kibrisdakik.com\/index.php?rest_route=\/wp\/v2\/users\/1"}],"replies":[{"embeddable":true,"href":"https:\/\/kibrisdakik.com\/index.php?rest_route=%2Fwp%2Fv2%2Fcomments&post=67007"}],"version-history":[{"count":0,"href":"https:\/\/kibrisdakik.com\/index.php?rest_route=\/wp\/v2\/posts\/67007\/revisions"}],"wp:featuredmedia":[{"embeddable":true,"href":"https:\/\/kibrisdakik.com\/index.php?rest_route=\/wp\/v2\/media\/67008"}],"wp:attachment":[{"href":"https:\/\/kibrisdakik.com\/index.php?rest_route=%2Fwp%2Fv2%2Fmedia&parent=67007"}],"wp:term":[{"taxonomy":"category","embeddable":true,"href":"https:\/\/kibrisdakik.com\/index.php?rest_route=%2Fwp%2Fv2%2Fcategories&post=67007"},{"taxonomy":"post_tag","embeddable":true,"href":"https:\/\/kibrisdakik.com\/index.php?rest_route=%2Fwp%2Fv2%2Ftags&post=67007"}],"curies":[{"name":"wp","href":"https:\/\/api.w.org\/{rel}","templated":true}]}}