{"id":67074,"date":"2024-10-18T09:44:26","date_gmt":"2024-10-18T06:44:26","guid":{"rendered":"https:\/\/kibrisdakik.com\/index.php\/2024\/10\/18\/cumhurbaskani-tatar-ve-esi-sibel-tatar-turk-sinemasi-oyuncusu-turkan-soray-ile-bir-araya-geldi\/"},"modified":"2024-10-18T09:44:26","modified_gmt":"2024-10-18T06:44:26","slug":"cumhurbaskani-tatar-ve-esi-sibel-tatar-turk-sinemasi-oyuncusu-turkan-soray-ile-bir-araya-geldi","status":"publish","type":"post","link":"https:\/\/kibrisdakik.com\/?p=67074","title":{"rendered":"Cumhurba\u015fkan\u0131 Tatar ve e\u015fi Sibel Tatar, T\u00fcrk sinemas\u0131 oyuncusu T\u00fcrkan \u015eoray ile bir araya geldi"},"content":{"rendered":"<div>\n<div class=\"mariselle-image-container center\">\n                                            <\/div>\n<p>Cumhurba\u015fkan\u0131 Ersin Tatar ve e\u015fi Sibel Tatar, Girne Amerikan \u00dcniversitesi\u2019nin 40\u2019\u0131nc\u0131 kurulu\u015f y\u0131l d\u00f6n\u00fcm\u00fc kutlamalar\u0131na kat\u0131lmak amac\u0131yla Kuzey K\u0131br\u0131s T\u00fcrk Cumhuriyeti\u2019ne gelen T\u00fcrk sinemas\u0131 oyuncusu T\u00fcrkan \u015eoray ile bir araya geldi.<\/p>\n<p>Karao\u011flano\u011flu\u2019nda ger\u00e7ekle\u015fen sosyal i\u00e7erikli yemekte Sibel Tatar, T\u00fcrkan \u015eoray\u2019a koza i\u015fi \u00e7er\u00e7eve ile Cumhurba\u015fkanl\u0131\u011f\u0131 himayesinde ve Sibel Tatar \u00f6nc\u00fcl\u00fc\u011f\u00fcnde haz\u0131rlanan K\u0131br\u0131s Mutfa\u011f\u0131 kitab\u0131n\u0131 takdim etti.<\/p>\n<p>Sibel Tatar takdim s\u0131ras\u0131nda yapt\u0131\u011f\u0131 konu\u015fmada, K\u0131br\u0131s T\u00fcrk Kad\u0131n\u0131n\u0131n ipek kozas\u0131ndan \u00fcr\u00fcnler yapt\u0131\u011f\u0131n\u0131 belirterek, \u00fczerinde T\u00fcrkan \u015eoray\u2019\u0131n foto\u011fraf\u0131n\u0131n bulundu\u011fu bir \u00e7er\u00e7eve haz\u0131rland\u0131\u011f\u0131n\u0131 s\u00f6yledi.<\/p>\n<p>Sibel Tatar ayr\u0131ca Cumhurba\u015fkanl\u0131\u011f\u0131 himayesinde haz\u0131rlanan, i\u00e7erisinde K\u0131br\u0131s\u2019a \u00f6zg\u00fc yiyecek ve i\u00e7eceklerin bulundu\u011fu K\u0131br\u0131s Mutfa\u011f\u0131 isimli kitab\u0131 T\u00fcrkan \u015eoray\u2019a takdim etmekten mutlu oldu\u011funu ifade etti.<\/p>\n<p>T\u00fcrkan \u015eoray ise konu\u015fmas\u0131nda, koza i\u015fini yapan emek\u00e7i kad\u0131nlara ve K\u0131br\u0131s Mutfa\u011f\u0131 isimli kitab\u0131n haz\u0131rlanmas\u0131nda \u00f6nc\u00fcl\u00fck eden Sibel Tatar\u2019a te\u015fekk\u00fcr etti.<\/p>\n<\/p><\/div>\n<p><script async\n                    defer\n                    crossorigin=\"anonymous\"\n                    src=\"https:\/\/connect.facebook.net\/tr_TR\/sdk.js#xfbml=1&#038;version=v3.3\"\n            ><\/script><\/p>\n","protected":false},"excerpt":{"rendered":"<p>Cumhurba\u015fkan\u0131 Ersin Tatar ve e\u015fi Sibel Tatar, Girne Amerikan \u00dcniversitesi\u2019nin 40\u2019\u0131nc\u0131 kurulu\u015f y\u0131l d\u00f6n\u00fcm\u00fc kutlamalar\u0131na kat\u0131lmak amac\u0131yla Kuzey K\u0131br\u0131s T\u00fcrk Cumhuriyeti\u2019ne gelen T\u00fcrk sinemas\u0131 oyuncusu T\u00fcrkan \u015eoray ile bir araya geldi. Karao\u011flano\u011flu\u2019nda ger\u00e7ekle\u015fen sosyal i\u00e7erikli yemekte Sibel Tatar, T\u00fcrkan \u015eoray\u2019a koza i\u015fi \u00e7er\u00e7eve ile Cumhurba\u015fkanl\u0131\u011f\u0131 himayesinde ve Sibel Tatar \u00f6nc\u00fcl\u00fc\u011f\u00fcnde haz\u0131rlanan K\u0131br\u0131s Mutfa\u011f\u0131 kitab\u0131n\u0131 takdim<\/p>\n","protected":false},"author":1,"featured_media":67075,"comment_status":"open","ping_status":"open","sticky":false,"template":"","format":"standard","meta":{"footnotes":""},"categories":[81],"tags":[],"class_list":["post-67074","post","type-post","status-publish","format-standard","has-post-thumbnail","hentry","category-kibris"],"yoast_head":"<!-- This site is optimized with the Yoast SEO plugin v27.5 - https:\/\/yoast.com\/product\/yoast-seo-wordpress\/ -->\n<title>Cumhurba\u015fkan\u0131 Tatar ve e\u015fi Sibel Tatar, T\u00fcrk sinemas\u0131 oyuncusu T\u00fcrkan \u015eoray ile bir araya geldi -<\/title>\n<meta name=\"robots\" content=\"index, follow, max-snippet:-1, max-image-preview:large, max-video-preview:-1\" \/>\n<link rel=\"canonical\" href=\"https:\/\/kibrisdakik.com\/?p=67074\" \/>\n<meta property=\"og:locale\" content=\"tr_TR\" \/>\n<meta property=\"og:type\" content=\"article\" \/>\n<meta property=\"og:title\" content=\"Cumhurba\u015fkan\u0131 Tatar ve e\u015fi Sibel Tatar, T\u00fcrk sinemas\u0131 oyuncusu T\u00fcrkan \u015eoray ile bir araya geldi -\" \/>\n<meta property=\"og:description\" content=\"Cumhurba\u015fkan\u0131 Ersin Tatar ve e\u015fi Sibel Tatar, Girne Amerikan \u00dcniversitesi\u2019nin 40\u2019\u0131nc\u0131 kurulu\u015f y\u0131l d\u00f6n\u00fcm\u00fc kutlamalar\u0131na kat\u0131lmak amac\u0131yla Kuzey K\u0131br\u0131s T\u00fcrk Cumhuriyeti\u2019ne gelen T\u00fcrk sinemas\u0131 oyuncusu T\u00fcrkan \u015eoray ile bir araya geldi. Karao\u011flano\u011flu\u2019nda ger\u00e7ekle\u015fen sosyal i\u00e7erikli yemekte Sibel Tatar, T\u00fcrkan \u015eoray\u2019a koza i\u015fi \u00e7er\u00e7eve ile Cumhurba\u015fkanl\u0131\u011f\u0131 himayesinde ve Sibel Tatar \u00f6nc\u00fcl\u00fc\u011f\u00fcnde haz\u0131rlanan K\u0131br\u0131s Mutfa\u011f\u0131 kitab\u0131n\u0131 takdim\" \/>\n<meta property=\"og:url\" content=\"https:\/\/kibrisdakik.com\/?p=67074\" \/>\n<meta property=\"article:published_time\" content=\"2024-10-18T06:44:26+00:00\" \/>\n<meta property=\"og:image\" content=\"https:\/\/kibrisdakik.com\/wp-content\/uploads\/2024\/10\/9898989898-740x420.jpg\" \/>\n\t<meta property=\"og:image:width\" content=\"1069\" \/>\n\t<meta property=\"og:image:height\" content=\"495\" \/>\n\t<meta property=\"og:image:type\" content=\"image\/jpeg\" \/>\n<meta name=\"author\" content=\"admin\" \/>\n<meta name=\"twitter:card\" content=\"summary_large_image\" \/>\n<meta name=\"twitter:label1\" content=\"Yazan:\" \/>\n\t<meta name=\"twitter:data1\" content=\"admin\" \/>\n\t<meta name=\"twitter:label2\" content=\"Tahmini okuma s\u00fcresi\" \/>\n\t<meta name=\"twitter:data2\" content=\"1 dakika\" \/>\n<script type=\"application\/ld+json\" class=\"yoast-schema-graph\">{\"@context\":\"https:\\\/\\\/schema.org\",\"@graph\":[{\"@type\":\"Article\",\"@id\":\"https:\\\/\\\/kibrisdakik.com\\\/?p=67074#article\",\"isPartOf\":{\"@id\":\"https:\\\/\\\/kibrisdakik.com\\\/?p=67074\"},\"author\":{\"name\":\"admin\",\"@id\":\"https:\\\/\\\/kibrisdakik.com\\\/#\\\/schema\\\/person\\\/9cd9d437bbb44f72b73ba127e06d8e79\"},\"headline\":\"Cumhurba\u015fkan\u0131 Tatar ve e\u015fi Sibel Tatar, T\u00fcrk sinemas\u0131 oyuncusu T\u00fcrkan \u015eoray ile bir araya geldi\",\"datePublished\":\"2024-10-18T06:44:26+00:00\",\"mainEntityOfPage\":{\"@id\":\"https:\\\/\\\/kibrisdakik.com\\\/?p=67074\"},\"wordCount\":228,\"commentCount\":0,\"image\":{\"@id\":\"https:\\\/\\\/kibrisdakik.com\\\/?p=67074#primaryimage\"},\"thumbnailUrl\":\"https:\\\/\\\/kibrisdakik.com\\\/wp-content\\\/uploads\\\/2024\\\/10\\\/9898989898-740x420.jpg\",\"articleSection\":[\"K\u0131br\u0131s\"],\"inLanguage\":\"tr\",\"potentialAction\":[{\"@type\":\"CommentAction\",\"name\":\"Comment\",\"target\":[\"https:\\\/\\\/kibrisdakik.com\\\/?p=67074#respond\"]}]},{\"@type\":\"WebPage\",\"@id\":\"https:\\\/\\\/kibrisdakik.com\\\/?p=67074\",\"url\":\"https:\\\/\\\/kibrisdakik.com\\\/?p=67074\",\"name\":\"Cumhurba\u015fkan\u0131 Tatar ve e\u015fi Sibel Tatar, T\u00fcrk sinemas\u0131 oyuncusu T\u00fcrkan \u015eoray ile bir araya geldi -\",\"isPartOf\":{\"@id\":\"https:\\\/\\\/kibrisdakik.com\\\/#website\"},\"primaryImageOfPage\":{\"@id\":\"https:\\\/\\\/kibrisdakik.com\\\/?p=67074#primaryimage\"},\"image\":{\"@id\":\"https:\\\/\\\/kibrisdakik.com\\\/?p=67074#primaryimage\"},\"thumbnailUrl\":\"https:\\\/\\\/kibrisdakik.com\\\/wp-content\\\/uploads\\\/2024\\\/10\\\/9898989898-740x420.jpg\",\"datePublished\":\"2024-10-18T06:44:26+00:00\",\"author\":{\"@id\":\"https:\\\/\\\/kibrisdakik.com\\\/#\\\/schema\\\/person\\\/9cd9d437bbb44f72b73ba127e06d8e79\"},\"breadcrumb\":{\"@id\":\"https:\\\/\\\/kibrisdakik.com\\\/?p=67074#breadcrumb\"},\"inLanguage\":\"tr\",\"potentialAction\":[{\"@type\":\"ReadAction\",\"target\":[\"https:\\\/\\\/kibrisdakik.com\\\/?p=67074\"]}]},{\"@type\":\"ImageObject\",\"inLanguage\":\"tr\",\"@id\":\"https:\\\/\\\/kibrisdakik.com\\\/?p=67074#primaryimage\",\"url\":\"https:\\\/\\\/kibrisdakik.com\\\/wp-content\\\/uploads\\\/2024\\\/10\\\/9898989898-740x420.jpg\",\"contentUrl\":\"https:\\\/\\\/kibrisdakik.com\\\/wp-content\\\/uploads\\\/2024\\\/10\\\/9898989898-740x420.jpg\",\"width\":1069,\"height\":495},{\"@type\":\"BreadcrumbList\",\"@id\":\"https:\\\/\\\/kibrisdakik.com\\\/?p=67074#breadcrumb\",\"itemListElement\":[{\"@type\":\"ListItem\",\"position\":1,\"name\":\"Home\",\"item\":\"https:\\\/\\\/kibrisdakik.com\\\/\"},{\"@type\":\"ListItem\",\"position\":2,\"name\":\"Cumhurba\u015fkan\u0131 Tatar ve e\u015fi Sibel Tatar, T\u00fcrk sinemas\u0131 oyuncusu T\u00fcrkan \u015eoray ile bir araya geldi\"}]},{\"@type\":\"WebSite\",\"@id\":\"https:\\\/\\\/kibrisdakik.com\\\/#website\",\"url\":\"https:\\\/\\\/kibrisdakik.com\\\/\",\"name\":\"\",\"description\":\"Tam vaktinde haber\",\"potentialAction\":[{\"@type\":\"SearchAction\",\"target\":{\"@type\":\"EntryPoint\",\"urlTemplate\":\"https:\\\/\\\/kibrisdakik.com\\\/?s={search_term_string}\"},\"query-input\":{\"@type\":\"PropertyValueSpecification\",\"valueRequired\":true,\"valueName\":\"search_term_string\"}}],\"inLanguage\":\"tr\"},{\"@type\":\"Person\",\"@id\":\"https:\\\/\\\/kibrisdakik.com\\\/#\\\/schema\\\/person\\\/9cd9d437bbb44f72b73ba127e06d8e79\",\"name\":\"admin\",\"image\":{\"@type\":\"ImageObject\",\"inLanguage\":\"tr\",\"@id\":\"https:\\\/\\\/secure.gravatar.com\\\/avatar\\\/ccc17943b9d660506c869530f897617f7cb1c21a4bf30023f252596d83e1f007?s=96&d=mm&r=g\",\"url\":\"https:\\\/\\\/secure.gravatar.com\\\/avatar\\\/ccc17943b9d660506c869530f897617f7cb1c21a4bf30023f252596d83e1f007?s=96&d=mm&r=g\",\"contentUrl\":\"https:\\\/\\\/secure.gravatar.com\\\/avatar\\\/ccc17943b9d660506c869530f897617f7cb1c21a4bf30023f252596d83e1f007?s=96&d=mm&r=g\",\"caption\":\"admin\"},\"sameAs\":[\"https:\\\/\\\/kibrisdakik.com\"],\"url\":\"https:\\\/\\\/kibrisdakik.com\\\/?author=1\"}]}<\/script>\n<!-- \/ Yoast SEO plugin. -->","yoast_head_json":{"title":"Cumhurba\u015fkan\u0131 Tatar ve e\u015fi Sibel Tatar, T\u00fcrk sinemas\u0131 oyuncusu T\u00fcrkan \u015eoray ile bir araya geldi -","robots":{"index":"index","follow":"follow","max-snippet":"max-snippet:-1","max-image-preview":"max-image-preview:large","max-video-preview":"max-video-preview:-1"},"canonical":"https:\/\/kibrisdakik.com\/?p=67074","og_locale":"tr_TR","og_type":"article","og_title":"Cumhurba\u015fkan\u0131 Tatar ve e\u015fi Sibel Tatar, T\u00fcrk sinemas\u0131 oyuncusu T\u00fcrkan \u015eoray ile bir araya geldi -","og_description":"Cumhurba\u015fkan\u0131 Ersin Tatar ve e\u015fi Sibel Tatar, Girne Amerikan \u00dcniversitesi\u2019nin 40\u2019\u0131nc\u0131 kurulu\u015f y\u0131l d\u00f6n\u00fcm\u00fc kutlamalar\u0131na kat\u0131lmak amac\u0131yla Kuzey K\u0131br\u0131s T\u00fcrk Cumhuriyeti\u2019ne gelen T\u00fcrk sinemas\u0131 oyuncusu T\u00fcrkan \u015eoray ile bir araya geldi. Karao\u011flano\u011flu\u2019nda ger\u00e7ekle\u015fen sosyal i\u00e7erikli yemekte Sibel Tatar, T\u00fcrkan \u015eoray\u2019a koza i\u015fi \u00e7er\u00e7eve ile Cumhurba\u015fkanl\u0131\u011f\u0131 himayesinde ve Sibel Tatar \u00f6nc\u00fcl\u00fc\u011f\u00fcnde haz\u0131rlanan K\u0131br\u0131s Mutfa\u011f\u0131 kitab\u0131n\u0131 takdim","og_url":"https:\/\/kibrisdakik.com\/?p=67074","article_published_time":"2024-10-18T06:44:26+00:00","og_image":[{"width":1069,"height":495,"url":"https:\/\/kibrisdakik.com\/wp-content\/uploads\/2024\/10\/9898989898-740x420.jpg","type":"image\/jpeg"}],"author":"admin","twitter_card":"summary_large_image","twitter_misc":{"Yazan:":"admin","Tahmini okuma s\u00fcresi":"1 dakika"},"schema":{"@context":"https:\/\/schema.org","@graph":[{"@type":"Article","@id":"https:\/\/kibrisdakik.com\/?p=67074#article","isPartOf":{"@id":"https:\/\/kibrisdakik.com\/?p=67074"},"author":{"name":"admin","@id":"https:\/\/kibrisdakik.com\/#\/schema\/person\/9cd9d437bbb44f72b73ba127e06d8e79"},"headline":"Cumhurba\u015fkan\u0131 Tatar ve e\u015fi Sibel Tatar, T\u00fcrk sinemas\u0131 oyuncusu T\u00fcrkan \u015eoray ile bir araya geldi","datePublished":"2024-10-18T06:44:26+00:00","mainEntityOfPage":{"@id":"https:\/\/kibrisdakik.com\/?p=67074"},"wordCount":228,"commentCount":0,"image":{"@id":"https:\/\/kibrisdakik.com\/?p=67074#primaryimage"},"thumbnailUrl":"https:\/\/kibrisdakik.com\/wp-content\/uploads\/2024\/10\/9898989898-740x420.jpg","articleSection":["K\u0131br\u0131s"],"inLanguage":"tr","potentialAction":[{"@type":"CommentAction","name":"Comment","target":["https:\/\/kibrisdakik.com\/?p=67074#respond"]}]},{"@type":"WebPage","@id":"https:\/\/kibrisdakik.com\/?p=67074","url":"https:\/\/kibrisdakik.com\/?p=67074","name":"Cumhurba\u015fkan\u0131 Tatar ve e\u015fi Sibel Tatar, T\u00fcrk sinemas\u0131 oyuncusu T\u00fcrkan \u015eoray ile bir araya geldi -","isPartOf":{"@id":"https:\/\/kibrisdakik.com\/#website"},"primaryImageOfPage":{"@id":"https:\/\/kibrisdakik.com\/?p=67074#primaryimage"},"image":{"@id":"https:\/\/kibrisdakik.com\/?p=67074#primaryimage"},"thumbnailUrl":"https:\/\/kibrisdakik.com\/wp-content\/uploads\/2024\/10\/9898989898-740x420.jpg","datePublished":"2024-10-18T06:44:26+00:00","author":{"@id":"https:\/\/kibrisdakik.com\/#\/schema\/person\/9cd9d437bbb44f72b73ba127e06d8e79"},"breadcrumb":{"@id":"https:\/\/kibrisdakik.com\/?p=67074#breadcrumb"},"inLanguage":"tr","potentialAction":[{"@type":"ReadAction","target":["https:\/\/kibrisdakik.com\/?p=67074"]}]},{"@type":"ImageObject","inLanguage":"tr","@id":"https:\/\/kibrisdakik.com\/?p=67074#primaryimage","url":"https:\/\/kibrisdakik.com\/wp-content\/uploads\/2024\/10\/9898989898-740x420.jpg","contentUrl":"https:\/\/kibrisdakik.com\/wp-content\/uploads\/2024\/10\/9898989898-740x420.jpg","width":1069,"height":495},{"@type":"BreadcrumbList","@id":"https:\/\/kibrisdakik.com\/?p=67074#breadcrumb","itemListElement":[{"@type":"ListItem","position":1,"name":"Home","item":"https:\/\/kibrisdakik.com\/"},{"@type":"ListItem","position":2,"name":"Cumhurba\u015fkan\u0131 Tatar ve e\u015fi Sibel Tatar, T\u00fcrk sinemas\u0131 oyuncusu T\u00fcrkan \u015eoray ile bir araya geldi"}]},{"@type":"WebSite","@id":"https:\/\/kibrisdakik.com\/#website","url":"https:\/\/kibrisdakik.com\/","name":"","description":"Tam vaktinde haber","potentialAction":[{"@type":"SearchAction","target":{"@type":"EntryPoint","urlTemplate":"https:\/\/kibrisdakik.com\/?s={search_term_string}"},"query-input":{"@type":"PropertyValueSpecification","valueRequired":true,"valueName":"search_term_string"}}],"inLanguage":"tr"},{"@type":"Person","@id":"https:\/\/kibrisdakik.com\/#\/schema\/person\/9cd9d437bbb44f72b73ba127e06d8e79","name":"admin","image":{"@type":"ImageObject","inLanguage":"tr","@id":"https:\/\/secure.gravatar.com\/avatar\/ccc17943b9d660506c869530f897617f7cb1c21a4bf30023f252596d83e1f007?s=96&d=mm&r=g","url":"https:\/\/secure.gravatar.com\/avatar\/ccc17943b9d660506c869530f897617f7cb1c21a4bf30023f252596d83e1f007?s=96&d=mm&r=g","contentUrl":"https:\/\/secure.gravatar.com\/avatar\/ccc17943b9d660506c869530f897617f7cb1c21a4bf30023f252596d83e1f007?s=96&d=mm&r=g","caption":"admin"},"sameAs":["https:\/\/kibrisdakik.com"],"url":"https:\/\/kibrisdakik.com\/?author=1"}]}},"_links":{"self":[{"href":"https:\/\/kibrisdakik.com\/index.php?rest_route=\/wp\/v2\/posts\/67074","targetHints":{"allow":["GET"]}}],"collection":[{"href":"https:\/\/kibrisdakik.com\/index.php?rest_route=\/wp\/v2\/posts"}],"about":[{"href":"https:\/\/kibrisdakik.com\/index.php?rest_route=\/wp\/v2\/types\/post"}],"author":[{"embeddable":true,"href":"https:\/\/kibrisdakik.com\/index.php?rest_route=\/wp\/v2\/users\/1"}],"replies":[{"embeddable":true,"href":"https:\/\/kibrisdakik.com\/index.php?rest_route=%2Fwp%2Fv2%2Fcomments&post=67074"}],"version-history":[{"count":0,"href":"https:\/\/kibrisdakik.com\/index.php?rest_route=\/wp\/v2\/posts\/67074\/revisions"}],"wp:featuredmedia":[{"embeddable":true,"href":"https:\/\/kibrisdakik.com\/index.php?rest_route=\/wp\/v2\/media\/67075"}],"wp:attachment":[{"href":"https:\/\/kibrisdakik.com\/index.php?rest_route=%2Fwp%2Fv2%2Fmedia&parent=67074"}],"wp:term":[{"taxonomy":"category","embeddable":true,"href":"https:\/\/kibrisdakik.com\/index.php?rest_route=%2Fwp%2Fv2%2Fcategories&post=67074"},{"taxonomy":"post_tag","embeddable":true,"href":"https:\/\/kibrisdakik.com\/index.php?rest_route=%2Fwp%2Fv2%2Ftags&post=67074"}],"curies":[{"name":"wp","href":"https:\/\/api.w.org\/{rel}","templated":true}]}}