{"id":67078,"date":"2024-10-18T09:50:49","date_gmt":"2024-10-18T06:50:49","guid":{"rendered":"https:\/\/kibrisdakik.com\/index.php\/2024\/10\/18\/cumhurbaskani-tatar-brt-kibris-turkunun-sesidir\/"},"modified":"2024-10-18T09:50:49","modified_gmt":"2024-10-18T06:50:49","slug":"cumhurbaskani-tatar-brt-kibris-turkunun-sesidir","status":"publish","type":"post","link":"https:\/\/kibrisdakik.com\/?p=67078","title":{"rendered":"Cumhurba\u015fkan\u0131 Tatar: BRT, K\u0131br\u0131s T\u00fcrk\u00fc\u2019n\u00fcn sesidir"},"content":{"rendered":"<div>\n<div class=\"mariselle-image-container center\">\n                                            <\/div>\n<p>\nCumhurba\u015fkan\u0131 Ersin Tatar, Bayrak Radyo Televizyon Kurumu\u2019nun (BRTK), \u201cEngelleri A\u015f\u0131yoruz\u201d slogan\u0131 ile kurumun \u00f6n bah\u00e7esinde d\u00fczenlenen yeni yay\u0131n d\u00f6nemi tan\u0131t\u0131m etkinli\u011fine kat\u0131ld\u0131.<\/p>\n<div class=\"mariselle-image-container center\">\n                <img loading=\"lazy\" decoding=\"async\" width=\"1600\" height=\"1066\" class=\"lazy-image\" alt=\"\" sizes=\"auto, (max-width: 1600px) 100vw, 1600px\" src=\"https:\/\/brtk.net\/wp-content\/uploads\/2024\/10\/18\/IMG-20241017-WA0027.jpg?ver=b775830d2a223d17fa8709e2c50ad2bb\" srcset=\"https:\/\/brtk.net\/wp-content\/uploads\/2024\/10\/18\/IMG-20241017-WA0027.jpg?ver=b775830d2a223d17fa8709e2c50ad2bb 1600w, https:\/\/brtk.net\/wp-content\/uploads\/2024\/10\/18\/IMG-20241017-WA0027-300x200.jpg?ver=1c2bb4519dea7df7e8e56f74ba95c395 300w, https:\/\/brtk.net\/wp-content\/uploads\/2024\/10\/18\/IMG-20241017-WA0027-1024x682.jpg?ver=1c2bb4519dea7df7e8e56f74ba95c395 1024w, https:\/\/brtk.net\/wp-content\/uploads\/2024\/10\/18\/IMG-20241017-WA0027-768x512.jpg?ver=1c2bb4519dea7df7e8e56f74ba95c395 768w, https:\/\/brtk.net\/wp-content\/uploads\/2024\/10\/18\/IMG-20241017-WA0027-1536x1023.jpg?ver=94e4a03dedd291cf46b38c42457e4922 1536w\"\/>                            <\/div>\n<div class=\"mariselle-image-container center\">\n                <img loading=\"lazy\" decoding=\"async\" width=\"1600\" height=\"1066\" class=\"lazy-image\" alt=\"\" sizes=\"auto, (max-width: 1600px) 100vw, 1600px\" src=\"https:\/\/brtk.net\/wp-content\/uploads\/2024\/10\/18\/IMG-20241017-WA0015-1.jpg?ver=d50c1bfc492c4250dc5afd17b11ec20d\" srcset=\"https:\/\/brtk.net\/wp-content\/uploads\/2024\/10\/18\/IMG-20241017-WA0015-1.jpg?ver=d50c1bfc492c4250dc5afd17b11ec20d 1600w, https:\/\/brtk.net\/wp-content\/uploads\/2024\/10\/18\/IMG-20241017-WA0015-1-300x200.jpg?ver=52f0c9c9eed5afbbaa11b1905355123d 300w, https:\/\/brtk.net\/wp-content\/uploads\/2024\/10\/18\/IMG-20241017-WA0015-1-1024x682.jpg?ver=939873d39af8b219416fb76364f8ad35 1024w, https:\/\/brtk.net\/wp-content\/uploads\/2024\/10\/18\/IMG-20241017-WA0015-1-768x512.jpg?ver=939873d39af8b219416fb76364f8ad35 768w, https:\/\/brtk.net\/wp-content\/uploads\/2024\/10\/18\/IMG-20241017-WA0015-1-1536x1023.jpg?ver=00b84e0d9aa70f6300274e8a595dce1e 1536w\"\/>                            <\/div>\n<p>\u015eampiyon Melekleri Ya\u015fatma Derne\u011fi\u2019nin d\u00fczenledi\u011fi \u201cAdalet I\u00e7in 3 Dakikal\u0131k Karanl\u0131k\u201d eyleminde yer alan Cumhurba\u015fkan\u0131 Tatar, Tekerlekli Sandalye Basketbol Tak\u0131mlar\u0131\u2019n\u0131n yapt\u0131\u011f\u0131 g\u00f6steri ma\u00e7\u0131n\u0131 izledi.<\/p>\n<div class=\"mariselle-image-container center\">\n                <img loading=\"lazy\" decoding=\"async\" width=\"1079\" height=\"733\" class=\"lazy-image\" alt=\"\" sizes=\"auto, (max-width: 1079px) 100vw, 1079px\" src=\"https:\/\/brtk.net\/wp-content\/uploads\/2024\/10\/17\/Screenshot_20241017_212342_Gallery.jpg?ver=0b11c9440bdaad5c16942e9201f5c89d\" srcset=\"https:\/\/brtk.net\/wp-content\/uploads\/2024\/10\/17\/Screenshot_20241017_212342_Gallery.jpg?ver=0b11c9440bdaad5c16942e9201f5c89d 1079w, https:\/\/brtk.net\/wp-content\/uploads\/2024\/10\/17\/Screenshot_20241017_212342_Gallery-300x204.jpg?ver=0b11c9440bdaad5c16942e9201f5c89d 300w, https:\/\/brtk.net\/wp-content\/uploads\/2024\/10\/17\/Screenshot_20241017_212342_Gallery-1024x696.jpg?ver=b76068217d69daa0390ef2fffdc0da89 1024w, https:\/\/brtk.net\/wp-content\/uploads\/2024\/10\/17\/Screenshot_20241017_212342_Gallery-768x522.jpg?ver=b76068217d69daa0390ef2fffdc0da89 768w\"\/>                            <\/div>\n<p>Cumhurba\u015fkan\u0131 Ersin Tatar tan\u0131t\u0131m gecesinde yapt\u0131\u011f\u0131 konu\u015fmada, BRTK\u2019nin K\u0131br\u0131s T\u00fcrk\u00fc\u2019n\u00fcn sesi oldu\u011funu belirterek, BRT sayesinde halk\u0131n sesinin d\u00fcnyaya duyuruldu\u011funu s\u00f6yledi.<\/p>\n<p>\u00dclkeyi tan\u0131tmak i\u00e7in BRT\u2019ye her zaman ihtiya\u00e7 duyuldu\u011funu aktaran Cumhurba\u015fkan\u0131 Tatar, ileti\u015fim \u00e7a\u011f\u0131nda yeni teknolojilerin takip edilmesi gerekti\u011fine dikkat \u00e7ekti, devletin imkanlar\u0131 dahilinde yat\u0131r\u0131mlar yap\u0131ld\u0131\u011f\u0131na ve BRT\u2019nin g\u00fc\u00e7lendirilmesi gerekti\u011fine vurgu yapt\u0131.<\/p>\n<div class=\"mariselle-image-container center\">\n                <img loading=\"lazy\" decoding=\"async\" width=\"1600\" height=\"1064\" class=\"lazy-image\" alt=\"\" sizes=\"auto, (max-width: 1600px) 100vw, 1600px\" src=\"https:\/\/brtk.net\/wp-content\/uploads\/2024\/10\/18\/IMG-20241017-WA0020.jpg?ver=7fcf2b808e06fa78e4bed9a9e875cc7e\" srcset=\"https:\/\/brtk.net\/wp-content\/uploads\/2024\/10\/18\/IMG-20241017-WA0020.jpg?ver=7fcf2b808e06fa78e4bed9a9e875cc7e 1600w, https:\/\/brtk.net\/wp-content\/uploads\/2024\/10\/18\/IMG-20241017-WA0020-300x200.jpg?ver=8404fe70d409f8d90c279bf2647ea30a 300w, https:\/\/brtk.net\/wp-content\/uploads\/2024\/10\/18\/IMG-20241017-WA0020-1024x681.jpg?ver=8404fe70d409f8d90c279bf2647ea30a 1024w, https:\/\/brtk.net\/wp-content\/uploads\/2024\/10\/18\/IMG-20241017-WA0020-768x511.jpg?ver=8404fe70d409f8d90c279bf2647ea30a 768w, https:\/\/brtk.net\/wp-content\/uploads\/2024\/10\/18\/IMG-20241017-WA0020-1536x1021.jpg?ver=afd8d4b425892d63f2c6d1de4ecb9b3b 1536w\"\/>                            <\/div>\n<p>T\u00fcrkiye\u2019de 6 \u015eubat 2023 y\u0131l\u0131nda meydana gelen depremde Ad\u0131yaman \u0130sias Otel\u2019de hayatlar\u0131n\u0131 kaybeden \u015eampiyon Meleklerin dava s\u00fcrecine de de\u011finen Cumhurba\u015fkan\u0131 Tatar, \u201c\u015eampiyon Melekler\u2019in ac\u0131s\u0131n\u0131 y\u00fcreklerimizde ta\u015f\u0131yoruz. H\u00fck\u00fcmet ve devlet, ailelerin yan\u0131ndad\u0131r. \u0130sias ortak davam\u0131zd\u0131r. Adaletin yerini bulmas\u0131n\u0131 istiyoruz\u201d dedi.<\/p>\n<div class=\"mariselle-image-container center\">\n                <img loading=\"lazy\" decoding=\"async\" width=\"2560\" height=\"1706\" class=\"lazy-image\" alt=\"\" sizes=\"auto, (max-width: 2560px) 100vw, 2560px\" src=\"https:\/\/brtk.net\/wp-content\/uploads\/2024\/10\/18\/IMG-20241017-WA0029.jpg?ver=2e43886f9c1c9f3eb277d2f98662e657\" srcset=\"https:\/\/brtk.net\/wp-content\/uploads\/2024\/10\/18\/IMG-20241017-WA0029.jpg?ver=2e43886f9c1c9f3eb277d2f98662e657 2560w, https:\/\/brtk.net\/wp-content\/uploads\/2024\/10\/18\/IMG-20241017-WA0029-300x200.jpg?ver=2e43886f9c1c9f3eb277d2f98662e657 300w, https:\/\/brtk.net\/wp-content\/uploads\/2024\/10\/18\/IMG-20241017-WA0029-1024x682.jpg?ver=1e2908b455cc980350cc9ad3d5353954 1024w, https:\/\/brtk.net\/wp-content\/uploads\/2024\/10\/18\/IMG-20241017-WA0029-768x512.jpg?ver=1e2908b455cc980350cc9ad3d5353954 768w, https:\/\/brtk.net\/wp-content\/uploads\/2024\/10\/18\/IMG-20241017-WA0029-1536x1024.jpg?ver=66ff11c7a7d47ee596f02557000e37be 1536w, https:\/\/brtk.net\/wp-content\/uploads\/2024\/10\/18\/IMG-20241017-WA0029-2048x1365.jpg?ver=888022647e39eeaafa40ec6f776aa28e 2048w\"\/>                            <\/div>\n<p>Engelleri a\u015f\u0131yoruz slogan\u0131yla ger\u00e7ekle\u015fecek yeni yay\u0131n d\u00f6neminde engelli bireylere daha \u00e7ok yer verilecek olmas\u0131n\u0131n \u00f6nemine dikkat \u00e7eken Cumhurba\u015fkan\u0131 Tatar; Vak\u0131flar Tekerlekli Sandalye Basketbol Tak\u0131m\u0131\u2019n\u0131n yan\u0131 s\u0131ra Fenerbah\u00e7e \u0130stanbul Jet, TSK Rehabilitasyon ve Tosyal\u0131 \u0130skenderun tak\u0131mlar\u0131n\u0131n kat\u0131ld\u0131\u011f\u0131 Mustafa \u00c7elik Tekerlekli Sandalye Basketbol An\u0131 Turnuvas\u0131\u2019n\u0131n \u00f6nemine vurgu yapt\u0131.<\/p>\n<div class=\"mariselle-image-container center\">\n                <img loading=\"lazy\" decoding=\"async\" width=\"1600\" height=\"1066\" class=\"lazy-image\" alt=\"\" sizes=\"auto, (max-width: 1600px) 100vw, 1600px\" src=\"https:\/\/brtk.net\/wp-content\/uploads\/2024\/10\/18\/IMG-20241017-WA0015.jpg?ver=7c22c4ca940dee228e45221e66b8b956\" srcset=\"https:\/\/brtk.net\/wp-content\/uploads\/2024\/10\/18\/IMG-20241017-WA0015.jpg?ver=7c22c4ca940dee228e45221e66b8b956 1600w, https:\/\/brtk.net\/wp-content\/uploads\/2024\/10\/18\/IMG-20241017-WA0015-300x200.jpg?ver=f60903f541f156df7967c0b430e03938 300w, https:\/\/brtk.net\/wp-content\/uploads\/2024\/10\/18\/IMG-20241017-WA0015-1024x682.jpg?ver=f60903f541f156df7967c0b430e03938 1024w, https:\/\/brtk.net\/wp-content\/uploads\/2024\/10\/18\/IMG-20241017-WA0015-768x512.jpg?ver=f60903f541f156df7967c0b430e03938 768w, https:\/\/brtk.net\/wp-content\/uploads\/2024\/10\/18\/IMG-20241017-WA0015-1536x1023.jpg?ver=b5091368e28971a04bf163e43f33e898 1536w\"\/>                            <\/div>\n<p>Yeni yay\u0131n d\u00f6neminde ba\u015far\u0131lar dileyen Cumhurba\u015fkan\u0131 Tatar, BRT\u2019de g\u00f6rev yapanlara te\u015fekk\u00fcr etti, hayatta olmayanlar\u0131 rahmetle and\u0131.<\/p>\n<\/p><\/div>\n<p><script async\n                    defer\n                    crossorigin=\"anonymous\"\n                    src=\"https:\/\/connect.facebook.net\/tr_TR\/sdk.js#xfbml=1&#038;version=v3.3\"\n            ><\/script><\/p>\n","protected":false},"excerpt":{"rendered":"<p>Cumhurba\u015fkan\u0131 Ersin Tatar, Bayrak Radyo Televizyon Kurumu\u2019nun (BRTK), \u201cEngelleri A\u015f\u0131yoruz\u201d slogan\u0131 ile kurumun \u00f6n bah\u00e7esinde d\u00fczenlenen yeni yay\u0131n d\u00f6nemi tan\u0131t\u0131m etkinli\u011fine kat\u0131ld\u0131. \u015eampiyon Melekleri Ya\u015fatma Derne\u011fi\u2019nin d\u00fczenledi\u011fi \u201cAdalet I\u00e7in 3 Dakikal\u0131k Karanl\u0131k\u201d eyleminde yer alan Cumhurba\u015fkan\u0131 Tatar, Tekerlekli Sandalye Basketbol Tak\u0131mlar\u0131\u2019n\u0131n yapt\u0131\u011f\u0131 g\u00f6steri ma\u00e7\u0131n\u0131 izledi. Cumhurba\u015fkan\u0131 Ersin Tatar tan\u0131t\u0131m gecesinde yapt\u0131\u011f\u0131 konu\u015fmada, BRTK\u2019nin K\u0131br\u0131s T\u00fcrk\u00fc\u2019n\u00fcn<\/p>\n","protected":false},"author":1,"featured_media":67079,"comment_status":"open","ping_status":"open","sticky":false,"template":"","format":"standard","meta":{"footnotes":""},"categories":[81],"tags":[],"class_list":["post-67078","post","type-post","status-publish","format-standard","has-post-thumbnail","hentry","category-kibris"],"yoast_head":"<!-- This site is optimized with the Yoast SEO plugin v27.4 - https:\/\/yoast.com\/product\/yoast-seo-wordpress\/ -->\n<title>Cumhurba\u015fkan\u0131 Tatar: BRT, K\u0131br\u0131s T\u00fcrk\u00fc\u2019n\u00fcn sesidir -<\/title>\n<meta name=\"robots\" content=\"index, follow, max-snippet:-1, max-image-preview:large, max-video-preview:-1\" \/>\n<link rel=\"canonical\" href=\"https:\/\/kibrisdakik.com\/?p=67078\" \/>\n<meta property=\"og:locale\" content=\"tr_TR\" \/>\n<meta property=\"og:type\" content=\"article\" \/>\n<meta property=\"og:title\" content=\"Cumhurba\u015fkan\u0131 Tatar: BRT, K\u0131br\u0131s T\u00fcrk\u00fc\u2019n\u00fcn sesidir -\" \/>\n<meta property=\"og:description\" content=\"Cumhurba\u015fkan\u0131 Ersin Tatar, Bayrak Radyo Televizyon Kurumu\u2019nun (BRTK), \u201cEngelleri A\u015f\u0131yoruz\u201d slogan\u0131 ile kurumun \u00f6n bah\u00e7esinde d\u00fczenlenen yeni yay\u0131n d\u00f6nemi tan\u0131t\u0131m etkinli\u011fine kat\u0131ld\u0131. \u015eampiyon Melekleri Ya\u015fatma Derne\u011fi\u2019nin d\u00fczenledi\u011fi \u201cAdalet I\u00e7in 3 Dakikal\u0131k Karanl\u0131k\u201d eyleminde yer alan Cumhurba\u015fkan\u0131 Tatar, Tekerlekli Sandalye Basketbol Tak\u0131mlar\u0131\u2019n\u0131n yapt\u0131\u011f\u0131 g\u00f6steri ma\u00e7\u0131n\u0131 izledi. Cumhurba\u015fkan\u0131 Ersin Tatar tan\u0131t\u0131m gecesinde yapt\u0131\u011f\u0131 konu\u015fmada, BRTK\u2019nin K\u0131br\u0131s T\u00fcrk\u00fc\u2019n\u00fcn\" \/>\n<meta property=\"og:url\" content=\"https:\/\/kibrisdakik.com\/?p=67078\" \/>\n<meta property=\"article:published_time\" content=\"2024-10-18T06:50:49+00:00\" \/>\n<meta property=\"og:image\" content=\"https:\/\/kibrisdakik.com\/wp-content\/uploads\/2024\/10\/IMG-20241017-WA0025-740x420.jpg\" \/>\n\t<meta property=\"og:image:width\" content=\"1600\" \/>\n\t<meta property=\"og:image:height\" content=\"1064\" \/>\n\t<meta property=\"og:image:type\" content=\"image\/jpeg\" \/>\n<meta name=\"author\" content=\"admin\" \/>\n<meta name=\"twitter:card\" content=\"summary_large_image\" \/>\n<meta name=\"twitter:label1\" content=\"Yazan:\" \/>\n\t<meta name=\"twitter:data1\" content=\"admin\" \/>\n\t<meta name=\"twitter:label2\" content=\"Tahmini okuma s\u00fcresi\" \/>\n\t<meta name=\"twitter:data2\" content=\"2 dakika\" \/>\n<script type=\"application\/ld+json\" class=\"yoast-schema-graph\">{\"@context\":\"https:\\\/\\\/schema.org\",\"@graph\":[{\"@type\":\"Article\",\"@id\":\"https:\\\/\\\/kibrisdakik.com\\\/?p=67078#article\",\"isPartOf\":{\"@id\":\"https:\\\/\\\/kibrisdakik.com\\\/?p=67078\"},\"author\":{\"name\":\"admin\",\"@id\":\"https:\\\/\\\/kibrisdakik.com\\\/#\\\/schema\\\/person\\\/9cd9d437bbb44f72b73ba127e06d8e79\"},\"headline\":\"Cumhurba\u015fkan\u0131 Tatar: BRT, K\u0131br\u0131s T\u00fcrk\u00fc\u2019n\u00fcn sesidir\",\"datePublished\":\"2024-10-18T06:50:49+00:00\",\"mainEntityOfPage\":{\"@id\":\"https:\\\/\\\/kibrisdakik.com\\\/?p=67078\"},\"wordCount\":313,\"commentCount\":0,\"image\":{\"@id\":\"https:\\\/\\\/kibrisdakik.com\\\/?p=67078#primaryimage\"},\"thumbnailUrl\":\"https:\\\/\\\/kibrisdakik.com\\\/wp-content\\\/uploads\\\/2024\\\/10\\\/IMG-20241017-WA0025-740x420.jpg\",\"articleSection\":[\"K\u0131br\u0131s\"],\"inLanguage\":\"tr\",\"potentialAction\":[{\"@type\":\"CommentAction\",\"name\":\"Comment\",\"target\":[\"https:\\\/\\\/kibrisdakik.com\\\/?p=67078#respond\"]}]},{\"@type\":\"WebPage\",\"@id\":\"https:\\\/\\\/kibrisdakik.com\\\/?p=67078\",\"url\":\"https:\\\/\\\/kibrisdakik.com\\\/?p=67078\",\"name\":\"Cumhurba\u015fkan\u0131 Tatar: BRT, K\u0131br\u0131s T\u00fcrk\u00fc\u2019n\u00fcn sesidir -\",\"isPartOf\":{\"@id\":\"https:\\\/\\\/kibrisdakik.com\\\/#website\"},\"primaryImageOfPage\":{\"@id\":\"https:\\\/\\\/kibrisdakik.com\\\/?p=67078#primaryimage\"},\"image\":{\"@id\":\"https:\\\/\\\/kibrisdakik.com\\\/?p=67078#primaryimage\"},\"thumbnailUrl\":\"https:\\\/\\\/kibrisdakik.com\\\/wp-content\\\/uploads\\\/2024\\\/10\\\/IMG-20241017-WA0025-740x420.jpg\",\"datePublished\":\"2024-10-18T06:50:49+00:00\",\"author\":{\"@id\":\"https:\\\/\\\/kibrisdakik.com\\\/#\\\/schema\\\/person\\\/9cd9d437bbb44f72b73ba127e06d8e79\"},\"breadcrumb\":{\"@id\":\"https:\\\/\\\/kibrisdakik.com\\\/?p=67078#breadcrumb\"},\"inLanguage\":\"tr\",\"potentialAction\":[{\"@type\":\"ReadAction\",\"target\":[\"https:\\\/\\\/kibrisdakik.com\\\/?p=67078\"]}]},{\"@type\":\"ImageObject\",\"inLanguage\":\"tr\",\"@id\":\"https:\\\/\\\/kibrisdakik.com\\\/?p=67078#primaryimage\",\"url\":\"https:\\\/\\\/kibrisdakik.com\\\/wp-content\\\/uploads\\\/2024\\\/10\\\/IMG-20241017-WA0025-740x420.jpg\",\"contentUrl\":\"https:\\\/\\\/kibrisdakik.com\\\/wp-content\\\/uploads\\\/2024\\\/10\\\/IMG-20241017-WA0025-740x420.jpg\",\"width\":1600,\"height\":1064},{\"@type\":\"BreadcrumbList\",\"@id\":\"https:\\\/\\\/kibrisdakik.com\\\/?p=67078#breadcrumb\",\"itemListElement\":[{\"@type\":\"ListItem\",\"position\":1,\"name\":\"Home\",\"item\":\"https:\\\/\\\/kibrisdakik.com\\\/\"},{\"@type\":\"ListItem\",\"position\":2,\"name\":\"Cumhurba\u015fkan\u0131 Tatar: BRT, K\u0131br\u0131s T\u00fcrk\u00fc\u2019n\u00fcn sesidir\"}]},{\"@type\":\"WebSite\",\"@id\":\"https:\\\/\\\/kibrisdakik.com\\\/#website\",\"url\":\"https:\\\/\\\/kibrisdakik.com\\\/\",\"name\":\"\",\"description\":\"Tam vaktinde haber\",\"potentialAction\":[{\"@type\":\"SearchAction\",\"target\":{\"@type\":\"EntryPoint\",\"urlTemplate\":\"https:\\\/\\\/kibrisdakik.com\\\/?s={search_term_string}\"},\"query-input\":{\"@type\":\"PropertyValueSpecification\",\"valueRequired\":true,\"valueName\":\"search_term_string\"}}],\"inLanguage\":\"tr\"},{\"@type\":\"Person\",\"@id\":\"https:\\\/\\\/kibrisdakik.com\\\/#\\\/schema\\\/person\\\/9cd9d437bbb44f72b73ba127e06d8e79\",\"name\":\"admin\",\"image\":{\"@type\":\"ImageObject\",\"inLanguage\":\"tr\",\"@id\":\"https:\\\/\\\/secure.gravatar.com\\\/avatar\\\/ccc17943b9d660506c869530f897617f7cb1c21a4bf30023f252596d83e1f007?s=96&d=mm&r=g\",\"url\":\"https:\\\/\\\/secure.gravatar.com\\\/avatar\\\/ccc17943b9d660506c869530f897617f7cb1c21a4bf30023f252596d83e1f007?s=96&d=mm&r=g\",\"contentUrl\":\"https:\\\/\\\/secure.gravatar.com\\\/avatar\\\/ccc17943b9d660506c869530f897617f7cb1c21a4bf30023f252596d83e1f007?s=96&d=mm&r=g\",\"caption\":\"admin\"},\"sameAs\":[\"https:\\\/\\\/kibrisdakik.com\"],\"url\":\"https:\\\/\\\/kibrisdakik.com\\\/?author=1\"}]}<\/script>\n<!-- \/ Yoast SEO plugin. -->","yoast_head_json":{"title":"Cumhurba\u015fkan\u0131 Tatar: BRT, K\u0131br\u0131s T\u00fcrk\u00fc\u2019n\u00fcn sesidir -","robots":{"index":"index","follow":"follow","max-snippet":"max-snippet:-1","max-image-preview":"max-image-preview:large","max-video-preview":"max-video-preview:-1"},"canonical":"https:\/\/kibrisdakik.com\/?p=67078","og_locale":"tr_TR","og_type":"article","og_title":"Cumhurba\u015fkan\u0131 Tatar: BRT, K\u0131br\u0131s T\u00fcrk\u00fc\u2019n\u00fcn sesidir -","og_description":"Cumhurba\u015fkan\u0131 Ersin Tatar, Bayrak Radyo Televizyon Kurumu\u2019nun (BRTK), \u201cEngelleri A\u015f\u0131yoruz\u201d slogan\u0131 ile kurumun \u00f6n bah\u00e7esinde d\u00fczenlenen yeni yay\u0131n d\u00f6nemi tan\u0131t\u0131m etkinli\u011fine kat\u0131ld\u0131. \u015eampiyon Melekleri Ya\u015fatma Derne\u011fi\u2019nin d\u00fczenledi\u011fi \u201cAdalet I\u00e7in 3 Dakikal\u0131k Karanl\u0131k\u201d eyleminde yer alan Cumhurba\u015fkan\u0131 Tatar, Tekerlekli Sandalye Basketbol Tak\u0131mlar\u0131\u2019n\u0131n yapt\u0131\u011f\u0131 g\u00f6steri ma\u00e7\u0131n\u0131 izledi. Cumhurba\u015fkan\u0131 Ersin Tatar tan\u0131t\u0131m gecesinde yapt\u0131\u011f\u0131 konu\u015fmada, BRTK\u2019nin K\u0131br\u0131s T\u00fcrk\u00fc\u2019n\u00fcn","og_url":"https:\/\/kibrisdakik.com\/?p=67078","article_published_time":"2024-10-18T06:50:49+00:00","og_image":[{"width":1600,"height":1064,"url":"https:\/\/kibrisdakik.com\/wp-content\/uploads\/2024\/10\/IMG-20241017-WA0025-740x420.jpg","type":"image\/jpeg"}],"author":"admin","twitter_card":"summary_large_image","twitter_misc":{"Yazan:":"admin","Tahmini okuma s\u00fcresi":"2 dakika"},"schema":{"@context":"https:\/\/schema.org","@graph":[{"@type":"Article","@id":"https:\/\/kibrisdakik.com\/?p=67078#article","isPartOf":{"@id":"https:\/\/kibrisdakik.com\/?p=67078"},"author":{"name":"admin","@id":"https:\/\/kibrisdakik.com\/#\/schema\/person\/9cd9d437bbb44f72b73ba127e06d8e79"},"headline":"Cumhurba\u015fkan\u0131 Tatar: BRT, K\u0131br\u0131s T\u00fcrk\u00fc\u2019n\u00fcn sesidir","datePublished":"2024-10-18T06:50:49+00:00","mainEntityOfPage":{"@id":"https:\/\/kibrisdakik.com\/?p=67078"},"wordCount":313,"commentCount":0,"image":{"@id":"https:\/\/kibrisdakik.com\/?p=67078#primaryimage"},"thumbnailUrl":"https:\/\/kibrisdakik.com\/wp-content\/uploads\/2024\/10\/IMG-20241017-WA0025-740x420.jpg","articleSection":["K\u0131br\u0131s"],"inLanguage":"tr","potentialAction":[{"@type":"CommentAction","name":"Comment","target":["https:\/\/kibrisdakik.com\/?p=67078#respond"]}]},{"@type":"WebPage","@id":"https:\/\/kibrisdakik.com\/?p=67078","url":"https:\/\/kibrisdakik.com\/?p=67078","name":"Cumhurba\u015fkan\u0131 Tatar: BRT, K\u0131br\u0131s T\u00fcrk\u00fc\u2019n\u00fcn sesidir -","isPartOf":{"@id":"https:\/\/kibrisdakik.com\/#website"},"primaryImageOfPage":{"@id":"https:\/\/kibrisdakik.com\/?p=67078#primaryimage"},"image":{"@id":"https:\/\/kibrisdakik.com\/?p=67078#primaryimage"},"thumbnailUrl":"https:\/\/kibrisdakik.com\/wp-content\/uploads\/2024\/10\/IMG-20241017-WA0025-740x420.jpg","datePublished":"2024-10-18T06:50:49+00:00","author":{"@id":"https:\/\/kibrisdakik.com\/#\/schema\/person\/9cd9d437bbb44f72b73ba127e06d8e79"},"breadcrumb":{"@id":"https:\/\/kibrisdakik.com\/?p=67078#breadcrumb"},"inLanguage":"tr","potentialAction":[{"@type":"ReadAction","target":["https:\/\/kibrisdakik.com\/?p=67078"]}]},{"@type":"ImageObject","inLanguage":"tr","@id":"https:\/\/kibrisdakik.com\/?p=67078#primaryimage","url":"https:\/\/kibrisdakik.com\/wp-content\/uploads\/2024\/10\/IMG-20241017-WA0025-740x420.jpg","contentUrl":"https:\/\/kibrisdakik.com\/wp-content\/uploads\/2024\/10\/IMG-20241017-WA0025-740x420.jpg","width":1600,"height":1064},{"@type":"BreadcrumbList","@id":"https:\/\/kibrisdakik.com\/?p=67078#breadcrumb","itemListElement":[{"@type":"ListItem","position":1,"name":"Home","item":"https:\/\/kibrisdakik.com\/"},{"@type":"ListItem","position":2,"name":"Cumhurba\u015fkan\u0131 Tatar: BRT, K\u0131br\u0131s T\u00fcrk\u00fc\u2019n\u00fcn sesidir"}]},{"@type":"WebSite","@id":"https:\/\/kibrisdakik.com\/#website","url":"https:\/\/kibrisdakik.com\/","name":"","description":"Tam vaktinde haber","potentialAction":[{"@type":"SearchAction","target":{"@type":"EntryPoint","urlTemplate":"https:\/\/kibrisdakik.com\/?s={search_term_string}"},"query-input":{"@type":"PropertyValueSpecification","valueRequired":true,"valueName":"search_term_string"}}],"inLanguage":"tr"},{"@type":"Person","@id":"https:\/\/kibrisdakik.com\/#\/schema\/person\/9cd9d437bbb44f72b73ba127e06d8e79","name":"admin","image":{"@type":"ImageObject","inLanguage":"tr","@id":"https:\/\/secure.gravatar.com\/avatar\/ccc17943b9d660506c869530f897617f7cb1c21a4bf30023f252596d83e1f007?s=96&d=mm&r=g","url":"https:\/\/secure.gravatar.com\/avatar\/ccc17943b9d660506c869530f897617f7cb1c21a4bf30023f252596d83e1f007?s=96&d=mm&r=g","contentUrl":"https:\/\/secure.gravatar.com\/avatar\/ccc17943b9d660506c869530f897617f7cb1c21a4bf30023f252596d83e1f007?s=96&d=mm&r=g","caption":"admin"},"sameAs":["https:\/\/kibrisdakik.com"],"url":"https:\/\/kibrisdakik.com\/?author=1"}]}},"_links":{"self":[{"href":"https:\/\/kibrisdakik.com\/index.php?rest_route=\/wp\/v2\/posts\/67078","targetHints":{"allow":["GET"]}}],"collection":[{"href":"https:\/\/kibrisdakik.com\/index.php?rest_route=\/wp\/v2\/posts"}],"about":[{"href":"https:\/\/kibrisdakik.com\/index.php?rest_route=\/wp\/v2\/types\/post"}],"author":[{"embeddable":true,"href":"https:\/\/kibrisdakik.com\/index.php?rest_route=\/wp\/v2\/users\/1"}],"replies":[{"embeddable":true,"href":"https:\/\/kibrisdakik.com\/index.php?rest_route=%2Fwp%2Fv2%2Fcomments&post=67078"}],"version-history":[{"count":0,"href":"https:\/\/kibrisdakik.com\/index.php?rest_route=\/wp\/v2\/posts\/67078\/revisions"}],"wp:featuredmedia":[{"embeddable":true,"href":"https:\/\/kibrisdakik.com\/index.php?rest_route=\/wp\/v2\/media\/67079"}],"wp:attachment":[{"href":"https:\/\/kibrisdakik.com\/index.php?rest_route=%2Fwp%2Fv2%2Fmedia&parent=67078"}],"wp:term":[{"taxonomy":"category","embeddable":true,"href":"https:\/\/kibrisdakik.com\/index.php?rest_route=%2Fwp%2Fv2%2Fcategories&post=67078"},{"taxonomy":"post_tag","embeddable":true,"href":"https:\/\/kibrisdakik.com\/index.php?rest_route=%2Fwp%2Fv2%2Ftags&post=67078"}],"curies":[{"name":"wp","href":"https:\/\/api.w.org\/{rel}","templated":true}]}}