{"id":67097,"date":"2024-10-18T13:43:36","date_gmt":"2024-10-18T10:43:36","guid":{"rendered":"https:\/\/kibrisdakik.com\/index.php\/2024\/10\/18\/ercanda-gelen-yolcu-terminali-disindaki-arac-trafiginin-duzenlenmesi-icin-is-birligine-gidiliyor-15-gun-icerisinde-trafik-akisinda-rahatlama-olacak\/"},"modified":"2024-10-18T13:43:36","modified_gmt":"2024-10-18T10:43:36","slug":"ercanda-gelen-yolcu-terminali-disindaki-arac-trafiginin-duzenlenmesi-icin-is-birligine-gidiliyor-15-gun-icerisinde-trafik-akisinda-rahatlama-olacak","status":"publish","type":"post","link":"https:\/\/kibrisdakik.com\/?p=67097","title":{"rendered":"Ercan\u2019da gelen yolcu terminali d\u0131\u015f\u0131ndaki ara\u00e7 trafi\u011finin d\u00fczenlenmesi i\u00e7in i\u015f birli\u011fine gidiliyor: \u201c15 g\u00fcn i\u00e7erisinde trafik ak\u0131\u015f\u0131nda rahatlama olacak\u201d"},"content":{"rendered":"<div>\n<div class=\"mariselle-image-container center\">\n                                            <\/div>\n<p> Bay\u0131nd\u0131rl\u0131k ve Ula\u015ft\u0131rma Bakanl\u0131\u011f\u0131 ile De\u011firmenlik Ak\u0131nc\u0131lar Belediyesi, Ercan Havaliman\u0131 gelen yolcu terminali d\u0131\u015f\u0131ndaki ara\u00e7 trafi\u011finin d\u00fczenlenmesi i\u00e7in i\u015f birli\u011fine gidiyor.<\/p>\n<p>Bu kapsamda bug\u00fcn, Bay\u0131nd\u0131rl\u0131k ve Ula\u015ft\u0131rma Bakanl\u0131\u011f\u0131 M\u00fcste\u015far\u0131 Enver \u00d6zt\u00fcrk ile De\u011firmenlik Ak\u0131nc\u0131lar Belediyesi Ba\u015fkan\u0131 Ali Karavezirler, ilgili daire m\u00fcd\u00fcrleri ve teknik ekipler e\u015fli\u011finde, Ercan Havaliman\u0131\u2019nda d\u00fczenlemenin yap\u0131laca\u011f\u0131 b\u00f6l\u00fcmlerde incelemede bulundu.<\/p>\n<p>\u0130ncelemelerin ard\u0131ndan Bay\u0131nd\u0131rl\u0131k ve Bakanl\u0131k M\u00fcste\u015far\u0131 \u00d6zt\u00fcrk ve De\u011firmenlik Ak\u0131nc\u0131lar Belediyesi Ba\u015fkan\u0131 Karavezirler bas\u0131na a\u00e7\u0131klamada bulundu.<\/p>\n<p>-M\u00fcste\u015far \u00d6zt\u00fcrk<\/p>\n<p>Bakanl\u0131k M\u00fcste\u015far\u0131 \u00d6zt\u00fcrk, ge\u00e7en y\u0131l temmuz ay\u0131nda Ercan Havaliman\u0131\u2019n\u0131n yeni terminal binas\u0131n\u0131n a\u00e7\u0131l\u0131\u015f\u0131n\u0131n yap\u0131ld\u0131\u011f\u0131n\u0131 ve bu a\u00e7\u0131l\u0131\u015fta baz\u0131 ele\u015ftiriler ald\u0131klar\u0131n\u0131, ancak kendilerinin uzmanlarla g\u00f6r\u00fc\u015fmelerinde yolcu ve u\u00e7u\u015f g\u00fcvenli\u011fini sa\u011flayabildiyse a\u00e7\u0131lmas\u0131n\u0131 ve eksikliklerin zaman i\u00e7inde tamamlanmas\u0131n\u0131 \u00f6ng\u00f6rd\u00fcklerini belirterek, \u201cAradan ge\u00e7en bir y\u0131l i\u00e7erisinde, bug\u00fcn Ercan Havaliman\u0131 yeni terminal binas\u0131 ve pisti t\u00fcm fonksiyonlar\u0131 ile \u00e7al\u0131\u015f\u0131r hale gelmi\u015ftir.\u201d dedi.<\/p>\n<p>Yeni terminal binas\u0131 ve pistinin a\u00e7\u0131lmas\u0131 ile yolcu say\u0131s\u0131nda \u201c\u00e7ok ciddi\u201d oranda art\u0131\u015f meydana geldi\u011fini, bu art\u0131\u015f\u0131n devam edece\u011fi y\u00f6n\u00fcnde veriler bulundu\u011funu belirten M\u00fcste\u015far \u00d6zt\u00fcrk, u\u00e7u\u015f ve yolcu g\u00fcvenli\u011fi yan\u0131nda \u201cyolcu rahatl\u0131\u011f\u0131 ve g\u00fcvenli\u011finin\u201d u\u00e7ak d\u0131\u015f\u0131nda da \u00f6nem arz etti\u011fini s\u00f6yledi.<\/p>\n<p>\u00d6zt\u00fcrk, bir s\u00fcredir, gelen yolcu \u00e7\u0131k\u0131\u015f terminalinin \u00f6n\u00fcndeki alanda trafik ak\u0131\u015f\u0131 a\u00e7\u0131s\u0131ndan s\u0131k\u0131nt\u0131lar oldu\u011funun ve yolcular\u0131n \u201cciddi huzursuzluk\u201d ya\u015fad\u0131\u011f\u0131n\u0131n bilgilerinde oldu\u011funu belirterek, bununla ilgili \u00e7\u00f6z\u00fcm aray\u0131\u015flar\u0131 kapsam\u0131nda, De\u011firmenlik Ak\u0131nc\u0131lar Belediyesi Ba\u015fkan\u0131 Karavezirler\u2019in Bakanl\u0131kla yapt\u0131\u011f\u0131 i\u015f birli\u011fi \u00e7er\u00e7evesinde yeni bir d\u00fczenleme yap\u0131lmas\u0131 konusunda mutab\u0131k kald\u0131klar\u0131n\u0131 a\u00e7\u0131klad\u0131.<\/p>\n<p>\u00d6zt\u00fcrk, terminal taraf\u0131nda oldu\u011fu gibi, burada da trafik geli\u015f-gidi\u015f d\u00fczenlemesini ve ak\u0131\u015f\u0131n\u0131 De\u011firmenlik Ak\u0131nc\u0131lar Belediyesi ile i\u015f birli\u011fi i\u00e7erisinde ve Belediye Ba\u015fkan\u0131 \u00f6nc\u00fcl\u00fc\u011f\u00fcnde ger\u00e7ekle\u015ftireceklerini ifade ederek, \u201cBug\u00fcn, ilgili daire m\u00fcd\u00fcrleri ve teknik arkada\u015flar\u0131m\u0131zla burada nas\u0131l daha konforlu, g\u00fcvenli ve rahat bir trafik ak\u0131\u015f\u0131 sa\u011flan\u0131r ve yolcular\u0131n \u015fikayetlerini nas\u0131l asgari seviyeye indirebiliriz bunun \u00e7al\u0131\u015fmas\u0131n\u0131 yapt\u0131k. Belediye Ba\u015fkan\u0131m\u0131zla yapt\u0131\u011f\u0131m\u0131z isti\u015farede burada yapaca\u011f\u0131m\u0131z d\u00fczenlemelerle \u00e7ok k\u0131sa bir s\u00fcrede burada ciddi bir rahatlama olaca\u011f\u0131n\u0131 \u00f6ng\u00f6rmekteyiz. Bunun i\u00e7in havaliman\u0131m\u0131z\u0131 kullanan yolcular\u0131m\u0131z\u0131n ve misafirlerimizin bir 10-15 g\u00fcn daha bize \u015fans tan\u0131malar\u0131n\u0131 istiyoruz. Bu s\u00fcre sonunda ciddi bir rahatlama, ciddi bir konfor yaratm\u0131\u015f olaca\u011f\u0131z.\u201d dedi.<\/p>\n<p>-De\u011firmenlik Ak\u0131nc\u0131lar Belediyesi Ba\u015fkan\u0131 Karavezirler<\/p>\n<p>De\u011firmenlik Ak\u0131nc\u0131lar Belediyesi Ba\u015fkan\u0131 Karavezirler, yeni Ercan Havaliman\u0131\u2019nda gelen yolcu terminali d\u0131\u015f\u0131ndaki ara\u00e7 trafi\u011finde ya\u015fanan sorunun giderilmesi i\u00e7in Bakanl\u0131k ile birlikte \u00e7al\u0131\u015facaklar\u0131n\u0131 ve bu sorunu 15 g\u00fcn i\u00e7erisinde \u00e7\u00f6zmeyi arzulad\u0131klar\u0131n\u0131 s\u00f6yledi.<\/p>\n<p>Belediye ba\u015fkanl\u0131\u011f\u0131 g\u00f6revine geldi\u011fi 2019 y\u0131l\u0131nda eski Ercan Havaliman\u0131\u2019nda \u00e7ok b\u00fcy\u00fck bir yo\u011funluk oldu\u011funu, o d\u00f6nemin bakan\u0131 ile yapt\u0131klar\u0131 toplant\u0131 sonucunda yapt\u0131klar\u0131 d\u00fczenlemeyle sorunsuz bir \u015fekilde trafik ak\u0131\u015f\u0131n\u0131 sa\u011flad\u0131klar\u0131n\u0131 an\u0131msatan Karavezirler, ge\u00e7mi\u015f d\u00f6nemde oldu\u011fu gibi, bug\u00fcn de burada, Bakanl\u0131k ve t\u00fcm payda\u015flarla birlikte  sorunu ekip \u00e7al\u0131\u015fmas\u0131yla \u00e7\u00f6zmeye talip olduklar\u0131n\u0131 ifade ederek, Bay\u0131nd\u0131rl\u0131k ve Ula\u015ft\u0131rma Bakan\u0131 ve t\u00fcm ekibine te\u015fekk\u00fcrlerini sundu.<\/p>\n<p>Karavezirler, \u201cBu sorunu, en k\u0131sa s\u00fcrede, 15 g\u00fcn i\u00e7inde \u00e7\u00f6zece\u011fimize ve gelen yolcu terminali d\u0131\u015f\u0131ndaki ara\u00e7 trafi\u011fini rahatlataca\u011f\u0131m\u0131za inan\u0131yorum.\u201d dedi.<\/p>\n<p>Gelen yolcu terminali d\u0131\u015f\u0131nda g\u00f6rev yapan zab\u0131ta say\u0131s\u0131n\u0131 4\u2019ten 8\u2019e \u00e7\u0131kartt\u0131klar\u0131n\u0131 belirten Karavezirler, \u201cBurada esas sorun giden yolcuda de\u011fil, gelen yolcudad\u0131r. En b\u00fcy\u00fck sorun, taksicilerin \u015fu anki duru\u015f \u015fekli do\u011fru de\u011fildir, oradan ba\u015flayaca\u011f\u0131z. Burada eskiden oldu\u011fu gibi ya\u015fl\u0131s\u0131 ve hastas\u0131 olanlar i\u00e7in \u00f6zel noktalar olu\u015fturaca\u011f\u0131z. Yine vatanda\u015f\u0131m\u0131z\u0131n da burada g\u00fcvenli bir \u015fekilde hareketini sa\u011flayacak d\u00fczenlemeler yapaca\u011f\u0131z.\u201d dedi.<\/p>\n<p>T\u00fcm bu d\u00fczenlemeleri Bakanl\u0131k ve havaliman\u0131 yetkilileriyle birlikte yapacaklar\u0131n\u0131 yineleyen Karavezirler, otopark alan\u0131na i\u015faret ederek, \u201c\u015eu anda bu b\u00fcy\u00fck park yerini vatanda\u015f kullanm\u0131yor. Park yerini vatanda\u015f ve otob\u00fcsler kullanacak, taksicilere de yeni bir d\u00fczenleme getirece\u011fiz. Belki Ercan\u2019\u0131n d\u0131\u015f\u0131nda bir arazi i\u00e7erisinde, hem De\u011firmenlik Ak\u0131nc\u0131lar Belediyesi Merkezi hem de taksicilere bir olanak sa\u011flayacak bir merkez\u2026 T\u00fcrkiye\u2019de oldu\u011fu gibi 10 taksi burada duracak ve ihtiya\u00e7 olan taksiyi telsizle \u00e7a\u011f\u0131racaklar. Bu \u015fekilde buras\u0131 rahatlam\u0131\u015f olacak. K\u0131sa, orta ve uzun vadede, buray\u0131 sonuca g\u00f6t\u00fcrece\u011fiz diye d\u00fc\u015f\u00fcn\u00fcyorum\u201d dedi.<\/p>\n<\/p><\/div>\n<p><script async\n                    defer\n                    crossorigin=\"anonymous\"\n                    src=\"https:\/\/connect.facebook.net\/tr_TR\/sdk.js#xfbml=1&#038;version=v3.3\"\n            ><\/script><\/p>\n","protected":false},"excerpt":{"rendered":"<p>Bay\u0131nd\u0131rl\u0131k ve Ula\u015ft\u0131rma Bakanl\u0131\u011f\u0131 ile De\u011firmenlik Ak\u0131nc\u0131lar Belediyesi, Ercan Havaliman\u0131 gelen yolcu terminali d\u0131\u015f\u0131ndaki ara\u00e7 trafi\u011finin d\u00fczenlenmesi i\u00e7in i\u015f birli\u011fine gidiyor. Bu kapsamda bug\u00fcn, Bay\u0131nd\u0131rl\u0131k ve Ula\u015ft\u0131rma Bakanl\u0131\u011f\u0131 M\u00fcste\u015far\u0131 Enver \u00d6zt\u00fcrk ile De\u011firmenlik Ak\u0131nc\u0131lar Belediyesi Ba\u015fkan\u0131 Ali Karavezirler, ilgili daire m\u00fcd\u00fcrleri ve teknik ekipler e\u015fli\u011finde, Ercan Havaliman\u0131\u2019nda d\u00fczenlemenin yap\u0131laca\u011f\u0131 b\u00f6l\u00fcmlerde incelemede bulundu. \u0130ncelemelerin ard\u0131ndan Bay\u0131nd\u0131rl\u0131k<\/p>\n","protected":false},"author":1,"featured_media":67098,"comment_status":"open","ping_status":"open","sticky":false,"template":"","format":"standard","meta":{"footnotes":""},"categories":[81],"tags":[],"class_list":["post-67097","post","type-post","status-publish","format-standard","has-post-thumbnail","hentry","category-kibris"],"yoast_head":"<!-- This site is optimized with the Yoast SEO plugin v27.4 - https:\/\/yoast.com\/product\/yoast-seo-wordpress\/ -->\n<title>Ercan\u2019da gelen yolcu terminali d\u0131\u015f\u0131ndaki ara\u00e7 trafi\u011finin d\u00fczenlenmesi i\u00e7in i\u015f birli\u011fine gidiliyor: \u201c15 g\u00fcn i\u00e7erisinde trafik ak\u0131\u015f\u0131nda rahatlama olacak\u201d -<\/title>\n<meta name=\"robots\" content=\"index, follow, max-snippet:-1, max-image-preview:large, max-video-preview:-1\" \/>\n<link rel=\"canonical\" href=\"https:\/\/kibrisdakik.com\/?p=67097\" \/>\n<meta property=\"og:locale\" content=\"tr_TR\" \/>\n<meta property=\"og:type\" content=\"article\" \/>\n<meta property=\"og:title\" content=\"Ercan\u2019da gelen yolcu terminali d\u0131\u015f\u0131ndaki ara\u00e7 trafi\u011finin d\u00fczenlenmesi i\u00e7in i\u015f birli\u011fine gidiliyor: \u201c15 g\u00fcn i\u00e7erisinde trafik ak\u0131\u015f\u0131nda rahatlama olacak\u201d -\" \/>\n<meta property=\"og:description\" content=\"Bay\u0131nd\u0131rl\u0131k ve Ula\u015ft\u0131rma Bakanl\u0131\u011f\u0131 ile De\u011firmenlik Ak\u0131nc\u0131lar Belediyesi, Ercan Havaliman\u0131 gelen yolcu terminali d\u0131\u015f\u0131ndaki ara\u00e7 trafi\u011finin d\u00fczenlenmesi i\u00e7in i\u015f birli\u011fine gidiyor. Bu kapsamda bug\u00fcn, Bay\u0131nd\u0131rl\u0131k ve Ula\u015ft\u0131rma Bakanl\u0131\u011f\u0131 M\u00fcste\u015far\u0131 Enver \u00d6zt\u00fcrk ile De\u011firmenlik Ak\u0131nc\u0131lar Belediyesi Ba\u015fkan\u0131 Ali Karavezirler, ilgili daire m\u00fcd\u00fcrleri ve teknik ekipler e\u015fli\u011finde, Ercan Havaliman\u0131\u2019nda d\u00fczenlemenin yap\u0131laca\u011f\u0131 b\u00f6l\u00fcmlerde incelemede bulundu. \u0130ncelemelerin ard\u0131ndan Bay\u0131nd\u0131rl\u0131k\" \/>\n<meta property=\"og:url\" content=\"https:\/\/kibrisdakik.com\/?p=67097\" \/>\n<meta property=\"article:published_time\" content=\"2024-10-18T10:43:36+00:00\" \/>\n<meta property=\"og:image\" content=\"https:\/\/kibrisdakik.com\/wp-content\/uploads\/2024\/10\/iasldia-740x420.jpeg\" \/>\n\t<meta property=\"og:image:width\" content=\"1247\" \/>\n\t<meta property=\"og:image:height\" content=\"620\" \/>\n\t<meta property=\"og:image:type\" content=\"image\/jpeg\" \/>\n<meta name=\"author\" content=\"admin\" \/>\n<meta name=\"twitter:card\" content=\"summary_large_image\" \/>\n<meta name=\"twitter:label1\" content=\"Yazan:\" \/>\n\t<meta name=\"twitter:data1\" content=\"admin\" \/>\n\t<meta name=\"twitter:label2\" content=\"Tahmini okuma s\u00fcresi\" \/>\n\t<meta name=\"twitter:data2\" content=\"4 dakika\" \/>\n<script type=\"application\/ld+json\" class=\"yoast-schema-graph\">{\"@context\":\"https:\\\/\\\/schema.org\",\"@graph\":[{\"@type\":\"Article\",\"@id\":\"https:\\\/\\\/kibrisdakik.com\\\/?p=67097#article\",\"isPartOf\":{\"@id\":\"https:\\\/\\\/kibrisdakik.com\\\/?p=67097\"},\"author\":{\"name\":\"admin\",\"@id\":\"https:\\\/\\\/kibrisdakik.com\\\/#\\\/schema\\\/person\\\/9cd9d437bbb44f72b73ba127e06d8e79\"},\"headline\":\"Ercan\u2019da gelen yolcu terminali d\u0131\u015f\u0131ndaki ara\u00e7 trafi\u011finin d\u00fczenlenmesi i\u00e7in i\u015f birli\u011fine gidiliyor: \u201c15 g\u00fcn i\u00e7erisinde trafik ak\u0131\u015f\u0131nda rahatlama olacak\u201d\",\"datePublished\":\"2024-10-18T10:43:36+00:00\",\"mainEntityOfPage\":{\"@id\":\"https:\\\/\\\/kibrisdakik.com\\\/?p=67097\"},\"wordCount\":915,\"commentCount\":0,\"image\":{\"@id\":\"https:\\\/\\\/kibrisdakik.com\\\/?p=67097#primaryimage\"},\"thumbnailUrl\":\"https:\\\/\\\/kibrisdakik.com\\\/wp-content\\\/uploads\\\/2024\\\/10\\\/iasldia-740x420.jpeg\",\"articleSection\":[\"K\u0131br\u0131s\"],\"inLanguage\":\"tr\",\"potentialAction\":[{\"@type\":\"CommentAction\",\"name\":\"Comment\",\"target\":[\"https:\\\/\\\/kibrisdakik.com\\\/?p=67097#respond\"]}]},{\"@type\":\"WebPage\",\"@id\":\"https:\\\/\\\/kibrisdakik.com\\\/?p=67097\",\"url\":\"https:\\\/\\\/kibrisdakik.com\\\/?p=67097\",\"name\":\"Ercan\u2019da gelen yolcu terminali d\u0131\u015f\u0131ndaki ara\u00e7 trafi\u011finin d\u00fczenlenmesi i\u00e7in i\u015f birli\u011fine gidiliyor: \u201c15 g\u00fcn i\u00e7erisinde trafik ak\u0131\u015f\u0131nda rahatlama olacak\u201d -\",\"isPartOf\":{\"@id\":\"https:\\\/\\\/kibrisdakik.com\\\/#website\"},\"primaryImageOfPage\":{\"@id\":\"https:\\\/\\\/kibrisdakik.com\\\/?p=67097#primaryimage\"},\"image\":{\"@id\":\"https:\\\/\\\/kibrisdakik.com\\\/?p=67097#primaryimage\"},\"thumbnailUrl\":\"https:\\\/\\\/kibrisdakik.com\\\/wp-content\\\/uploads\\\/2024\\\/10\\\/iasldia-740x420.jpeg\",\"datePublished\":\"2024-10-18T10:43:36+00:00\",\"author\":{\"@id\":\"https:\\\/\\\/kibrisdakik.com\\\/#\\\/schema\\\/person\\\/9cd9d437bbb44f72b73ba127e06d8e79\"},\"breadcrumb\":{\"@id\":\"https:\\\/\\\/kibrisdakik.com\\\/?p=67097#breadcrumb\"},\"inLanguage\":\"tr\",\"potentialAction\":[{\"@type\":\"ReadAction\",\"target\":[\"https:\\\/\\\/kibrisdakik.com\\\/?p=67097\"]}]},{\"@type\":\"ImageObject\",\"inLanguage\":\"tr\",\"@id\":\"https:\\\/\\\/kibrisdakik.com\\\/?p=67097#primaryimage\",\"url\":\"https:\\\/\\\/kibrisdakik.com\\\/wp-content\\\/uploads\\\/2024\\\/10\\\/iasldia-740x420.jpeg\",\"contentUrl\":\"https:\\\/\\\/kibrisdakik.com\\\/wp-content\\\/uploads\\\/2024\\\/10\\\/iasldia-740x420.jpeg\",\"width\":1247,\"height\":620},{\"@type\":\"BreadcrumbList\",\"@id\":\"https:\\\/\\\/kibrisdakik.com\\\/?p=67097#breadcrumb\",\"itemListElement\":[{\"@type\":\"ListItem\",\"position\":1,\"name\":\"Home\",\"item\":\"https:\\\/\\\/kibrisdakik.com\\\/\"},{\"@type\":\"ListItem\",\"position\":2,\"name\":\"Ercan\u2019da gelen yolcu terminali d\u0131\u015f\u0131ndaki ara\u00e7 trafi\u011finin d\u00fczenlenmesi i\u00e7in i\u015f birli\u011fine gidiliyor: \u201c15 g\u00fcn i\u00e7erisinde trafik ak\u0131\u015f\u0131nda rahatlama olacak\u201d\"}]},{\"@type\":\"WebSite\",\"@id\":\"https:\\\/\\\/kibrisdakik.com\\\/#website\",\"url\":\"https:\\\/\\\/kibrisdakik.com\\\/\",\"name\":\"\",\"description\":\"Tam vaktinde haber\",\"potentialAction\":[{\"@type\":\"SearchAction\",\"target\":{\"@type\":\"EntryPoint\",\"urlTemplate\":\"https:\\\/\\\/kibrisdakik.com\\\/?s={search_term_string}\"},\"query-input\":{\"@type\":\"PropertyValueSpecification\",\"valueRequired\":true,\"valueName\":\"search_term_string\"}}],\"inLanguage\":\"tr\"},{\"@type\":\"Person\",\"@id\":\"https:\\\/\\\/kibrisdakik.com\\\/#\\\/schema\\\/person\\\/9cd9d437bbb44f72b73ba127e06d8e79\",\"name\":\"admin\",\"image\":{\"@type\":\"ImageObject\",\"inLanguage\":\"tr\",\"@id\":\"https:\\\/\\\/secure.gravatar.com\\\/avatar\\\/ccc17943b9d660506c869530f897617f7cb1c21a4bf30023f252596d83e1f007?s=96&d=mm&r=g\",\"url\":\"https:\\\/\\\/secure.gravatar.com\\\/avatar\\\/ccc17943b9d660506c869530f897617f7cb1c21a4bf30023f252596d83e1f007?s=96&d=mm&r=g\",\"contentUrl\":\"https:\\\/\\\/secure.gravatar.com\\\/avatar\\\/ccc17943b9d660506c869530f897617f7cb1c21a4bf30023f252596d83e1f007?s=96&d=mm&r=g\",\"caption\":\"admin\"},\"sameAs\":[\"https:\\\/\\\/kibrisdakik.com\"],\"url\":\"https:\\\/\\\/kibrisdakik.com\\\/?author=1\"}]}<\/script>\n<!-- \/ Yoast SEO plugin. -->","yoast_head_json":{"title":"Ercan\u2019da gelen yolcu terminali d\u0131\u015f\u0131ndaki ara\u00e7 trafi\u011finin d\u00fczenlenmesi i\u00e7in i\u015f birli\u011fine gidiliyor: \u201c15 g\u00fcn i\u00e7erisinde trafik ak\u0131\u015f\u0131nda rahatlama olacak\u201d -","robots":{"index":"index","follow":"follow","max-snippet":"max-snippet:-1","max-image-preview":"max-image-preview:large","max-video-preview":"max-video-preview:-1"},"canonical":"https:\/\/kibrisdakik.com\/?p=67097","og_locale":"tr_TR","og_type":"article","og_title":"Ercan\u2019da gelen yolcu terminali d\u0131\u015f\u0131ndaki ara\u00e7 trafi\u011finin d\u00fczenlenmesi i\u00e7in i\u015f birli\u011fine gidiliyor: \u201c15 g\u00fcn i\u00e7erisinde trafik ak\u0131\u015f\u0131nda rahatlama olacak\u201d -","og_description":"Bay\u0131nd\u0131rl\u0131k ve Ula\u015ft\u0131rma Bakanl\u0131\u011f\u0131 ile De\u011firmenlik Ak\u0131nc\u0131lar Belediyesi, Ercan Havaliman\u0131 gelen yolcu terminali d\u0131\u015f\u0131ndaki ara\u00e7 trafi\u011finin d\u00fczenlenmesi i\u00e7in i\u015f birli\u011fine gidiyor. Bu kapsamda bug\u00fcn, Bay\u0131nd\u0131rl\u0131k ve Ula\u015ft\u0131rma Bakanl\u0131\u011f\u0131 M\u00fcste\u015far\u0131 Enver \u00d6zt\u00fcrk ile De\u011firmenlik Ak\u0131nc\u0131lar Belediyesi Ba\u015fkan\u0131 Ali Karavezirler, ilgili daire m\u00fcd\u00fcrleri ve teknik ekipler e\u015fli\u011finde, Ercan Havaliman\u0131\u2019nda d\u00fczenlemenin yap\u0131laca\u011f\u0131 b\u00f6l\u00fcmlerde incelemede bulundu. \u0130ncelemelerin ard\u0131ndan Bay\u0131nd\u0131rl\u0131k","og_url":"https:\/\/kibrisdakik.com\/?p=67097","article_published_time":"2024-10-18T10:43:36+00:00","og_image":[{"width":1247,"height":620,"url":"https:\/\/kibrisdakik.com\/wp-content\/uploads\/2024\/10\/iasldia-740x420.jpeg","type":"image\/jpeg"}],"author":"admin","twitter_card":"summary_large_image","twitter_misc":{"Yazan:":"admin","Tahmini okuma s\u00fcresi":"4 dakika"},"schema":{"@context":"https:\/\/schema.org","@graph":[{"@type":"Article","@id":"https:\/\/kibrisdakik.com\/?p=67097#article","isPartOf":{"@id":"https:\/\/kibrisdakik.com\/?p=67097"},"author":{"name":"admin","@id":"https:\/\/kibrisdakik.com\/#\/schema\/person\/9cd9d437bbb44f72b73ba127e06d8e79"},"headline":"Ercan\u2019da gelen yolcu terminali d\u0131\u015f\u0131ndaki ara\u00e7 trafi\u011finin d\u00fczenlenmesi i\u00e7in i\u015f birli\u011fine gidiliyor: \u201c15 g\u00fcn i\u00e7erisinde trafik ak\u0131\u015f\u0131nda rahatlama olacak\u201d","datePublished":"2024-10-18T10:43:36+00:00","mainEntityOfPage":{"@id":"https:\/\/kibrisdakik.com\/?p=67097"},"wordCount":915,"commentCount":0,"image":{"@id":"https:\/\/kibrisdakik.com\/?p=67097#primaryimage"},"thumbnailUrl":"https:\/\/kibrisdakik.com\/wp-content\/uploads\/2024\/10\/iasldia-740x420.jpeg","articleSection":["K\u0131br\u0131s"],"inLanguage":"tr","potentialAction":[{"@type":"CommentAction","name":"Comment","target":["https:\/\/kibrisdakik.com\/?p=67097#respond"]}]},{"@type":"WebPage","@id":"https:\/\/kibrisdakik.com\/?p=67097","url":"https:\/\/kibrisdakik.com\/?p=67097","name":"Ercan\u2019da gelen yolcu terminali d\u0131\u015f\u0131ndaki ara\u00e7 trafi\u011finin d\u00fczenlenmesi i\u00e7in i\u015f birli\u011fine gidiliyor: \u201c15 g\u00fcn i\u00e7erisinde trafik ak\u0131\u015f\u0131nda rahatlama olacak\u201d -","isPartOf":{"@id":"https:\/\/kibrisdakik.com\/#website"},"primaryImageOfPage":{"@id":"https:\/\/kibrisdakik.com\/?p=67097#primaryimage"},"image":{"@id":"https:\/\/kibrisdakik.com\/?p=67097#primaryimage"},"thumbnailUrl":"https:\/\/kibrisdakik.com\/wp-content\/uploads\/2024\/10\/iasldia-740x420.jpeg","datePublished":"2024-10-18T10:43:36+00:00","author":{"@id":"https:\/\/kibrisdakik.com\/#\/schema\/person\/9cd9d437bbb44f72b73ba127e06d8e79"},"breadcrumb":{"@id":"https:\/\/kibrisdakik.com\/?p=67097#breadcrumb"},"inLanguage":"tr","potentialAction":[{"@type":"ReadAction","target":["https:\/\/kibrisdakik.com\/?p=67097"]}]},{"@type":"ImageObject","inLanguage":"tr","@id":"https:\/\/kibrisdakik.com\/?p=67097#primaryimage","url":"https:\/\/kibrisdakik.com\/wp-content\/uploads\/2024\/10\/iasldia-740x420.jpeg","contentUrl":"https:\/\/kibrisdakik.com\/wp-content\/uploads\/2024\/10\/iasldia-740x420.jpeg","width":1247,"height":620},{"@type":"BreadcrumbList","@id":"https:\/\/kibrisdakik.com\/?p=67097#breadcrumb","itemListElement":[{"@type":"ListItem","position":1,"name":"Home","item":"https:\/\/kibrisdakik.com\/"},{"@type":"ListItem","position":2,"name":"Ercan\u2019da gelen yolcu terminali d\u0131\u015f\u0131ndaki ara\u00e7 trafi\u011finin d\u00fczenlenmesi i\u00e7in i\u015f birli\u011fine gidiliyor: \u201c15 g\u00fcn i\u00e7erisinde trafik ak\u0131\u015f\u0131nda rahatlama olacak\u201d"}]},{"@type":"WebSite","@id":"https:\/\/kibrisdakik.com\/#website","url":"https:\/\/kibrisdakik.com\/","name":"","description":"Tam vaktinde haber","potentialAction":[{"@type":"SearchAction","target":{"@type":"EntryPoint","urlTemplate":"https:\/\/kibrisdakik.com\/?s={search_term_string}"},"query-input":{"@type":"PropertyValueSpecification","valueRequired":true,"valueName":"search_term_string"}}],"inLanguage":"tr"},{"@type":"Person","@id":"https:\/\/kibrisdakik.com\/#\/schema\/person\/9cd9d437bbb44f72b73ba127e06d8e79","name":"admin","image":{"@type":"ImageObject","inLanguage":"tr","@id":"https:\/\/secure.gravatar.com\/avatar\/ccc17943b9d660506c869530f897617f7cb1c21a4bf30023f252596d83e1f007?s=96&d=mm&r=g","url":"https:\/\/secure.gravatar.com\/avatar\/ccc17943b9d660506c869530f897617f7cb1c21a4bf30023f252596d83e1f007?s=96&d=mm&r=g","contentUrl":"https:\/\/secure.gravatar.com\/avatar\/ccc17943b9d660506c869530f897617f7cb1c21a4bf30023f252596d83e1f007?s=96&d=mm&r=g","caption":"admin"},"sameAs":["https:\/\/kibrisdakik.com"],"url":"https:\/\/kibrisdakik.com\/?author=1"}]}},"_links":{"self":[{"href":"https:\/\/kibrisdakik.com\/index.php?rest_route=\/wp\/v2\/posts\/67097","targetHints":{"allow":["GET"]}}],"collection":[{"href":"https:\/\/kibrisdakik.com\/index.php?rest_route=\/wp\/v2\/posts"}],"about":[{"href":"https:\/\/kibrisdakik.com\/index.php?rest_route=\/wp\/v2\/types\/post"}],"author":[{"embeddable":true,"href":"https:\/\/kibrisdakik.com\/index.php?rest_route=\/wp\/v2\/users\/1"}],"replies":[{"embeddable":true,"href":"https:\/\/kibrisdakik.com\/index.php?rest_route=%2Fwp%2Fv2%2Fcomments&post=67097"}],"version-history":[{"count":0,"href":"https:\/\/kibrisdakik.com\/index.php?rest_route=\/wp\/v2\/posts\/67097\/revisions"}],"wp:featuredmedia":[{"embeddable":true,"href":"https:\/\/kibrisdakik.com\/index.php?rest_route=\/wp\/v2\/media\/67098"}],"wp:attachment":[{"href":"https:\/\/kibrisdakik.com\/index.php?rest_route=%2Fwp%2Fv2%2Fmedia&parent=67097"}],"wp:term":[{"taxonomy":"category","embeddable":true,"href":"https:\/\/kibrisdakik.com\/index.php?rest_route=%2Fwp%2Fv2%2Fcategories&post=67097"},{"taxonomy":"post_tag","embeddable":true,"href":"https:\/\/kibrisdakik.com\/index.php?rest_route=%2Fwp%2Fv2%2Ftags&post=67097"}],"curies":[{"name":"wp","href":"https:\/\/api.w.org\/{rel}","templated":true}]}}