{"id":67125,"date":"2024-10-17T15:44:18","date_gmt":"2024-10-17T12:44:18","guid":{"rendered":"https:\/\/kibrisdakik.com\/index.php\/2024\/10\/17\/euro-bolgesindeki-ekonomik-faaliyetler-beklentilerin-altinda\/"},"modified":"2024-10-17T15:44:18","modified_gmt":"2024-10-17T12:44:18","slug":"euro-bolgesindeki-ekonomik-faaliyetler-beklentilerin-altinda","status":"publish","type":"post","link":"https:\/\/kibrisdakik.com\/?p=67125","title":{"rendered":"Euro B\u00f6lgesi\u2019ndeki ekonomik faaliyetler beklentilerin alt\u0131nda"},"content":{"rendered":"<p><\/p>\n<div>\n<div class=\"mariselle-image-container center\">\n                <img loading=\"lazy\" decoding=\"async\" width=\"864\" height=\"486\" class=\"lazy-image\" alt=\"\" sizes=\"auto, (max-width: 864px) 100vw, 864px\" src=\"https:\/\/brtk.net\/wp-content\/uploads\/2024\/10\/17\/thumbs-b-c-43b6b91b88468167f5cdb6af07e1518e.jpg?ver=dd7951779384633df8792c3f33507439\" srcset=\"https:\/\/brtk.net\/wp-content\/uploads\/2024\/10\/17\/thumbs-b-c-43b6b91b88468167f5cdb6af07e1518e.jpg?ver=dd7951779384633df8792c3f33507439 864w, https:\/\/brtk.net\/wp-content\/uploads\/2024\/10\/17\/thumbs-b-c-43b6b91b88468167f5cdb6af07e1518e-300x169.jpg?ver=a489c0ce127393c44289ee556ac05418 300w, https:\/\/brtk.net\/wp-content\/uploads\/2024\/10\/17\/thumbs-b-c-43b6b91b88468167f5cdb6af07e1518e-768x432.jpg?ver=a489c0ce127393c44289ee556ac05418 768w\"\/>                            <\/div>\n<p>Avrupa Merkez Bankas\u0131 (ECB) Ba\u015fkan\u0131 Christine Lagarde, <a href=\"https:\/\/brtk.net\/\"\/><a href=\"https:\/\/brtk.net\/\">Euro<\/a> B\u00f6lgesi\u2019nde ekonomik faaliyetlerin beklenenden biraz daha zay\u0131f oldu\u011funu belirterek, \u201cSon veriler durgun b\u00fcy\u00fcmeye i\u015faret ediyor.\u201d dedi.<\/p>\n<p>Lagarde, ECB Y\u00f6netim Konseyinin y\u0131l\u0131n yedinci toplant\u0131s\u0131nda, piyasa beklentileri do\u011frultusunda zay\u0131flayan ekonomiye kar\u015f\u0131 \u00fc\u00e7\u00fcnc\u00fc faiz indirimine giderek \u00fc\u00e7 temel politika faizini 25 baz puan d\u00fc\u015f\u00fcrmesinin ard\u0131ndan Slovenya\u2019n\u0131n ba\u015fkenti L\u00fcbliyana\u2019da d\u00fczenlenen bas\u0131n toplant\u0131s\u0131nda de\u011ferlendirmelerde bulundu.<\/p>\n<p>Konu\u015fmas\u0131na, para politikas\u0131 kararlar\u0131n\u0131 okuyarak ba\u015flayan Lagarde, daha sonra ekonomik b\u00fcy\u00fcme ve enflasyon e\u011filimlerine de\u011findi, gazetecilerin sorular\u0131n\u0131 cevaplad\u0131.<\/p>\n<p><a href=\"https:\/\/brtk.net\/\"\/><a href=\"https:\/\/brtk.net\/\">Euro<\/a> B\u00f6lgesi\u2019nde ekonomik faaliyetlerin beklenenden biraz daha zay\u0131f oldu\u011funu belirten Lagarde, hane halk\u0131n\u0131n t\u00fcketiminin d\u00fc\u015f\u00fck ve daha fazla tasarruf e\u011filiminde oldu\u011funu kaydetti.<\/p>\n<p>Christine Lagarde, \u201cSon veriler durgun b\u00fcy\u00fcmeye i\u015faret ediyor. \u015eirketler yat\u0131r\u0131mlar\u0131n\u0131 sadece yava\u015f bir \u015fekilde geni\u015fletirken konutlara yap\u0131lan yat\u0131r\u0131mlar azalmaya devam ediyor.\u201d dedi.<\/p>\n<p>Lagarde, b\u00f6lgede i\u015fg\u00fcc\u00fc piyasas\u0131n\u0131n sa\u011flaml\u0131\u011f\u0131n\u0131 korudu\u011funu belirterek, \u201cBununla birlikte anketler istihdam art\u0131\u015f\u0131nda bir yava\u015flamaya i\u015faret ediyor.\u201d yorumunu yapt\u0131.<\/p>\n<p>Bir kez daha Avrupa Birli\u011fi (AB) \u00fcyesi \u00fclkelerde yap\u0131sal reformlar yap\u0131lmas\u0131 \u00e7a\u011fr\u0131s\u0131nda bulunan Lagarde, maliye politikas\u0131n\u0131n da s\u00fcrd\u00fcr\u00fclebilir bir bor\u00e7 seviyesine ula\u015f\u0131lmas\u0131 gerekti\u011fini vurgulad\u0131.<\/p>\n<p>Lagarde, \u201cH\u00fck\u00fcmetler, mali ve yap\u0131sal politikalara ili\u015fkin orta vadeli planlar\u0131nda bu y\u00f6nde (yap\u0131sal reformlar) g\u00fc\u00e7l\u00fc bir ba\u015flang\u0131\u00e7 yapmal\u0131d\u0131r.\u201d dedi.<\/p>\n<p>\u2013 ECB kararlar\u0131 verilere dayal\u0131 olarak toplant\u0131dan toplant\u0131ya al\u0131n\u0131yor<\/p>\n<p>Bug\u00fcn 3 temel politika faizini 25 baz puan d\u00fc\u015f\u00fcrme karar\u0131n\u0131n \u201coy birli\u011fiyle\u201d al\u0131nd\u0131\u011f\u0131n\u0131 vurgulayan Lagarde, ECB kararlar\u0131n\u0131n verilere dayal\u0131 olarak ve toplant\u0131dan toplant\u0131ya al\u0131nd\u0131\u011f\u0131n\u0131 tekrarlad\u0131.<\/p>\n<p>Lagarde, para politikas\u0131 kararlar\u0131 i\u00e7in \u201cmevcut fiyat bask\u0131lar\u0131, enflasyon g\u00f6r\u00fcn\u00fcm\u00fc ve reel ekonomi \u00fczerindeki etkisi\u201d gibi \u00fc\u00e7 karar kriterine bir kez daha at\u0131fta bulunarak, ECB\u2019nin eyl\u00fcl toplant\u0131s\u0131ndan bu yana k\u0131sa vadeli piyasa faiz oranlar\u0131n\u0131n d\u00fc\u015ft\u00fc\u011f\u00fcn\u00fc belirtti.<\/p>\n<p>\u00c7al\u0131\u015fan \u00fccretlerindeki bask\u0131n\u0131n y\u00fcksek olmaya devam etti\u011fini anlatan Lagarde, \u00fccretlerin jeopolitik geli\u015fmeler gibi enflasyon oran\u0131n\u0131 y\u00fckseltmeye y\u00f6nelik riskler aras\u0131nda bulundu\u011funu kaydetti.<\/p>\n<p>Bir gazetecinin \u201cECB\u2019nin gelecek her toplant\u0131s\u0131nda faiz oranlar\u0131n\u0131n d\u00fc\u015f\u00fcr\u00fclmeye devam edilmesi \u015fu anda en makul senaryo mu?\u201d sorusuna, Lagarde, bug\u00fcnk\u00fc karar\u0131n ilgili verilerin geli\u015fiminin bir ifadesi oldu\u011fu belirtti.<\/p>\n<p>\u2013 \u201cEyl\u00fclde y\u00fczde 1,7\u2019lik enflasyon oran\u0131 beklemiyorduk\u201d<\/p>\n<p>ECB Ba\u015fkan\u0131 Lagarde, \u201cEski ABD ba\u015fkan\u0131 Donald Trump\u2019\u0131n Beyaz Saray\u2019a geri d\u00f6nmesi ve buna ba\u011fl\u0131 olarak g\u00fcmr\u00fck vergilerinin art\u0131r\u0131lmas\u0131 ekonomik g\u00f6r\u00fcn\u00fcm\u00fc ne \u00f6l\u00e7\u00fcde etkiler?\u201d sorusuna ise ticaret engellerinin sertle\u015fmesinin AB ekonomisi i\u00e7in \u201ca\u00e7\u0131k bir \u015fekilde olumsuz bir durum\u201d olaca\u011f\u0131n\u0131 kaydetti.<\/p>\n<p>ECB\u2019nin bir sonraki toplant\u0131s\u0131nda faiz oranlar\u0131n\u0131 50 baz puan d\u00fc\u015f\u00fcrme ihtimali konusunda ise Lagarde, sadece 25 baz puanl\u0131k bir indirimi tart\u0131\u015ft\u0131klar\u0131n\u0131 ve aral\u0131k ay\u0131ndaki bir sonraki toplant\u0131dan \u00f6nce gelen ekonomik verileri yak\u0131ndan izlemeye devam edeceklerini s\u00f6yledi.<\/p>\n<p>Christine Lagarde, ekonomide \u201cyumu\u015fak ini\u015f\u201d senaryosunun hala m\u00fcmk\u00fcn oldu\u011funu belirterek, mevcut verilere g\u00f6re Avro ekonomisinin hen\u00fcz bir \u201cresesyona\u201d do\u011fru yol almad\u0131\u011f\u0131n\u0131 kaydetti.<\/p>\n<p>Lagarde, bir gazetecinin \u201cECB \u015fu anda <a href=\"https:\/\/brtk.net\/\"\/><a href=\"https:\/\/brtk.net\/\">Euro<\/a> b\u00f6lgesindeki b\u00fcy\u00fcme konusunda enflasyondan daha m\u0131 endi\u015feli?\u201d sorusuna ise bu ikisinin birbiriyle do\u011frudan ili\u015fkili oldu\u011funu ve enflasyon geli\u015fmelerini do\u011frudan etkiledi\u011fi i\u00e7in b\u00fcy\u00fcme beklentilerine yak\u0131ndan bakmak gerekti\u011fini s\u00f6yledi.<\/p>\n<p>Lagarde, eyl\u00fclde y\u00fczde 1,7\u2019lik enflasyon beklemediklerini, bunun para politikas\u0131 stratejisinin ama\u00e7land\u0131\u011f\u0131 gibi i\u015fledi\u011fini teyit etti\u011fini ifade etti.<\/p>\n<\/p><\/div>\n<p><script async\n                    defer\n                    crossorigin=\"anonymous\"\n                    src=\"https:\/\/connect.facebook.net\/tr_TR\/sdk.js#xfbml=1&#038;version=v3.3\"\n            ><\/script><\/p>\n","protected":false},"excerpt":{"rendered":"<p>Avrupa Merkez Bankas\u0131 (ECB) Ba\u015fkan\u0131 Christine Lagarde, Euro B\u00f6lgesi\u2019nde ekonomik faaliyetlerin beklenenden biraz daha zay\u0131f oldu\u011funu belirterek, \u201cSon veriler durgun b\u00fcy\u00fcmeye i\u015faret ediyor.\u201d dedi. Lagarde, ECB Y\u00f6netim Konseyinin y\u0131l\u0131n yedinci toplant\u0131s\u0131nda, piyasa beklentileri do\u011frultusunda zay\u0131flayan ekonomiye kar\u015f\u0131 \u00fc\u00e7\u00fcnc\u00fc faiz indirimine giderek \u00fc\u00e7 temel politika faizini 25 baz puan d\u00fc\u015f\u00fcrmesinin ard\u0131ndan Slovenya\u2019n\u0131n ba\u015fkenti L\u00fcbliyana\u2019da d\u00fczenlenen bas\u0131n<\/p>\n","protected":false},"author":1,"featured_media":67126,"comment_status":"open","ping_status":"open","sticky":false,"template":"","format":"standard","meta":{"footnotes":""},"categories":[1],"tags":[],"class_list":["post-67125","post","type-post","status-publish","format-standard","has-post-thumbnail","hentry","category-gundem"],"yoast_head":"<!-- This site is optimized with the Yoast SEO plugin v27.5 - https:\/\/yoast.com\/product\/yoast-seo-wordpress\/ -->\n<title>Euro B\u00f6lgesi\u2019ndeki ekonomik faaliyetler beklentilerin alt\u0131nda -<\/title>\n<meta name=\"robots\" content=\"index, follow, max-snippet:-1, max-image-preview:large, max-video-preview:-1\" \/>\n<link rel=\"canonical\" href=\"https:\/\/kibrisdakik.com\/?p=67125\" \/>\n<meta property=\"og:locale\" content=\"tr_TR\" \/>\n<meta property=\"og:type\" content=\"article\" \/>\n<meta property=\"og:title\" content=\"Euro B\u00f6lgesi\u2019ndeki ekonomik faaliyetler beklentilerin alt\u0131nda -\" \/>\n<meta property=\"og:description\" content=\"Avrupa Merkez Bankas\u0131 (ECB) Ba\u015fkan\u0131 Christine Lagarde, Euro B\u00f6lgesi\u2019nde ekonomik faaliyetlerin beklenenden biraz daha zay\u0131f oldu\u011funu belirterek, \u201cSon veriler durgun b\u00fcy\u00fcmeye i\u015faret ediyor.\u201d dedi. Lagarde, ECB Y\u00f6netim Konseyinin y\u0131l\u0131n yedinci toplant\u0131s\u0131nda, piyasa beklentileri do\u011frultusunda zay\u0131flayan ekonomiye kar\u015f\u0131 \u00fc\u00e7\u00fcnc\u00fc faiz indirimine giderek \u00fc\u00e7 temel politika faizini 25 baz puan d\u00fc\u015f\u00fcrmesinin ard\u0131ndan Slovenya\u2019n\u0131n ba\u015fkenti L\u00fcbliyana\u2019da d\u00fczenlenen bas\u0131n\" \/>\n<meta property=\"og:url\" content=\"https:\/\/kibrisdakik.com\/?p=67125\" \/>\n<meta property=\"article:published_time\" content=\"2024-10-17T12:44:18+00:00\" \/>\n<meta property=\"og:image\" content=\"https:\/\/kibrisdakik.com\/wp-content\/uploads\/2024\/10\/thumbs-b-c-43b6b91b88468167f5cdb6af07e1518e-740x420.jpg\" \/>\n\t<meta property=\"og:image:width\" content=\"864\" \/>\n\t<meta property=\"og:image:height\" content=\"486\" \/>\n\t<meta property=\"og:image:type\" content=\"image\/jpeg\" \/>\n<meta name=\"author\" content=\"admin\" \/>\n<meta name=\"twitter:card\" content=\"summary_large_image\" \/>\n<meta name=\"twitter:label1\" content=\"Yazan:\" \/>\n\t<meta name=\"twitter:data1\" content=\"admin\" \/>\n\t<meta name=\"twitter:label2\" content=\"Tahmini okuma s\u00fcresi\" \/>\n\t<meta name=\"twitter:data2\" content=\"3 dakika\" \/>\n<script type=\"application\/ld+json\" class=\"yoast-schema-graph\">{\"@context\":\"https:\\\/\\\/schema.org\",\"@graph\":[{\"@type\":\"Article\",\"@id\":\"https:\\\/\\\/kibrisdakik.com\\\/?p=67125#article\",\"isPartOf\":{\"@id\":\"https:\\\/\\\/kibrisdakik.com\\\/?p=67125\"},\"author\":{\"name\":\"admin\",\"@id\":\"https:\\\/\\\/kibrisdakik.com\\\/#\\\/schema\\\/person\\\/9cd9d437bbb44f72b73ba127e06d8e79\"},\"headline\":\"Euro B\u00f6lgesi\u2019ndeki ekonomik faaliyetler beklentilerin alt\u0131nda\",\"datePublished\":\"2024-10-17T12:44:18+00:00\",\"mainEntityOfPage\":{\"@id\":\"https:\\\/\\\/kibrisdakik.com\\\/?p=67125\"},\"wordCount\":665,\"commentCount\":0,\"image\":{\"@id\":\"https:\\\/\\\/kibrisdakik.com\\\/?p=67125#primaryimage\"},\"thumbnailUrl\":\"https:\\\/\\\/kibrisdakik.com\\\/wp-content\\\/uploads\\\/2024\\\/10\\\/thumbs-b-c-43b6b91b88468167f5cdb6af07e1518e-740x420.jpg\",\"articleSection\":[\"G\u00fcndem\"],\"inLanguage\":\"tr\",\"potentialAction\":[{\"@type\":\"CommentAction\",\"name\":\"Comment\",\"target\":[\"https:\\\/\\\/kibrisdakik.com\\\/?p=67125#respond\"]}]},{\"@type\":\"WebPage\",\"@id\":\"https:\\\/\\\/kibrisdakik.com\\\/?p=67125\",\"url\":\"https:\\\/\\\/kibrisdakik.com\\\/?p=67125\",\"name\":\"Euro B\u00f6lgesi\u2019ndeki ekonomik faaliyetler beklentilerin alt\u0131nda -\",\"isPartOf\":{\"@id\":\"https:\\\/\\\/kibrisdakik.com\\\/#website\"},\"primaryImageOfPage\":{\"@id\":\"https:\\\/\\\/kibrisdakik.com\\\/?p=67125#primaryimage\"},\"image\":{\"@id\":\"https:\\\/\\\/kibrisdakik.com\\\/?p=67125#primaryimage\"},\"thumbnailUrl\":\"https:\\\/\\\/kibrisdakik.com\\\/wp-content\\\/uploads\\\/2024\\\/10\\\/thumbs-b-c-43b6b91b88468167f5cdb6af07e1518e-740x420.jpg\",\"datePublished\":\"2024-10-17T12:44:18+00:00\",\"author\":{\"@id\":\"https:\\\/\\\/kibrisdakik.com\\\/#\\\/schema\\\/person\\\/9cd9d437bbb44f72b73ba127e06d8e79\"},\"breadcrumb\":{\"@id\":\"https:\\\/\\\/kibrisdakik.com\\\/?p=67125#breadcrumb\"},\"inLanguage\":\"tr\",\"potentialAction\":[{\"@type\":\"ReadAction\",\"target\":[\"https:\\\/\\\/kibrisdakik.com\\\/?p=67125\"]}]},{\"@type\":\"ImageObject\",\"inLanguage\":\"tr\",\"@id\":\"https:\\\/\\\/kibrisdakik.com\\\/?p=67125#primaryimage\",\"url\":\"https:\\\/\\\/kibrisdakik.com\\\/wp-content\\\/uploads\\\/2024\\\/10\\\/thumbs-b-c-43b6b91b88468167f5cdb6af07e1518e-740x420.jpg\",\"contentUrl\":\"https:\\\/\\\/kibrisdakik.com\\\/wp-content\\\/uploads\\\/2024\\\/10\\\/thumbs-b-c-43b6b91b88468167f5cdb6af07e1518e-740x420.jpg\",\"width\":864,\"height\":486},{\"@type\":\"BreadcrumbList\",\"@id\":\"https:\\\/\\\/kibrisdakik.com\\\/?p=67125#breadcrumb\",\"itemListElement\":[{\"@type\":\"ListItem\",\"position\":1,\"name\":\"Home\",\"item\":\"https:\\\/\\\/kibrisdakik.com\\\/\"},{\"@type\":\"ListItem\",\"position\":2,\"name\":\"Euro B\u00f6lgesi\u2019ndeki ekonomik faaliyetler beklentilerin alt\u0131nda\"}]},{\"@type\":\"WebSite\",\"@id\":\"https:\\\/\\\/kibrisdakik.com\\\/#website\",\"url\":\"https:\\\/\\\/kibrisdakik.com\\\/\",\"name\":\"\",\"description\":\"Tam vaktinde haber\",\"potentialAction\":[{\"@type\":\"SearchAction\",\"target\":{\"@type\":\"EntryPoint\",\"urlTemplate\":\"https:\\\/\\\/kibrisdakik.com\\\/?s={search_term_string}\"},\"query-input\":{\"@type\":\"PropertyValueSpecification\",\"valueRequired\":true,\"valueName\":\"search_term_string\"}}],\"inLanguage\":\"tr\"},{\"@type\":\"Person\",\"@id\":\"https:\\\/\\\/kibrisdakik.com\\\/#\\\/schema\\\/person\\\/9cd9d437bbb44f72b73ba127e06d8e79\",\"name\":\"admin\",\"image\":{\"@type\":\"ImageObject\",\"inLanguage\":\"tr\",\"@id\":\"https:\\\/\\\/secure.gravatar.com\\\/avatar\\\/ccc17943b9d660506c869530f897617f7cb1c21a4bf30023f252596d83e1f007?s=96&d=mm&r=g\",\"url\":\"https:\\\/\\\/secure.gravatar.com\\\/avatar\\\/ccc17943b9d660506c869530f897617f7cb1c21a4bf30023f252596d83e1f007?s=96&d=mm&r=g\",\"contentUrl\":\"https:\\\/\\\/secure.gravatar.com\\\/avatar\\\/ccc17943b9d660506c869530f897617f7cb1c21a4bf30023f252596d83e1f007?s=96&d=mm&r=g\",\"caption\":\"admin\"},\"sameAs\":[\"https:\\\/\\\/kibrisdakik.com\"],\"url\":\"https:\\\/\\\/kibrisdakik.com\\\/?author=1\"}]}<\/script>\n<!-- \/ Yoast SEO plugin. -->","yoast_head_json":{"title":"Euro B\u00f6lgesi\u2019ndeki ekonomik faaliyetler beklentilerin alt\u0131nda -","robots":{"index":"index","follow":"follow","max-snippet":"max-snippet:-1","max-image-preview":"max-image-preview:large","max-video-preview":"max-video-preview:-1"},"canonical":"https:\/\/kibrisdakik.com\/?p=67125","og_locale":"tr_TR","og_type":"article","og_title":"Euro B\u00f6lgesi\u2019ndeki ekonomik faaliyetler beklentilerin alt\u0131nda -","og_description":"Avrupa Merkez Bankas\u0131 (ECB) Ba\u015fkan\u0131 Christine Lagarde, Euro B\u00f6lgesi\u2019nde ekonomik faaliyetlerin beklenenden biraz daha zay\u0131f oldu\u011funu belirterek, \u201cSon veriler durgun b\u00fcy\u00fcmeye i\u015faret ediyor.\u201d dedi. Lagarde, ECB Y\u00f6netim Konseyinin y\u0131l\u0131n yedinci toplant\u0131s\u0131nda, piyasa beklentileri do\u011frultusunda zay\u0131flayan ekonomiye kar\u015f\u0131 \u00fc\u00e7\u00fcnc\u00fc faiz indirimine giderek \u00fc\u00e7 temel politika faizini 25 baz puan d\u00fc\u015f\u00fcrmesinin ard\u0131ndan Slovenya\u2019n\u0131n ba\u015fkenti L\u00fcbliyana\u2019da d\u00fczenlenen bas\u0131n","og_url":"https:\/\/kibrisdakik.com\/?p=67125","article_published_time":"2024-10-17T12:44:18+00:00","og_image":[{"width":864,"height":486,"url":"https:\/\/kibrisdakik.com\/wp-content\/uploads\/2024\/10\/thumbs-b-c-43b6b91b88468167f5cdb6af07e1518e-740x420.jpg","type":"image\/jpeg"}],"author":"admin","twitter_card":"summary_large_image","twitter_misc":{"Yazan:":"admin","Tahmini okuma s\u00fcresi":"3 dakika"},"schema":{"@context":"https:\/\/schema.org","@graph":[{"@type":"Article","@id":"https:\/\/kibrisdakik.com\/?p=67125#article","isPartOf":{"@id":"https:\/\/kibrisdakik.com\/?p=67125"},"author":{"name":"admin","@id":"https:\/\/kibrisdakik.com\/#\/schema\/person\/9cd9d437bbb44f72b73ba127e06d8e79"},"headline":"Euro B\u00f6lgesi\u2019ndeki ekonomik faaliyetler beklentilerin alt\u0131nda","datePublished":"2024-10-17T12:44:18+00:00","mainEntityOfPage":{"@id":"https:\/\/kibrisdakik.com\/?p=67125"},"wordCount":665,"commentCount":0,"image":{"@id":"https:\/\/kibrisdakik.com\/?p=67125#primaryimage"},"thumbnailUrl":"https:\/\/kibrisdakik.com\/wp-content\/uploads\/2024\/10\/thumbs-b-c-43b6b91b88468167f5cdb6af07e1518e-740x420.jpg","articleSection":["G\u00fcndem"],"inLanguage":"tr","potentialAction":[{"@type":"CommentAction","name":"Comment","target":["https:\/\/kibrisdakik.com\/?p=67125#respond"]}]},{"@type":"WebPage","@id":"https:\/\/kibrisdakik.com\/?p=67125","url":"https:\/\/kibrisdakik.com\/?p=67125","name":"Euro B\u00f6lgesi\u2019ndeki ekonomik faaliyetler beklentilerin alt\u0131nda -","isPartOf":{"@id":"https:\/\/kibrisdakik.com\/#website"},"primaryImageOfPage":{"@id":"https:\/\/kibrisdakik.com\/?p=67125#primaryimage"},"image":{"@id":"https:\/\/kibrisdakik.com\/?p=67125#primaryimage"},"thumbnailUrl":"https:\/\/kibrisdakik.com\/wp-content\/uploads\/2024\/10\/thumbs-b-c-43b6b91b88468167f5cdb6af07e1518e-740x420.jpg","datePublished":"2024-10-17T12:44:18+00:00","author":{"@id":"https:\/\/kibrisdakik.com\/#\/schema\/person\/9cd9d437bbb44f72b73ba127e06d8e79"},"breadcrumb":{"@id":"https:\/\/kibrisdakik.com\/?p=67125#breadcrumb"},"inLanguage":"tr","potentialAction":[{"@type":"ReadAction","target":["https:\/\/kibrisdakik.com\/?p=67125"]}]},{"@type":"ImageObject","inLanguage":"tr","@id":"https:\/\/kibrisdakik.com\/?p=67125#primaryimage","url":"https:\/\/kibrisdakik.com\/wp-content\/uploads\/2024\/10\/thumbs-b-c-43b6b91b88468167f5cdb6af07e1518e-740x420.jpg","contentUrl":"https:\/\/kibrisdakik.com\/wp-content\/uploads\/2024\/10\/thumbs-b-c-43b6b91b88468167f5cdb6af07e1518e-740x420.jpg","width":864,"height":486},{"@type":"BreadcrumbList","@id":"https:\/\/kibrisdakik.com\/?p=67125#breadcrumb","itemListElement":[{"@type":"ListItem","position":1,"name":"Home","item":"https:\/\/kibrisdakik.com\/"},{"@type":"ListItem","position":2,"name":"Euro B\u00f6lgesi\u2019ndeki ekonomik faaliyetler beklentilerin alt\u0131nda"}]},{"@type":"WebSite","@id":"https:\/\/kibrisdakik.com\/#website","url":"https:\/\/kibrisdakik.com\/","name":"","description":"Tam vaktinde haber","potentialAction":[{"@type":"SearchAction","target":{"@type":"EntryPoint","urlTemplate":"https:\/\/kibrisdakik.com\/?s={search_term_string}"},"query-input":{"@type":"PropertyValueSpecification","valueRequired":true,"valueName":"search_term_string"}}],"inLanguage":"tr"},{"@type":"Person","@id":"https:\/\/kibrisdakik.com\/#\/schema\/person\/9cd9d437bbb44f72b73ba127e06d8e79","name":"admin","image":{"@type":"ImageObject","inLanguage":"tr","@id":"https:\/\/secure.gravatar.com\/avatar\/ccc17943b9d660506c869530f897617f7cb1c21a4bf30023f252596d83e1f007?s=96&d=mm&r=g","url":"https:\/\/secure.gravatar.com\/avatar\/ccc17943b9d660506c869530f897617f7cb1c21a4bf30023f252596d83e1f007?s=96&d=mm&r=g","contentUrl":"https:\/\/secure.gravatar.com\/avatar\/ccc17943b9d660506c869530f897617f7cb1c21a4bf30023f252596d83e1f007?s=96&d=mm&r=g","caption":"admin"},"sameAs":["https:\/\/kibrisdakik.com"],"url":"https:\/\/kibrisdakik.com\/?author=1"}]}},"_links":{"self":[{"href":"https:\/\/kibrisdakik.com\/index.php?rest_route=\/wp\/v2\/posts\/67125","targetHints":{"allow":["GET"]}}],"collection":[{"href":"https:\/\/kibrisdakik.com\/index.php?rest_route=\/wp\/v2\/posts"}],"about":[{"href":"https:\/\/kibrisdakik.com\/index.php?rest_route=\/wp\/v2\/types\/post"}],"author":[{"embeddable":true,"href":"https:\/\/kibrisdakik.com\/index.php?rest_route=\/wp\/v2\/users\/1"}],"replies":[{"embeddable":true,"href":"https:\/\/kibrisdakik.com\/index.php?rest_route=%2Fwp%2Fv2%2Fcomments&post=67125"}],"version-history":[{"count":0,"href":"https:\/\/kibrisdakik.com\/index.php?rest_route=\/wp\/v2\/posts\/67125\/revisions"}],"wp:featuredmedia":[{"embeddable":true,"href":"https:\/\/kibrisdakik.com\/index.php?rest_route=\/wp\/v2\/media\/67126"}],"wp:attachment":[{"href":"https:\/\/kibrisdakik.com\/index.php?rest_route=%2Fwp%2Fv2%2Fmedia&parent=67125"}],"wp:term":[{"taxonomy":"category","embeddable":true,"href":"https:\/\/kibrisdakik.com\/index.php?rest_route=%2Fwp%2Fv2%2Fcategories&post=67125"},{"taxonomy":"post_tag","embeddable":true,"href":"https:\/\/kibrisdakik.com\/index.php?rest_route=%2Fwp%2Fv2%2Ftags&post=67125"}],"curies":[{"name":"wp","href":"https:\/\/api.w.org\/{rel}","templated":true}]}}