{"id":67130,"date":"2024-10-18T17:37:47","date_gmt":"2024-10-18T14:37:47","guid":{"rendered":"https:\/\/kibrisdakik.com\/index.php\/2024\/10\/18\/ziya-ozturkler-meclis-baskani-secildi\/"},"modified":"2024-10-18T17:37:47","modified_gmt":"2024-10-18T14:37:47","slug":"ziya-ozturkler-meclis-baskani-secildi","status":"publish","type":"post","link":"https:\/\/kibrisdakik.com\/?p=67130","title":{"rendered":"Ziya \u00d6zt\u00fcrkler, Meclis Ba\u015fkan\u0131 se\u00e7ildi"},"content":{"rendered":"<div>\n<div class=\"mariselle-image-container center\">\n                                            <\/div>\n<p>Ulusal Birlik Partisi\u2019nin (UBP) Meclis Ba\u015fkan\u0131\u00a0Ziya \u00d6zt\u00fcrkler, Meclis Genel Kurulu\u2019nda yap\u0131lan oylamada 5\u2019inci turda yeni Meclis Ba\u015fkan\u0131 se\u00e7ildi.<\/p>\n<p>Cumhuriyet Meclisi\u2019nin yeni ba\u015fkan\u0131 UBP Milletvekili\u00a0Ziya \u00d6zt\u00fcrkler\u00a0oldu.<\/p>\n<div class=\"mariselle-image-container center\">\n                <img loading=\"lazy\" decoding=\"async\" width=\"2048\" height=\"1366\" class=\"lazy-image\" alt=\"\" sizes=\"auto, (max-width: 2048px) 100vw, 2048px\" src=\"https:\/\/brtk.net\/wp-content\/uploads\/2024\/10\/18\/IMG-20241018-WA0053.jpg?ver=a803a89ae297a8c0afa2e9427b7037a9\" srcset=\"https:\/\/brtk.net\/wp-content\/uploads\/2024\/10\/18\/IMG-20241018-WA0053.jpg?ver=a803a89ae297a8c0afa2e9427b7037a9 2048w, https:\/\/brtk.net\/wp-content\/uploads\/2024\/10\/18\/IMG-20241018-WA0053-300x200.jpg?ver=5bb37cd95b56ab3a4a4481a33c19e7da 300w, https:\/\/brtk.net\/wp-content\/uploads\/2024\/10\/18\/IMG-20241018-WA0053-1024x683.jpg?ver=5bb37cd95b56ab3a4a4481a33c19e7da 1024w, https:\/\/brtk.net\/wp-content\/uploads\/2024\/10\/18\/IMG-20241018-WA0053-768x512.jpg?ver=7a7f85edc82dcf5182f2bf59b395829d 768w, https:\/\/brtk.net\/wp-content\/uploads\/2024\/10\/18\/IMG-20241018-WA0053-1536x1025.jpg?ver=fc678ade5ee053f2169dce9207ea3953 1536w\"\/>                            <\/div>\n<p>10\u2019uncu d\u00f6nem 4\u2019\u00fcnc\u00fc yasama y\u0131l\u0131n\u0131n Meclis Ba\u015fkan\u0131 se\u00e7ilen\u00a0Ziya \u00d6zt\u00fcrkler\u00a0bu g\u00f6revi 2 d\u00f6nem yapacak.<\/p>\n<p>5\u2019inci turda \u00d6zt\u00fcrker, 26 kabul, 23 ret oyu ald\u0131.<\/p>\n<\/p><\/div>\n<p><script async\n                    defer\n                    crossorigin=\"anonymous\"\n                    src=\"https:\/\/connect.facebook.net\/tr_TR\/sdk.js#xfbml=1&#038;version=v3.3\"\n            ><\/script><\/p>\n","protected":false},"excerpt":{"rendered":"<p>Ulusal Birlik Partisi\u2019nin (UBP) Meclis Ba\u015fkan\u0131\u00a0Ziya \u00d6zt\u00fcrkler, Meclis Genel Kurulu\u2019nda yap\u0131lan oylamada 5\u2019inci turda yeni Meclis Ba\u015fkan\u0131 se\u00e7ildi. Cumhuriyet Meclisi\u2019nin yeni ba\u015fkan\u0131 UBP Milletvekili\u00a0Ziya \u00d6zt\u00fcrkler\u00a0oldu. 10\u2019uncu d\u00f6nem 4\u2019\u00fcnc\u00fc yasama y\u0131l\u0131n\u0131n Meclis Ba\u015fkan\u0131 se\u00e7ilen\u00a0Ziya \u00d6zt\u00fcrkler\u00a0bu g\u00f6revi 2 d\u00f6nem yapacak. 5\u2019inci turda \u00d6zt\u00fcrker, 26 kabul, 23 ret oyu ald\u0131.<\/p>\n","protected":false},"author":1,"featured_media":67131,"comment_status":"open","ping_status":"open","sticky":false,"template":"","format":"standard","meta":{"footnotes":""},"categories":[81],"tags":[],"class_list":["post-67130","post","type-post","status-publish","format-standard","has-post-thumbnail","hentry","category-kibris"],"yoast_head":"<!-- This site is optimized with the Yoast SEO plugin v27.5 - https:\/\/yoast.com\/product\/yoast-seo-wordpress\/ -->\n<title>Ziya \u00d6zt\u00fcrkler, Meclis Ba\u015fkan\u0131 se\u00e7ildi -<\/title>\n<meta name=\"robots\" content=\"index, follow, max-snippet:-1, max-image-preview:large, max-video-preview:-1\" \/>\n<link rel=\"canonical\" href=\"https:\/\/kibrisdakik.com\/?p=67130\" \/>\n<meta property=\"og:locale\" content=\"tr_TR\" \/>\n<meta property=\"og:type\" content=\"article\" \/>\n<meta property=\"og:title\" content=\"Ziya \u00d6zt\u00fcrkler, Meclis Ba\u015fkan\u0131 se\u00e7ildi -\" \/>\n<meta property=\"og:description\" content=\"Ulusal Birlik Partisi\u2019nin (UBP) Meclis Ba\u015fkan\u0131\u00a0Ziya \u00d6zt\u00fcrkler, Meclis Genel Kurulu\u2019nda yap\u0131lan oylamada 5\u2019inci turda yeni Meclis Ba\u015fkan\u0131 se\u00e7ildi. Cumhuriyet Meclisi\u2019nin yeni ba\u015fkan\u0131 UBP Milletvekili\u00a0Ziya \u00d6zt\u00fcrkler\u00a0oldu. 10\u2019uncu d\u00f6nem 4\u2019\u00fcnc\u00fc yasama y\u0131l\u0131n\u0131n Meclis Ba\u015fkan\u0131 se\u00e7ilen\u00a0Ziya \u00d6zt\u00fcrkler\u00a0bu g\u00f6revi 2 d\u00f6nem yapacak. 5\u2019inci turda \u00d6zt\u00fcrker, 26 kabul, 23 ret oyu ald\u0131.\" \/>\n<meta property=\"og:url\" content=\"https:\/\/kibrisdakik.com\/?p=67130\" \/>\n<meta property=\"article:published_time\" content=\"2024-10-18T14:37:47+00:00\" \/>\n<meta property=\"og:image\" content=\"https:\/\/kibrisdakik.com\/wp-content\/uploads\/2024\/10\/06132621-c7ff-4557-bb07-03ce0d456e61-740x420.jpg\" \/>\n\t<meta property=\"og:image:width\" content=\"2048\" \/>\n\t<meta property=\"og:image:height\" content=\"1366\" \/>\n\t<meta property=\"og:image:type\" content=\"image\/jpeg\" \/>\n<meta name=\"author\" content=\"admin\" \/>\n<meta name=\"twitter:card\" content=\"summary_large_image\" \/>\n<meta name=\"twitter:label1\" content=\"Yazan:\" \/>\n\t<meta name=\"twitter:data1\" content=\"admin\" \/>\n<script type=\"application\/ld+json\" class=\"yoast-schema-graph\">{\"@context\":\"https:\\\/\\\/schema.org\",\"@graph\":[{\"@type\":\"Article\",\"@id\":\"https:\\\/\\\/kibrisdakik.com\\\/?p=67130#article\",\"isPartOf\":{\"@id\":\"https:\\\/\\\/kibrisdakik.com\\\/?p=67130\"},\"author\":{\"name\":\"admin\",\"@id\":\"https:\\\/\\\/kibrisdakik.com\\\/#\\\/schema\\\/person\\\/9cd9d437bbb44f72b73ba127e06d8e79\"},\"headline\":\"Ziya \u00d6zt\u00fcrkler, Meclis Ba\u015fkan\u0131 se\u00e7ildi\",\"datePublished\":\"2024-10-18T14:37:47+00:00\",\"mainEntityOfPage\":{\"@id\":\"https:\\\/\\\/kibrisdakik.com\\\/?p=67130\"},\"wordCount\":77,\"commentCount\":0,\"image\":{\"@id\":\"https:\\\/\\\/kibrisdakik.com\\\/?p=67130#primaryimage\"},\"thumbnailUrl\":\"https:\\\/\\\/kibrisdakik.com\\\/wp-content\\\/uploads\\\/2024\\\/10\\\/06132621-c7ff-4557-bb07-03ce0d456e61-740x420.jpg\",\"articleSection\":[\"K\u0131br\u0131s\"],\"inLanguage\":\"tr\",\"potentialAction\":[{\"@type\":\"CommentAction\",\"name\":\"Comment\",\"target\":[\"https:\\\/\\\/kibrisdakik.com\\\/?p=67130#respond\"]}]},{\"@type\":\"WebPage\",\"@id\":\"https:\\\/\\\/kibrisdakik.com\\\/?p=67130\",\"url\":\"https:\\\/\\\/kibrisdakik.com\\\/?p=67130\",\"name\":\"Ziya \u00d6zt\u00fcrkler, Meclis Ba\u015fkan\u0131 se\u00e7ildi -\",\"isPartOf\":{\"@id\":\"https:\\\/\\\/kibrisdakik.com\\\/#website\"},\"primaryImageOfPage\":{\"@id\":\"https:\\\/\\\/kibrisdakik.com\\\/?p=67130#primaryimage\"},\"image\":{\"@id\":\"https:\\\/\\\/kibrisdakik.com\\\/?p=67130#primaryimage\"},\"thumbnailUrl\":\"https:\\\/\\\/kibrisdakik.com\\\/wp-content\\\/uploads\\\/2024\\\/10\\\/06132621-c7ff-4557-bb07-03ce0d456e61-740x420.jpg\",\"datePublished\":\"2024-10-18T14:37:47+00:00\",\"author\":{\"@id\":\"https:\\\/\\\/kibrisdakik.com\\\/#\\\/schema\\\/person\\\/9cd9d437bbb44f72b73ba127e06d8e79\"},\"breadcrumb\":{\"@id\":\"https:\\\/\\\/kibrisdakik.com\\\/?p=67130#breadcrumb\"},\"inLanguage\":\"tr\",\"potentialAction\":[{\"@type\":\"ReadAction\",\"target\":[\"https:\\\/\\\/kibrisdakik.com\\\/?p=67130\"]}]},{\"@type\":\"ImageObject\",\"inLanguage\":\"tr\",\"@id\":\"https:\\\/\\\/kibrisdakik.com\\\/?p=67130#primaryimage\",\"url\":\"https:\\\/\\\/kibrisdakik.com\\\/wp-content\\\/uploads\\\/2024\\\/10\\\/06132621-c7ff-4557-bb07-03ce0d456e61-740x420.jpg\",\"contentUrl\":\"https:\\\/\\\/kibrisdakik.com\\\/wp-content\\\/uploads\\\/2024\\\/10\\\/06132621-c7ff-4557-bb07-03ce0d456e61-740x420.jpg\",\"width\":2048,\"height\":1366},{\"@type\":\"BreadcrumbList\",\"@id\":\"https:\\\/\\\/kibrisdakik.com\\\/?p=67130#breadcrumb\",\"itemListElement\":[{\"@type\":\"ListItem\",\"position\":1,\"name\":\"Home\",\"item\":\"https:\\\/\\\/kibrisdakik.com\\\/\"},{\"@type\":\"ListItem\",\"position\":2,\"name\":\"Ziya \u00d6zt\u00fcrkler, Meclis Ba\u015fkan\u0131 se\u00e7ildi\"}]},{\"@type\":\"WebSite\",\"@id\":\"https:\\\/\\\/kibrisdakik.com\\\/#website\",\"url\":\"https:\\\/\\\/kibrisdakik.com\\\/\",\"name\":\"\",\"description\":\"Tam vaktinde haber\",\"potentialAction\":[{\"@type\":\"SearchAction\",\"target\":{\"@type\":\"EntryPoint\",\"urlTemplate\":\"https:\\\/\\\/kibrisdakik.com\\\/?s={search_term_string}\"},\"query-input\":{\"@type\":\"PropertyValueSpecification\",\"valueRequired\":true,\"valueName\":\"search_term_string\"}}],\"inLanguage\":\"tr\"},{\"@type\":\"Person\",\"@id\":\"https:\\\/\\\/kibrisdakik.com\\\/#\\\/schema\\\/person\\\/9cd9d437bbb44f72b73ba127e06d8e79\",\"name\":\"admin\",\"image\":{\"@type\":\"ImageObject\",\"inLanguage\":\"tr\",\"@id\":\"https:\\\/\\\/secure.gravatar.com\\\/avatar\\\/ccc17943b9d660506c869530f897617f7cb1c21a4bf30023f252596d83e1f007?s=96&d=mm&r=g\",\"url\":\"https:\\\/\\\/secure.gravatar.com\\\/avatar\\\/ccc17943b9d660506c869530f897617f7cb1c21a4bf30023f252596d83e1f007?s=96&d=mm&r=g\",\"contentUrl\":\"https:\\\/\\\/secure.gravatar.com\\\/avatar\\\/ccc17943b9d660506c869530f897617f7cb1c21a4bf30023f252596d83e1f007?s=96&d=mm&r=g\",\"caption\":\"admin\"},\"sameAs\":[\"https:\\\/\\\/kibrisdakik.com\"],\"url\":\"https:\\\/\\\/kibrisdakik.com\\\/?author=1\"}]}<\/script>\n<!-- \/ Yoast SEO plugin. -->","yoast_head_json":{"title":"Ziya \u00d6zt\u00fcrkler, Meclis Ba\u015fkan\u0131 se\u00e7ildi -","robots":{"index":"index","follow":"follow","max-snippet":"max-snippet:-1","max-image-preview":"max-image-preview:large","max-video-preview":"max-video-preview:-1"},"canonical":"https:\/\/kibrisdakik.com\/?p=67130","og_locale":"tr_TR","og_type":"article","og_title":"Ziya \u00d6zt\u00fcrkler, Meclis Ba\u015fkan\u0131 se\u00e7ildi -","og_description":"Ulusal Birlik Partisi\u2019nin (UBP) Meclis Ba\u015fkan\u0131\u00a0Ziya \u00d6zt\u00fcrkler, Meclis Genel Kurulu\u2019nda yap\u0131lan oylamada 5\u2019inci turda yeni Meclis Ba\u015fkan\u0131 se\u00e7ildi. Cumhuriyet Meclisi\u2019nin yeni ba\u015fkan\u0131 UBP Milletvekili\u00a0Ziya \u00d6zt\u00fcrkler\u00a0oldu. 10\u2019uncu d\u00f6nem 4\u2019\u00fcnc\u00fc yasama y\u0131l\u0131n\u0131n Meclis Ba\u015fkan\u0131 se\u00e7ilen\u00a0Ziya \u00d6zt\u00fcrkler\u00a0bu g\u00f6revi 2 d\u00f6nem yapacak. 5\u2019inci turda \u00d6zt\u00fcrker, 26 kabul, 23 ret oyu ald\u0131.","og_url":"https:\/\/kibrisdakik.com\/?p=67130","article_published_time":"2024-10-18T14:37:47+00:00","og_image":[{"width":2048,"height":1366,"url":"https:\/\/kibrisdakik.com\/wp-content\/uploads\/2024\/10\/06132621-c7ff-4557-bb07-03ce0d456e61-740x420.jpg","type":"image\/jpeg"}],"author":"admin","twitter_card":"summary_large_image","twitter_misc":{"Yazan:":"admin"},"schema":{"@context":"https:\/\/schema.org","@graph":[{"@type":"Article","@id":"https:\/\/kibrisdakik.com\/?p=67130#article","isPartOf":{"@id":"https:\/\/kibrisdakik.com\/?p=67130"},"author":{"name":"admin","@id":"https:\/\/kibrisdakik.com\/#\/schema\/person\/9cd9d437bbb44f72b73ba127e06d8e79"},"headline":"Ziya \u00d6zt\u00fcrkler, Meclis Ba\u015fkan\u0131 se\u00e7ildi","datePublished":"2024-10-18T14:37:47+00:00","mainEntityOfPage":{"@id":"https:\/\/kibrisdakik.com\/?p=67130"},"wordCount":77,"commentCount":0,"image":{"@id":"https:\/\/kibrisdakik.com\/?p=67130#primaryimage"},"thumbnailUrl":"https:\/\/kibrisdakik.com\/wp-content\/uploads\/2024\/10\/06132621-c7ff-4557-bb07-03ce0d456e61-740x420.jpg","articleSection":["K\u0131br\u0131s"],"inLanguage":"tr","potentialAction":[{"@type":"CommentAction","name":"Comment","target":["https:\/\/kibrisdakik.com\/?p=67130#respond"]}]},{"@type":"WebPage","@id":"https:\/\/kibrisdakik.com\/?p=67130","url":"https:\/\/kibrisdakik.com\/?p=67130","name":"Ziya \u00d6zt\u00fcrkler, Meclis Ba\u015fkan\u0131 se\u00e7ildi -","isPartOf":{"@id":"https:\/\/kibrisdakik.com\/#website"},"primaryImageOfPage":{"@id":"https:\/\/kibrisdakik.com\/?p=67130#primaryimage"},"image":{"@id":"https:\/\/kibrisdakik.com\/?p=67130#primaryimage"},"thumbnailUrl":"https:\/\/kibrisdakik.com\/wp-content\/uploads\/2024\/10\/06132621-c7ff-4557-bb07-03ce0d456e61-740x420.jpg","datePublished":"2024-10-18T14:37:47+00:00","author":{"@id":"https:\/\/kibrisdakik.com\/#\/schema\/person\/9cd9d437bbb44f72b73ba127e06d8e79"},"breadcrumb":{"@id":"https:\/\/kibrisdakik.com\/?p=67130#breadcrumb"},"inLanguage":"tr","potentialAction":[{"@type":"ReadAction","target":["https:\/\/kibrisdakik.com\/?p=67130"]}]},{"@type":"ImageObject","inLanguage":"tr","@id":"https:\/\/kibrisdakik.com\/?p=67130#primaryimage","url":"https:\/\/kibrisdakik.com\/wp-content\/uploads\/2024\/10\/06132621-c7ff-4557-bb07-03ce0d456e61-740x420.jpg","contentUrl":"https:\/\/kibrisdakik.com\/wp-content\/uploads\/2024\/10\/06132621-c7ff-4557-bb07-03ce0d456e61-740x420.jpg","width":2048,"height":1366},{"@type":"BreadcrumbList","@id":"https:\/\/kibrisdakik.com\/?p=67130#breadcrumb","itemListElement":[{"@type":"ListItem","position":1,"name":"Home","item":"https:\/\/kibrisdakik.com\/"},{"@type":"ListItem","position":2,"name":"Ziya \u00d6zt\u00fcrkler, Meclis Ba\u015fkan\u0131 se\u00e7ildi"}]},{"@type":"WebSite","@id":"https:\/\/kibrisdakik.com\/#website","url":"https:\/\/kibrisdakik.com\/","name":"","description":"Tam vaktinde haber","potentialAction":[{"@type":"SearchAction","target":{"@type":"EntryPoint","urlTemplate":"https:\/\/kibrisdakik.com\/?s={search_term_string}"},"query-input":{"@type":"PropertyValueSpecification","valueRequired":true,"valueName":"search_term_string"}}],"inLanguage":"tr"},{"@type":"Person","@id":"https:\/\/kibrisdakik.com\/#\/schema\/person\/9cd9d437bbb44f72b73ba127e06d8e79","name":"admin","image":{"@type":"ImageObject","inLanguage":"tr","@id":"https:\/\/secure.gravatar.com\/avatar\/ccc17943b9d660506c869530f897617f7cb1c21a4bf30023f252596d83e1f007?s=96&d=mm&r=g","url":"https:\/\/secure.gravatar.com\/avatar\/ccc17943b9d660506c869530f897617f7cb1c21a4bf30023f252596d83e1f007?s=96&d=mm&r=g","contentUrl":"https:\/\/secure.gravatar.com\/avatar\/ccc17943b9d660506c869530f897617f7cb1c21a4bf30023f252596d83e1f007?s=96&d=mm&r=g","caption":"admin"},"sameAs":["https:\/\/kibrisdakik.com"],"url":"https:\/\/kibrisdakik.com\/?author=1"}]}},"_links":{"self":[{"href":"https:\/\/kibrisdakik.com\/index.php?rest_route=\/wp\/v2\/posts\/67130","targetHints":{"allow":["GET"]}}],"collection":[{"href":"https:\/\/kibrisdakik.com\/index.php?rest_route=\/wp\/v2\/posts"}],"about":[{"href":"https:\/\/kibrisdakik.com\/index.php?rest_route=\/wp\/v2\/types\/post"}],"author":[{"embeddable":true,"href":"https:\/\/kibrisdakik.com\/index.php?rest_route=\/wp\/v2\/users\/1"}],"replies":[{"embeddable":true,"href":"https:\/\/kibrisdakik.com\/index.php?rest_route=%2Fwp%2Fv2%2Fcomments&post=67130"}],"version-history":[{"count":0,"href":"https:\/\/kibrisdakik.com\/index.php?rest_route=\/wp\/v2\/posts\/67130\/revisions"}],"wp:featuredmedia":[{"embeddable":true,"href":"https:\/\/kibrisdakik.com\/index.php?rest_route=\/wp\/v2\/media\/67131"}],"wp:attachment":[{"href":"https:\/\/kibrisdakik.com\/index.php?rest_route=%2Fwp%2Fv2%2Fmedia&parent=67130"}],"wp:term":[{"taxonomy":"category","embeddable":true,"href":"https:\/\/kibrisdakik.com\/index.php?rest_route=%2Fwp%2Fv2%2Fcategories&post=67130"},{"taxonomy":"post_tag","embeddable":true,"href":"https:\/\/kibrisdakik.com\/index.php?rest_route=%2Fwp%2Fv2%2Ftags&post=67130"}],"curies":[{"name":"wp","href":"https:\/\/api.w.org\/{rel}","templated":true}]}}