{"id":67136,"date":"2024-10-18T10:43:22","date_gmt":"2024-10-18T07:43:22","guid":{"rendered":"https:\/\/kibrisdakik.com\/index.php\/2024\/10\/18\/hayatimiza-deger-katan-kadinlarimiz-41-kadin-41-hayat-sergisi-sacakli-evde-acildi\/"},"modified":"2024-10-18T10:43:22","modified_gmt":"2024-10-18T07:43:22","slug":"hayatimiza-deger-katan-kadinlarimiz-41-kadin-41-hayat-sergisi-sacakli-evde-acildi","status":"publish","type":"post","link":"https:\/\/kibrisdakik.com\/?p=67136","title":{"rendered":"\u201cHayat\u0131m\u0131za De\u011fer Katan Kad\u0131nlar\u0131m\u0131z-41 Kad\u0131n 41 Hayat\u201d sergisi Sa\u00e7akl\u0131 Ev\u2019de a\u00e7\u0131ld\u0131"},"content":{"rendered":"<p> <br \/>\n<\/p>\n<div>\n<div class=\"mariselle-image-container center\">\n                <img loading=\"lazy\" decoding=\"async\" width=\"2560\" height=\"902\" class=\"lazy-image\" alt=\"\" sizes=\"auto, (max-width: 2560px) 100vw, 2560px\" src=\"https:\/\/brtk.net\/wp-content\/uploads\/2024\/10\/18\/aisla7-scaled.jpg?ver=db3b7f739ddad5bc2fd437f6def851c3\" srcset=\"https:\/\/brtk.net\/wp-content\/uploads\/2024\/10\/18\/aisla7-scaled.jpg?ver=db3b7f739ddad5bc2fd437f6def851c3 2560w, https:\/\/brtk.net\/wp-content\/uploads\/2024\/10\/18\/aisla7-300x106.jpg?ver=db3b7f739ddad5bc2fd437f6def851c3 300w, https:\/\/brtk.net\/wp-content\/uploads\/2024\/10\/18\/aisla7-1024x361.jpg?ver=5a26ab36f04fff565a88ec773e5d3464 1024w, https:\/\/brtk.net\/wp-content\/uploads\/2024\/10\/18\/aisla7-768x271.jpg?ver=22694f4f42452d1359059dab2d96bb5f 768w, https:\/\/brtk.net\/wp-content\/uploads\/2024\/10\/18\/aisla7-1536x541.jpg?ver=9d6161de157fcf764ad105e21a7dd2d8 1536w, https:\/\/brtk.net\/wp-content\/uploads\/2024\/10\/18\/aisla7-2048x722.jpg?ver=37af62941ff62dfb7926a3b1cbc3b261 2048w\"\/>                            <\/div>\n<p>K\u0131br\u0131s Kad\u0131n \u00d6yk\u00fcleri Derne\u011fi (K\u00d6DER) taraf\u0131ndan haz\u0131rlanan \u201cHayat\u0131m\u0131za De\u011fer Katan Kad\u0131nlar\u0131m\u0131z-41 Kad\u0131n 41 Hayat\u201d kitab\u0131nda yer alacak kad\u0131nlar\u0131n foto\u011fraf ve ki\u015fisel e\u015fyalar\u0131ndan olu\u015fan sergi d\u00fcn Sa\u00e7akl\u0131 Ev\u2019de a\u00e7\u0131ld\u0131.<\/p>\n<p>K\u00d6DER\u2019den verilen bilgiye g\u00f6re sergi bug\u00fcn saat 17.30 ve yar\u0131n 13.00\u2019e kadar ziyaret\u00e7ilere a\u00e7\u0131k olacak.<\/p>\n<p>K\u00d6DER-Garanti BBVA i\u015fbirli\u011finde d\u00fczenlenen serginin a\u00e7\u0131l\u0131\u015f\u0131na Meclis Ba\u015fkan Yard\u0131mc\u0131s\u0131 Fazilet \u00d6zdenefe, baz\u0131 milletvekilleri, eski Y\u00fcksek Mahkeme Ba\u015fkan\u0131 Narin Ferdi \u015eefik,  Garanti BBVA \u00dclke M\u00fcdiresi Elif Alt\u0131nkol ile K\u00d6DER Ba\u015fkan\u0131 \u015eenay Ekingen de kat\u0131ld\u0131.<\/p>\n<p>Sergi a\u00e7\u0131l\u0131\u015f\u0131 konu\u015fmalar\u0131yla ba\u015flad\u0131; ard\u0131ndan K\u00d6DER Ba\u015fkan\u0131 \u015eenay Ekingen desteklerinden dolay\u0131 Garanti BBVA \u00dclke M\u00fcdiresi Elif Alt\u0131nkol\u2019a bir K\u0131br\u0131s sand\u0131\u011f\u0131 hediye etti. A\u00e7\u0131l\u0131\u015f kurdelesi kesilmesi sonras\u0131nda iki farkl\u0131 odada yer alan sergi gezildi.<\/p>\n<p>-Ekingen<\/p>\n<p>K\u00d6DER Ba\u015fkan\u0131 \u015eenay Ekingen derne\u011fin kurulu\u015f amac\u0131n\u0131 anlatarak ba\u015flad\u0131\u011f\u0131 konu\u015fmas\u0131nda bug\u00fcne kadar K\u00d6DER\u2019in 26 belgesel, 3 sergi ve 3 kitap \u00fcretti\u011fini kaydetti.<\/p>\n<p>Garanti BBVA ile geleneksel hale getirdikleri ve 4.kitab\u0131n ilk ad\u0131m\u0131 olan 4.sergiyi toplumla bulu\u015fturman\u0131n gururunu ya\u015fad\u0131klar\u0131n\u0131 ifade eden Ekingen, K\u00d6DER\u2019i etkinli\u011fe kat\u0131lanlara te\u015fekk\u00fcrlerini sundu.<\/p>\n<p>Ekingen \u201cArt\u0131k sergilerimiz salonlara s\u0131\u011fam\u0131yor. Halk\u0131m\u0131z\u0131n yo\u011fun ilgisine m\u00fcte\u015fekkiriz. Ge\u00e7ti\u011fimiz y\u0131l s\u00f6yledi\u011fimi tekrar etmek istiyorum. Garanti BBVA\u2019ya adeta bir yurtseverlik g\u00f6revi yaparak sergilerimize destek olduklar\u0131 i\u00e7in \u00f6zel olarak te\u015fekk\u00fcr etmek istiyorum. Onlarla art\u0131k bir aile gibi olduk. Her t\u00fcrl\u00fc zorlu\u011fu a\u015farak bizleri bug\u00fcnlere ta\u015f\u0131yan, hayatlar\u0131 ve \u00fcrettikleriyle topluma \u0131\u015f\u0131k olan, bizlerin yolunu ayd\u0131nlatan kad\u0131nlar\u0131m\u0131zdan 41 tanesinin daha sergisinde yine bir araday\u0131z. En b\u00fcy\u00fck te\u015fekk\u00fcr\u00fc onlar hak ediyor. Hepsini sevgi, sayg\u0131 ve \u015f\u00fckranla an\u0131yorum.\u201d Diye konu\u015ftu.<\/p>\n<p>Garanti BBVA \u00dclke M\u00fcdiresi Elif Alt\u0131nkol bireyin bebeklikten ba\u015flayarak t\u00fcm geli\u015fim evrelerinde sa\u011flam bir ki\u015filik geli\u015ftirebilmesi i\u00e7in hik\u00e2ye ve masallara ihtiyac\u0131 oldu\u011funu ve anlamland\u0131rma, sorgulamaya ba\u015flad\u0131\u011f\u0131 d\u00f6nemde bunun \u00e7ok \u00f6nemli bir unsur oldu\u011funu s\u00f6yledi.<\/p>\n<p>Anne hik\u00e2yelerinin bir \u00e7ocu\u011fun hayat\u0131 anlamland\u0131rmas\u0131na ve bu anlam etiketi i\u00e7inde kendini de\u011ferli hissetmesine uzanan kritik bir etkisi oldu\u011funu  belirten Alt\u0131nkol, \u201cBu etkinin hayat boyu devam etti\u011fini kavrarsak, hik\u00e2yeler ve kad\u0131n\u0131n nas\u0131l da muazzam bir ikili olu\u015fturdu\u011funu tekrar fark ederiz\u201d dedi.<\/p>\n<p>Kad\u0131n hik\u00e2yelerinin jenerasyonlar boyu devam edecek bir etki alan\u0131 oldu\u011fu bilinciyle toplum sa\u011fl\u0131\u011f\u0131n\u0131n da en kritik bile\u015fenlerinden biri oldu\u011funu kaydeden Alt\u0131nkol, \u201cBelki de en etkilisi oldu\u011funa inan\u0131yorum. Bize u\u011fruna ya\u015fanacak ortak ama\u00e7lar ve emek koymaya motive eden de\u011ferler veren merhum kad\u0131nlar\u0131m\u0131z\u0131 ve onlar\u0131n k\u0131zlar\u0131 olan sizleri sevgiyle sayg\u0131yla selaml\u0131yorum.\u201d dedi. <\/p>\n<p>Meclis Ba\u015fkan Yard\u0131mc\u0131s\u0131 Fazilet \u00d6zdenefe ise anneannesinin de bir\u00e7ok K\u0131br\u0131sl\u0131 T\u00fcrk kad\u0131n\u0131 gibi bu co\u011frafyan\u0131n \u00e7ok \u00f6nemli s\u0131k\u0131nt\u0131lar\u0131na ra\u011fmen kendini var edebilmi\u015f kad\u0131nlardan birisi oldu\u011funu s\u00f6yledi. \u00d6zdenefe, K\u00d6DER\u2019in kitaplar\u0131nda okudu\u011fu bir\u00e7ok hikayenin bu \u00fclke tarihi a\u00e7\u0131s\u0131ndan \u00e7ok \u00f6nemli yere sahip oldu\u011funu kaydetti.<\/p>\n<p>Bug\u00fcnk\u00fc organizasyonun da \u00e7ok de\u011ferli oldu\u011funu belirten \u00d6zdenefe, 41 kad\u0131n\u0131n e\u015fyalar\u0131n\u0131 kullanarak hayatlar\u0131ndan kesitleri topluma anlatman\u0131n \u00e7ok k\u0131ymetli oldu\u011funu vurgulad\u0131.<\/p>\n<p>K\u00d6DER\u2019e ve bu t\u00fcr etkinliklere destek veren Garanti BBVA\u2019ya te\u015fekk\u00fcr eden \u00d6zdenefe, \u201cKad\u0131n bireydir ve birey olarak farkl\u0131 alanlarda verdi\u011fi m\u00fccadele ile halk\u0131 omuzlar\u0131nda ta\u015f\u0131m\u0131\u015ft\u0131r. Bu kadar g\u00fczel ve g\u00fc\u00e7l\u00fc kad\u0131n\u0131 bir arada g\u00f6rmek beni de olduk\u00e7a heyecanland\u0131rd\u0131. \u0130yi ki vars\u0131n\u0131z. Toplumu toplum yapan haf\u0131zas\u0131d\u0131r ve K\u00d6DER\u2019e de bu haf\u0131zay\u0131 her ge\u00e7en y\u0131l biraz daha \u00fczerine koyarak yans\u0131tt\u0131\u011f\u0131 i\u00e7in \u00e7ok te\u015fekk\u00fcrler.\u201d dedi.<\/p>\n<\/p><\/div>\n<p><script async\n                    defer\n                    crossorigin=\"anonymous\"\n                    src=\"https:\/\/connect.facebook.net\/tr_TR\/sdk.js#xfbml=1&#038;version=v3.3\"\n            ><\/script><br \/>\n<br \/><br \/>\n<br \/><a href=\"https:\/\/brtk.net\/hayatimiza-deger-katan-kadinlarimiz-41-kadin-41-hayat-sergisi-sacakli-evde-acildi\/\">kpostasi <\/a><\/p>\n","protected":false},"excerpt":{"rendered":"<p>K\u0131br\u0131s Kad\u0131n \u00d6yk\u00fcleri Derne\u011fi (K\u00d6DER) taraf\u0131ndan haz\u0131rlanan \u201cHayat\u0131m\u0131za De\u011fer Katan Kad\u0131nlar\u0131m\u0131z-41 Kad\u0131n 41 Hayat\u201d kitab\u0131nda yer alacak kad\u0131nlar\u0131n foto\u011fraf ve ki\u015fisel e\u015fyalar\u0131ndan olu\u015fan sergi d\u00fcn Sa\u00e7akl\u0131 Ev\u2019de a\u00e7\u0131ld\u0131. K\u00d6DER\u2019den verilen bilgiye g\u00f6re sergi bug\u00fcn saat 17.30 ve yar\u0131n 13.00\u2019e kadar ziyaret\u00e7ilere a\u00e7\u0131k olacak. K\u00d6DER-Garanti BBVA i\u015fbirli\u011finde d\u00fczenlenen serginin a\u00e7\u0131l\u0131\u015f\u0131na Meclis Ba\u015fkan Yard\u0131mc\u0131s\u0131 Fazilet \u00d6zdenefe, baz\u0131<\/p>\n","protected":false},"author":1,"featured_media":67137,"comment_status":"open","ping_status":"open","sticky":false,"template":"","format":"standard","meta":{"footnotes":""},"categories":[1,81],"tags":[],"class_list":["post-67136","post","type-post","status-publish","format-standard","has-post-thumbnail","hentry","category-gundem","category-kibris"],"yoast_head":"<!-- This site is optimized with the Yoast SEO plugin v27.4 - https:\/\/yoast.com\/product\/yoast-seo-wordpress\/ -->\n<title>\u201cHayat\u0131m\u0131za De\u011fer Katan Kad\u0131nlar\u0131m\u0131z-41 Kad\u0131n 41 Hayat\u201d sergisi Sa\u00e7akl\u0131 Ev\u2019de a\u00e7\u0131ld\u0131 -<\/title>\n<meta name=\"robots\" content=\"index, follow, max-snippet:-1, max-image-preview:large, max-video-preview:-1\" \/>\n<link rel=\"canonical\" href=\"https:\/\/kibrisdakik.com\/?p=67136\" \/>\n<meta property=\"og:locale\" content=\"tr_TR\" \/>\n<meta property=\"og:type\" content=\"article\" \/>\n<meta property=\"og:title\" content=\"\u201cHayat\u0131m\u0131za De\u011fer Katan Kad\u0131nlar\u0131m\u0131z-41 Kad\u0131n 41 Hayat\u201d sergisi Sa\u00e7akl\u0131 Ev\u2019de a\u00e7\u0131ld\u0131 -\" \/>\n<meta property=\"og:description\" content=\"K\u0131br\u0131s Kad\u0131n \u00d6yk\u00fcleri Derne\u011fi (K\u00d6DER) taraf\u0131ndan haz\u0131rlanan \u201cHayat\u0131m\u0131za De\u011fer Katan Kad\u0131nlar\u0131m\u0131z-41 Kad\u0131n 41 Hayat\u201d kitab\u0131nda yer alacak kad\u0131nlar\u0131n foto\u011fraf ve ki\u015fisel e\u015fyalar\u0131ndan olu\u015fan sergi d\u00fcn Sa\u00e7akl\u0131 Ev\u2019de a\u00e7\u0131ld\u0131. K\u00d6DER\u2019den verilen bilgiye g\u00f6re sergi bug\u00fcn saat 17.30 ve yar\u0131n 13.00\u2019e kadar ziyaret\u00e7ilere a\u00e7\u0131k olacak. K\u00d6DER-Garanti BBVA i\u015fbirli\u011finde d\u00fczenlenen serginin a\u00e7\u0131l\u0131\u015f\u0131na Meclis Ba\u015fkan Yard\u0131mc\u0131s\u0131 Fazilet \u00d6zdenefe, baz\u0131\" \/>\n<meta property=\"og:url\" content=\"https:\/\/kibrisdakik.com\/?p=67136\" \/>\n<meta property=\"article:published_time\" content=\"2024-10-18T07:43:22+00:00\" \/>\n<meta property=\"og:image\" content=\"https:\/\/kibrisdakik.com\/wp-content\/uploads\/2024\/10\/aisla7-scaled-740x420.jpg\" \/>\n\t<meta property=\"og:image:width\" content=\"2560\" \/>\n\t<meta property=\"og:image:height\" content=\"902\" \/>\n\t<meta property=\"og:image:type\" content=\"image\/jpeg\" \/>\n<meta name=\"author\" content=\"admin\" \/>\n<meta name=\"twitter:card\" content=\"summary_large_image\" \/>\n<meta name=\"twitter:label1\" content=\"Yazan:\" \/>\n\t<meta name=\"twitter:data1\" content=\"admin\" \/>\n\t<meta name=\"twitter:label2\" content=\"Tahmini okuma s\u00fcresi\" \/>\n\t<meta name=\"twitter:data2\" content=\"4 dakika\" \/>\n<script type=\"application\/ld+json\" class=\"yoast-schema-graph\">{\"@context\":\"https:\\\/\\\/schema.org\",\"@graph\":[{\"@type\":\"Article\",\"@id\":\"https:\\\/\\\/kibrisdakik.com\\\/?p=67136#article\",\"isPartOf\":{\"@id\":\"https:\\\/\\\/kibrisdakik.com\\\/?p=67136\"},\"author\":{\"name\":\"admin\",\"@id\":\"https:\\\/\\\/kibrisdakik.com\\\/#\\\/schema\\\/person\\\/9cd9d437bbb44f72b73ba127e06d8e79\"},\"headline\":\"\u201cHayat\u0131m\u0131za De\u011fer Katan Kad\u0131nlar\u0131m\u0131z-41 Kad\u0131n 41 Hayat\u201d sergisi Sa\u00e7akl\u0131 Ev\u2019de a\u00e7\u0131ld\u0131\",\"datePublished\":\"2024-10-18T07:43:22+00:00\",\"mainEntityOfPage\":{\"@id\":\"https:\\\/\\\/kibrisdakik.com\\\/?p=67136\"},\"wordCount\":743,\"commentCount\":0,\"image\":{\"@id\":\"https:\\\/\\\/kibrisdakik.com\\\/?p=67136#primaryimage\"},\"thumbnailUrl\":\"https:\\\/\\\/kibrisdakik.com\\\/wp-content\\\/uploads\\\/2024\\\/10\\\/aisla7-scaled-740x420.jpg\",\"articleSection\":[\"G\u00fcndem\",\"K\u0131br\u0131s\"],\"inLanguage\":\"tr\",\"potentialAction\":[{\"@type\":\"CommentAction\",\"name\":\"Comment\",\"target\":[\"https:\\\/\\\/kibrisdakik.com\\\/?p=67136#respond\"]}]},{\"@type\":\"WebPage\",\"@id\":\"https:\\\/\\\/kibrisdakik.com\\\/?p=67136\",\"url\":\"https:\\\/\\\/kibrisdakik.com\\\/?p=67136\",\"name\":\"\u201cHayat\u0131m\u0131za De\u011fer Katan Kad\u0131nlar\u0131m\u0131z-41 Kad\u0131n 41 Hayat\u201d sergisi Sa\u00e7akl\u0131 Ev\u2019de a\u00e7\u0131ld\u0131 -\",\"isPartOf\":{\"@id\":\"https:\\\/\\\/kibrisdakik.com\\\/#website\"},\"primaryImageOfPage\":{\"@id\":\"https:\\\/\\\/kibrisdakik.com\\\/?p=67136#primaryimage\"},\"image\":{\"@id\":\"https:\\\/\\\/kibrisdakik.com\\\/?p=67136#primaryimage\"},\"thumbnailUrl\":\"https:\\\/\\\/kibrisdakik.com\\\/wp-content\\\/uploads\\\/2024\\\/10\\\/aisla7-scaled-740x420.jpg\",\"datePublished\":\"2024-10-18T07:43:22+00:00\",\"author\":{\"@id\":\"https:\\\/\\\/kibrisdakik.com\\\/#\\\/schema\\\/person\\\/9cd9d437bbb44f72b73ba127e06d8e79\"},\"breadcrumb\":{\"@id\":\"https:\\\/\\\/kibrisdakik.com\\\/?p=67136#breadcrumb\"},\"inLanguage\":\"tr\",\"potentialAction\":[{\"@type\":\"ReadAction\",\"target\":[\"https:\\\/\\\/kibrisdakik.com\\\/?p=67136\"]}]},{\"@type\":\"ImageObject\",\"inLanguage\":\"tr\",\"@id\":\"https:\\\/\\\/kibrisdakik.com\\\/?p=67136#primaryimage\",\"url\":\"https:\\\/\\\/kibrisdakik.com\\\/wp-content\\\/uploads\\\/2024\\\/10\\\/aisla7-scaled-740x420.jpg\",\"contentUrl\":\"https:\\\/\\\/kibrisdakik.com\\\/wp-content\\\/uploads\\\/2024\\\/10\\\/aisla7-scaled-740x420.jpg\",\"width\":2560,\"height\":902},{\"@type\":\"BreadcrumbList\",\"@id\":\"https:\\\/\\\/kibrisdakik.com\\\/?p=67136#breadcrumb\",\"itemListElement\":[{\"@type\":\"ListItem\",\"position\":1,\"name\":\"Home\",\"item\":\"https:\\\/\\\/kibrisdakik.com\\\/\"},{\"@type\":\"ListItem\",\"position\":2,\"name\":\"\u201cHayat\u0131m\u0131za De\u011fer Katan Kad\u0131nlar\u0131m\u0131z-41 Kad\u0131n 41 Hayat\u201d sergisi Sa\u00e7akl\u0131 Ev\u2019de a\u00e7\u0131ld\u0131\"}]},{\"@type\":\"WebSite\",\"@id\":\"https:\\\/\\\/kibrisdakik.com\\\/#website\",\"url\":\"https:\\\/\\\/kibrisdakik.com\\\/\",\"name\":\"\",\"description\":\"Tam vaktinde haber\",\"potentialAction\":[{\"@type\":\"SearchAction\",\"target\":{\"@type\":\"EntryPoint\",\"urlTemplate\":\"https:\\\/\\\/kibrisdakik.com\\\/?s={search_term_string}\"},\"query-input\":{\"@type\":\"PropertyValueSpecification\",\"valueRequired\":true,\"valueName\":\"search_term_string\"}}],\"inLanguage\":\"tr\"},{\"@type\":\"Person\",\"@id\":\"https:\\\/\\\/kibrisdakik.com\\\/#\\\/schema\\\/person\\\/9cd9d437bbb44f72b73ba127e06d8e79\",\"name\":\"admin\",\"image\":{\"@type\":\"ImageObject\",\"inLanguage\":\"tr\",\"@id\":\"https:\\\/\\\/secure.gravatar.com\\\/avatar\\\/ccc17943b9d660506c869530f897617f7cb1c21a4bf30023f252596d83e1f007?s=96&d=mm&r=g\",\"url\":\"https:\\\/\\\/secure.gravatar.com\\\/avatar\\\/ccc17943b9d660506c869530f897617f7cb1c21a4bf30023f252596d83e1f007?s=96&d=mm&r=g\",\"contentUrl\":\"https:\\\/\\\/secure.gravatar.com\\\/avatar\\\/ccc17943b9d660506c869530f897617f7cb1c21a4bf30023f252596d83e1f007?s=96&d=mm&r=g\",\"caption\":\"admin\"},\"sameAs\":[\"https:\\\/\\\/kibrisdakik.com\"],\"url\":\"https:\\\/\\\/kibrisdakik.com\\\/?author=1\"}]}<\/script>\n<!-- \/ Yoast SEO plugin. -->","yoast_head_json":{"title":"\u201cHayat\u0131m\u0131za De\u011fer Katan Kad\u0131nlar\u0131m\u0131z-41 Kad\u0131n 41 Hayat\u201d sergisi Sa\u00e7akl\u0131 Ev\u2019de a\u00e7\u0131ld\u0131 -","robots":{"index":"index","follow":"follow","max-snippet":"max-snippet:-1","max-image-preview":"max-image-preview:large","max-video-preview":"max-video-preview:-1"},"canonical":"https:\/\/kibrisdakik.com\/?p=67136","og_locale":"tr_TR","og_type":"article","og_title":"\u201cHayat\u0131m\u0131za De\u011fer Katan Kad\u0131nlar\u0131m\u0131z-41 Kad\u0131n 41 Hayat\u201d sergisi Sa\u00e7akl\u0131 Ev\u2019de a\u00e7\u0131ld\u0131 -","og_description":"K\u0131br\u0131s Kad\u0131n \u00d6yk\u00fcleri Derne\u011fi (K\u00d6DER) taraf\u0131ndan haz\u0131rlanan \u201cHayat\u0131m\u0131za De\u011fer Katan Kad\u0131nlar\u0131m\u0131z-41 Kad\u0131n 41 Hayat\u201d kitab\u0131nda yer alacak kad\u0131nlar\u0131n foto\u011fraf ve ki\u015fisel e\u015fyalar\u0131ndan olu\u015fan sergi d\u00fcn Sa\u00e7akl\u0131 Ev\u2019de a\u00e7\u0131ld\u0131. K\u00d6DER\u2019den verilen bilgiye g\u00f6re sergi bug\u00fcn saat 17.30 ve yar\u0131n 13.00\u2019e kadar ziyaret\u00e7ilere a\u00e7\u0131k olacak. K\u00d6DER-Garanti BBVA i\u015fbirli\u011finde d\u00fczenlenen serginin a\u00e7\u0131l\u0131\u015f\u0131na Meclis Ba\u015fkan Yard\u0131mc\u0131s\u0131 Fazilet \u00d6zdenefe, baz\u0131","og_url":"https:\/\/kibrisdakik.com\/?p=67136","article_published_time":"2024-10-18T07:43:22+00:00","og_image":[{"width":2560,"height":902,"url":"https:\/\/kibrisdakik.com\/wp-content\/uploads\/2024\/10\/aisla7-scaled-740x420.jpg","type":"image\/jpeg"}],"author":"admin","twitter_card":"summary_large_image","twitter_misc":{"Yazan:":"admin","Tahmini okuma s\u00fcresi":"4 dakika"},"schema":{"@context":"https:\/\/schema.org","@graph":[{"@type":"Article","@id":"https:\/\/kibrisdakik.com\/?p=67136#article","isPartOf":{"@id":"https:\/\/kibrisdakik.com\/?p=67136"},"author":{"name":"admin","@id":"https:\/\/kibrisdakik.com\/#\/schema\/person\/9cd9d437bbb44f72b73ba127e06d8e79"},"headline":"\u201cHayat\u0131m\u0131za De\u011fer Katan Kad\u0131nlar\u0131m\u0131z-41 Kad\u0131n 41 Hayat\u201d sergisi Sa\u00e7akl\u0131 Ev\u2019de a\u00e7\u0131ld\u0131","datePublished":"2024-10-18T07:43:22+00:00","mainEntityOfPage":{"@id":"https:\/\/kibrisdakik.com\/?p=67136"},"wordCount":743,"commentCount":0,"image":{"@id":"https:\/\/kibrisdakik.com\/?p=67136#primaryimage"},"thumbnailUrl":"https:\/\/kibrisdakik.com\/wp-content\/uploads\/2024\/10\/aisla7-scaled-740x420.jpg","articleSection":["G\u00fcndem","K\u0131br\u0131s"],"inLanguage":"tr","potentialAction":[{"@type":"CommentAction","name":"Comment","target":["https:\/\/kibrisdakik.com\/?p=67136#respond"]}]},{"@type":"WebPage","@id":"https:\/\/kibrisdakik.com\/?p=67136","url":"https:\/\/kibrisdakik.com\/?p=67136","name":"\u201cHayat\u0131m\u0131za De\u011fer Katan Kad\u0131nlar\u0131m\u0131z-41 Kad\u0131n 41 Hayat\u201d sergisi Sa\u00e7akl\u0131 Ev\u2019de a\u00e7\u0131ld\u0131 -","isPartOf":{"@id":"https:\/\/kibrisdakik.com\/#website"},"primaryImageOfPage":{"@id":"https:\/\/kibrisdakik.com\/?p=67136#primaryimage"},"image":{"@id":"https:\/\/kibrisdakik.com\/?p=67136#primaryimage"},"thumbnailUrl":"https:\/\/kibrisdakik.com\/wp-content\/uploads\/2024\/10\/aisla7-scaled-740x420.jpg","datePublished":"2024-10-18T07:43:22+00:00","author":{"@id":"https:\/\/kibrisdakik.com\/#\/schema\/person\/9cd9d437bbb44f72b73ba127e06d8e79"},"breadcrumb":{"@id":"https:\/\/kibrisdakik.com\/?p=67136#breadcrumb"},"inLanguage":"tr","potentialAction":[{"@type":"ReadAction","target":["https:\/\/kibrisdakik.com\/?p=67136"]}]},{"@type":"ImageObject","inLanguage":"tr","@id":"https:\/\/kibrisdakik.com\/?p=67136#primaryimage","url":"https:\/\/kibrisdakik.com\/wp-content\/uploads\/2024\/10\/aisla7-scaled-740x420.jpg","contentUrl":"https:\/\/kibrisdakik.com\/wp-content\/uploads\/2024\/10\/aisla7-scaled-740x420.jpg","width":2560,"height":902},{"@type":"BreadcrumbList","@id":"https:\/\/kibrisdakik.com\/?p=67136#breadcrumb","itemListElement":[{"@type":"ListItem","position":1,"name":"Home","item":"https:\/\/kibrisdakik.com\/"},{"@type":"ListItem","position":2,"name":"\u201cHayat\u0131m\u0131za De\u011fer Katan Kad\u0131nlar\u0131m\u0131z-41 Kad\u0131n 41 Hayat\u201d sergisi Sa\u00e7akl\u0131 Ev\u2019de a\u00e7\u0131ld\u0131"}]},{"@type":"WebSite","@id":"https:\/\/kibrisdakik.com\/#website","url":"https:\/\/kibrisdakik.com\/","name":"","description":"Tam vaktinde haber","potentialAction":[{"@type":"SearchAction","target":{"@type":"EntryPoint","urlTemplate":"https:\/\/kibrisdakik.com\/?s={search_term_string}"},"query-input":{"@type":"PropertyValueSpecification","valueRequired":true,"valueName":"search_term_string"}}],"inLanguage":"tr"},{"@type":"Person","@id":"https:\/\/kibrisdakik.com\/#\/schema\/person\/9cd9d437bbb44f72b73ba127e06d8e79","name":"admin","image":{"@type":"ImageObject","inLanguage":"tr","@id":"https:\/\/secure.gravatar.com\/avatar\/ccc17943b9d660506c869530f897617f7cb1c21a4bf30023f252596d83e1f007?s=96&d=mm&r=g","url":"https:\/\/secure.gravatar.com\/avatar\/ccc17943b9d660506c869530f897617f7cb1c21a4bf30023f252596d83e1f007?s=96&d=mm&r=g","contentUrl":"https:\/\/secure.gravatar.com\/avatar\/ccc17943b9d660506c869530f897617f7cb1c21a4bf30023f252596d83e1f007?s=96&d=mm&r=g","caption":"admin"},"sameAs":["https:\/\/kibrisdakik.com"],"url":"https:\/\/kibrisdakik.com\/?author=1"}]}},"_links":{"self":[{"href":"https:\/\/kibrisdakik.com\/index.php?rest_route=\/wp\/v2\/posts\/67136","targetHints":{"allow":["GET"]}}],"collection":[{"href":"https:\/\/kibrisdakik.com\/index.php?rest_route=\/wp\/v2\/posts"}],"about":[{"href":"https:\/\/kibrisdakik.com\/index.php?rest_route=\/wp\/v2\/types\/post"}],"author":[{"embeddable":true,"href":"https:\/\/kibrisdakik.com\/index.php?rest_route=\/wp\/v2\/users\/1"}],"replies":[{"embeddable":true,"href":"https:\/\/kibrisdakik.com\/index.php?rest_route=%2Fwp%2Fv2%2Fcomments&post=67136"}],"version-history":[{"count":0,"href":"https:\/\/kibrisdakik.com\/index.php?rest_route=\/wp\/v2\/posts\/67136\/revisions"}],"wp:featuredmedia":[{"embeddable":true,"href":"https:\/\/kibrisdakik.com\/index.php?rest_route=\/wp\/v2\/media\/67137"}],"wp:attachment":[{"href":"https:\/\/kibrisdakik.com\/index.php?rest_route=%2Fwp%2Fv2%2Fmedia&parent=67136"}],"wp:term":[{"taxonomy":"category","embeddable":true,"href":"https:\/\/kibrisdakik.com\/index.php?rest_route=%2Fwp%2Fv2%2Fcategories&post=67136"},{"taxonomy":"post_tag","embeddable":true,"href":"https:\/\/kibrisdakik.com\/index.php?rest_route=%2Fwp%2Fv2%2Ftags&post=67136"}],"curies":[{"name":"wp","href":"https:\/\/api.w.org\/{rel}","templated":true}]}}