{"id":67143,"date":"2024-10-18T21:11:38","date_gmt":"2024-10-18T18:11:38","guid":{"rendered":"https:\/\/kibrisdakik.com\/index.php\/2024\/10\/18\/isiksal-turkiyede-yer-alan-iki-etkinlikte-konusma-yapti\/"},"modified":"2024-10-18T21:11:38","modified_gmt":"2024-10-18T18:11:38","slug":"isiksal-turkiyede-yer-alan-iki-etkinlikte-konusma-yapti","status":"publish","type":"post","link":"https:\/\/kibrisdakik.com\/?p=67143","title":{"rendered":"I\u015f\u0131ksal T\u00fcrkiye\u2019de yer alan iki etkinlikte konu\u015fma yapt\u0131"},"content":{"rendered":"<div>\n<div class=\"mariselle-image-container center\">\n                                            <\/div>\n<p>Cumhurba\u015fkan\u0131 Uluslararas\u0131 \u0130li\u015fkiler ve Diplomasi \u00d6zel Dan\u0131\u015fman\u0131 Prof. Dr. H\u00fcseyin I\u015f\u0131ksal, \u0130stanbul\u2019da ve Konya\u2019da d\u00fczenlenen etkinliklere kat\u0131larak, konu\u015fma yapt\u0131.<\/p>\n<p>Cumhurba\u015fkanl\u0131\u011f\u0131 Bas\u0131n ve Halkla \u0130li\u015fkiler B\u00fcrosu\u2019ndan verilen bilgiye g\u00f6re, I\u015f\u0131ksal, \u0130stanbul\u2019da d\u00f6rd\u00fcnc\u00fcs\u00fc d\u00fczenlenen Manas Formu\u2019nda, \u201cKuzey K\u0131br\u0131s T\u00fcrk Cumhuriyeti\u2019nin T\u00fcrk D\u00fcnyas\u0131 Entegrasyonu \u0130\u00e7indeki Yeri ve \u00d6nemi\u201d konulu konu\u015fma yapt\u0131.<\/p>\n<p>4\u2019nc\u00fc Manas Formu, \u0130stanbul \u0130bn Haldun \u00dcniversitesi Haydar Aliyev Avrasya \u00c7al\u0131\u015fmalar\u0131 Merkezi, T\u00fcrk Devletleri Te\u015fkilat\u0131, T\u00fcrk \u0130\u015fbirli\u011fi Koordinasyon Ajans\u0131, Yurt D\u0131\u015f\u0131 T\u00fcrkler ve Akraba Topluluklar Ba\u015fkanl\u0131\u011f\u0131, K\u0131rg\u0131zistan-T\u00fcrkiye Manas \u00dcniversitesi, T\u00fcrk D\u00fcnyas\u0131 Stratejik Ara\u015ft\u0131rmalar Merkezi ve Kazakistan Ahmet Yesevi \u00dcniversitesi Avrasya Ara\u015ft\u0131rmalar\u0131 Enstit\u00fcs\u00fc taraf\u0131ndan d\u00fczenlendi.<\/p>\n<p>-Konya\u2019daki konferans <\/p>\n<p>Prof. Dr. H\u00fcseyin I\u015f\u0131ksal, Konya\u2019da ise Konya Sel\u00e7uk \u00dcniversitesi, Necmettin Erbakan \u00dcniversitesi ve Konya B\u00fcy\u00fck\u015fehir Belediyesi taraf\u0131ndan ortak d\u00fczenlenen \u201cMavi Vatan ve K\u0131br\u0131s\u201d isimli konferansta, \u201cKuzey K\u0131br\u0131s T\u00fcrk Cumhuriyeti\u2019nin Jeopolitik \u00d6nemi ve Mavi Vatan\u2019a Bak\u0131\u015f\u0131\u201d ba\u015fl\u0131kl\u0131 konu\u015fma yapt\u0131.<\/p>\n<p>Konu\u015fmas\u0131nda, konferans\u0131 d\u00fczenleyenlere te\u015fekk\u00fcr eden Prof. Dr. I\u015f\u0131ksal, kat\u0131l\u0131mc\u0131lara Cumhurba\u015fkan\u0131 Ersin Tatar\u2019\u0131n selamlar\u0131n\u0131 iletti.<\/p>\n<p>-\u201cK\u0131br\u0131s meselesi sadece K\u0131br\u0131s T\u00fcrkleri i\u00e7in de\u011fil, T\u00fcrkiye ve T\u00fcrk D\u00fcnyas\u0131 i\u00e7in de hayati bir mesele\u201d<\/p>\n<p>K\u0131br\u0131s meselesinin sadece K\u0131br\u0131s T\u00fcrkleri i\u00e7in de\u011fil, T\u00fcrkiye ve T\u00fcrk D\u00fcnyas\u0131 i\u00e7in de hayati bir mesele oldu\u011funu ifade eden I\u015f\u0131ksal, K\u0131br\u0131s T\u00fcrk halk\u0131n\u0131n y\u00fczy\u0131llard\u0131r verdi\u011fi onurlu m\u00fccadelenin sadece bir varolu\u015f m\u00fccadelesi olmad\u0131\u011f\u0131n\u0131, bu m\u00fccadelenin K\u0131br\u0131s T\u00fcrklerinin ba\u015fta Anavatan T\u00fcrkiye olmak \u00fczere t\u00fcm T\u00fcrk D\u00fcnyas\u0131 ile ba\u011flar\u0131n\u0131 koruma m\u00fccadelesi ve Do\u011fu Akdeniz\u2019deki jeopolitik g\u00fc\u00e7 ve hakimiyet ile do\u011frudan ilgili oldu\u011funu ifade etti.<\/p>\n<p>Kuzey K\u0131br\u0131s T\u00fcrk Cumhuriyeti\u2019nin T\u00fcrkiye ve T\u00fcrk d\u00fcnyas\u0131 i\u00e7in basit bir toprak par\u00e7as\u0131 olmad\u0131\u011f\u0131n\u0131 kaydeden I\u015f\u0131ksal, T\u00fcrk Devletleri Te\u015fkilat\u0131\u2019n\u0131n k\u00fcresel bir akt\u00f6r olmas\u0131n\u0131n ilk \u015fart\u0131n\u0131n KKTC\u2019nin varl\u0131\u011f\u0131 ve tan\u0131nmas\u0131 oldu\u011funu belirtti.<\/p>\n<p>-Di\u011fer karde\u015f \u00fclkelerden destek beklediklerini ifade etti<\/p>\n<p>I\u015f\u0131ksal, Anavatan T\u00fcrkiye ve Azerbaycan taraf\u0131ndan K\u0131br\u0131s T\u00fcrk halk\u0131n\u0131n onurlu m\u00fccadelesine verilen tam deste\u011fi di\u011fer karde\u015f \u00fclkelerden de beklendi\u011fini vurgulad\u0131.<\/p>\n<p>Konya\u2019daki konferansta yapt\u0131\u011f\u0131 konu\u015fmas\u0131nda I\u015f\u0131ksal, Mavi Vatan doktrinini, T\u00fcrk varl\u0131\u011f\u0131n\u0131 Do\u011fu Akdeniz\u2019den soyutlamaya \u00e7al\u0131\u015fan politikalara kar\u015f\u0131 ger\u00e7ek\u00e7i ve sa\u011flam hukuki temellere dayanan bir meydan okuma olarak tan\u0131mlad\u0131.<\/p>\n<p>Prof. Dr. H\u00fcseyin I\u015f\u0131ksal, T\u00fcrkiye\u2019den sadece 70 km uzaktaki K\u0131br\u0131s\u2019\u0131n, T\u00fcrkiye i\u00e7in Akdeniz\u2019e \u00e7\u0131k\u0131\u015f imk\u00e2n\u0131 sa\u011flamas\u0131n\u0131n yan\u0131 s\u0131ra, deniz ula\u015f\u0131m\u0131, karasular\u0131, k\u0131ta sahanl\u0131\u011f\u0131, M\u00fcnhas\u0131r Ekonomik B\u00f6lge, hava sahas\u0131n\u0131n kontrol\u00fc ve T\u00fcrkiye\u2019nin stratejik savunma derinli\u011fi a\u00e7\u0131s\u0131ndan b\u00fcy\u00fck bir \u00f6neme sahip oldu\u011funu kaydetti. Bu nedenlerle Kuzey K\u0131br\u0131s T\u00fcrk Cumhuriyeti\u2019nin tan\u0131nmas\u0131n\u0131n \u00f6nemli oldu\u011funu vurgulayan I\u015f\u0131ksal,  t\u00fcm insanl\u0131k d\u0131\u015f\u0131 izolasyon ve ambargolara kar\u015f\u0131 dizlerinin \u00fczerine \u00e7\u00f6kt\u00fcr\u00fclemeyen K\u0131br\u0131s T\u00fcrk halk\u0131n\u0131n yeni d\u00f6nemde de, \u00fczerine d\u00fc\u015feni yapaca\u011f\u0131n\u0131 ve m\u00fccadelesinin, ba\u011f\u0131ms\u0131zl\u0131\u011f\u0131n\u0131n, egemenli\u011finin ve gelece\u011finin simgesi KKTC\u2019nin sonsuza  kadar ya\u015fat\u0131laca\u011f\u0131n\u0131 s\u00f6yledi.<\/p>\n<\/p><\/div>\n<p><script async\n                    defer\n                    crossorigin=\"anonymous\"\n                    src=\"https:\/\/connect.facebook.net\/tr_TR\/sdk.js#xfbml=1&#038;version=v3.3\"\n            ><\/script><\/p>\n","protected":false},"excerpt":{"rendered":"<p>Cumhurba\u015fkan\u0131 Uluslararas\u0131 \u0130li\u015fkiler ve Diplomasi \u00d6zel Dan\u0131\u015fman\u0131 Prof. Dr. H\u00fcseyin I\u015f\u0131ksal, \u0130stanbul\u2019da ve Konya\u2019da d\u00fczenlenen etkinliklere kat\u0131larak, konu\u015fma yapt\u0131. Cumhurba\u015fkanl\u0131\u011f\u0131 Bas\u0131n ve Halkla \u0130li\u015fkiler B\u00fcrosu\u2019ndan verilen bilgiye g\u00f6re, I\u015f\u0131ksal, \u0130stanbul\u2019da d\u00f6rd\u00fcnc\u00fcs\u00fc d\u00fczenlenen Manas Formu\u2019nda, \u201cKuzey K\u0131br\u0131s T\u00fcrk Cumhuriyeti\u2019nin T\u00fcrk D\u00fcnyas\u0131 Entegrasyonu \u0130\u00e7indeki Yeri ve \u00d6nemi\u201d konulu konu\u015fma yapt\u0131. 4\u2019nc\u00fc Manas Formu, \u0130stanbul \u0130bn Haldun \u00dcniversitesi<\/p>\n","protected":false},"author":1,"featured_media":67144,"comment_status":"open","ping_status":"open","sticky":false,"template":"","format":"standard","meta":{"footnotes":""},"categories":[81],"tags":[],"class_list":["post-67143","post","type-post","status-publish","format-standard","has-post-thumbnail","hentry","category-kibris"],"yoast_head":"<!-- This site is optimized with the Yoast SEO plugin v27.4 - https:\/\/yoast.com\/product\/yoast-seo-wordpress\/ -->\n<title>I\u015f\u0131ksal T\u00fcrkiye\u2019de yer alan iki etkinlikte konu\u015fma yapt\u0131 -<\/title>\n<meta name=\"robots\" content=\"index, follow, max-snippet:-1, max-image-preview:large, max-video-preview:-1\" \/>\n<link rel=\"canonical\" href=\"https:\/\/kibrisdakik.com\/?p=67143\" \/>\n<meta property=\"og:locale\" content=\"tr_TR\" \/>\n<meta property=\"og:type\" content=\"article\" \/>\n<meta property=\"og:title\" content=\"I\u015f\u0131ksal T\u00fcrkiye\u2019de yer alan iki etkinlikte konu\u015fma yapt\u0131 -\" \/>\n<meta property=\"og:description\" content=\"Cumhurba\u015fkan\u0131 Uluslararas\u0131 \u0130li\u015fkiler ve Diplomasi \u00d6zel Dan\u0131\u015fman\u0131 Prof. Dr. H\u00fcseyin I\u015f\u0131ksal, \u0130stanbul\u2019da ve Konya\u2019da d\u00fczenlenen etkinliklere kat\u0131larak, konu\u015fma yapt\u0131. Cumhurba\u015fkanl\u0131\u011f\u0131 Bas\u0131n ve Halkla \u0130li\u015fkiler B\u00fcrosu\u2019ndan verilen bilgiye g\u00f6re, I\u015f\u0131ksal, \u0130stanbul\u2019da d\u00f6rd\u00fcnc\u00fcs\u00fc d\u00fczenlenen Manas Formu\u2019nda, \u201cKuzey K\u0131br\u0131s T\u00fcrk Cumhuriyeti\u2019nin T\u00fcrk D\u00fcnyas\u0131 Entegrasyonu \u0130\u00e7indeki Yeri ve \u00d6nemi\u201d konulu konu\u015fma yapt\u0131. 4\u2019nc\u00fc Manas Formu, \u0130stanbul \u0130bn Haldun \u00dcniversitesi\" \/>\n<meta property=\"og:url\" content=\"https:\/\/kibrisdakik.com\/?p=67143\" \/>\n<meta property=\"article:published_time\" content=\"2024-10-18T18:11:38+00:00\" \/>\n<meta property=\"og:image\" content=\"https:\/\/kibrisdakik.com\/wp-content\/uploads\/2024\/10\/isiksal-kongre-1-740x420.jpg\" \/>\n\t<meta property=\"og:image:width\" content=\"2048\" \/>\n\t<meta property=\"og:image:height\" content=\"2048\" \/>\n\t<meta property=\"og:image:type\" content=\"image\/jpeg\" \/>\n<meta name=\"author\" content=\"admin\" \/>\n<meta name=\"twitter:card\" content=\"summary_large_image\" \/>\n<meta name=\"twitter:label1\" content=\"Yazan:\" \/>\n\t<meta name=\"twitter:data1\" content=\"admin\" \/>\n\t<meta name=\"twitter:label2\" content=\"Tahmini okuma s\u00fcresi\" \/>\n\t<meta name=\"twitter:data2\" content=\"3 dakika\" \/>\n<script type=\"application\/ld+json\" class=\"yoast-schema-graph\">{\"@context\":\"https:\\\/\\\/schema.org\",\"@graph\":[{\"@type\":\"Article\",\"@id\":\"https:\\\/\\\/kibrisdakik.com\\\/?p=67143#article\",\"isPartOf\":{\"@id\":\"https:\\\/\\\/kibrisdakik.com\\\/?p=67143\"},\"author\":{\"name\":\"admin\",\"@id\":\"https:\\\/\\\/kibrisdakik.com\\\/#\\\/schema\\\/person\\\/9cd9d437bbb44f72b73ba127e06d8e79\"},\"headline\":\"I\u015f\u0131ksal T\u00fcrkiye\u2019de yer alan iki etkinlikte konu\u015fma yapt\u0131\",\"datePublished\":\"2024-10-18T18:11:38+00:00\",\"mainEntityOfPage\":{\"@id\":\"https:\\\/\\\/kibrisdakik.com\\\/?p=67143\"},\"wordCount\":649,\"commentCount\":0,\"image\":{\"@id\":\"https:\\\/\\\/kibrisdakik.com\\\/?p=67143#primaryimage\"},\"thumbnailUrl\":\"https:\\\/\\\/kibrisdakik.com\\\/wp-content\\\/uploads\\\/2024\\\/10\\\/isiksal-kongre-1-740x420.jpg\",\"articleSection\":[\"K\u0131br\u0131s\"],\"inLanguage\":\"tr\",\"potentialAction\":[{\"@type\":\"CommentAction\",\"name\":\"Comment\",\"target\":[\"https:\\\/\\\/kibrisdakik.com\\\/?p=67143#respond\"]}]},{\"@type\":\"WebPage\",\"@id\":\"https:\\\/\\\/kibrisdakik.com\\\/?p=67143\",\"url\":\"https:\\\/\\\/kibrisdakik.com\\\/?p=67143\",\"name\":\"I\u015f\u0131ksal T\u00fcrkiye\u2019de yer alan iki etkinlikte konu\u015fma yapt\u0131 -\",\"isPartOf\":{\"@id\":\"https:\\\/\\\/kibrisdakik.com\\\/#website\"},\"primaryImageOfPage\":{\"@id\":\"https:\\\/\\\/kibrisdakik.com\\\/?p=67143#primaryimage\"},\"image\":{\"@id\":\"https:\\\/\\\/kibrisdakik.com\\\/?p=67143#primaryimage\"},\"thumbnailUrl\":\"https:\\\/\\\/kibrisdakik.com\\\/wp-content\\\/uploads\\\/2024\\\/10\\\/isiksal-kongre-1-740x420.jpg\",\"datePublished\":\"2024-10-18T18:11:38+00:00\",\"author\":{\"@id\":\"https:\\\/\\\/kibrisdakik.com\\\/#\\\/schema\\\/person\\\/9cd9d437bbb44f72b73ba127e06d8e79\"},\"breadcrumb\":{\"@id\":\"https:\\\/\\\/kibrisdakik.com\\\/?p=67143#breadcrumb\"},\"inLanguage\":\"tr\",\"potentialAction\":[{\"@type\":\"ReadAction\",\"target\":[\"https:\\\/\\\/kibrisdakik.com\\\/?p=67143\"]}]},{\"@type\":\"ImageObject\",\"inLanguage\":\"tr\",\"@id\":\"https:\\\/\\\/kibrisdakik.com\\\/?p=67143#primaryimage\",\"url\":\"https:\\\/\\\/kibrisdakik.com\\\/wp-content\\\/uploads\\\/2024\\\/10\\\/isiksal-kongre-1-740x420.jpg\",\"contentUrl\":\"https:\\\/\\\/kibrisdakik.com\\\/wp-content\\\/uploads\\\/2024\\\/10\\\/isiksal-kongre-1-740x420.jpg\",\"width\":2048,\"height\":2048},{\"@type\":\"BreadcrumbList\",\"@id\":\"https:\\\/\\\/kibrisdakik.com\\\/?p=67143#breadcrumb\",\"itemListElement\":[{\"@type\":\"ListItem\",\"position\":1,\"name\":\"Home\",\"item\":\"https:\\\/\\\/kibrisdakik.com\\\/\"},{\"@type\":\"ListItem\",\"position\":2,\"name\":\"I\u015f\u0131ksal T\u00fcrkiye\u2019de yer alan iki etkinlikte konu\u015fma yapt\u0131\"}]},{\"@type\":\"WebSite\",\"@id\":\"https:\\\/\\\/kibrisdakik.com\\\/#website\",\"url\":\"https:\\\/\\\/kibrisdakik.com\\\/\",\"name\":\"\",\"description\":\"Tam vaktinde haber\",\"potentialAction\":[{\"@type\":\"SearchAction\",\"target\":{\"@type\":\"EntryPoint\",\"urlTemplate\":\"https:\\\/\\\/kibrisdakik.com\\\/?s={search_term_string}\"},\"query-input\":{\"@type\":\"PropertyValueSpecification\",\"valueRequired\":true,\"valueName\":\"search_term_string\"}}],\"inLanguage\":\"tr\"},{\"@type\":\"Person\",\"@id\":\"https:\\\/\\\/kibrisdakik.com\\\/#\\\/schema\\\/person\\\/9cd9d437bbb44f72b73ba127e06d8e79\",\"name\":\"admin\",\"image\":{\"@type\":\"ImageObject\",\"inLanguage\":\"tr\",\"@id\":\"https:\\\/\\\/secure.gravatar.com\\\/avatar\\\/ccc17943b9d660506c869530f897617f7cb1c21a4bf30023f252596d83e1f007?s=96&d=mm&r=g\",\"url\":\"https:\\\/\\\/secure.gravatar.com\\\/avatar\\\/ccc17943b9d660506c869530f897617f7cb1c21a4bf30023f252596d83e1f007?s=96&d=mm&r=g\",\"contentUrl\":\"https:\\\/\\\/secure.gravatar.com\\\/avatar\\\/ccc17943b9d660506c869530f897617f7cb1c21a4bf30023f252596d83e1f007?s=96&d=mm&r=g\",\"caption\":\"admin\"},\"sameAs\":[\"https:\\\/\\\/kibrisdakik.com\"],\"url\":\"https:\\\/\\\/kibrisdakik.com\\\/?author=1\"}]}<\/script>\n<!-- \/ Yoast SEO plugin. -->","yoast_head_json":{"title":"I\u015f\u0131ksal T\u00fcrkiye\u2019de yer alan iki etkinlikte konu\u015fma yapt\u0131 -","robots":{"index":"index","follow":"follow","max-snippet":"max-snippet:-1","max-image-preview":"max-image-preview:large","max-video-preview":"max-video-preview:-1"},"canonical":"https:\/\/kibrisdakik.com\/?p=67143","og_locale":"tr_TR","og_type":"article","og_title":"I\u015f\u0131ksal T\u00fcrkiye\u2019de yer alan iki etkinlikte konu\u015fma yapt\u0131 -","og_description":"Cumhurba\u015fkan\u0131 Uluslararas\u0131 \u0130li\u015fkiler ve Diplomasi \u00d6zel Dan\u0131\u015fman\u0131 Prof. Dr. H\u00fcseyin I\u015f\u0131ksal, \u0130stanbul\u2019da ve Konya\u2019da d\u00fczenlenen etkinliklere kat\u0131larak, konu\u015fma yapt\u0131. Cumhurba\u015fkanl\u0131\u011f\u0131 Bas\u0131n ve Halkla \u0130li\u015fkiler B\u00fcrosu\u2019ndan verilen bilgiye g\u00f6re, I\u015f\u0131ksal, \u0130stanbul\u2019da d\u00f6rd\u00fcnc\u00fcs\u00fc d\u00fczenlenen Manas Formu\u2019nda, \u201cKuzey K\u0131br\u0131s T\u00fcrk Cumhuriyeti\u2019nin T\u00fcrk D\u00fcnyas\u0131 Entegrasyonu \u0130\u00e7indeki Yeri ve \u00d6nemi\u201d konulu konu\u015fma yapt\u0131. 4\u2019nc\u00fc Manas Formu, \u0130stanbul \u0130bn Haldun \u00dcniversitesi","og_url":"https:\/\/kibrisdakik.com\/?p=67143","article_published_time":"2024-10-18T18:11:38+00:00","og_image":[{"width":2048,"height":2048,"url":"https:\/\/kibrisdakik.com\/wp-content\/uploads\/2024\/10\/isiksal-kongre-1-740x420.jpg","type":"image\/jpeg"}],"author":"admin","twitter_card":"summary_large_image","twitter_misc":{"Yazan:":"admin","Tahmini okuma s\u00fcresi":"3 dakika"},"schema":{"@context":"https:\/\/schema.org","@graph":[{"@type":"Article","@id":"https:\/\/kibrisdakik.com\/?p=67143#article","isPartOf":{"@id":"https:\/\/kibrisdakik.com\/?p=67143"},"author":{"name":"admin","@id":"https:\/\/kibrisdakik.com\/#\/schema\/person\/9cd9d437bbb44f72b73ba127e06d8e79"},"headline":"I\u015f\u0131ksal T\u00fcrkiye\u2019de yer alan iki etkinlikte konu\u015fma yapt\u0131","datePublished":"2024-10-18T18:11:38+00:00","mainEntityOfPage":{"@id":"https:\/\/kibrisdakik.com\/?p=67143"},"wordCount":649,"commentCount":0,"image":{"@id":"https:\/\/kibrisdakik.com\/?p=67143#primaryimage"},"thumbnailUrl":"https:\/\/kibrisdakik.com\/wp-content\/uploads\/2024\/10\/isiksal-kongre-1-740x420.jpg","articleSection":["K\u0131br\u0131s"],"inLanguage":"tr","potentialAction":[{"@type":"CommentAction","name":"Comment","target":["https:\/\/kibrisdakik.com\/?p=67143#respond"]}]},{"@type":"WebPage","@id":"https:\/\/kibrisdakik.com\/?p=67143","url":"https:\/\/kibrisdakik.com\/?p=67143","name":"I\u015f\u0131ksal T\u00fcrkiye\u2019de yer alan iki etkinlikte konu\u015fma yapt\u0131 -","isPartOf":{"@id":"https:\/\/kibrisdakik.com\/#website"},"primaryImageOfPage":{"@id":"https:\/\/kibrisdakik.com\/?p=67143#primaryimage"},"image":{"@id":"https:\/\/kibrisdakik.com\/?p=67143#primaryimage"},"thumbnailUrl":"https:\/\/kibrisdakik.com\/wp-content\/uploads\/2024\/10\/isiksal-kongre-1-740x420.jpg","datePublished":"2024-10-18T18:11:38+00:00","author":{"@id":"https:\/\/kibrisdakik.com\/#\/schema\/person\/9cd9d437bbb44f72b73ba127e06d8e79"},"breadcrumb":{"@id":"https:\/\/kibrisdakik.com\/?p=67143#breadcrumb"},"inLanguage":"tr","potentialAction":[{"@type":"ReadAction","target":["https:\/\/kibrisdakik.com\/?p=67143"]}]},{"@type":"ImageObject","inLanguage":"tr","@id":"https:\/\/kibrisdakik.com\/?p=67143#primaryimage","url":"https:\/\/kibrisdakik.com\/wp-content\/uploads\/2024\/10\/isiksal-kongre-1-740x420.jpg","contentUrl":"https:\/\/kibrisdakik.com\/wp-content\/uploads\/2024\/10\/isiksal-kongre-1-740x420.jpg","width":2048,"height":2048},{"@type":"BreadcrumbList","@id":"https:\/\/kibrisdakik.com\/?p=67143#breadcrumb","itemListElement":[{"@type":"ListItem","position":1,"name":"Home","item":"https:\/\/kibrisdakik.com\/"},{"@type":"ListItem","position":2,"name":"I\u015f\u0131ksal T\u00fcrkiye\u2019de yer alan iki etkinlikte konu\u015fma yapt\u0131"}]},{"@type":"WebSite","@id":"https:\/\/kibrisdakik.com\/#website","url":"https:\/\/kibrisdakik.com\/","name":"","description":"Tam vaktinde haber","potentialAction":[{"@type":"SearchAction","target":{"@type":"EntryPoint","urlTemplate":"https:\/\/kibrisdakik.com\/?s={search_term_string}"},"query-input":{"@type":"PropertyValueSpecification","valueRequired":true,"valueName":"search_term_string"}}],"inLanguage":"tr"},{"@type":"Person","@id":"https:\/\/kibrisdakik.com\/#\/schema\/person\/9cd9d437bbb44f72b73ba127e06d8e79","name":"admin","image":{"@type":"ImageObject","inLanguage":"tr","@id":"https:\/\/secure.gravatar.com\/avatar\/ccc17943b9d660506c869530f897617f7cb1c21a4bf30023f252596d83e1f007?s=96&d=mm&r=g","url":"https:\/\/secure.gravatar.com\/avatar\/ccc17943b9d660506c869530f897617f7cb1c21a4bf30023f252596d83e1f007?s=96&d=mm&r=g","contentUrl":"https:\/\/secure.gravatar.com\/avatar\/ccc17943b9d660506c869530f897617f7cb1c21a4bf30023f252596d83e1f007?s=96&d=mm&r=g","caption":"admin"},"sameAs":["https:\/\/kibrisdakik.com"],"url":"https:\/\/kibrisdakik.com\/?author=1"}]}},"_links":{"self":[{"href":"https:\/\/kibrisdakik.com\/index.php?rest_route=\/wp\/v2\/posts\/67143","targetHints":{"allow":["GET"]}}],"collection":[{"href":"https:\/\/kibrisdakik.com\/index.php?rest_route=\/wp\/v2\/posts"}],"about":[{"href":"https:\/\/kibrisdakik.com\/index.php?rest_route=\/wp\/v2\/types\/post"}],"author":[{"embeddable":true,"href":"https:\/\/kibrisdakik.com\/index.php?rest_route=\/wp\/v2\/users\/1"}],"replies":[{"embeddable":true,"href":"https:\/\/kibrisdakik.com\/index.php?rest_route=%2Fwp%2Fv2%2Fcomments&post=67143"}],"version-history":[{"count":0,"href":"https:\/\/kibrisdakik.com\/index.php?rest_route=\/wp\/v2\/posts\/67143\/revisions"}],"wp:featuredmedia":[{"embeddable":true,"href":"https:\/\/kibrisdakik.com\/index.php?rest_route=\/wp\/v2\/media\/67144"}],"wp:attachment":[{"href":"https:\/\/kibrisdakik.com\/index.php?rest_route=%2Fwp%2Fv2%2Fmedia&parent=67143"}],"wp:term":[{"taxonomy":"category","embeddable":true,"href":"https:\/\/kibrisdakik.com\/index.php?rest_route=%2Fwp%2Fv2%2Fcategories&post=67143"},{"taxonomy":"post_tag","embeddable":true,"href":"https:\/\/kibrisdakik.com\/index.php?rest_route=%2Fwp%2Fv2%2Ftags&post=67143"}],"curies":[{"name":"wp","href":"https:\/\/api.w.org\/{rel}","templated":true}]}}