{"id":67194,"date":"2024-10-19T19:38:45","date_gmt":"2024-10-19T16:38:45","guid":{"rendered":"https:\/\/kibrisdakik.com\/index.php\/2024\/10\/19\/sibel-tatar-himayesinde-panel-gerceklestirildi\/"},"modified":"2024-10-19T19:38:45","modified_gmt":"2024-10-19T16:38:45","slug":"sibel-tatar-himayesinde-panel-gerceklestirildi","status":"publish","type":"post","link":"https:\/\/kibrisdakik.com\/?p=67194","title":{"rendered":"Sibel Tatar himayesinde panel ger\u00e7ekle\u015ftirildi"},"content":{"rendered":"<div>\n<div class=\"mariselle-image-container none\">\n                                            <\/div>\n<p>Cumhurba\u015fkan\u0131 Ersin Tatar\u2019\u0131n e\u015fi Sibel Tatar, Tekirda\u011f\u2019\u0131n \u00c7orlu il\u00e7esinde, T\u00fcrkiye, Kuzey K\u0131br\u0131s T\u00fcrk Cumhuriyeti ve Azerbaycan i\u015f temsilcilerinin kat\u0131l\u0131m\u0131yla ger\u00e7ekle\u015ftirilen T\u00fcrk D\u00fcnyas\u0131 \u0130\u015f Forumu\u2019na kat\u0131ld\u0131.<\/p>\n<p>\u00dc\u00e7 \u00fclke aras\u0131ndaki ticari i\u015f birlikleri, i\u015f f\u0131rsatlar\u0131 ve ortak \u00e7al\u0131\u015fmalar\u0131n g\u00f6r\u00fc\u015f\u00fcld\u00fc\u011f\u00fc Forumun ard\u0131ndan Sibel Tatar himayesinde \u201cT\u00fcrk D\u00fcnyas\u0131nda Kad\u0131nlar\u0131n Sanatsal Ba\u015far\u0131 Hikayeleri Paneli\u201d ger\u00e7ekle\u015ftirildi.<\/p>\n<p>Burada konu\u015fan Sibel Tatar, k\u00fclt\u00fcr ve sanat etkinliklerinin toplumlar\u0131n geli\u015fmesinde \u00e7ok \u00f6nemli oldu\u011funu s\u00f6yledi.<\/p>\n<p>KKTC\u2018de bu alanda \u00f6nemli faaliyetler yap\u0131ld\u0131\u011f\u0131n\u0131 dile getiren Sibel Tatar, \u201cAdada var olan sanat\u0131n alt\u0131n\u0131 \u00e7e\u015fitli \u015fekillerde \u00e7izmeye ve buna dikkat \u00e7ekmeye \u00e7al\u0131\u015f\u0131yoruz.\u201d diye konu\u015ftu.<\/p>\n<p>\u00a0<\/p>\n<\/p><\/div>\n<p><script async\n                    defer\n                    crossorigin=\"anonymous\"\n                    src=\"https:\/\/connect.facebook.net\/tr_TR\/sdk.js#xfbml=1&#038;version=v3.3\"\n            ><\/script><\/p>\n","protected":false},"excerpt":{"rendered":"<p>Cumhurba\u015fkan\u0131 Ersin Tatar\u2019\u0131n e\u015fi Sibel Tatar, Tekirda\u011f\u2019\u0131n \u00c7orlu il\u00e7esinde, T\u00fcrkiye, Kuzey K\u0131br\u0131s T\u00fcrk Cumhuriyeti ve Azerbaycan i\u015f temsilcilerinin kat\u0131l\u0131m\u0131yla ger\u00e7ekle\u015ftirilen T\u00fcrk D\u00fcnyas\u0131 \u0130\u015f Forumu\u2019na kat\u0131ld\u0131. \u00dc\u00e7 \u00fclke aras\u0131ndaki ticari i\u015f birlikleri, i\u015f f\u0131rsatlar\u0131 ve ortak \u00e7al\u0131\u015fmalar\u0131n g\u00f6r\u00fc\u015f\u00fcld\u00fc\u011f\u00fc Forumun ard\u0131ndan Sibel Tatar himayesinde \u201cT\u00fcrk D\u00fcnyas\u0131nda Kad\u0131nlar\u0131n Sanatsal Ba\u015far\u0131 Hikayeleri Paneli\u201d ger\u00e7ekle\u015ftirildi. Burada konu\u015fan Sibel Tatar, k\u00fclt\u00fcr<\/p>\n","protected":false},"author":1,"featured_media":67195,"comment_status":"open","ping_status":"open","sticky":false,"template":"","format":"standard","meta":{"footnotes":""},"categories":[81],"tags":[],"class_list":["post-67194","post","type-post","status-publish","format-standard","has-post-thumbnail","hentry","category-kibris"],"yoast_head":"<!-- This site is optimized with the Yoast SEO plugin v27.4 - https:\/\/yoast.com\/product\/yoast-seo-wordpress\/ -->\n<title>Sibel Tatar himayesinde panel ger\u00e7ekle\u015ftirildi -<\/title>\n<meta name=\"robots\" content=\"index, follow, max-snippet:-1, max-image-preview:large, max-video-preview:-1\" \/>\n<link rel=\"canonical\" href=\"https:\/\/kibrisdakik.com\/?p=67194\" \/>\n<meta property=\"og:locale\" content=\"tr_TR\" \/>\n<meta property=\"og:type\" content=\"article\" \/>\n<meta property=\"og:title\" content=\"Sibel Tatar himayesinde panel ger\u00e7ekle\u015ftirildi -\" \/>\n<meta property=\"og:description\" content=\"Cumhurba\u015fkan\u0131 Ersin Tatar\u2019\u0131n e\u015fi Sibel Tatar, Tekirda\u011f\u2019\u0131n \u00c7orlu il\u00e7esinde, T\u00fcrkiye, Kuzey K\u0131br\u0131s T\u00fcrk Cumhuriyeti ve Azerbaycan i\u015f temsilcilerinin kat\u0131l\u0131m\u0131yla ger\u00e7ekle\u015ftirilen T\u00fcrk D\u00fcnyas\u0131 \u0130\u015f Forumu\u2019na kat\u0131ld\u0131. \u00dc\u00e7 \u00fclke aras\u0131ndaki ticari i\u015f birlikleri, i\u015f f\u0131rsatlar\u0131 ve ortak \u00e7al\u0131\u015fmalar\u0131n g\u00f6r\u00fc\u015f\u00fcld\u00fc\u011f\u00fc Forumun ard\u0131ndan Sibel Tatar himayesinde \u201cT\u00fcrk D\u00fcnyas\u0131nda Kad\u0131nlar\u0131n Sanatsal Ba\u015far\u0131 Hikayeleri Paneli\u201d ger\u00e7ekle\u015ftirildi. Burada konu\u015fan Sibel Tatar, k\u00fclt\u00fcr\" \/>\n<meta property=\"og:url\" content=\"https:\/\/kibrisdakik.com\/?p=67194\" \/>\n<meta property=\"article:published_time\" content=\"2024-10-19T16:38:45+00:00\" \/>\n<meta property=\"og:image\" content=\"https:\/\/kibrisdakik.com\/wp-content\/uploads\/2024\/10\/SIBELTATAR-740x420.jpg\" \/>\n\t<meta property=\"og:image:width\" content=\"930\" \/>\n\t<meta property=\"og:image:height\" content=\"619\" \/>\n\t<meta property=\"og:image:type\" content=\"image\/jpeg\" \/>\n<meta name=\"author\" content=\"admin\" \/>\n<meta name=\"twitter:card\" content=\"summary_large_image\" \/>\n<meta name=\"twitter:label1\" content=\"Yazan:\" \/>\n\t<meta name=\"twitter:data1\" content=\"admin\" \/>\n\t<meta name=\"twitter:label2\" content=\"Tahmini okuma s\u00fcresi\" \/>\n\t<meta name=\"twitter:data2\" content=\"1 dakika\" \/>\n<script type=\"application\/ld+json\" class=\"yoast-schema-graph\">{\"@context\":\"https:\\\/\\\/schema.org\",\"@graph\":[{\"@type\":\"Article\",\"@id\":\"https:\\\/\\\/kibrisdakik.com\\\/?p=67194#article\",\"isPartOf\":{\"@id\":\"https:\\\/\\\/kibrisdakik.com\\\/?p=67194\"},\"author\":{\"name\":\"admin\",\"@id\":\"https:\\\/\\\/kibrisdakik.com\\\/#\\\/schema\\\/person\\\/9cd9d437bbb44f72b73ba127e06d8e79\"},\"headline\":\"Sibel Tatar himayesinde panel ger\u00e7ekle\u015ftirildi\",\"datePublished\":\"2024-10-19T16:38:45+00:00\",\"mainEntityOfPage\":{\"@id\":\"https:\\\/\\\/kibrisdakik.com\\\/?p=67194\"},\"wordCount\":142,\"commentCount\":0,\"image\":{\"@id\":\"https:\\\/\\\/kibrisdakik.com\\\/?p=67194#primaryimage\"},\"thumbnailUrl\":\"https:\\\/\\\/kibrisdakik.com\\\/wp-content\\\/uploads\\\/2024\\\/10\\\/SIBELTATAR-740x420.jpg\",\"articleSection\":[\"K\u0131br\u0131s\"],\"inLanguage\":\"tr\",\"potentialAction\":[{\"@type\":\"CommentAction\",\"name\":\"Comment\",\"target\":[\"https:\\\/\\\/kibrisdakik.com\\\/?p=67194#respond\"]}]},{\"@type\":\"WebPage\",\"@id\":\"https:\\\/\\\/kibrisdakik.com\\\/?p=67194\",\"url\":\"https:\\\/\\\/kibrisdakik.com\\\/?p=67194\",\"name\":\"Sibel Tatar himayesinde panel ger\u00e7ekle\u015ftirildi -\",\"isPartOf\":{\"@id\":\"https:\\\/\\\/kibrisdakik.com\\\/#website\"},\"primaryImageOfPage\":{\"@id\":\"https:\\\/\\\/kibrisdakik.com\\\/?p=67194#primaryimage\"},\"image\":{\"@id\":\"https:\\\/\\\/kibrisdakik.com\\\/?p=67194#primaryimage\"},\"thumbnailUrl\":\"https:\\\/\\\/kibrisdakik.com\\\/wp-content\\\/uploads\\\/2024\\\/10\\\/SIBELTATAR-740x420.jpg\",\"datePublished\":\"2024-10-19T16:38:45+00:00\",\"author\":{\"@id\":\"https:\\\/\\\/kibrisdakik.com\\\/#\\\/schema\\\/person\\\/9cd9d437bbb44f72b73ba127e06d8e79\"},\"breadcrumb\":{\"@id\":\"https:\\\/\\\/kibrisdakik.com\\\/?p=67194#breadcrumb\"},\"inLanguage\":\"tr\",\"potentialAction\":[{\"@type\":\"ReadAction\",\"target\":[\"https:\\\/\\\/kibrisdakik.com\\\/?p=67194\"]}]},{\"@type\":\"ImageObject\",\"inLanguage\":\"tr\",\"@id\":\"https:\\\/\\\/kibrisdakik.com\\\/?p=67194#primaryimage\",\"url\":\"https:\\\/\\\/kibrisdakik.com\\\/wp-content\\\/uploads\\\/2024\\\/10\\\/SIBELTATAR-740x420.jpg\",\"contentUrl\":\"https:\\\/\\\/kibrisdakik.com\\\/wp-content\\\/uploads\\\/2024\\\/10\\\/SIBELTATAR-740x420.jpg\",\"width\":930,\"height\":619},{\"@type\":\"BreadcrumbList\",\"@id\":\"https:\\\/\\\/kibrisdakik.com\\\/?p=67194#breadcrumb\",\"itemListElement\":[{\"@type\":\"ListItem\",\"position\":1,\"name\":\"Home\",\"item\":\"https:\\\/\\\/kibrisdakik.com\\\/\"},{\"@type\":\"ListItem\",\"position\":2,\"name\":\"Sibel Tatar himayesinde panel ger\u00e7ekle\u015ftirildi\"}]},{\"@type\":\"WebSite\",\"@id\":\"https:\\\/\\\/kibrisdakik.com\\\/#website\",\"url\":\"https:\\\/\\\/kibrisdakik.com\\\/\",\"name\":\"\",\"description\":\"Tam vaktinde haber\",\"potentialAction\":[{\"@type\":\"SearchAction\",\"target\":{\"@type\":\"EntryPoint\",\"urlTemplate\":\"https:\\\/\\\/kibrisdakik.com\\\/?s={search_term_string}\"},\"query-input\":{\"@type\":\"PropertyValueSpecification\",\"valueRequired\":true,\"valueName\":\"search_term_string\"}}],\"inLanguage\":\"tr\"},{\"@type\":\"Person\",\"@id\":\"https:\\\/\\\/kibrisdakik.com\\\/#\\\/schema\\\/person\\\/9cd9d437bbb44f72b73ba127e06d8e79\",\"name\":\"admin\",\"image\":{\"@type\":\"ImageObject\",\"inLanguage\":\"tr\",\"@id\":\"https:\\\/\\\/secure.gravatar.com\\\/avatar\\\/ccc17943b9d660506c869530f897617f7cb1c21a4bf30023f252596d83e1f007?s=96&d=mm&r=g\",\"url\":\"https:\\\/\\\/secure.gravatar.com\\\/avatar\\\/ccc17943b9d660506c869530f897617f7cb1c21a4bf30023f252596d83e1f007?s=96&d=mm&r=g\",\"contentUrl\":\"https:\\\/\\\/secure.gravatar.com\\\/avatar\\\/ccc17943b9d660506c869530f897617f7cb1c21a4bf30023f252596d83e1f007?s=96&d=mm&r=g\",\"caption\":\"admin\"},\"sameAs\":[\"https:\\\/\\\/kibrisdakik.com\"],\"url\":\"https:\\\/\\\/kibrisdakik.com\\\/?author=1\"}]}<\/script>\n<!-- \/ Yoast SEO plugin. -->","yoast_head_json":{"title":"Sibel Tatar himayesinde panel ger\u00e7ekle\u015ftirildi -","robots":{"index":"index","follow":"follow","max-snippet":"max-snippet:-1","max-image-preview":"max-image-preview:large","max-video-preview":"max-video-preview:-1"},"canonical":"https:\/\/kibrisdakik.com\/?p=67194","og_locale":"tr_TR","og_type":"article","og_title":"Sibel Tatar himayesinde panel ger\u00e7ekle\u015ftirildi -","og_description":"Cumhurba\u015fkan\u0131 Ersin Tatar\u2019\u0131n e\u015fi Sibel Tatar, Tekirda\u011f\u2019\u0131n \u00c7orlu il\u00e7esinde, T\u00fcrkiye, Kuzey K\u0131br\u0131s T\u00fcrk Cumhuriyeti ve Azerbaycan i\u015f temsilcilerinin kat\u0131l\u0131m\u0131yla ger\u00e7ekle\u015ftirilen T\u00fcrk D\u00fcnyas\u0131 \u0130\u015f Forumu\u2019na kat\u0131ld\u0131. \u00dc\u00e7 \u00fclke aras\u0131ndaki ticari i\u015f birlikleri, i\u015f f\u0131rsatlar\u0131 ve ortak \u00e7al\u0131\u015fmalar\u0131n g\u00f6r\u00fc\u015f\u00fcld\u00fc\u011f\u00fc Forumun ard\u0131ndan Sibel Tatar himayesinde \u201cT\u00fcrk D\u00fcnyas\u0131nda Kad\u0131nlar\u0131n Sanatsal Ba\u015far\u0131 Hikayeleri Paneli\u201d ger\u00e7ekle\u015ftirildi. Burada konu\u015fan Sibel Tatar, k\u00fclt\u00fcr","og_url":"https:\/\/kibrisdakik.com\/?p=67194","article_published_time":"2024-10-19T16:38:45+00:00","og_image":[{"width":930,"height":619,"url":"https:\/\/kibrisdakik.com\/wp-content\/uploads\/2024\/10\/SIBELTATAR-740x420.jpg","type":"image\/jpeg"}],"author":"admin","twitter_card":"summary_large_image","twitter_misc":{"Yazan:":"admin","Tahmini okuma s\u00fcresi":"1 dakika"},"schema":{"@context":"https:\/\/schema.org","@graph":[{"@type":"Article","@id":"https:\/\/kibrisdakik.com\/?p=67194#article","isPartOf":{"@id":"https:\/\/kibrisdakik.com\/?p=67194"},"author":{"name":"admin","@id":"https:\/\/kibrisdakik.com\/#\/schema\/person\/9cd9d437bbb44f72b73ba127e06d8e79"},"headline":"Sibel Tatar himayesinde panel ger\u00e7ekle\u015ftirildi","datePublished":"2024-10-19T16:38:45+00:00","mainEntityOfPage":{"@id":"https:\/\/kibrisdakik.com\/?p=67194"},"wordCount":142,"commentCount":0,"image":{"@id":"https:\/\/kibrisdakik.com\/?p=67194#primaryimage"},"thumbnailUrl":"https:\/\/kibrisdakik.com\/wp-content\/uploads\/2024\/10\/SIBELTATAR-740x420.jpg","articleSection":["K\u0131br\u0131s"],"inLanguage":"tr","potentialAction":[{"@type":"CommentAction","name":"Comment","target":["https:\/\/kibrisdakik.com\/?p=67194#respond"]}]},{"@type":"WebPage","@id":"https:\/\/kibrisdakik.com\/?p=67194","url":"https:\/\/kibrisdakik.com\/?p=67194","name":"Sibel Tatar himayesinde panel ger\u00e7ekle\u015ftirildi -","isPartOf":{"@id":"https:\/\/kibrisdakik.com\/#website"},"primaryImageOfPage":{"@id":"https:\/\/kibrisdakik.com\/?p=67194#primaryimage"},"image":{"@id":"https:\/\/kibrisdakik.com\/?p=67194#primaryimage"},"thumbnailUrl":"https:\/\/kibrisdakik.com\/wp-content\/uploads\/2024\/10\/SIBELTATAR-740x420.jpg","datePublished":"2024-10-19T16:38:45+00:00","author":{"@id":"https:\/\/kibrisdakik.com\/#\/schema\/person\/9cd9d437bbb44f72b73ba127e06d8e79"},"breadcrumb":{"@id":"https:\/\/kibrisdakik.com\/?p=67194#breadcrumb"},"inLanguage":"tr","potentialAction":[{"@type":"ReadAction","target":["https:\/\/kibrisdakik.com\/?p=67194"]}]},{"@type":"ImageObject","inLanguage":"tr","@id":"https:\/\/kibrisdakik.com\/?p=67194#primaryimage","url":"https:\/\/kibrisdakik.com\/wp-content\/uploads\/2024\/10\/SIBELTATAR-740x420.jpg","contentUrl":"https:\/\/kibrisdakik.com\/wp-content\/uploads\/2024\/10\/SIBELTATAR-740x420.jpg","width":930,"height":619},{"@type":"BreadcrumbList","@id":"https:\/\/kibrisdakik.com\/?p=67194#breadcrumb","itemListElement":[{"@type":"ListItem","position":1,"name":"Home","item":"https:\/\/kibrisdakik.com\/"},{"@type":"ListItem","position":2,"name":"Sibel Tatar himayesinde panel ger\u00e7ekle\u015ftirildi"}]},{"@type":"WebSite","@id":"https:\/\/kibrisdakik.com\/#website","url":"https:\/\/kibrisdakik.com\/","name":"","description":"Tam vaktinde haber","potentialAction":[{"@type":"SearchAction","target":{"@type":"EntryPoint","urlTemplate":"https:\/\/kibrisdakik.com\/?s={search_term_string}"},"query-input":{"@type":"PropertyValueSpecification","valueRequired":true,"valueName":"search_term_string"}}],"inLanguage":"tr"},{"@type":"Person","@id":"https:\/\/kibrisdakik.com\/#\/schema\/person\/9cd9d437bbb44f72b73ba127e06d8e79","name":"admin","image":{"@type":"ImageObject","inLanguage":"tr","@id":"https:\/\/secure.gravatar.com\/avatar\/ccc17943b9d660506c869530f897617f7cb1c21a4bf30023f252596d83e1f007?s=96&d=mm&r=g","url":"https:\/\/secure.gravatar.com\/avatar\/ccc17943b9d660506c869530f897617f7cb1c21a4bf30023f252596d83e1f007?s=96&d=mm&r=g","contentUrl":"https:\/\/secure.gravatar.com\/avatar\/ccc17943b9d660506c869530f897617f7cb1c21a4bf30023f252596d83e1f007?s=96&d=mm&r=g","caption":"admin"},"sameAs":["https:\/\/kibrisdakik.com"],"url":"https:\/\/kibrisdakik.com\/?author=1"}]}},"_links":{"self":[{"href":"https:\/\/kibrisdakik.com\/index.php?rest_route=\/wp\/v2\/posts\/67194","targetHints":{"allow":["GET"]}}],"collection":[{"href":"https:\/\/kibrisdakik.com\/index.php?rest_route=\/wp\/v2\/posts"}],"about":[{"href":"https:\/\/kibrisdakik.com\/index.php?rest_route=\/wp\/v2\/types\/post"}],"author":[{"embeddable":true,"href":"https:\/\/kibrisdakik.com\/index.php?rest_route=\/wp\/v2\/users\/1"}],"replies":[{"embeddable":true,"href":"https:\/\/kibrisdakik.com\/index.php?rest_route=%2Fwp%2Fv2%2Fcomments&post=67194"}],"version-history":[{"count":0,"href":"https:\/\/kibrisdakik.com\/index.php?rest_route=\/wp\/v2\/posts\/67194\/revisions"}],"wp:featuredmedia":[{"embeddable":true,"href":"https:\/\/kibrisdakik.com\/index.php?rest_route=\/wp\/v2\/media\/67195"}],"wp:attachment":[{"href":"https:\/\/kibrisdakik.com\/index.php?rest_route=%2Fwp%2Fv2%2Fmedia&parent=67194"}],"wp:term":[{"taxonomy":"category","embeddable":true,"href":"https:\/\/kibrisdakik.com\/index.php?rest_route=%2Fwp%2Fv2%2Fcategories&post=67194"},{"taxonomy":"post_tag","embeddable":true,"href":"https:\/\/kibrisdakik.com\/index.php?rest_route=%2Fwp%2Fv2%2Ftags&post=67194"}],"curies":[{"name":"wp","href":"https:\/\/api.w.org\/{rel}","templated":true}]}}