{"id":67197,"date":"2024-10-19T20:07:06","date_gmt":"2024-10-19T17:07:06","guid":{"rendered":"https:\/\/kibrisdakik.com\/index.php\/2024\/10\/19\/isias-otel-davasina-22-ekimde-devam-edilecek-durusma-icin-kktcden-kalabalik-bir-heyet-pazartesi-adiyamana-gidecek\/"},"modified":"2024-10-19T20:07:06","modified_gmt":"2024-10-19T17:07:06","slug":"isias-otel-davasina-22-ekimde-devam-edilecek-durusma-icin-kktcden-kalabalik-bir-heyet-pazartesi-adiyamana-gidecek","status":"publish","type":"post","link":"https:\/\/kibrisdakik.com\/?p=67197","title":{"rendered":"\u0130sias Otel davas\u0131na 22 Ekim\u2019de devam edilecek..Duru\u015fma i\u00e7in KKTC\u2019den kalabal\u0131k bir heyet Pazartesi Ad\u0131yaman\u2019a gidecek"},"content":{"rendered":"<div>\n<div class=\"mariselle-image-container center\">\n                                            <\/div>\n<p>\u0130sias Otel davas\u0131na, Ad\u0131yaman 3. A\u011f\u0131r Ceza Mahkemesi\u2019nde 22 Ekim Sal\u0131 g\u00fcn\u00fc devam edilecek.<br \/>6 \u015eubat\u2019ta meydana gelen Kahramanmara\u015f merkezli depremlerde, Ad\u0131yaman \u0130sias Otel\u2019de hayat\u0131n\u0131 kaybedenler i\u00e7in a\u00e7\u0131lan davan\u0131n d\u00f6rd\u00fc duru\u015fmas\u0131n\u0131 KKTC\u2019den de kalabal\u0131k bir heyet takip edecek. <\/p>\n<p>\u015eampiyon Melekleri Ya\u015fatma Derne\u011fi, \u00f6nc\u00fcl\u00fc\u011f\u00fcnde sivil toplum \u00f6rg\u00fctleri, siyasi parti yetkilileri, hukuk\u00e7ular, aileler ve gazetecilerden olu\u015fan kalabal\u0131k Ad\u0131yaman\u2019a gitmek \u00fczere pazartesi KKTC\u2019den ayr\u0131lacak. <\/p>\n<p>Bu arada \u015eampiyon Melekleri Ya\u015fatma Derne\u011fi, \u0130sias Otel davas\u0131na kadar, \u201cAdalet i\u00e7in 3 dakikal\u0131k karanl\u0131k\u201d eylemini de s\u00fcrd\u00fcr\u00fcyor.<\/p>\n<p>\u0130sias Otel\u2019in d\u00f6rd\u00fcnc\u00fc duru\u015fmas\u0131na kadar bir\u00e7ok kurum kurulu\u015f ve halk her gece 20.00-20.03 saatleri aras\u0131nda \u0131\u015f\u0131klar\u0131n\u0131 kapatarak, \u201cAdalet i\u00e7in 3 dakika karanl\u0131k\u201d eylemine destek veriyor.<br \/>Dernek Ba\u015fkan\u0131 Ru\u015fen Karakaya, davadaki zanl\u0131lar\u0131n olas\u0131 kastla yarg\u0131lanmas\u0131n\u0131 istediklerini, adalete ancak b\u00f6yle ula\u015f\u0131labilece\u011fini belirterek \u201cadalet istiyoruz, m\u00fccadelemiz devam ediyor\u201d ifadelerini kulland\u0131.<\/p>\n<\/p><\/div>\n<p><script async\n                    defer\n                    crossorigin=\"anonymous\"\n                    src=\"https:\/\/connect.facebook.net\/tr_TR\/sdk.js#xfbml=1&#038;version=v3.3\"\n            ><\/script><\/p>\n","protected":false},"excerpt":{"rendered":"<p>\u0130sias Otel davas\u0131na, Ad\u0131yaman 3. A\u011f\u0131r Ceza Mahkemesi\u2019nde 22 Ekim Sal\u0131 g\u00fcn\u00fc devam edilecek.6 \u015eubat\u2019ta meydana gelen Kahramanmara\u015f merkezli depremlerde, Ad\u0131yaman \u0130sias Otel\u2019de hayat\u0131n\u0131 kaybedenler i\u00e7in a\u00e7\u0131lan davan\u0131n d\u00f6rd\u00fc duru\u015fmas\u0131n\u0131 KKTC\u2019den de kalabal\u0131k bir heyet takip edecek. \u015eampiyon Melekleri Ya\u015fatma Derne\u011fi, \u00f6nc\u00fcl\u00fc\u011f\u00fcnde sivil toplum \u00f6rg\u00fctleri, siyasi parti yetkilileri, hukuk\u00e7ular, aileler ve gazetecilerden olu\u015fan kalabal\u0131k Ad\u0131yaman\u2019a<\/p>\n","protected":false},"author":1,"featured_media":67198,"comment_status":"open","ping_status":"open","sticky":false,"template":"","format":"standard","meta":{"footnotes":""},"categories":[81],"tags":[],"class_list":["post-67197","post","type-post","status-publish","format-standard","has-post-thumbnail","hentry","category-kibris"],"yoast_head":"<!-- This site is optimized with the Yoast SEO plugin v27.5 - https:\/\/yoast.com\/product\/yoast-seo-wordpress\/ -->\n<title>\u0130sias Otel davas\u0131na 22 Ekim\u2019de devam edilecek..Duru\u015fma i\u00e7in KKTC\u2019den kalabal\u0131k bir heyet Pazartesi Ad\u0131yaman\u2019a gidecek -<\/title>\n<meta name=\"robots\" content=\"index, follow, max-snippet:-1, max-image-preview:large, max-video-preview:-1\" \/>\n<link rel=\"canonical\" href=\"https:\/\/kibrisdakik.com\/?p=67197\" \/>\n<meta property=\"og:locale\" content=\"tr_TR\" \/>\n<meta property=\"og:type\" content=\"article\" \/>\n<meta property=\"og:title\" content=\"\u0130sias Otel davas\u0131na 22 Ekim\u2019de devam edilecek..Duru\u015fma i\u00e7in KKTC\u2019den kalabal\u0131k bir heyet Pazartesi Ad\u0131yaman\u2019a gidecek -\" \/>\n<meta property=\"og:description\" content=\"\u0130sias Otel davas\u0131na, Ad\u0131yaman 3. A\u011f\u0131r Ceza Mahkemesi\u2019nde 22 Ekim Sal\u0131 g\u00fcn\u00fc devam edilecek.6 \u015eubat\u2019ta meydana gelen Kahramanmara\u015f merkezli depremlerde, Ad\u0131yaman \u0130sias Otel\u2019de hayat\u0131n\u0131 kaybedenler i\u00e7in a\u00e7\u0131lan davan\u0131n d\u00f6rd\u00fc duru\u015fmas\u0131n\u0131 KKTC\u2019den de kalabal\u0131k bir heyet takip edecek. \u015eampiyon Melekleri Ya\u015fatma Derne\u011fi, \u00f6nc\u00fcl\u00fc\u011f\u00fcnde sivil toplum \u00f6rg\u00fctleri, siyasi parti yetkilileri, hukuk\u00e7ular, aileler ve gazetecilerden olu\u015fan kalabal\u0131k Ad\u0131yaman\u2019a\" \/>\n<meta property=\"og:url\" content=\"https:\/\/kibrisdakik.com\/?p=67197\" \/>\n<meta property=\"article:published_time\" content=\"2024-10-19T17:07:06+00:00\" \/>\n<meta property=\"og:image\" content=\"https:\/\/kibrisdakik.com\/wp-content\/uploads\/2024\/10\/isias-tabela-740x375.jpg\" \/>\n\t<meta property=\"og:image:width\" content=\"750\" \/>\n\t<meta property=\"og:image:height\" content=\"375\" \/>\n\t<meta property=\"og:image:type\" content=\"image\/jpeg\" \/>\n<meta name=\"author\" content=\"admin\" \/>\n<meta name=\"twitter:card\" content=\"summary_large_image\" \/>\n<meta name=\"twitter:label1\" content=\"Yazan:\" \/>\n\t<meta name=\"twitter:data1\" content=\"admin\" \/>\n\t<meta name=\"twitter:label2\" content=\"Tahmini okuma s\u00fcresi\" \/>\n\t<meta name=\"twitter:data2\" content=\"1 dakika\" \/>\n<script type=\"application\/ld+json\" class=\"yoast-schema-graph\">{\"@context\":\"https:\\\/\\\/schema.org\",\"@graph\":[{\"@type\":\"Article\",\"@id\":\"https:\\\/\\\/kibrisdakik.com\\\/?p=67197#article\",\"isPartOf\":{\"@id\":\"https:\\\/\\\/kibrisdakik.com\\\/?p=67197\"},\"author\":{\"name\":\"admin\",\"@id\":\"https:\\\/\\\/kibrisdakik.com\\\/#\\\/schema\\\/person\\\/9cd9d437bbb44f72b73ba127e06d8e79\"},\"headline\":\"\u0130sias Otel davas\u0131na 22 Ekim\u2019de devam edilecek..Duru\u015fma i\u00e7in KKTC\u2019den kalabal\u0131k bir heyet Pazartesi Ad\u0131yaman\u2019a gidecek\",\"datePublished\":\"2024-10-19T17:07:06+00:00\",\"mainEntityOfPage\":{\"@id\":\"https:\\\/\\\/kibrisdakik.com\\\/?p=67197\"},\"wordCount\":202,\"commentCount\":0,\"image\":{\"@id\":\"https:\\\/\\\/kibrisdakik.com\\\/?p=67197#primaryimage\"},\"thumbnailUrl\":\"https:\\\/\\\/kibrisdakik.com\\\/wp-content\\\/uploads\\\/2024\\\/10\\\/isias-tabela-740x375.jpg\",\"articleSection\":[\"K\u0131br\u0131s\"],\"inLanguage\":\"tr\",\"potentialAction\":[{\"@type\":\"CommentAction\",\"name\":\"Comment\",\"target\":[\"https:\\\/\\\/kibrisdakik.com\\\/?p=67197#respond\"]}]},{\"@type\":\"WebPage\",\"@id\":\"https:\\\/\\\/kibrisdakik.com\\\/?p=67197\",\"url\":\"https:\\\/\\\/kibrisdakik.com\\\/?p=67197\",\"name\":\"\u0130sias Otel davas\u0131na 22 Ekim\u2019de devam edilecek..Duru\u015fma i\u00e7in KKTC\u2019den kalabal\u0131k bir heyet Pazartesi Ad\u0131yaman\u2019a gidecek -\",\"isPartOf\":{\"@id\":\"https:\\\/\\\/kibrisdakik.com\\\/#website\"},\"primaryImageOfPage\":{\"@id\":\"https:\\\/\\\/kibrisdakik.com\\\/?p=67197#primaryimage\"},\"image\":{\"@id\":\"https:\\\/\\\/kibrisdakik.com\\\/?p=67197#primaryimage\"},\"thumbnailUrl\":\"https:\\\/\\\/kibrisdakik.com\\\/wp-content\\\/uploads\\\/2024\\\/10\\\/isias-tabela-740x375.jpg\",\"datePublished\":\"2024-10-19T17:07:06+00:00\",\"author\":{\"@id\":\"https:\\\/\\\/kibrisdakik.com\\\/#\\\/schema\\\/person\\\/9cd9d437bbb44f72b73ba127e06d8e79\"},\"breadcrumb\":{\"@id\":\"https:\\\/\\\/kibrisdakik.com\\\/?p=67197#breadcrumb\"},\"inLanguage\":\"tr\",\"potentialAction\":[{\"@type\":\"ReadAction\",\"target\":[\"https:\\\/\\\/kibrisdakik.com\\\/?p=67197\"]}]},{\"@type\":\"ImageObject\",\"inLanguage\":\"tr\",\"@id\":\"https:\\\/\\\/kibrisdakik.com\\\/?p=67197#primaryimage\",\"url\":\"https:\\\/\\\/kibrisdakik.com\\\/wp-content\\\/uploads\\\/2024\\\/10\\\/isias-tabela-740x375.jpg\",\"contentUrl\":\"https:\\\/\\\/kibrisdakik.com\\\/wp-content\\\/uploads\\\/2024\\\/10\\\/isias-tabela-740x375.jpg\",\"width\":750,\"height\":375},{\"@type\":\"BreadcrumbList\",\"@id\":\"https:\\\/\\\/kibrisdakik.com\\\/?p=67197#breadcrumb\",\"itemListElement\":[{\"@type\":\"ListItem\",\"position\":1,\"name\":\"Home\",\"item\":\"https:\\\/\\\/kibrisdakik.com\\\/\"},{\"@type\":\"ListItem\",\"position\":2,\"name\":\"\u0130sias Otel davas\u0131na 22 Ekim\u2019de devam edilecek..Duru\u015fma i\u00e7in KKTC\u2019den kalabal\u0131k bir heyet Pazartesi Ad\u0131yaman\u2019a gidecek\"}]},{\"@type\":\"WebSite\",\"@id\":\"https:\\\/\\\/kibrisdakik.com\\\/#website\",\"url\":\"https:\\\/\\\/kibrisdakik.com\\\/\",\"name\":\"\",\"description\":\"Tam vaktinde haber\",\"potentialAction\":[{\"@type\":\"SearchAction\",\"target\":{\"@type\":\"EntryPoint\",\"urlTemplate\":\"https:\\\/\\\/kibrisdakik.com\\\/?s={search_term_string}\"},\"query-input\":{\"@type\":\"PropertyValueSpecification\",\"valueRequired\":true,\"valueName\":\"search_term_string\"}}],\"inLanguage\":\"tr\"},{\"@type\":\"Person\",\"@id\":\"https:\\\/\\\/kibrisdakik.com\\\/#\\\/schema\\\/person\\\/9cd9d437bbb44f72b73ba127e06d8e79\",\"name\":\"admin\",\"image\":{\"@type\":\"ImageObject\",\"inLanguage\":\"tr\",\"@id\":\"https:\\\/\\\/secure.gravatar.com\\\/avatar\\\/ccc17943b9d660506c869530f897617f7cb1c21a4bf30023f252596d83e1f007?s=96&d=mm&r=g\",\"url\":\"https:\\\/\\\/secure.gravatar.com\\\/avatar\\\/ccc17943b9d660506c869530f897617f7cb1c21a4bf30023f252596d83e1f007?s=96&d=mm&r=g\",\"contentUrl\":\"https:\\\/\\\/secure.gravatar.com\\\/avatar\\\/ccc17943b9d660506c869530f897617f7cb1c21a4bf30023f252596d83e1f007?s=96&d=mm&r=g\",\"caption\":\"admin\"},\"sameAs\":[\"https:\\\/\\\/kibrisdakik.com\"],\"url\":\"https:\\\/\\\/kibrisdakik.com\\\/?author=1\"}]}<\/script>\n<!-- \/ Yoast SEO plugin. -->","yoast_head_json":{"title":"\u0130sias Otel davas\u0131na 22 Ekim\u2019de devam edilecek..Duru\u015fma i\u00e7in KKTC\u2019den kalabal\u0131k bir heyet Pazartesi Ad\u0131yaman\u2019a gidecek -","robots":{"index":"index","follow":"follow","max-snippet":"max-snippet:-1","max-image-preview":"max-image-preview:large","max-video-preview":"max-video-preview:-1"},"canonical":"https:\/\/kibrisdakik.com\/?p=67197","og_locale":"tr_TR","og_type":"article","og_title":"\u0130sias Otel davas\u0131na 22 Ekim\u2019de devam edilecek..Duru\u015fma i\u00e7in KKTC\u2019den kalabal\u0131k bir heyet Pazartesi Ad\u0131yaman\u2019a gidecek -","og_description":"\u0130sias Otel davas\u0131na, Ad\u0131yaman 3. A\u011f\u0131r Ceza Mahkemesi\u2019nde 22 Ekim Sal\u0131 g\u00fcn\u00fc devam edilecek.6 \u015eubat\u2019ta meydana gelen Kahramanmara\u015f merkezli depremlerde, Ad\u0131yaman \u0130sias Otel\u2019de hayat\u0131n\u0131 kaybedenler i\u00e7in a\u00e7\u0131lan davan\u0131n d\u00f6rd\u00fc duru\u015fmas\u0131n\u0131 KKTC\u2019den de kalabal\u0131k bir heyet takip edecek. \u015eampiyon Melekleri Ya\u015fatma Derne\u011fi, \u00f6nc\u00fcl\u00fc\u011f\u00fcnde sivil toplum \u00f6rg\u00fctleri, siyasi parti yetkilileri, hukuk\u00e7ular, aileler ve gazetecilerden olu\u015fan kalabal\u0131k Ad\u0131yaman\u2019a","og_url":"https:\/\/kibrisdakik.com\/?p=67197","article_published_time":"2024-10-19T17:07:06+00:00","og_image":[{"width":750,"height":375,"url":"https:\/\/kibrisdakik.com\/wp-content\/uploads\/2024\/10\/isias-tabela-740x375.jpg","type":"image\/jpeg"}],"author":"admin","twitter_card":"summary_large_image","twitter_misc":{"Yazan:":"admin","Tahmini okuma s\u00fcresi":"1 dakika"},"schema":{"@context":"https:\/\/schema.org","@graph":[{"@type":"Article","@id":"https:\/\/kibrisdakik.com\/?p=67197#article","isPartOf":{"@id":"https:\/\/kibrisdakik.com\/?p=67197"},"author":{"name":"admin","@id":"https:\/\/kibrisdakik.com\/#\/schema\/person\/9cd9d437bbb44f72b73ba127e06d8e79"},"headline":"\u0130sias Otel davas\u0131na 22 Ekim\u2019de devam edilecek..Duru\u015fma i\u00e7in KKTC\u2019den kalabal\u0131k bir heyet Pazartesi Ad\u0131yaman\u2019a gidecek","datePublished":"2024-10-19T17:07:06+00:00","mainEntityOfPage":{"@id":"https:\/\/kibrisdakik.com\/?p=67197"},"wordCount":202,"commentCount":0,"image":{"@id":"https:\/\/kibrisdakik.com\/?p=67197#primaryimage"},"thumbnailUrl":"https:\/\/kibrisdakik.com\/wp-content\/uploads\/2024\/10\/isias-tabela-740x375.jpg","articleSection":["K\u0131br\u0131s"],"inLanguage":"tr","potentialAction":[{"@type":"CommentAction","name":"Comment","target":["https:\/\/kibrisdakik.com\/?p=67197#respond"]}]},{"@type":"WebPage","@id":"https:\/\/kibrisdakik.com\/?p=67197","url":"https:\/\/kibrisdakik.com\/?p=67197","name":"\u0130sias Otel davas\u0131na 22 Ekim\u2019de devam edilecek..Duru\u015fma i\u00e7in KKTC\u2019den kalabal\u0131k bir heyet Pazartesi Ad\u0131yaman\u2019a gidecek -","isPartOf":{"@id":"https:\/\/kibrisdakik.com\/#website"},"primaryImageOfPage":{"@id":"https:\/\/kibrisdakik.com\/?p=67197#primaryimage"},"image":{"@id":"https:\/\/kibrisdakik.com\/?p=67197#primaryimage"},"thumbnailUrl":"https:\/\/kibrisdakik.com\/wp-content\/uploads\/2024\/10\/isias-tabela-740x375.jpg","datePublished":"2024-10-19T17:07:06+00:00","author":{"@id":"https:\/\/kibrisdakik.com\/#\/schema\/person\/9cd9d437bbb44f72b73ba127e06d8e79"},"breadcrumb":{"@id":"https:\/\/kibrisdakik.com\/?p=67197#breadcrumb"},"inLanguage":"tr","potentialAction":[{"@type":"ReadAction","target":["https:\/\/kibrisdakik.com\/?p=67197"]}]},{"@type":"ImageObject","inLanguage":"tr","@id":"https:\/\/kibrisdakik.com\/?p=67197#primaryimage","url":"https:\/\/kibrisdakik.com\/wp-content\/uploads\/2024\/10\/isias-tabela-740x375.jpg","contentUrl":"https:\/\/kibrisdakik.com\/wp-content\/uploads\/2024\/10\/isias-tabela-740x375.jpg","width":750,"height":375},{"@type":"BreadcrumbList","@id":"https:\/\/kibrisdakik.com\/?p=67197#breadcrumb","itemListElement":[{"@type":"ListItem","position":1,"name":"Home","item":"https:\/\/kibrisdakik.com\/"},{"@type":"ListItem","position":2,"name":"\u0130sias Otel davas\u0131na 22 Ekim\u2019de devam edilecek..Duru\u015fma i\u00e7in KKTC\u2019den kalabal\u0131k bir heyet Pazartesi Ad\u0131yaman\u2019a gidecek"}]},{"@type":"WebSite","@id":"https:\/\/kibrisdakik.com\/#website","url":"https:\/\/kibrisdakik.com\/","name":"","description":"Tam vaktinde haber","potentialAction":[{"@type":"SearchAction","target":{"@type":"EntryPoint","urlTemplate":"https:\/\/kibrisdakik.com\/?s={search_term_string}"},"query-input":{"@type":"PropertyValueSpecification","valueRequired":true,"valueName":"search_term_string"}}],"inLanguage":"tr"},{"@type":"Person","@id":"https:\/\/kibrisdakik.com\/#\/schema\/person\/9cd9d437bbb44f72b73ba127e06d8e79","name":"admin","image":{"@type":"ImageObject","inLanguage":"tr","@id":"https:\/\/secure.gravatar.com\/avatar\/ccc17943b9d660506c869530f897617f7cb1c21a4bf30023f252596d83e1f007?s=96&d=mm&r=g","url":"https:\/\/secure.gravatar.com\/avatar\/ccc17943b9d660506c869530f897617f7cb1c21a4bf30023f252596d83e1f007?s=96&d=mm&r=g","contentUrl":"https:\/\/secure.gravatar.com\/avatar\/ccc17943b9d660506c869530f897617f7cb1c21a4bf30023f252596d83e1f007?s=96&d=mm&r=g","caption":"admin"},"sameAs":["https:\/\/kibrisdakik.com"],"url":"https:\/\/kibrisdakik.com\/?author=1"}]}},"_links":{"self":[{"href":"https:\/\/kibrisdakik.com\/index.php?rest_route=\/wp\/v2\/posts\/67197","targetHints":{"allow":["GET"]}}],"collection":[{"href":"https:\/\/kibrisdakik.com\/index.php?rest_route=\/wp\/v2\/posts"}],"about":[{"href":"https:\/\/kibrisdakik.com\/index.php?rest_route=\/wp\/v2\/types\/post"}],"author":[{"embeddable":true,"href":"https:\/\/kibrisdakik.com\/index.php?rest_route=\/wp\/v2\/users\/1"}],"replies":[{"embeddable":true,"href":"https:\/\/kibrisdakik.com\/index.php?rest_route=%2Fwp%2Fv2%2Fcomments&post=67197"}],"version-history":[{"count":0,"href":"https:\/\/kibrisdakik.com\/index.php?rest_route=\/wp\/v2\/posts\/67197\/revisions"}],"wp:featuredmedia":[{"embeddable":true,"href":"https:\/\/kibrisdakik.com\/index.php?rest_route=\/wp\/v2\/media\/67198"}],"wp:attachment":[{"href":"https:\/\/kibrisdakik.com\/index.php?rest_route=%2Fwp%2Fv2%2Fmedia&parent=67197"}],"wp:term":[{"taxonomy":"category","embeddable":true,"href":"https:\/\/kibrisdakik.com\/index.php?rest_route=%2Fwp%2Fv2%2Fcategories&post=67197"},{"taxonomy":"post_tag","embeddable":true,"href":"https:\/\/kibrisdakik.com\/index.php?rest_route=%2Fwp%2Fv2%2Ftags&post=67197"}],"curies":[{"name":"wp","href":"https:\/\/api.w.org\/{rel}","templated":true}]}}