{"id":67216,"date":"2024-10-20T11:33:25","date_gmt":"2024-10-20T08:33:25","guid":{"rendered":"https:\/\/kibrisdakik.com\/index.php\/2024\/10\/20\/karakayaolasi-kast-karari-cikmazsa-adalet-coktu-kaybetti-diyecegiz\/"},"modified":"2024-10-20T11:33:25","modified_gmt":"2024-10-20T08:33:25","slug":"karakayaolasi-kast-karari-cikmazsa-adalet-coktu-kaybetti-diyecegiz","status":"publish","type":"post","link":"https:\/\/kibrisdakik.com\/?p=67216","title":{"rendered":"Karakaya:Olas\u0131 kast karar\u0131 \u00e7\u0131kmazsa, \u2018adalet \u00e7\u00f6kt\u00fc, kaybetti\u2019 diyece\u011fiz"},"content":{"rendered":"<div>\n<div class=\"mariselle-image-container center\">\n                                            <\/div>\n<p>\u015eampiyon Melekleri Ya\u015fatma Derne\u011fi Ba\u015fkan\u0131 Ru\u015fen Y\u00fccesoylu Karakaya, \u201c\u0130sias davas\u0131nda olas\u0131 kast karar\u0131 \u00e7\u0131kmazsa \u2018adalet \u00e7\u00f6kt\u00fc, adalet kaybetti, adalet yenildi\u2019 diyece\u011fiz\u201d dedi.<\/p>\n<p>\u201cBizim hayatlar\u0131m\u0131z\u0131 karanl\u0131\u011fa g\u00f6md\u00fcler. Ancak adalet olas\u0131 kastla gelirse ayd\u0131nl\u0131\u011f\u0131 bir nebze olsun g\u00f6rece\u011fimize inan\u0131yoruz\u201d \u015feklinde konu\u015fan Karakaya, Ad\u0131yaman\u2019a her gidi\u015flerinde duyduklar\u0131 endi\u015fe, hissettikleri \u00f6fke ve \u00fcz\u00fcnt\u00fcy\u00fc yeniden ya\u015fad\u0131klar\u0131n\u0131 dile getirdi.<\/p>\n<p>\u201cSaniyeler i\u00e7inde y\u0131k\u0131lan ve \u00e7ocuklar\u0131m\u0131za mezar olan \u0130sias\u2019ta her \u015fey ortada\u2026 Asans\u00f6r ger\u00e7e\u011fi ortada, binan\u0131n ta\u015f\u0131ma sistemiyle oynand\u0131\u011f\u0131 ortada, onayl\u0131 proje yok. Ruhsatlarda sahtecilik yapt\u0131lar\u201d diyen Karakaya, asla y\u0131lmayacaklar\u0131n\u0131, davada beklenilen karar \u00e7\u0131kmazsa, m\u00fccadeleye devam edeceklerini vurgulad\u0131.<\/p>\n<p>\u0130sias davas\u0131n\u0131n d\u00f6rd\u00fcnc\u00fc duru\u015fmas\u0131 22 Ekim Sal\u0131 g\u00fcn\u00fc Ad\u0131yaman 3. A\u011f\u0131r Ceza Mahkemesi\u2019nde g\u00f6r\u00fc\u015f\u00fclecek.<\/p>\n<p>Her davada oldu\u011fu gibi \u015eampiyon Meleklerin aileleri, siyasilerden ve gazetecilerden olu\u015fan yakla\u015f\u0131k 100 ki\u015filik heyet, duru\u015fmay\u0131 izlemek i\u00e7in Ad\u0131yaman\u2019a gidecek. Heyet, yar\u0131n Gaziantep \u00fczerinden Ad\u0131yaman\u2019a hareket edecek.<\/p>\n<p>-\u201c3-4 duru\u015fma sonra karar\u0131 bekliyoruz\u201d<\/p>\n<p>Duru\u015fma \u00f6ncesi TAK muhabirine konu\u015fan \u015eampiyon Melekleri Ya\u015fatma Derne\u011fi Ba\u015fkan\u0131 Ru\u015fen Y\u00fccesoylu Karakaya, davada art\u0131k sona yakla\u015f\u0131ld\u0131\u011f\u0131n\u0131, karar\u0131n 3-4 duru\u015fma sonras\u0131nda \u00e7\u0131kmas\u0131n\u0131 beklediklerini kaydetti.<\/p>\n<p>Yeni bilirki\u015fi raporunun hen\u00fcz haz\u0131r olmad\u0131\u011f\u0131n\u0131 ve bu duru\u015fmaya b\u00fcy\u00fck ihtimal yeti\u015fmeyece\u011fini ifade eden Karakaya, 22 Ekim\u2019deki duru\u015fmaya yine b\u00fcy\u00fck bir ekip, kafileyle gidilece\u011fini aktard\u0131.<\/p>\n<p>Avukatlar taraf\u0131ndan bu duru\u015fmada \u00e7ok bir \u015fey olmayaca\u011f\u0131n\u0131n s\u00f6ylendi\u011fini, 15-20 g\u00fcn sonra yeni bir duru\u015fma tarihi verilece\u011fini d\u00fc\u015f\u00fcnd\u00fcklerini belirten Karakaya, bir sonraki duru\u015fman\u0131n bilirki\u015fi raporuyla olaca\u011f\u0131 beklentisinde olduklar\u0131n\u0131 kaydetti.<\/p>\n<p>Karakaya s\u00fcre\u00e7 hakk\u0131nda bilgi vererek, 12 Haziran\u2019da yap\u0131lan duru\u015fmada mahkemenin yeni bir bilirki\u015fi raporu istedi\u011fini an\u0131msatarak, yeni raporun 9 Eyl\u00fcl \u00dcniversitesi ve \u0130stanbul Teknik \u00dcniversitesi profes\u00f6rlerinden olu\u015fan bir ekiple haz\u0131rlanaca\u011f\u0131n\u0131 an\u0131msatt\u0131.<\/p>\n<p>Bilirki\u015fi raporunun hen\u00fcz haz\u0131r olmad\u0131\u011f\u0131n\u0131 ifade eden Karakaya, bilirki\u015fi heyetinin 4 Eyl\u00fcl\u2019de \u0130sias Otel\u2019de bir ke\u015fif yapt\u0131\u011f\u0131n\u0131, kendisinin de, raporlar\u0131n\u0131n haz\u0131rlanmas\u0131nda g\u00f6rev alan hocalar ve avukatlar\u0131yla 3 g\u00fcn boyunca ke\u015ffin ba\u015f\u0131nda olduklar\u0131n\u0131 anlatt\u0131.<\/p>\n<p>-\u201c\u00dc\u00e7 g\u00fcn boyunca ke\u015ffin ba\u015f\u0131ndayd\u0131k\u201d<\/p>\n<p>Karakaya \u015f\u00f6yle konu\u015ftu:<\/p>\n<p>\u201c\u00dc\u00e7 g\u00fcn boyunca ke\u015ffin ba\u015f\u0131ndayd\u0131k. Normalde bir g\u00fcn diye gittik, \u00fc\u00e7 g\u00fcn s\u00fcrd\u00fc. \u00dc\u00e7 g\u00fcn boyunca \u0130sias\u2019\u0131n temeline inerek temelden karot ve demir \u00f6rnekleri ald\u0131lar.<\/p>\n<p>Bu bizi hem endi\u015felendirir, hem endi\u015felendirmez. Sonu\u00e7ta bunu yapanlar bilim adam\u0131d\u0131rlar. Biliyoruz ki al\u0131nanlar sadece temeldeki \u00f6rnektir. Profes\u00f6rlerin Karadeniz Teknik \u00dcniversitesi (KAT\u00dc) raporundaki ger\u00e7ekleri ve bizim \u0130MO raporumuzdakileri g\u00f6z arad\u0131 edemeyeceklerini d\u00fc\u015f\u00fcn\u00fcyoruz. Ortada bir KAT\u00dc, bir \u0130MO raporu var. Demir ve beton y\u00f6n\u00fcndeki ger\u00e7ekler ortadad\u0131r. Temelden al\u0131nan \u00f6rnekler ne olursa olsun\u2026\u201d<\/p>\n<p>-\u201cBiz t\u00fcm aileler, art\u0131k t\u00fcm ger\u00e7eklerin bilirki\u015fi raporunda t\u00fcm detay\u0131na kadar yaz\u0131lmas\u0131n\u0131 istiyoruz\u201d<\/p>\n<p>\u201cBiz t\u00fcm aileler, art\u0131k t\u00fcm ger\u00e7eklerin bu raporda t\u00fcm detay\u0131na kadar yaz\u0131lmas\u0131n\u0131 istiyoruz\u201d diyen Karakaya, \u201cBilirki\u015fi heyetinin elinde iki tane mahkemenin ald\u0131\u011f\u0131, be\u015f tane bizim sundu\u011fumuz rapor var. \u00d6zellikle bizim ald\u0131\u011f\u0131m\u0131z be\u015f raporun hemen hemen hepsi ayn\u0131.\u201d \u015feklinde konu\u015ftu.<\/p>\n<p>Sonu\u00e7lar\u0131 de\u011ferlendirirken b\u00fct\u00fcn bunlar\u0131n g\u00f6z \u00f6n\u00fcnde bulundurulmas\u0131n\u0131 mahkeme heyetinin bilirki\u015filerden rica etti\u011fini an\u0131msatan Karakaya, art\u0131k tam anlam\u0131yla dolu dolu ger\u00e7ekleri yans\u0131tan bir bilirki\u015fi raporunun dosyaya y\u00fcklenece\u011fini d\u00fc\u015f\u00fcnd\u00fcklerini ifade etti.<\/p>\n<p>-\u201cDokuz kat boyunca d\u00f6\u015femeyi keserek asans\u00f6r yata\u011f\u0131 i\u00e7in yer a\u00e7t\u0131lar\u2026\u201d<\/p>\n<p>Karakaya s\u00f6zlerini s\u00f6yle s\u00fcrd\u00fcrd\u00fc:<\/p>\n<p>\u201cBiz \u0130sias raporunda art\u0131k asans\u00f6r ger\u00e7e\u011finin yer almas\u0131n\u0131 bekliyoruz. Ka\u00e7ak kat ger\u00e7e\u011finin t\u00fcm ayr\u0131nt\u0131lar\u0131yla olmas\u0131n\u0131 bekliyoruz. Bu adamlar belki kolon kesmemi\u015f olabilirler ama daha da beteri var. Projede olmayan ikinci bir asans\u00f6r\u00fc koydular. Dokuz kat boyunca d\u00f6\u015femeyi keserek asans\u00f6r yata\u011f\u0131 i\u00e7in yer a\u00e7t\u0131lar. Tamam\u0131yla binan\u0131n ta\u015f\u0131ma sistemiyle oynad\u0131lar. Bunu yaparken ellerinde onayl\u0131 bir proje yok.<\/p>\n<p>Ruhsatlar\u0131nda sahtecilik yapt\u0131lar. Tadilat dediler apartman olan binay\u0131 otele \u00e7evirdiler, onun i\u00e7in saniyeler i\u00e7inde y\u0131k\u0131ld\u0131 ve \u00e7ocuklar\u0131m\u0131za mezar oldu.\u201d<\/p>\n<p>\u201cBiz bu ger\u00e7eklerin bu raporda art\u0131k olmas\u0131n\u0131 istiyoruz.\u201d \u015feklinde konu\u015fan Karakaya, bunun ciddi bir dille yaz\u0131lmas\u0131n\u0131 beklediklerini, ortada ka\u00e7ak kat ger\u00e7e\u011fi oldu\u011funu, mahkeme heyetinin bunu g\u00f6rd\u00fc\u011f\u00fcne inand\u0131klar\u0131n\u0131 s\u00f6yledi.<\/p>\n<p>Karakaya, mahkemeye her \u015feyin sunuldu\u011funu, yap\u0131 ruhsat\u0131n\u0131n ka\u00e7 kat i\u00e7in al\u0131nd\u0131\u011f\u0131, orada bir ka\u00e7ak kat oldu\u011fu ve o ka\u00e7ak kat\u0131n s\u00f6ylendi\u011fi gibi sadece pergolayla \u00f6nde kesilen yer olmad\u0131\u011f\u0131n\u0131, buras\u0131n\u0131n Ahmet Bozkurt\u2019un ofis olarak kulland\u0131\u011f\u0131 yer oldu\u011funun resimlerle de ortada oldu\u011funu vurgulad\u0131.<\/p>\n<p>\u201cHer \u015fey ortada.\u201d diyen Ru\u015fen Y\u00fccesoylu Karakaya, davada art\u0131k sona yakla\u015f\u0131ld\u0131\u011f\u0131n\u0131, avukatlar\u0131n\u0131n kendilerini bu y\u00f6nde uyard\u0131\u011f\u0131n\u0131, karar\u0131n en fazla 3-4 duru\u015fma sonra \u00e7\u0131kaca\u011f\u0131n\u0131 d\u00fc\u015f\u00fcnd\u00fcklerini kaydetti.<\/p>\n<p>-\u201cDiken \u00fcst\u00fcnde kamu g\u00f6revlilerinin iddianamesinin yaz\u0131lmas\u0131n\u0131 bekliyoruz\u201d<\/p>\n<p>Karakaya s\u00f6zlerini \u015f\u00f6yle s\u00fcrd\u00fcrd\u00fc:<\/p>\n<p>\u201cBiz diken \u00fcst\u00fcnde kamu g\u00f6revlilerinin iddianamesinin yaz\u0131lmas\u0131n\u0131 bekliyoruz. Kamu g\u00f6revlileri iddianamesi yaz\u0131ld\u0131ktan sonra b\u00fcy\u00fck ihtimalle davalar birle\u015ftirilecek ve mahkeme heyeti, karara do\u011fru gidecek. Biz zaten davalar\u0131n birle\u015fmesini istiyoruz. Kimin ne yapt\u0131\u011f\u0131, b\u00fct\u00fcn sahtekarl\u0131klar ortaya \u00e7\u0131ks\u0131n.\u201d<\/p>\n<p>Kamu g\u00f6revlileri i\u00e7in de topun Ad\u0131yaman Savc\u0131l\u0131\u011f\u0131\u2019nda oldu\u011funu kaydeden Karakaya, savc\u0131l\u0131ktan iddianamenin yaz\u0131lmas\u0131n\u0131 beklediklerini s\u00f6yledi.<\/p>\n<p>Karakaya \u015f\u00f6yle devam etti:<\/p>\n<p>\u201cNeden bu kadar zaman ald\u0131\u011f\u0131n\u0131 kavrayam\u0131yorum. 8 kamu g\u00f6revlisi var. Bunlardan 6 tanesi kamu g\u00f6revlisi, 2\u2019si daimi i\u015f\u00e7i. 6 kamu g\u00f6revlisinden 2 tanesi \u00f6ld\u00fc. Yani 4 kamu g\u00f6revlisi ve 2 daimi i\u015f\u00e7i i\u00e7in iddianame yaz\u0131lacak. Daimi i\u015f\u00e7iler i\u00e7in ayr\u0131 bir iddianame yaz\u0131lmad\u0131, b\u00fcy\u00fck bir ihtimalle hepsi beraber yaz\u0131lacak. Onlar\u0131n itirazlar\u0131 vard\u0131, onlar reddedildi. \u015eu anda top savc\u0131l\u0131kta. Kamu g\u00f6revlilerine soru\u015fturma izni a\u00e7\u0131ld\u0131\u011f\u0131nda bu iddianame gibi bir \u015feydi. Asl\u0131nda yap\u0131lacak \u00e7ok fazla i\u015f yok. Bunun i\u00e7in s\u00fcrekli \u2018\u0130ddianame nerede\u2019 diye payla\u015f\u0131mlar yap\u0131yoruz. \u0130ddianamemin \u00e7\u0131kmas\u0131n\u0131 bekliyoruz, \u00e7\u0131kmazsa bir \u015fey var. Oyal\u0131yorlar demektir.\u201d<\/p>\n<p>-\u201cGazi raporu \u00e7ok talihsiz ve yanl\u0131\u015ft\u0131\u201d<\/p>\n<p>Gazi \u00dcniversitesi raporundan sonra y\u0131k\u0131ld\u0131klar\u0131n\u0131 ifade eden Ru\u015fen Y\u00fccesoylu Karakaya, \u015f\u00f6yle konu\u015ftu:<\/p>\n<p>\u201cGazi raporu \u00e7ok talihsiz, \u00e7ok yanl\u0131\u015f bir rapordu. B\u00f6yle bir raporun akademisyenler taraf\u0131ndan verilmesi bile y\u00fcz karas\u0131 olarak nitelendirilebilir. Deprem davalar\u0131nda b\u00f6yle bir rapor veren akademisyenler oldu\u011fu i\u00e7in kurum ad\u0131na ben utan\u0131yorum. Gazi \u00dcniversitesi raporundan sonra en su\u00e7lulardan Halil Ba\u011fc\u0131 ve Efe Bozkurt tahliye edildi. Biz aileler olarak \u00e7ok b\u00fcy\u00fck, \u00e7ok a\u011f\u0131r bir y\u00fck\u00fcn alt\u0131nda kald\u0131k. Efe Bozkurt\u2019un d\u0131\u015farda gezmesi d\u00fc\u015f\u00fcncesinden bile \u00e7ok rahats\u0131z\u0131m. Halil Ba\u011fc\u0131 di\u011fer davalardan dolay\u0131 (hepsi deprem) hapiste ama \u0130sias\u2019tan tahliye edildi. Bence mahkeme heyeti de fark\u0131nda, orada bir yanl\u0131\u015f oldu\u011funu ve karar a\u00e7\u0131klan\u0131rken bundan geri d\u00f6n\u00fclece\u011fine inan\u0131yoruz.\u201d<\/p>\n<p>Yeni bilirki\u015fi raporunun hen\u00fcz haz\u0131r olmad\u0131\u011f\u0131n\u0131 ve bu duru\u015fmaya b\u00fcy\u00fck ihtimal yeti\u015fmeyece\u011fini ifade eden Karakaya, 22 Ekim\u2019de ger\u00e7ekle\u015ftirilecek duru\u015fmaya yine b\u00fcy\u00fck bir ekip, kafileyle gidilece\u011fini s\u00f6yledi.<\/p>\n<p>Avukatlar taraf\u0131ndan bu duru\u015fmada \u00e7ok bir \u015fey olmayaca\u011f\u0131n\u0131n s\u00f6ylendi\u011fini, b\u00fcy\u00fck ihtimal 15-20 g\u00fcn sonra bir duru\u015fma tarihi daha verilece\u011fini s\u00f6yleyen Karakaya, bir sonraki duru\u015fman\u0131n bilir ki\u015fi raporuyla olaca\u011f\u0131 beklentisinde olduklar\u0131n\u0131 kaydetti.<\/p>\n<p>-\u201cHer Ad\u0131yaman\u2019a giderken hissetti\u011fimiz endi\u015fe, \u00f6fke ve \u00fcz\u00fcnt\u00fcm\u00fcz var\u2026\u201d<\/p>\n<p>\u201cHer Ad\u0131yaman\u2019a giderken hissetti\u011fimiz endi\u015fe, \u00f6fke ve \u00fcz\u00fcnt\u00fcm\u00fcz var maalesef\u201d diyen Karakaya, her zamanki gibi halk\u0131n desteklerine ihtiya\u00e7lar\u0131 oldu\u011funu s\u00f6yledi.<\/p>\n<p>Malatya\u2019da 16 Ekim\u2019de meydana gelen 5.9\u2019lu depreme de de\u011finen Y\u00fccesoylu, \u201cBu depremde de Ad\u0131yaman etkilenen yerlerden biri. Ad\u0131yaman Belediye Ba\u015fkan\u0131 a\u00e7\u0131klama yaparak, AFAD\u2019\u0131n yine Ad\u0131yaman\u2019\u0131 es ge\u00e7ti\u011fini ve AFAD duyurular\u0131nda Ad\u0131yaman\u2019a bile de\u011finilmedi\u011fini s\u00f6yledi. Depremden sonra Ad\u0131yaman\u2019da AFAD yoktu. Bu depremde de yine Ad\u0131yaman bir kenara itildi. Bu da ne kadar yanl\u0131\u015f i\u015fler yap\u0131ld\u0131\u011f\u0131n\u0131n bir g\u00f6stergesi zaten\u2026\u201d<\/p>\n<p>-\u201cEmsal karar nihayet \u00e7\u0131kt\u0131. Bu demektir ki bizim mahkeme heyeti biraz daha rahatlar\u201d<\/p>\n<p>Adana\u2019da bir emsal deprem davas\u0131 \u00e7\u0131kt\u0131\u011f\u0131na da de\u011finen Ru\u015fen Y\u00fccesoylu Karakaya, bu davay\u0131 yak\u0131ndan takip ettiklerini s\u00f6yledi.<\/p>\n<p>Adana \u201cAlperg\u00fcn Apartman\u0131\u201d bilir ki\u015fi raporunu okuduklar\u0131n\u0131, bu dava i\u00e7in bir tane bilir ki\u015fi raporu haz\u0131rland\u0131\u011f\u0131n\u0131, orada yap\u0131lan her \u015feyin \u0130sias\u2019la ayn\u0131 oldu\u011funu ifade eden Karakaya, \u201cBakt\u0131\u011f\u0131m\u0131zda \u0130sias daha felaket durumda. Alperg\u00fcn davas\u0131nda mahkeme heyeti ve savc\u0131, m\u00fcteahhide olas\u0131 kast karar\u0131 \u00e7\u0131kard\u0131. B\u00fcy\u00fck bir cesaret. Aileler olarak bunu konu\u015ftuk aram\u0131zda. Bu emsal karar nihayet \u00e7\u0131kt\u0131. Bu demektir ki bizim mahkeme heyeti biraz daha rahatlar.\u201d<\/p>\n<p>-\u201c\u0130sias i\u00e7in de olas\u0131 kast karar\u0131 \u00e7\u0131kmas\u0131 gerekti\u011fi ortada\u201d<\/p>\n<p>\u201c\u0130sias i\u00e7in de olas\u0131 kast karar\u0131 \u00e7\u0131kmas\u0131 gerekti\u011fi ortada. Alperg\u00fcn\u2019de bile bilirki\u015fi raporuna g\u00f6re \u00e7\u0131kt\u0131. \u0130sias ka\u00e7\u0131n\u0131lmaz. \u00c7\u0131kmazsa da adalet \u00e7\u00f6kt\u00fc diyebiliriz. Adalet kaybetti, adalet yenildi diyece\u011fiz ve m\u00fccadelemize devam edece\u011fiz.\u201d \u015feklinde konu\u015fan Karakaya, \u201cBiz y\u0131lmayaca\u011f\u0131z\u201d dedi.<\/p>\n<p>Alperg\u00fcn davas\u0131ndaki olas\u0131 kast karar\u0131n\u0131n ailelerde bir umut oldu\u011funu ifade eden Karakaya, \u015f\u00f6yle devam etti:<\/p>\n<p>\u201cOlumlu geli\u015fmeler ya\u015fan\u0131yor deprem davalar\u0131nda. Bence bunun nedeni de K\u0131br\u0131s halk\u0131n\u0131n olas\u0131 kast ile adalet istemesi ve hi\u00e7 susmamas\u0131. \u00c7\u00fcnk\u00fc herkes birlikteli\u011fimizi g\u00f6rd\u00fc, nas\u0131l tek y\u00fcrek oldu\u011fumuzu g\u00f6rd\u00fc. Herkes m\u00fccadeleye etmeye ba\u015flad\u0131. Bir s\u00fcr\u00fc davada bir\u00e7ok olumlu geli\u015fmeler var. \u201cEzgi Apartman\u0131\u2019nda kamu g\u00f6revlileri iddianamesi yaz\u0131ld\u0131. \u015eu anda onlar\u0131n davas\u0131 birle\u015ftirilmedi. \u0130lk etapta ayr\u0131 g\u00f6r\u00fclecek ama mahkeme heyeti herhalde onu da birle\u015ftirir. Sait Bay Sitesi\u2019nde baz\u0131 geli\u015fmeler oldu. K\u0131br\u0131s halk\u0131n\u0131n tek y\u00fcrek olmas\u0131n\u0131n \u00e7ok b\u00fcy\u00fck bir etkisi var di\u011fer davalarda. Olas\u0131 kast ile adalet istememiz m\u00fccadeleye \u00f6rnek oluyor.\u201d<\/p>\n<p>-\u201cBizim hayatlar\u0131m\u0131z\u0131 karanl\u0131\u011fa g\u00f6md\u00fcler\u2026\u201d<\/p>\n<p>\u201cAdalet \u0130\u00e7in 3 Dakika Karanl\u0131k\u201d eylemine 14 Ekim\u2019de ba\u015flad\u0131klar\u0131n\u0131 an\u0131msatan Karakaya, \u201cGe\u00e7en davaya gitmeden adalete \u0131\u015f\u0131k tut y\u00fcr\u00fcy\u00fc\u015f\u00fc yapm\u0131\u015ft\u0131k. \u015eimdi bu duru\u015fmaya gitmeden \u00f6nce de bir karanl\u0131k eylemi ba\u015flatt\u0131k. \u00c7\u00fcnk\u00fc bizim hayatlar\u0131m\u0131z\u0131 karanl\u0131\u011fa g\u00f6md\u00fcler. 3 dakikal\u0131\u011f\u0131na t\u00fcm K\u0131br\u0131s\u2019\u0131 karartarak, adalet olas\u0131 kastla gelirse de ayd\u0131nl\u0131\u011f\u0131 bir nebze olsun g\u00f6rece\u011fimize inanarak bu eylemi ba\u015flatt\u0131k.\u201d<\/p>\n<p>\u201cG\u00fcl\u015fen ve Mehmet\u2019in Neydi Olaca\u011f\u0131 ekibinin kendilerine \u00e7ok b\u00fcy\u00fck bir destek sa\u011flad\u0131\u011f\u0131n\u0131 s\u00f6yleyen Karakaya, \u201cOnlara sadece bir telefon a\u00e7mam yeterli oldu. Bir fikrim vard\u0131 onu payla\u015ft\u0131m ve hemen giri\u015ftiler. Hemen Ay\u015fe aban\u0131n o videosunu yay\u0131mlad\u0131lar. Ay\u015fe aba \u00e7ocuklar\u0131m\u0131zla tan\u0131\u015fm\u0131\u015ft\u0131 Ad\u0131yaman\u2019a gitmeden \u00f6nce. \u00d6zellikle Selin\u2019in ya\u015f grubu, 7. s\u0131n\u0131ft\u0131 o zamanlar. Ay\u015fe abayla okulda tan\u0131\u015fm\u0131\u015ft\u0131lar ve Ay\u015fe aban\u0131n videosu \u00e7ok etkili oldu ve \u00e7ok duygusald\u0131.\u201d dedi.<\/p>\n<p>\u201cBu eylemi ayd\u0131nl\u0131\u011fa bir nebze olsun ula\u015fmam\u0131z i\u00e7in, kalbimize bir nebze olsun huzur gelmesi i\u00e7in yap\u0131yoruz\u201d diyen Karakaya, \u201cAdalet olas\u0131 kastla gelecek, karanl\u0131ktan ayd\u0131nl\u0131\u011fa \u00e7\u0131kaca\u011f\u0131z diyoruz biz aileler olarak.\u201d \u015feklinde konu\u015ftu.<\/p>\n<p>-\u201cBu sadece bizim davam\u0131z de\u011fil, Bu K\u0131br\u0131s\u2019\u0131n davas\u0131\u201d<\/p>\n<p>Her zamanki gibi t\u00fcm halktan destek beklediklerini, bu deste\u011fin kendilerine g\u00fc\u00e7 verdi\u011fini ifade eden Karakaya, \u201cBiz Ad\u0131yaman\u2019da 35 kayb\u0131n m\u00fc\u015ftekisi olarak bulunuyoruz ama asl\u0131nda bu sadece bizim davam\u0131z de\u011fil, bu K\u0131br\u0131s\u2019\u0131n davas\u0131. Onun i\u00e7in destek bizim i\u00e7in \u00e7ok \u00f6nemli.\u201d<\/p>\n<p>-\u201cKimsenin susmamas\u0131 laz\u0131m\u201d<\/p>\n<p>Bununla beraber Ad\u0131yaman halk\u0131ndan da destek beklediklerini ifade eden Karakaya, s\u00f6zlerini \u015f\u00f6yle tamamlad\u0131:<\/p>\n<p>\u201cGene deprem oldu ve Ad\u0131yaman gene bir kenara itildi. Ad\u0131yaman\u2019\u0131n en k\u00f6kl\u00fc ailesi diye ge\u00e7inen Bozkurt\u2019lar\u0131n yapt\u0131\u011f\u0131 bir mezarda kaybettik biz \u00e7ocuklar\u0131m\u0131z\u0131\u2026 Ad\u0131yaman halk\u0131 \u00e7ok b\u00fcy\u00fck bir y\u0131k\u0131m ya\u015fad\u0131. Susmas\u0131nlar, adalet istesinler. Kimsenin susmamas\u0131 laz\u0131m.\u201d<\/p>\n<\/p><\/div>\n<p><script async\n                    defer\n                    crossorigin=\"anonymous\"\n                    src=\"https:\/\/connect.facebook.net\/tr_TR\/sdk.js#xfbml=1&#038;version=v3.3\"\n            ><\/script><\/p>\n","protected":false},"excerpt":{"rendered":"<p>\u015eampiyon Melekleri Ya\u015fatma Derne\u011fi Ba\u015fkan\u0131 Ru\u015fen Y\u00fccesoylu Karakaya, \u201c\u0130sias davas\u0131nda olas\u0131 kast karar\u0131 \u00e7\u0131kmazsa \u2018adalet \u00e7\u00f6kt\u00fc, adalet kaybetti, adalet yenildi\u2019 diyece\u011fiz\u201d dedi. \u201cBizim hayatlar\u0131m\u0131z\u0131 karanl\u0131\u011fa g\u00f6md\u00fcler. Ancak adalet olas\u0131 kastla gelirse ayd\u0131nl\u0131\u011f\u0131 bir nebze olsun g\u00f6rece\u011fimize inan\u0131yoruz\u201d \u015feklinde konu\u015fan Karakaya, Ad\u0131yaman\u2019a her gidi\u015flerinde duyduklar\u0131 endi\u015fe, hissettikleri \u00f6fke ve \u00fcz\u00fcnt\u00fcy\u00fc yeniden ya\u015fad\u0131klar\u0131n\u0131 dile getirdi. \u201cSaniyeler i\u00e7inde<\/p>\n","protected":false},"author":1,"featured_media":67217,"comment_status":"open","ping_status":"open","sticky":false,"template":"","format":"standard","meta":{"footnotes":""},"categories":[81],"tags":[],"class_list":["post-67216","post","type-post","status-publish","format-standard","has-post-thumbnail","hentry","category-kibris"],"yoast_head":"<!-- This site is optimized with the Yoast SEO plugin v27.5 - https:\/\/yoast.com\/product\/yoast-seo-wordpress\/ -->\n<title>Karakaya:Olas\u0131 kast karar\u0131 \u00e7\u0131kmazsa, \u2018adalet \u00e7\u00f6kt\u00fc, kaybetti\u2019 diyece\u011fiz -<\/title>\n<meta name=\"robots\" content=\"index, follow, max-snippet:-1, max-image-preview:large, max-video-preview:-1\" \/>\n<link rel=\"canonical\" href=\"https:\/\/kibrisdakik.com\/?p=67216\" \/>\n<meta property=\"og:locale\" content=\"tr_TR\" \/>\n<meta property=\"og:type\" content=\"article\" \/>\n<meta property=\"og:title\" content=\"Karakaya:Olas\u0131 kast karar\u0131 \u00e7\u0131kmazsa, \u2018adalet \u00e7\u00f6kt\u00fc, kaybetti\u2019 diyece\u011fiz -\" \/>\n<meta property=\"og:description\" content=\"\u015eampiyon Melekleri Ya\u015fatma Derne\u011fi Ba\u015fkan\u0131 Ru\u015fen Y\u00fccesoylu Karakaya, \u201c\u0130sias davas\u0131nda olas\u0131 kast karar\u0131 \u00e7\u0131kmazsa \u2018adalet \u00e7\u00f6kt\u00fc, adalet kaybetti, adalet yenildi\u2019 diyece\u011fiz\u201d dedi. \u201cBizim hayatlar\u0131m\u0131z\u0131 karanl\u0131\u011fa g\u00f6md\u00fcler. Ancak adalet olas\u0131 kastla gelirse ayd\u0131nl\u0131\u011f\u0131 bir nebze olsun g\u00f6rece\u011fimize inan\u0131yoruz\u201d \u015feklinde konu\u015fan Karakaya, Ad\u0131yaman\u2019a her gidi\u015flerinde duyduklar\u0131 endi\u015fe, hissettikleri \u00f6fke ve \u00fcz\u00fcnt\u00fcy\u00fc yeniden ya\u015fad\u0131klar\u0131n\u0131 dile getirdi. \u201cSaniyeler i\u00e7inde\" \/>\n<meta property=\"og:url\" content=\"https:\/\/kibrisdakik.com\/?p=67216\" \/>\n<meta property=\"article:published_time\" content=\"2024-10-20T08:33:25+00:00\" \/>\n<meta property=\"og:image\" content=\"https:\/\/kibrisdakik.com\/wp-content\/uploads\/2024\/10\/karakaya-roportajina-740x420.jpeg\" \/>\n\t<meta property=\"og:image:width\" content=\"1152\" \/>\n\t<meta property=\"og:image:height\" content=\"1743\" \/>\n\t<meta property=\"og:image:type\" content=\"image\/jpeg\" \/>\n<meta name=\"author\" content=\"admin\" \/>\n<meta name=\"twitter:card\" content=\"summary_large_image\" \/>\n<meta name=\"twitter:label1\" content=\"Yazan:\" \/>\n\t<meta name=\"twitter:data1\" content=\"admin\" \/>\n\t<meta name=\"twitter:label2\" content=\"Tahmini okuma s\u00fcresi\" \/>\n\t<meta name=\"twitter:data2\" content=\"11 dakika\" \/>\n<script type=\"application\/ld+json\" class=\"yoast-schema-graph\">{\"@context\":\"https:\\\/\\\/schema.org\",\"@graph\":[{\"@type\":\"Article\",\"@id\":\"https:\\\/\\\/kibrisdakik.com\\\/?p=67216#article\",\"isPartOf\":{\"@id\":\"https:\\\/\\\/kibrisdakik.com\\\/?p=67216\"},\"author\":{\"name\":\"admin\",\"@id\":\"https:\\\/\\\/kibrisdakik.com\\\/#\\\/schema\\\/person\\\/9cd9d437bbb44f72b73ba127e06d8e79\"},\"headline\":\"Karakaya:Olas\u0131 kast karar\u0131 \u00e7\u0131kmazsa, \u2018adalet \u00e7\u00f6kt\u00fc, kaybetti\u2019 diyece\u011fiz\",\"datePublished\":\"2024-10-20T08:33:25+00:00\",\"mainEntityOfPage\":{\"@id\":\"https:\\\/\\\/kibrisdakik.com\\\/?p=67216\"},\"wordCount\":2214,\"commentCount\":0,\"image\":{\"@id\":\"https:\\\/\\\/kibrisdakik.com\\\/?p=67216#primaryimage\"},\"thumbnailUrl\":\"https:\\\/\\\/kibrisdakik.com\\\/wp-content\\\/uploads\\\/2024\\\/10\\\/karakaya-roportajina-740x420.jpeg\",\"articleSection\":[\"K\u0131br\u0131s\"],\"inLanguage\":\"tr\",\"potentialAction\":[{\"@type\":\"CommentAction\",\"name\":\"Comment\",\"target\":[\"https:\\\/\\\/kibrisdakik.com\\\/?p=67216#respond\"]}]},{\"@type\":\"WebPage\",\"@id\":\"https:\\\/\\\/kibrisdakik.com\\\/?p=67216\",\"url\":\"https:\\\/\\\/kibrisdakik.com\\\/?p=67216\",\"name\":\"Karakaya:Olas\u0131 kast karar\u0131 \u00e7\u0131kmazsa, \u2018adalet \u00e7\u00f6kt\u00fc, kaybetti\u2019 diyece\u011fiz -\",\"isPartOf\":{\"@id\":\"https:\\\/\\\/kibrisdakik.com\\\/#website\"},\"primaryImageOfPage\":{\"@id\":\"https:\\\/\\\/kibrisdakik.com\\\/?p=67216#primaryimage\"},\"image\":{\"@id\":\"https:\\\/\\\/kibrisdakik.com\\\/?p=67216#primaryimage\"},\"thumbnailUrl\":\"https:\\\/\\\/kibrisdakik.com\\\/wp-content\\\/uploads\\\/2024\\\/10\\\/karakaya-roportajina-740x420.jpeg\",\"datePublished\":\"2024-10-20T08:33:25+00:00\",\"author\":{\"@id\":\"https:\\\/\\\/kibrisdakik.com\\\/#\\\/schema\\\/person\\\/9cd9d437bbb44f72b73ba127e06d8e79\"},\"breadcrumb\":{\"@id\":\"https:\\\/\\\/kibrisdakik.com\\\/?p=67216#breadcrumb\"},\"inLanguage\":\"tr\",\"potentialAction\":[{\"@type\":\"ReadAction\",\"target\":[\"https:\\\/\\\/kibrisdakik.com\\\/?p=67216\"]}]},{\"@type\":\"ImageObject\",\"inLanguage\":\"tr\",\"@id\":\"https:\\\/\\\/kibrisdakik.com\\\/?p=67216#primaryimage\",\"url\":\"https:\\\/\\\/kibrisdakik.com\\\/wp-content\\\/uploads\\\/2024\\\/10\\\/karakaya-roportajina-740x420.jpeg\",\"contentUrl\":\"https:\\\/\\\/kibrisdakik.com\\\/wp-content\\\/uploads\\\/2024\\\/10\\\/karakaya-roportajina-740x420.jpeg\",\"width\":1152,\"height\":1743},{\"@type\":\"BreadcrumbList\",\"@id\":\"https:\\\/\\\/kibrisdakik.com\\\/?p=67216#breadcrumb\",\"itemListElement\":[{\"@type\":\"ListItem\",\"position\":1,\"name\":\"Home\",\"item\":\"https:\\\/\\\/kibrisdakik.com\\\/\"},{\"@type\":\"ListItem\",\"position\":2,\"name\":\"Karakaya:Olas\u0131 kast karar\u0131 \u00e7\u0131kmazsa, \u2018adalet \u00e7\u00f6kt\u00fc, kaybetti\u2019 diyece\u011fiz\"}]},{\"@type\":\"WebSite\",\"@id\":\"https:\\\/\\\/kibrisdakik.com\\\/#website\",\"url\":\"https:\\\/\\\/kibrisdakik.com\\\/\",\"name\":\"\",\"description\":\"Tam vaktinde haber\",\"potentialAction\":[{\"@type\":\"SearchAction\",\"target\":{\"@type\":\"EntryPoint\",\"urlTemplate\":\"https:\\\/\\\/kibrisdakik.com\\\/?s={search_term_string}\"},\"query-input\":{\"@type\":\"PropertyValueSpecification\",\"valueRequired\":true,\"valueName\":\"search_term_string\"}}],\"inLanguage\":\"tr\"},{\"@type\":\"Person\",\"@id\":\"https:\\\/\\\/kibrisdakik.com\\\/#\\\/schema\\\/person\\\/9cd9d437bbb44f72b73ba127e06d8e79\",\"name\":\"admin\",\"image\":{\"@type\":\"ImageObject\",\"inLanguage\":\"tr\",\"@id\":\"https:\\\/\\\/secure.gravatar.com\\\/avatar\\\/ccc17943b9d660506c869530f897617f7cb1c21a4bf30023f252596d83e1f007?s=96&d=mm&r=g\",\"url\":\"https:\\\/\\\/secure.gravatar.com\\\/avatar\\\/ccc17943b9d660506c869530f897617f7cb1c21a4bf30023f252596d83e1f007?s=96&d=mm&r=g\",\"contentUrl\":\"https:\\\/\\\/secure.gravatar.com\\\/avatar\\\/ccc17943b9d660506c869530f897617f7cb1c21a4bf30023f252596d83e1f007?s=96&d=mm&r=g\",\"caption\":\"admin\"},\"sameAs\":[\"https:\\\/\\\/kibrisdakik.com\"],\"url\":\"https:\\\/\\\/kibrisdakik.com\\\/?author=1\"}]}<\/script>\n<!-- \/ Yoast SEO plugin. -->","yoast_head_json":{"title":"Karakaya:Olas\u0131 kast karar\u0131 \u00e7\u0131kmazsa, \u2018adalet \u00e7\u00f6kt\u00fc, kaybetti\u2019 diyece\u011fiz -","robots":{"index":"index","follow":"follow","max-snippet":"max-snippet:-1","max-image-preview":"max-image-preview:large","max-video-preview":"max-video-preview:-1"},"canonical":"https:\/\/kibrisdakik.com\/?p=67216","og_locale":"tr_TR","og_type":"article","og_title":"Karakaya:Olas\u0131 kast karar\u0131 \u00e7\u0131kmazsa, \u2018adalet \u00e7\u00f6kt\u00fc, kaybetti\u2019 diyece\u011fiz -","og_description":"\u015eampiyon Melekleri Ya\u015fatma Derne\u011fi Ba\u015fkan\u0131 Ru\u015fen Y\u00fccesoylu Karakaya, \u201c\u0130sias davas\u0131nda olas\u0131 kast karar\u0131 \u00e7\u0131kmazsa \u2018adalet \u00e7\u00f6kt\u00fc, adalet kaybetti, adalet yenildi\u2019 diyece\u011fiz\u201d dedi. \u201cBizim hayatlar\u0131m\u0131z\u0131 karanl\u0131\u011fa g\u00f6md\u00fcler. Ancak adalet olas\u0131 kastla gelirse ayd\u0131nl\u0131\u011f\u0131 bir nebze olsun g\u00f6rece\u011fimize inan\u0131yoruz\u201d \u015feklinde konu\u015fan Karakaya, Ad\u0131yaman\u2019a her gidi\u015flerinde duyduklar\u0131 endi\u015fe, hissettikleri \u00f6fke ve \u00fcz\u00fcnt\u00fcy\u00fc yeniden ya\u015fad\u0131klar\u0131n\u0131 dile getirdi. \u201cSaniyeler i\u00e7inde","og_url":"https:\/\/kibrisdakik.com\/?p=67216","article_published_time":"2024-10-20T08:33:25+00:00","og_image":[{"width":1152,"height":1743,"url":"https:\/\/kibrisdakik.com\/wp-content\/uploads\/2024\/10\/karakaya-roportajina-740x420.jpeg","type":"image\/jpeg"}],"author":"admin","twitter_card":"summary_large_image","twitter_misc":{"Yazan:":"admin","Tahmini okuma s\u00fcresi":"11 dakika"},"schema":{"@context":"https:\/\/schema.org","@graph":[{"@type":"Article","@id":"https:\/\/kibrisdakik.com\/?p=67216#article","isPartOf":{"@id":"https:\/\/kibrisdakik.com\/?p=67216"},"author":{"name":"admin","@id":"https:\/\/kibrisdakik.com\/#\/schema\/person\/9cd9d437bbb44f72b73ba127e06d8e79"},"headline":"Karakaya:Olas\u0131 kast karar\u0131 \u00e7\u0131kmazsa, \u2018adalet \u00e7\u00f6kt\u00fc, kaybetti\u2019 diyece\u011fiz","datePublished":"2024-10-20T08:33:25+00:00","mainEntityOfPage":{"@id":"https:\/\/kibrisdakik.com\/?p=67216"},"wordCount":2214,"commentCount":0,"image":{"@id":"https:\/\/kibrisdakik.com\/?p=67216#primaryimage"},"thumbnailUrl":"https:\/\/kibrisdakik.com\/wp-content\/uploads\/2024\/10\/karakaya-roportajina-740x420.jpeg","articleSection":["K\u0131br\u0131s"],"inLanguage":"tr","potentialAction":[{"@type":"CommentAction","name":"Comment","target":["https:\/\/kibrisdakik.com\/?p=67216#respond"]}]},{"@type":"WebPage","@id":"https:\/\/kibrisdakik.com\/?p=67216","url":"https:\/\/kibrisdakik.com\/?p=67216","name":"Karakaya:Olas\u0131 kast karar\u0131 \u00e7\u0131kmazsa, \u2018adalet \u00e7\u00f6kt\u00fc, kaybetti\u2019 diyece\u011fiz -","isPartOf":{"@id":"https:\/\/kibrisdakik.com\/#website"},"primaryImageOfPage":{"@id":"https:\/\/kibrisdakik.com\/?p=67216#primaryimage"},"image":{"@id":"https:\/\/kibrisdakik.com\/?p=67216#primaryimage"},"thumbnailUrl":"https:\/\/kibrisdakik.com\/wp-content\/uploads\/2024\/10\/karakaya-roportajina-740x420.jpeg","datePublished":"2024-10-20T08:33:25+00:00","author":{"@id":"https:\/\/kibrisdakik.com\/#\/schema\/person\/9cd9d437bbb44f72b73ba127e06d8e79"},"breadcrumb":{"@id":"https:\/\/kibrisdakik.com\/?p=67216#breadcrumb"},"inLanguage":"tr","potentialAction":[{"@type":"ReadAction","target":["https:\/\/kibrisdakik.com\/?p=67216"]}]},{"@type":"ImageObject","inLanguage":"tr","@id":"https:\/\/kibrisdakik.com\/?p=67216#primaryimage","url":"https:\/\/kibrisdakik.com\/wp-content\/uploads\/2024\/10\/karakaya-roportajina-740x420.jpeg","contentUrl":"https:\/\/kibrisdakik.com\/wp-content\/uploads\/2024\/10\/karakaya-roportajina-740x420.jpeg","width":1152,"height":1743},{"@type":"BreadcrumbList","@id":"https:\/\/kibrisdakik.com\/?p=67216#breadcrumb","itemListElement":[{"@type":"ListItem","position":1,"name":"Home","item":"https:\/\/kibrisdakik.com\/"},{"@type":"ListItem","position":2,"name":"Karakaya:Olas\u0131 kast karar\u0131 \u00e7\u0131kmazsa, \u2018adalet \u00e7\u00f6kt\u00fc, kaybetti\u2019 diyece\u011fiz"}]},{"@type":"WebSite","@id":"https:\/\/kibrisdakik.com\/#website","url":"https:\/\/kibrisdakik.com\/","name":"","description":"Tam vaktinde haber","potentialAction":[{"@type":"SearchAction","target":{"@type":"EntryPoint","urlTemplate":"https:\/\/kibrisdakik.com\/?s={search_term_string}"},"query-input":{"@type":"PropertyValueSpecification","valueRequired":true,"valueName":"search_term_string"}}],"inLanguage":"tr"},{"@type":"Person","@id":"https:\/\/kibrisdakik.com\/#\/schema\/person\/9cd9d437bbb44f72b73ba127e06d8e79","name":"admin","image":{"@type":"ImageObject","inLanguage":"tr","@id":"https:\/\/secure.gravatar.com\/avatar\/ccc17943b9d660506c869530f897617f7cb1c21a4bf30023f252596d83e1f007?s=96&d=mm&r=g","url":"https:\/\/secure.gravatar.com\/avatar\/ccc17943b9d660506c869530f897617f7cb1c21a4bf30023f252596d83e1f007?s=96&d=mm&r=g","contentUrl":"https:\/\/secure.gravatar.com\/avatar\/ccc17943b9d660506c869530f897617f7cb1c21a4bf30023f252596d83e1f007?s=96&d=mm&r=g","caption":"admin"},"sameAs":["https:\/\/kibrisdakik.com"],"url":"https:\/\/kibrisdakik.com\/?author=1"}]}},"_links":{"self":[{"href":"https:\/\/kibrisdakik.com\/index.php?rest_route=\/wp\/v2\/posts\/67216","targetHints":{"allow":["GET"]}}],"collection":[{"href":"https:\/\/kibrisdakik.com\/index.php?rest_route=\/wp\/v2\/posts"}],"about":[{"href":"https:\/\/kibrisdakik.com\/index.php?rest_route=\/wp\/v2\/types\/post"}],"author":[{"embeddable":true,"href":"https:\/\/kibrisdakik.com\/index.php?rest_route=\/wp\/v2\/users\/1"}],"replies":[{"embeddable":true,"href":"https:\/\/kibrisdakik.com\/index.php?rest_route=%2Fwp%2Fv2%2Fcomments&post=67216"}],"version-history":[{"count":0,"href":"https:\/\/kibrisdakik.com\/index.php?rest_route=\/wp\/v2\/posts\/67216\/revisions"}],"wp:featuredmedia":[{"embeddable":true,"href":"https:\/\/kibrisdakik.com\/index.php?rest_route=\/wp\/v2\/media\/67217"}],"wp:attachment":[{"href":"https:\/\/kibrisdakik.com\/index.php?rest_route=%2Fwp%2Fv2%2Fmedia&parent=67216"}],"wp:term":[{"taxonomy":"category","embeddable":true,"href":"https:\/\/kibrisdakik.com\/index.php?rest_route=%2Fwp%2Fv2%2Fcategories&post=67216"},{"taxonomy":"post_tag","embeddable":true,"href":"https:\/\/kibrisdakik.com\/index.php?rest_route=%2Fwp%2Fv2%2Ftags&post=67216"}],"curies":[{"name":"wp","href":"https:\/\/api.w.org\/{rel}","templated":true}]}}