{"id":67223,"date":"2024-10-20T14:12:20","date_gmt":"2024-10-20T11:12:20","guid":{"rendered":"https:\/\/kibrisdakik.com\/index.php\/2024\/10\/20\/cumhurbaskani-ozel-danismani-guler-erzincanda-turkiye-yuzyilinda-1-uluslararasi-turk-diasporasi-sempozyumuna-katildi-kibris-turk-diasporasi-konulu-sunum\/"},"modified":"2024-10-20T14:12:20","modified_gmt":"2024-10-20T11:12:20","slug":"cumhurbaskani-ozel-danismani-guler-erzincanda-turkiye-yuzyilinda-1-uluslararasi-turk-diasporasi-sempozyumuna-katildi-kibris-turk-diasporasi-konulu-sunum","status":"publish","type":"post","link":"https:\/\/kibrisdakik.com\/?p=67223","title":{"rendered":"Cumhurba\u015fkan\u0131 \u00d6zel Dan\u0131\u015fman\u0131 G\u00fcler, Erzincan\u2019da \u201cT\u00fcrkiye Y\u00fczy\u0131l\u0131nda 1. Uluslararas\u0131 T\u00fcrk Diasporas\u0131 Sempozyumu\u201dna kat\u0131ld\u0131, \u201cK\u0131br\u0131s T\u00fcrk Diasporas\u0131\u201d konulu sunum yapt\u0131"},"content":{"rendered":"<div>\n<div class=\"mariselle-image-container center\">\n                                            <\/div>\n<p>\nCumhurba\u015fkan\u0131 \u00d6zel Dan\u0131\u015fman\u0131 G\u00fcler, Erzincan\u2019da \u201cT\u00fcrkiye Y\u00fczy\u0131l\u0131nda 1. Uluslararas\u0131 T\u00fcrk Diasporas\u0131 Sempozyumu\u201dna kat\u0131ld\u0131, \u201cK\u0131br\u0131s T\u00fcrk Diasporas\u0131\u201d konulu sunum yapt\u0131<br \/>\nCumhurba\u015fkan\u0131 \u00d6zel Dan\u0131\u015fman\u0131 G\u00f6khan G\u00fcler, 14-16 Ekim tarihlerinde Erzincan\u2019da d\u00fczenlenen \u201cT\u00fcrkiye Y\u00fczy\u0131l\u0131nda 1. Uluslararas\u0131 T\u00fcrk Diasporas\u0131 Sempozyumu\u201dna kat\u0131larak \u201cK\u0131br\u0131s T\u00fcrk Diasporas\u0131\u201d ba\u015fl\u0131kl\u0131 bir sunum yapt\u0131.<\/p>\n<p>Erzincan Binali Y\u0131ld\u0131r\u0131m \u00dcniversitesi (EBY\u00dc) ve Yurtd\u0131\u015f\u0131 T\u00fcrkler ve Akraba Topluluklar Ba\u015fkanl\u0131\u011f\u0131\u2019n\u0131n i\u015f birli\u011finde EBY\u00dc\u2019de yap\u0131lan ve iki g\u00fcn s\u00fcren \u201cT\u00fcrkiye Y\u00fczy\u0131l\u0131nda 1. Uluslararas\u0131 T\u00fcrk Diasporas\u0131 Sempozyumu\u2019nda g\u00f6\u00e7, g\u00f6\u00e7menlik, medya, diplomasi, sivil toplum kurulu\u015flar\u0131, lobicilik, yumu\u015fak g\u00fc\u00e7, \u0130slamofobi, tarih, k\u00fclt\u00fcr, sanat, e\u011fitim, diaspora, ticaret, uluslararas\u0131 ili\u015fkiler, ekonomi, ilahiyat ve hukuk gibi \u00e7e\u015fitli konular\u0131n masaya yat\u0131r\u0131ld\u0131\u011f\u0131 belirtildi.<\/p>\n<p>Sempozyumun, ba\u015fta Bat\u0131 \u00fclkeleri olmak \u00fczere, d\u00fcnyan\u0131n d\u00f6rt bir yan\u0131ndaki T\u00fcrk diasporas\u0131 temsilcilerini ortak hedefler do\u011frultusunda bir araya getirdi\u011fi kaydedildi.<\/p>\n<p>Sempozyum sonunda, Erzincan Valisi Hamza Aydo\u011fdu, Erzincan Belediye Ba\u015fkan\u0131 Bekir Aksun ile Erzincan Binali Y\u0131ld\u0131r\u0131m \u00dcniversitesi Rekt\u00f6r\u00fc Prof. Dr. Ak\u0131n Levent taraf\u0131ndan \u201c\u0130slamofobi-T\u00fcrkofobi M\u00fccadele Bildirgesi\u201d imzaland\u0131.<\/p>\n<div class=\"mariselle-image-container center\">\n                <img loading=\"lazy\" decoding=\"async\" width=\"1434\" height=\"1599\" class=\"lazy-image\" alt=\"\" sizes=\"auto, (max-width: 1434px) 100vw, 1434px\" src=\"https:\/\/brtk.net\/wp-content\/uploads\/2024\/10\/20\/turkiye-yuzyili-gokhan-guler-5-.jpeg?ver=1c1f02a95f05ffc67efb9e9fd8a4c75c\" srcset=\"https:\/\/brtk.net\/wp-content\/uploads\/2024\/10\/20\/turkiye-yuzyili-gokhan-guler-5-.jpeg?ver=1c1f02a95f05ffc67efb9e9fd8a4c75c 1434w, https:\/\/brtk.net\/wp-content\/uploads\/2024\/10\/20\/turkiye-yuzyili-gokhan-guler-5--269x300.jpeg?ver=3870640fe942fc5875f7b243ad2b81c2 269w, https:\/\/brtk.net\/wp-content\/uploads\/2024\/10\/20\/turkiye-yuzyili-gokhan-guler-5--918x1024.jpeg?ver=97329fcf9ce04290d912c739ea0e8a79 918w, https:\/\/brtk.net\/wp-content\/uploads\/2024\/10\/20\/turkiye-yuzyili-gokhan-guler-5--768x856.jpeg?ver=97329fcf9ce04290d912c739ea0e8a79 768w, https:\/\/brtk.net\/wp-content\/uploads\/2024\/10\/20\/turkiye-yuzyili-gokhan-guler-5--1378x1536.jpeg?ver=af788526bc056c86eddea60b6893e9b8 1378w\"\/>                            <\/div>\n<p>Sempozyum ilk g\u00fcn\u00fcnde, Yunus Emre Enstit\u00fcs\u00fc Ba\u015fkan Yard\u0131mc\u0131s\u0131 Do\u00e7. Dr. Abdullah Kutalm\u0131\u015f Yal\u00e7\u0131n\u2019\u0131n oturum ba\u015fkanl\u0131\u011f\u0131n\u0131 yapt\u0131\u011f\u0131 \u201cDiaspora Konu\u015fmalar\u0131 1. Paneli\u201dnde, T\u0130KA Ba\u015fkan Yard\u0131mc\u0131s\u0131 Dr. Mahmut \u00c7evik, MEB Avrupa Birli\u011fi ve D\u0131\u015f \u0130li\u015fkiler Genel M\u00fcd\u00fcr\u00fc Tuba Korkmaz, T\u00fcrk-Alman \u00dcniversitesi Siyaset Bilimi ve Uluslararas\u0131 \u0130li\u015fkiler B\u00f6l\u00fcm\u00fc \u00f6\u011fretim \u00fcyesi Do\u00e7. Dr. Enes Bayrakl\u0131 ve Cumhurba\u015fkan\u0131 \u00d6zel Dan\u0131\u015fman\u0131 G\u00f6khan G\u00fcler sunumlar\u0131n\u0131 yapt\u0131.<\/p>\n<p>G\u00fcler, \u201cK\u0131br\u0131s T\u00fcrk Diasporas\u0131\u201d ba\u015fl\u0131kl\u0131 sunumunda, \u201cT\u00fcrkiye, \u0130ngiltere ve Avustralya ba\u015fta olmak \u00fczere d\u00fcnyan\u0131n pek \u00e7ok yerinde bulunan K\u0131br\u0131s T\u00fcrk diasporalar\u0131n\u0131n temellerinin tarihsel s\u00fcre\u00e7 i\u00e7erisinde daha fazla refaha ula\u015fabilme gerek\u00e7esiyle meydana gelmedi\u011fini\u201d ifade ederek, \u201cAda\u2019da 1878 ile 1960 y\u0131llar\u0131 aras\u0131nda K\u0131br\u0131s T\u00fcrklerine kar\u015f\u0131 \u0130ngiltere\u2019nin s\u00f6m\u00fcrgeci\/kolonyalist uygulamalar\u0131 ile Rumlar\u0131n da 1878 ile 1974 y\u0131llar\u0131 aras\u0131nda K\u0131br\u0131s T\u00fcrklerine kar\u015f\u0131 bask\u0131, \u015fiddet ve silahl\u0131 ter\u00f6r sald\u0131r\u0131lar\u0131 neticesinde K\u0131br\u0131s T\u00fcrk diasporalar\u0131n\u0131n meydana gelmeye ba\u015flad\u0131\u011f\u0131n\u0131\u201d anlatt\u0131 ve sonras\u0131ndaki s\u00fcreci g\u00fcn\u00fcm\u00fcze kadar de\u011ferlendirdi.<\/p>\n<p>G\u00fcler, sunumunun sonunda, \u201chem d\u00fcnyan\u0131n bir\u00e7ok yerinde bulunan K\u0131br\u0131s T\u00fcrk diasporalar\u0131 ile hem de di\u011fer T\u00fcrk Cumhuriyetleri ve \u00d6zerk Cumhuriyetlerin meydana getirdikleri T\u00fcrk Diasporalar\u0131 ile daha kurumsal g\u00fc\u00e7l\u00fc ba\u011flar\u0131n kurularak geli\u015ftirilmesine y\u00f6nelik olarak KKTC\u2019de K\u0131br\u0131s T\u00fcrk Diasporas\u0131 organizasyonunun daha geni\u015f kapsaml\u0131 bir bi\u00e7imde ivedilikle kurgulanmas\u0131 ve bu do\u011frultuda \u00e7e\u015fitli stratejiler geli\u015ftirilmesi \u00f6nemlidir\u201d ifadelerini kulland\u0131.<\/p>\n<\/p><\/div>\n<p><script async\n                    defer\n                    crossorigin=\"anonymous\"\n                    src=\"https:\/\/connect.facebook.net\/tr_TR\/sdk.js#xfbml=1&#038;version=v3.3\"\n            ><\/script><\/p>\n","protected":false},"excerpt":{"rendered":"<p>Cumhurba\u015fkan\u0131 \u00d6zel Dan\u0131\u015fman\u0131 G\u00fcler, Erzincan\u2019da \u201cT\u00fcrkiye Y\u00fczy\u0131l\u0131nda 1. Uluslararas\u0131 T\u00fcrk Diasporas\u0131 Sempozyumu\u201dna kat\u0131ld\u0131, \u201cK\u0131br\u0131s T\u00fcrk Diasporas\u0131\u201d konulu sunum yapt\u0131 Cumhurba\u015fkan\u0131 \u00d6zel Dan\u0131\u015fman\u0131 G\u00f6khan G\u00fcler, 14-16 Ekim tarihlerinde Erzincan\u2019da d\u00fczenlenen \u201cT\u00fcrkiye Y\u00fczy\u0131l\u0131nda 1. Uluslararas\u0131 T\u00fcrk Diasporas\u0131 Sempozyumu\u201dna kat\u0131larak \u201cK\u0131br\u0131s T\u00fcrk Diasporas\u0131\u201d ba\u015fl\u0131kl\u0131 bir sunum yapt\u0131. Erzincan Binali Y\u0131ld\u0131r\u0131m \u00dcniversitesi (EBY\u00dc) ve Yurtd\u0131\u015f\u0131 T\u00fcrkler ve Akraba Topluluklar<\/p>\n","protected":false},"author":1,"featured_media":67224,"comment_status":"open","ping_status":"open","sticky":false,"template":"","format":"standard","meta":{"footnotes":""},"categories":[81],"tags":[],"class_list":["post-67223","post","type-post","status-publish","format-standard","has-post-thumbnail","hentry","category-kibris"],"yoast_head":"<!-- This site is optimized with the Yoast SEO plugin v27.4 - https:\/\/yoast.com\/product\/yoast-seo-wordpress\/ -->\n<title>Cumhurba\u015fkan\u0131 \u00d6zel Dan\u0131\u015fman\u0131 G\u00fcler, Erzincan\u2019da \u201cT\u00fcrkiye Y\u00fczy\u0131l\u0131nda 1. Uluslararas\u0131 T\u00fcrk Diasporas\u0131 Sempozyumu\u201dna kat\u0131ld\u0131, \u201cK\u0131br\u0131s T\u00fcrk Diasporas\u0131\u201d konulu sunum yapt\u0131 -<\/title>\n<meta name=\"robots\" content=\"index, follow, max-snippet:-1, max-image-preview:large, max-video-preview:-1\" \/>\n<link rel=\"canonical\" href=\"https:\/\/kibrisdakik.com\/?p=67223\" \/>\n<meta property=\"og:locale\" content=\"tr_TR\" \/>\n<meta property=\"og:type\" content=\"article\" \/>\n<meta property=\"og:title\" content=\"Cumhurba\u015fkan\u0131 \u00d6zel Dan\u0131\u015fman\u0131 G\u00fcler, Erzincan\u2019da \u201cT\u00fcrkiye Y\u00fczy\u0131l\u0131nda 1. Uluslararas\u0131 T\u00fcrk Diasporas\u0131 Sempozyumu\u201dna kat\u0131ld\u0131, \u201cK\u0131br\u0131s T\u00fcrk Diasporas\u0131\u201d konulu sunum yapt\u0131 -\" \/>\n<meta property=\"og:description\" content=\"Cumhurba\u015fkan\u0131 \u00d6zel Dan\u0131\u015fman\u0131 G\u00fcler, Erzincan\u2019da \u201cT\u00fcrkiye Y\u00fczy\u0131l\u0131nda 1. Uluslararas\u0131 T\u00fcrk Diasporas\u0131 Sempozyumu\u201dna kat\u0131ld\u0131, \u201cK\u0131br\u0131s T\u00fcrk Diasporas\u0131\u201d konulu sunum yapt\u0131 Cumhurba\u015fkan\u0131 \u00d6zel Dan\u0131\u015fman\u0131 G\u00f6khan G\u00fcler, 14-16 Ekim tarihlerinde Erzincan\u2019da d\u00fczenlenen \u201cT\u00fcrkiye Y\u00fczy\u0131l\u0131nda 1. Uluslararas\u0131 T\u00fcrk Diasporas\u0131 Sempozyumu\u201dna kat\u0131larak \u201cK\u0131br\u0131s T\u00fcrk Diasporas\u0131\u201d ba\u015fl\u0131kl\u0131 bir sunum yapt\u0131. Erzincan Binali Y\u0131ld\u0131r\u0131m \u00dcniversitesi (EBY\u00dc) ve Yurtd\u0131\u015f\u0131 T\u00fcrkler ve Akraba Topluluklar\" \/>\n<meta property=\"og:url\" content=\"https:\/\/kibrisdakik.com\/?p=67223\" \/>\n<meta property=\"article:published_time\" content=\"2024-10-20T11:12:20+00:00\" \/>\n<meta property=\"og:image\" content=\"https:\/\/kibrisdakik.com\/wp-content\/uploads\/2024\/10\/turkiye-yuzyili-gokhan-guler-6--740x420.jpeg\" \/>\n\t<meta property=\"og:image:width\" content=\"1600\" \/>\n\t<meta property=\"og:image:height\" content=\"893\" \/>\n\t<meta property=\"og:image:type\" content=\"image\/jpeg\" \/>\n<meta name=\"author\" content=\"admin\" \/>\n<meta name=\"twitter:card\" content=\"summary_large_image\" \/>\n<meta name=\"twitter:label1\" content=\"Yazan:\" \/>\n\t<meta name=\"twitter:data1\" content=\"admin\" \/>\n\t<meta name=\"twitter:label2\" content=\"Tahmini okuma s\u00fcresi\" \/>\n\t<meta name=\"twitter:data2\" content=\"3 dakika\" \/>\n<script type=\"application\/ld+json\" class=\"yoast-schema-graph\">{\"@context\":\"https:\\\/\\\/schema.org\",\"@graph\":[{\"@type\":\"Article\",\"@id\":\"https:\\\/\\\/kibrisdakik.com\\\/?p=67223#article\",\"isPartOf\":{\"@id\":\"https:\\\/\\\/kibrisdakik.com\\\/?p=67223\"},\"author\":{\"name\":\"admin\",\"@id\":\"https:\\\/\\\/kibrisdakik.com\\\/#\\\/schema\\\/person\\\/9cd9d437bbb44f72b73ba127e06d8e79\"},\"headline\":\"Cumhurba\u015fkan\u0131 \u00d6zel Dan\u0131\u015fman\u0131 G\u00fcler, Erzincan\u2019da \u201cT\u00fcrkiye Y\u00fczy\u0131l\u0131nda 1. Uluslararas\u0131 T\u00fcrk Diasporas\u0131 Sempozyumu\u201dna kat\u0131ld\u0131, \u201cK\u0131br\u0131s T\u00fcrk Diasporas\u0131\u201d konulu sunum yapt\u0131\",\"datePublished\":\"2024-10-20T11:12:20+00:00\",\"mainEntityOfPage\":{\"@id\":\"https:\\\/\\\/kibrisdakik.com\\\/?p=67223\"},\"wordCount\":542,\"commentCount\":0,\"image\":{\"@id\":\"https:\\\/\\\/kibrisdakik.com\\\/?p=67223#primaryimage\"},\"thumbnailUrl\":\"https:\\\/\\\/kibrisdakik.com\\\/wp-content\\\/uploads\\\/2024\\\/10\\\/turkiye-yuzyili-gokhan-guler-6--740x420.jpeg\",\"articleSection\":[\"K\u0131br\u0131s\"],\"inLanguage\":\"tr\",\"potentialAction\":[{\"@type\":\"CommentAction\",\"name\":\"Comment\",\"target\":[\"https:\\\/\\\/kibrisdakik.com\\\/?p=67223#respond\"]}]},{\"@type\":\"WebPage\",\"@id\":\"https:\\\/\\\/kibrisdakik.com\\\/?p=67223\",\"url\":\"https:\\\/\\\/kibrisdakik.com\\\/?p=67223\",\"name\":\"Cumhurba\u015fkan\u0131 \u00d6zel Dan\u0131\u015fman\u0131 G\u00fcler, Erzincan\u2019da \u201cT\u00fcrkiye Y\u00fczy\u0131l\u0131nda 1. Uluslararas\u0131 T\u00fcrk Diasporas\u0131 Sempozyumu\u201dna kat\u0131ld\u0131, \u201cK\u0131br\u0131s T\u00fcrk Diasporas\u0131\u201d konulu sunum yapt\u0131 -\",\"isPartOf\":{\"@id\":\"https:\\\/\\\/kibrisdakik.com\\\/#website\"},\"primaryImageOfPage\":{\"@id\":\"https:\\\/\\\/kibrisdakik.com\\\/?p=67223#primaryimage\"},\"image\":{\"@id\":\"https:\\\/\\\/kibrisdakik.com\\\/?p=67223#primaryimage\"},\"thumbnailUrl\":\"https:\\\/\\\/kibrisdakik.com\\\/wp-content\\\/uploads\\\/2024\\\/10\\\/turkiye-yuzyili-gokhan-guler-6--740x420.jpeg\",\"datePublished\":\"2024-10-20T11:12:20+00:00\",\"author\":{\"@id\":\"https:\\\/\\\/kibrisdakik.com\\\/#\\\/schema\\\/person\\\/9cd9d437bbb44f72b73ba127e06d8e79\"},\"breadcrumb\":{\"@id\":\"https:\\\/\\\/kibrisdakik.com\\\/?p=67223#breadcrumb\"},\"inLanguage\":\"tr\",\"potentialAction\":[{\"@type\":\"ReadAction\",\"target\":[\"https:\\\/\\\/kibrisdakik.com\\\/?p=67223\"]}]},{\"@type\":\"ImageObject\",\"inLanguage\":\"tr\",\"@id\":\"https:\\\/\\\/kibrisdakik.com\\\/?p=67223#primaryimage\",\"url\":\"https:\\\/\\\/kibrisdakik.com\\\/wp-content\\\/uploads\\\/2024\\\/10\\\/turkiye-yuzyili-gokhan-guler-6--740x420.jpeg\",\"contentUrl\":\"https:\\\/\\\/kibrisdakik.com\\\/wp-content\\\/uploads\\\/2024\\\/10\\\/turkiye-yuzyili-gokhan-guler-6--740x420.jpeg\",\"width\":1600,\"height\":893},{\"@type\":\"BreadcrumbList\",\"@id\":\"https:\\\/\\\/kibrisdakik.com\\\/?p=67223#breadcrumb\",\"itemListElement\":[{\"@type\":\"ListItem\",\"position\":1,\"name\":\"Home\",\"item\":\"https:\\\/\\\/kibrisdakik.com\\\/\"},{\"@type\":\"ListItem\",\"position\":2,\"name\":\"Cumhurba\u015fkan\u0131 \u00d6zel Dan\u0131\u015fman\u0131 G\u00fcler, Erzincan\u2019da \u201cT\u00fcrkiye Y\u00fczy\u0131l\u0131nda 1. Uluslararas\u0131 T\u00fcrk Diasporas\u0131 Sempozyumu\u201dna kat\u0131ld\u0131, \u201cK\u0131br\u0131s T\u00fcrk Diasporas\u0131\u201d konulu sunum yapt\u0131\"}]},{\"@type\":\"WebSite\",\"@id\":\"https:\\\/\\\/kibrisdakik.com\\\/#website\",\"url\":\"https:\\\/\\\/kibrisdakik.com\\\/\",\"name\":\"\",\"description\":\"Tam vaktinde haber\",\"potentialAction\":[{\"@type\":\"SearchAction\",\"target\":{\"@type\":\"EntryPoint\",\"urlTemplate\":\"https:\\\/\\\/kibrisdakik.com\\\/?s={search_term_string}\"},\"query-input\":{\"@type\":\"PropertyValueSpecification\",\"valueRequired\":true,\"valueName\":\"search_term_string\"}}],\"inLanguage\":\"tr\"},{\"@type\":\"Person\",\"@id\":\"https:\\\/\\\/kibrisdakik.com\\\/#\\\/schema\\\/person\\\/9cd9d437bbb44f72b73ba127e06d8e79\",\"name\":\"admin\",\"image\":{\"@type\":\"ImageObject\",\"inLanguage\":\"tr\",\"@id\":\"https:\\\/\\\/secure.gravatar.com\\\/avatar\\\/ccc17943b9d660506c869530f897617f7cb1c21a4bf30023f252596d83e1f007?s=96&d=mm&r=g\",\"url\":\"https:\\\/\\\/secure.gravatar.com\\\/avatar\\\/ccc17943b9d660506c869530f897617f7cb1c21a4bf30023f252596d83e1f007?s=96&d=mm&r=g\",\"contentUrl\":\"https:\\\/\\\/secure.gravatar.com\\\/avatar\\\/ccc17943b9d660506c869530f897617f7cb1c21a4bf30023f252596d83e1f007?s=96&d=mm&r=g\",\"caption\":\"admin\"},\"sameAs\":[\"https:\\\/\\\/kibrisdakik.com\"],\"url\":\"https:\\\/\\\/kibrisdakik.com\\\/?author=1\"}]}<\/script>\n<!-- \/ Yoast SEO plugin. -->","yoast_head_json":{"title":"Cumhurba\u015fkan\u0131 \u00d6zel Dan\u0131\u015fman\u0131 G\u00fcler, Erzincan\u2019da \u201cT\u00fcrkiye Y\u00fczy\u0131l\u0131nda 1. Uluslararas\u0131 T\u00fcrk Diasporas\u0131 Sempozyumu\u201dna kat\u0131ld\u0131, \u201cK\u0131br\u0131s T\u00fcrk Diasporas\u0131\u201d konulu sunum yapt\u0131 -","robots":{"index":"index","follow":"follow","max-snippet":"max-snippet:-1","max-image-preview":"max-image-preview:large","max-video-preview":"max-video-preview:-1"},"canonical":"https:\/\/kibrisdakik.com\/?p=67223","og_locale":"tr_TR","og_type":"article","og_title":"Cumhurba\u015fkan\u0131 \u00d6zel Dan\u0131\u015fman\u0131 G\u00fcler, Erzincan\u2019da \u201cT\u00fcrkiye Y\u00fczy\u0131l\u0131nda 1. Uluslararas\u0131 T\u00fcrk Diasporas\u0131 Sempozyumu\u201dna kat\u0131ld\u0131, \u201cK\u0131br\u0131s T\u00fcrk Diasporas\u0131\u201d konulu sunum yapt\u0131 -","og_description":"Cumhurba\u015fkan\u0131 \u00d6zel Dan\u0131\u015fman\u0131 G\u00fcler, Erzincan\u2019da \u201cT\u00fcrkiye Y\u00fczy\u0131l\u0131nda 1. Uluslararas\u0131 T\u00fcrk Diasporas\u0131 Sempozyumu\u201dna kat\u0131ld\u0131, \u201cK\u0131br\u0131s T\u00fcrk Diasporas\u0131\u201d konulu sunum yapt\u0131 Cumhurba\u015fkan\u0131 \u00d6zel Dan\u0131\u015fman\u0131 G\u00f6khan G\u00fcler, 14-16 Ekim tarihlerinde Erzincan\u2019da d\u00fczenlenen \u201cT\u00fcrkiye Y\u00fczy\u0131l\u0131nda 1. Uluslararas\u0131 T\u00fcrk Diasporas\u0131 Sempozyumu\u201dna kat\u0131larak \u201cK\u0131br\u0131s T\u00fcrk Diasporas\u0131\u201d ba\u015fl\u0131kl\u0131 bir sunum yapt\u0131. Erzincan Binali Y\u0131ld\u0131r\u0131m \u00dcniversitesi (EBY\u00dc) ve Yurtd\u0131\u015f\u0131 T\u00fcrkler ve Akraba Topluluklar","og_url":"https:\/\/kibrisdakik.com\/?p=67223","article_published_time":"2024-10-20T11:12:20+00:00","og_image":[{"width":1600,"height":893,"url":"https:\/\/kibrisdakik.com\/wp-content\/uploads\/2024\/10\/turkiye-yuzyili-gokhan-guler-6--740x420.jpeg","type":"image\/jpeg"}],"author":"admin","twitter_card":"summary_large_image","twitter_misc":{"Yazan:":"admin","Tahmini okuma s\u00fcresi":"3 dakika"},"schema":{"@context":"https:\/\/schema.org","@graph":[{"@type":"Article","@id":"https:\/\/kibrisdakik.com\/?p=67223#article","isPartOf":{"@id":"https:\/\/kibrisdakik.com\/?p=67223"},"author":{"name":"admin","@id":"https:\/\/kibrisdakik.com\/#\/schema\/person\/9cd9d437bbb44f72b73ba127e06d8e79"},"headline":"Cumhurba\u015fkan\u0131 \u00d6zel Dan\u0131\u015fman\u0131 G\u00fcler, Erzincan\u2019da \u201cT\u00fcrkiye Y\u00fczy\u0131l\u0131nda 1. Uluslararas\u0131 T\u00fcrk Diasporas\u0131 Sempozyumu\u201dna kat\u0131ld\u0131, \u201cK\u0131br\u0131s T\u00fcrk Diasporas\u0131\u201d konulu sunum yapt\u0131","datePublished":"2024-10-20T11:12:20+00:00","mainEntityOfPage":{"@id":"https:\/\/kibrisdakik.com\/?p=67223"},"wordCount":542,"commentCount":0,"image":{"@id":"https:\/\/kibrisdakik.com\/?p=67223#primaryimage"},"thumbnailUrl":"https:\/\/kibrisdakik.com\/wp-content\/uploads\/2024\/10\/turkiye-yuzyili-gokhan-guler-6--740x420.jpeg","articleSection":["K\u0131br\u0131s"],"inLanguage":"tr","potentialAction":[{"@type":"CommentAction","name":"Comment","target":["https:\/\/kibrisdakik.com\/?p=67223#respond"]}]},{"@type":"WebPage","@id":"https:\/\/kibrisdakik.com\/?p=67223","url":"https:\/\/kibrisdakik.com\/?p=67223","name":"Cumhurba\u015fkan\u0131 \u00d6zel Dan\u0131\u015fman\u0131 G\u00fcler, Erzincan\u2019da \u201cT\u00fcrkiye Y\u00fczy\u0131l\u0131nda 1. Uluslararas\u0131 T\u00fcrk Diasporas\u0131 Sempozyumu\u201dna kat\u0131ld\u0131, \u201cK\u0131br\u0131s T\u00fcrk Diasporas\u0131\u201d konulu sunum yapt\u0131 -","isPartOf":{"@id":"https:\/\/kibrisdakik.com\/#website"},"primaryImageOfPage":{"@id":"https:\/\/kibrisdakik.com\/?p=67223#primaryimage"},"image":{"@id":"https:\/\/kibrisdakik.com\/?p=67223#primaryimage"},"thumbnailUrl":"https:\/\/kibrisdakik.com\/wp-content\/uploads\/2024\/10\/turkiye-yuzyili-gokhan-guler-6--740x420.jpeg","datePublished":"2024-10-20T11:12:20+00:00","author":{"@id":"https:\/\/kibrisdakik.com\/#\/schema\/person\/9cd9d437bbb44f72b73ba127e06d8e79"},"breadcrumb":{"@id":"https:\/\/kibrisdakik.com\/?p=67223#breadcrumb"},"inLanguage":"tr","potentialAction":[{"@type":"ReadAction","target":["https:\/\/kibrisdakik.com\/?p=67223"]}]},{"@type":"ImageObject","inLanguage":"tr","@id":"https:\/\/kibrisdakik.com\/?p=67223#primaryimage","url":"https:\/\/kibrisdakik.com\/wp-content\/uploads\/2024\/10\/turkiye-yuzyili-gokhan-guler-6--740x420.jpeg","contentUrl":"https:\/\/kibrisdakik.com\/wp-content\/uploads\/2024\/10\/turkiye-yuzyili-gokhan-guler-6--740x420.jpeg","width":1600,"height":893},{"@type":"BreadcrumbList","@id":"https:\/\/kibrisdakik.com\/?p=67223#breadcrumb","itemListElement":[{"@type":"ListItem","position":1,"name":"Home","item":"https:\/\/kibrisdakik.com\/"},{"@type":"ListItem","position":2,"name":"Cumhurba\u015fkan\u0131 \u00d6zel Dan\u0131\u015fman\u0131 G\u00fcler, Erzincan\u2019da \u201cT\u00fcrkiye Y\u00fczy\u0131l\u0131nda 1. Uluslararas\u0131 T\u00fcrk Diasporas\u0131 Sempozyumu\u201dna kat\u0131ld\u0131, \u201cK\u0131br\u0131s T\u00fcrk Diasporas\u0131\u201d konulu sunum yapt\u0131"}]},{"@type":"WebSite","@id":"https:\/\/kibrisdakik.com\/#website","url":"https:\/\/kibrisdakik.com\/","name":"","description":"Tam vaktinde haber","potentialAction":[{"@type":"SearchAction","target":{"@type":"EntryPoint","urlTemplate":"https:\/\/kibrisdakik.com\/?s={search_term_string}"},"query-input":{"@type":"PropertyValueSpecification","valueRequired":true,"valueName":"search_term_string"}}],"inLanguage":"tr"},{"@type":"Person","@id":"https:\/\/kibrisdakik.com\/#\/schema\/person\/9cd9d437bbb44f72b73ba127e06d8e79","name":"admin","image":{"@type":"ImageObject","inLanguage":"tr","@id":"https:\/\/secure.gravatar.com\/avatar\/ccc17943b9d660506c869530f897617f7cb1c21a4bf30023f252596d83e1f007?s=96&d=mm&r=g","url":"https:\/\/secure.gravatar.com\/avatar\/ccc17943b9d660506c869530f897617f7cb1c21a4bf30023f252596d83e1f007?s=96&d=mm&r=g","contentUrl":"https:\/\/secure.gravatar.com\/avatar\/ccc17943b9d660506c869530f897617f7cb1c21a4bf30023f252596d83e1f007?s=96&d=mm&r=g","caption":"admin"},"sameAs":["https:\/\/kibrisdakik.com"],"url":"https:\/\/kibrisdakik.com\/?author=1"}]}},"_links":{"self":[{"href":"https:\/\/kibrisdakik.com\/index.php?rest_route=\/wp\/v2\/posts\/67223","targetHints":{"allow":["GET"]}}],"collection":[{"href":"https:\/\/kibrisdakik.com\/index.php?rest_route=\/wp\/v2\/posts"}],"about":[{"href":"https:\/\/kibrisdakik.com\/index.php?rest_route=\/wp\/v2\/types\/post"}],"author":[{"embeddable":true,"href":"https:\/\/kibrisdakik.com\/index.php?rest_route=\/wp\/v2\/users\/1"}],"replies":[{"embeddable":true,"href":"https:\/\/kibrisdakik.com\/index.php?rest_route=%2Fwp%2Fv2%2Fcomments&post=67223"}],"version-history":[{"count":0,"href":"https:\/\/kibrisdakik.com\/index.php?rest_route=\/wp\/v2\/posts\/67223\/revisions"}],"wp:featuredmedia":[{"embeddable":true,"href":"https:\/\/kibrisdakik.com\/index.php?rest_route=\/wp\/v2\/media\/67224"}],"wp:attachment":[{"href":"https:\/\/kibrisdakik.com\/index.php?rest_route=%2Fwp%2Fv2%2Fmedia&parent=67223"}],"wp:term":[{"taxonomy":"category","embeddable":true,"href":"https:\/\/kibrisdakik.com\/index.php?rest_route=%2Fwp%2Fv2%2Fcategories&post=67223"},{"taxonomy":"post_tag","embeddable":true,"href":"https:\/\/kibrisdakik.com\/index.php?rest_route=%2Fwp%2Fv2%2Ftags&post=67223"}],"curies":[{"name":"wp","href":"https:\/\/api.w.org\/{rel}","templated":true}]}}