{"id":67225,"date":"2024-10-20T14:18:51","date_gmt":"2024-10-20T11:18:51","guid":{"rendered":"https:\/\/kibrisdakik.com\/index.php\/2024\/10\/20\/bakan-ariklinin-20-ekim-dunya-hava-trafik-kontrolorleri-gunu-mesaji\/"},"modified":"2024-10-20T14:18:51","modified_gmt":"2024-10-20T11:18:51","slug":"bakan-ariklinin-20-ekim-dunya-hava-trafik-kontrolorleri-gunu-mesaji","status":"publish","type":"post","link":"https:\/\/kibrisdakik.com\/?p=67225","title":{"rendered":"Bakan Ar\u0131kl\u0131\u2019n\u0131n 20 Ekim D\u00fcnya Hava Trafik Kontrol\u00f6rleri G\u00fcn\u00fc mesaj\u0131"},"content":{"rendered":"<div>\n<div class=\"mariselle-image-container center\">\n                                            <\/div>\n<p>\u00a0<\/p>\n<p>Bay\u0131nd\u0131rl\u0131k ve Ula\u015ft\u0131rma Bakan\u0131 Erhan Ar\u0131kl\u0131, 20 Ekim D\u00fcnya Hava Trafik Kontrol\u00f6rleri G\u00fcn\u00fc dolay\u0131s\u0131yla mesaj yay\u0131mlad\u0131.<\/p>\n<p>Bakan Ar\u0131kl\u0131 mesaj\u0131nda \u015fu ifadeleri kulland\u0131:<\/p>\n<p>\u201cG\u00fcnde binlerce yolcunun Ercan Havaliman\u0131\u2019ndan g\u00fcvenli bir \u015fekilde \u00fclkemize gelmesini ve \u00fclkemizden ayr\u0131lmas\u0131n\u0131 sa\u011flayan, Ercan Tavsiyeli Hava Sahas\u0131\u2019nda, 55 bin km2\u2019lik alanda, g\u00fcnde onlarca u\u00e7u\u015fa transit hizmet veren Sivil Havac\u0131l\u0131k Dairesi Hava Trafik \u015eube Amirli\u011fi personeline, \u00f6zveriyle ve zaman mevhumu g\u00f6zetmeksizin verdikleri hizmetten \u00f6t\u00fcr\u00fc bir kez daha te\u015fekk\u00fcr eder, t\u00fcm hava trafik kontrol\u00f6rlerinin 20 Ekim D\u00fcnya Hava Trafik Kontrol\u00f6rleri G\u00fcn\u00fc\u2019n\u00fc kutlar\u0131m.\u201d<\/p>\n<\/p><\/div>\n<p><script async\n                    defer\n                    crossorigin=\"anonymous\"\n                    src=\"https:\/\/connect.facebook.net\/tr_TR\/sdk.js#xfbml=1&#038;version=v3.3\"\n            ><\/script><\/p>\n","protected":false},"excerpt":{"rendered":"<p>\u00a0 Bay\u0131nd\u0131rl\u0131k ve Ula\u015ft\u0131rma Bakan\u0131 Erhan Ar\u0131kl\u0131, 20 Ekim D\u00fcnya Hava Trafik Kontrol\u00f6rleri G\u00fcn\u00fc dolay\u0131s\u0131yla mesaj yay\u0131mlad\u0131. Bakan Ar\u0131kl\u0131 mesaj\u0131nda \u015fu ifadeleri kulland\u0131: \u201cG\u00fcnde binlerce yolcunun Ercan Havaliman\u0131\u2019ndan g\u00fcvenli bir \u015fekilde \u00fclkemize gelmesini ve \u00fclkemizden ayr\u0131lmas\u0131n\u0131 sa\u011flayan, Ercan Tavsiyeli Hava Sahas\u0131\u2019nda, 55 bin km2\u2019lik alanda, g\u00fcnde onlarca u\u00e7u\u015fa transit hizmet veren Sivil Havac\u0131l\u0131k Dairesi Hava<\/p>\n","protected":false},"author":1,"featured_media":67226,"comment_status":"open","ping_status":"open","sticky":false,"template":"","format":"standard","meta":{"footnotes":""},"categories":[81],"tags":[],"class_list":["post-67225","post","type-post","status-publish","format-standard","has-post-thumbnail","hentry","category-kibris"],"yoast_head":"<!-- This site is optimized with the Yoast SEO plugin v27.5 - https:\/\/yoast.com\/product\/yoast-seo-wordpress\/ -->\n<title>Bakan Ar\u0131kl\u0131\u2019n\u0131n 20 Ekim D\u00fcnya Hava Trafik Kontrol\u00f6rleri G\u00fcn\u00fc mesaj\u0131 -<\/title>\n<meta name=\"robots\" content=\"index, follow, max-snippet:-1, max-image-preview:large, max-video-preview:-1\" \/>\n<link rel=\"canonical\" href=\"https:\/\/kibrisdakik.com\/?p=67225\" \/>\n<meta property=\"og:locale\" content=\"tr_TR\" \/>\n<meta property=\"og:type\" content=\"article\" \/>\n<meta property=\"og:title\" content=\"Bakan Ar\u0131kl\u0131\u2019n\u0131n 20 Ekim D\u00fcnya Hava Trafik Kontrol\u00f6rleri G\u00fcn\u00fc mesaj\u0131 -\" \/>\n<meta property=\"og:description\" content=\"\u00a0 Bay\u0131nd\u0131rl\u0131k ve Ula\u015ft\u0131rma Bakan\u0131 Erhan Ar\u0131kl\u0131, 20 Ekim D\u00fcnya Hava Trafik Kontrol\u00f6rleri G\u00fcn\u00fc dolay\u0131s\u0131yla mesaj yay\u0131mlad\u0131. Bakan Ar\u0131kl\u0131 mesaj\u0131nda \u015fu ifadeleri kulland\u0131: \u201cG\u00fcnde binlerce yolcunun Ercan Havaliman\u0131\u2019ndan g\u00fcvenli bir \u015fekilde \u00fclkemize gelmesini ve \u00fclkemizden ayr\u0131lmas\u0131n\u0131 sa\u011flayan, Ercan Tavsiyeli Hava Sahas\u0131\u2019nda, 55 bin km2\u2019lik alanda, g\u00fcnde onlarca u\u00e7u\u015fa transit hizmet veren Sivil Havac\u0131l\u0131k Dairesi Hava\" \/>\n<meta property=\"og:url\" content=\"https:\/\/kibrisdakik.com\/?p=67225\" \/>\n<meta property=\"article:published_time\" content=\"2024-10-20T11:18:51+00:00\" \/>\n<meta property=\"og:image\" content=\"https:\/\/kibrisdakik.com\/wp-content\/uploads\/2024\/10\/ktfad-dernek-logo3-1-740x420.jpg\" \/>\n\t<meta property=\"og:image:width\" content=\"1024\" \/>\n\t<meta property=\"og:image:height\" content=\"732\" \/>\n\t<meta property=\"og:image:type\" content=\"image\/jpeg\" \/>\n<meta name=\"author\" content=\"admin\" \/>\n<meta name=\"twitter:card\" content=\"summary_large_image\" \/>\n<meta name=\"twitter:label1\" content=\"Yazan:\" \/>\n\t<meta name=\"twitter:data1\" content=\"admin\" \/>\n\t<meta name=\"twitter:label2\" content=\"Tahmini okuma s\u00fcresi\" \/>\n\t<meta name=\"twitter:data2\" content=\"1 dakika\" \/>\n<script type=\"application\/ld+json\" class=\"yoast-schema-graph\">{\"@context\":\"https:\\\/\\\/schema.org\",\"@graph\":[{\"@type\":\"Article\",\"@id\":\"https:\\\/\\\/kibrisdakik.com\\\/?p=67225#article\",\"isPartOf\":{\"@id\":\"https:\\\/\\\/kibrisdakik.com\\\/?p=67225\"},\"author\":{\"name\":\"admin\",\"@id\":\"https:\\\/\\\/kibrisdakik.com\\\/#\\\/schema\\\/person\\\/9cd9d437bbb44f72b73ba127e06d8e79\"},\"headline\":\"Bakan Ar\u0131kl\u0131\u2019n\u0131n 20 Ekim D\u00fcnya Hava Trafik Kontrol\u00f6rleri G\u00fcn\u00fc mesaj\u0131\",\"datePublished\":\"2024-10-20T11:18:51+00:00\",\"mainEntityOfPage\":{\"@id\":\"https:\\\/\\\/kibrisdakik.com\\\/?p=67225\"},\"wordCount\":134,\"commentCount\":0,\"image\":{\"@id\":\"https:\\\/\\\/kibrisdakik.com\\\/?p=67225#primaryimage\"},\"thumbnailUrl\":\"https:\\\/\\\/kibrisdakik.com\\\/wp-content\\\/uploads\\\/2024\\\/10\\\/ktfad-dernek-logo3-1-740x420.jpg\",\"articleSection\":[\"K\u0131br\u0131s\"],\"inLanguage\":\"tr\",\"potentialAction\":[{\"@type\":\"CommentAction\",\"name\":\"Comment\",\"target\":[\"https:\\\/\\\/kibrisdakik.com\\\/?p=67225#respond\"]}]},{\"@type\":\"WebPage\",\"@id\":\"https:\\\/\\\/kibrisdakik.com\\\/?p=67225\",\"url\":\"https:\\\/\\\/kibrisdakik.com\\\/?p=67225\",\"name\":\"Bakan Ar\u0131kl\u0131\u2019n\u0131n 20 Ekim D\u00fcnya Hava Trafik Kontrol\u00f6rleri G\u00fcn\u00fc mesaj\u0131 -\",\"isPartOf\":{\"@id\":\"https:\\\/\\\/kibrisdakik.com\\\/#website\"},\"primaryImageOfPage\":{\"@id\":\"https:\\\/\\\/kibrisdakik.com\\\/?p=67225#primaryimage\"},\"image\":{\"@id\":\"https:\\\/\\\/kibrisdakik.com\\\/?p=67225#primaryimage\"},\"thumbnailUrl\":\"https:\\\/\\\/kibrisdakik.com\\\/wp-content\\\/uploads\\\/2024\\\/10\\\/ktfad-dernek-logo3-1-740x420.jpg\",\"datePublished\":\"2024-10-20T11:18:51+00:00\",\"author\":{\"@id\":\"https:\\\/\\\/kibrisdakik.com\\\/#\\\/schema\\\/person\\\/9cd9d437bbb44f72b73ba127e06d8e79\"},\"breadcrumb\":{\"@id\":\"https:\\\/\\\/kibrisdakik.com\\\/?p=67225#breadcrumb\"},\"inLanguage\":\"tr\",\"potentialAction\":[{\"@type\":\"ReadAction\",\"target\":[\"https:\\\/\\\/kibrisdakik.com\\\/?p=67225\"]}]},{\"@type\":\"ImageObject\",\"inLanguage\":\"tr\",\"@id\":\"https:\\\/\\\/kibrisdakik.com\\\/?p=67225#primaryimage\",\"url\":\"https:\\\/\\\/kibrisdakik.com\\\/wp-content\\\/uploads\\\/2024\\\/10\\\/ktfad-dernek-logo3-1-740x420.jpg\",\"contentUrl\":\"https:\\\/\\\/kibrisdakik.com\\\/wp-content\\\/uploads\\\/2024\\\/10\\\/ktfad-dernek-logo3-1-740x420.jpg\",\"width\":1024,\"height\":732},{\"@type\":\"BreadcrumbList\",\"@id\":\"https:\\\/\\\/kibrisdakik.com\\\/?p=67225#breadcrumb\",\"itemListElement\":[{\"@type\":\"ListItem\",\"position\":1,\"name\":\"Home\",\"item\":\"https:\\\/\\\/kibrisdakik.com\\\/\"},{\"@type\":\"ListItem\",\"position\":2,\"name\":\"Bakan Ar\u0131kl\u0131\u2019n\u0131n 20 Ekim D\u00fcnya Hava Trafik Kontrol\u00f6rleri G\u00fcn\u00fc mesaj\u0131\"}]},{\"@type\":\"WebSite\",\"@id\":\"https:\\\/\\\/kibrisdakik.com\\\/#website\",\"url\":\"https:\\\/\\\/kibrisdakik.com\\\/\",\"name\":\"\",\"description\":\"Tam vaktinde haber\",\"potentialAction\":[{\"@type\":\"SearchAction\",\"target\":{\"@type\":\"EntryPoint\",\"urlTemplate\":\"https:\\\/\\\/kibrisdakik.com\\\/?s={search_term_string}\"},\"query-input\":{\"@type\":\"PropertyValueSpecification\",\"valueRequired\":true,\"valueName\":\"search_term_string\"}}],\"inLanguage\":\"tr\"},{\"@type\":\"Person\",\"@id\":\"https:\\\/\\\/kibrisdakik.com\\\/#\\\/schema\\\/person\\\/9cd9d437bbb44f72b73ba127e06d8e79\",\"name\":\"admin\",\"image\":{\"@type\":\"ImageObject\",\"inLanguage\":\"tr\",\"@id\":\"https:\\\/\\\/secure.gravatar.com\\\/avatar\\\/ccc17943b9d660506c869530f897617f7cb1c21a4bf30023f252596d83e1f007?s=96&d=mm&r=g\",\"url\":\"https:\\\/\\\/secure.gravatar.com\\\/avatar\\\/ccc17943b9d660506c869530f897617f7cb1c21a4bf30023f252596d83e1f007?s=96&d=mm&r=g\",\"contentUrl\":\"https:\\\/\\\/secure.gravatar.com\\\/avatar\\\/ccc17943b9d660506c869530f897617f7cb1c21a4bf30023f252596d83e1f007?s=96&d=mm&r=g\",\"caption\":\"admin\"},\"sameAs\":[\"https:\\\/\\\/kibrisdakik.com\"],\"url\":\"https:\\\/\\\/kibrisdakik.com\\\/?author=1\"}]}<\/script>\n<!-- \/ Yoast SEO plugin. -->","yoast_head_json":{"title":"Bakan Ar\u0131kl\u0131\u2019n\u0131n 20 Ekim D\u00fcnya Hava Trafik Kontrol\u00f6rleri G\u00fcn\u00fc mesaj\u0131 -","robots":{"index":"index","follow":"follow","max-snippet":"max-snippet:-1","max-image-preview":"max-image-preview:large","max-video-preview":"max-video-preview:-1"},"canonical":"https:\/\/kibrisdakik.com\/?p=67225","og_locale":"tr_TR","og_type":"article","og_title":"Bakan Ar\u0131kl\u0131\u2019n\u0131n 20 Ekim D\u00fcnya Hava Trafik Kontrol\u00f6rleri G\u00fcn\u00fc mesaj\u0131 -","og_description":"\u00a0 Bay\u0131nd\u0131rl\u0131k ve Ula\u015ft\u0131rma Bakan\u0131 Erhan Ar\u0131kl\u0131, 20 Ekim D\u00fcnya Hava Trafik Kontrol\u00f6rleri G\u00fcn\u00fc dolay\u0131s\u0131yla mesaj yay\u0131mlad\u0131. Bakan Ar\u0131kl\u0131 mesaj\u0131nda \u015fu ifadeleri kulland\u0131: \u201cG\u00fcnde binlerce yolcunun Ercan Havaliman\u0131\u2019ndan g\u00fcvenli bir \u015fekilde \u00fclkemize gelmesini ve \u00fclkemizden ayr\u0131lmas\u0131n\u0131 sa\u011flayan, Ercan Tavsiyeli Hava Sahas\u0131\u2019nda, 55 bin km2\u2019lik alanda, g\u00fcnde onlarca u\u00e7u\u015fa transit hizmet veren Sivil Havac\u0131l\u0131k Dairesi Hava","og_url":"https:\/\/kibrisdakik.com\/?p=67225","article_published_time":"2024-10-20T11:18:51+00:00","og_image":[{"width":1024,"height":732,"url":"https:\/\/kibrisdakik.com\/wp-content\/uploads\/2024\/10\/ktfad-dernek-logo3-1-740x420.jpg","type":"image\/jpeg"}],"author":"admin","twitter_card":"summary_large_image","twitter_misc":{"Yazan:":"admin","Tahmini okuma s\u00fcresi":"1 dakika"},"schema":{"@context":"https:\/\/schema.org","@graph":[{"@type":"Article","@id":"https:\/\/kibrisdakik.com\/?p=67225#article","isPartOf":{"@id":"https:\/\/kibrisdakik.com\/?p=67225"},"author":{"name":"admin","@id":"https:\/\/kibrisdakik.com\/#\/schema\/person\/9cd9d437bbb44f72b73ba127e06d8e79"},"headline":"Bakan Ar\u0131kl\u0131\u2019n\u0131n 20 Ekim D\u00fcnya Hava Trafik Kontrol\u00f6rleri G\u00fcn\u00fc mesaj\u0131","datePublished":"2024-10-20T11:18:51+00:00","mainEntityOfPage":{"@id":"https:\/\/kibrisdakik.com\/?p=67225"},"wordCount":134,"commentCount":0,"image":{"@id":"https:\/\/kibrisdakik.com\/?p=67225#primaryimage"},"thumbnailUrl":"https:\/\/kibrisdakik.com\/wp-content\/uploads\/2024\/10\/ktfad-dernek-logo3-1-740x420.jpg","articleSection":["K\u0131br\u0131s"],"inLanguage":"tr","potentialAction":[{"@type":"CommentAction","name":"Comment","target":["https:\/\/kibrisdakik.com\/?p=67225#respond"]}]},{"@type":"WebPage","@id":"https:\/\/kibrisdakik.com\/?p=67225","url":"https:\/\/kibrisdakik.com\/?p=67225","name":"Bakan Ar\u0131kl\u0131\u2019n\u0131n 20 Ekim D\u00fcnya Hava Trafik Kontrol\u00f6rleri G\u00fcn\u00fc mesaj\u0131 -","isPartOf":{"@id":"https:\/\/kibrisdakik.com\/#website"},"primaryImageOfPage":{"@id":"https:\/\/kibrisdakik.com\/?p=67225#primaryimage"},"image":{"@id":"https:\/\/kibrisdakik.com\/?p=67225#primaryimage"},"thumbnailUrl":"https:\/\/kibrisdakik.com\/wp-content\/uploads\/2024\/10\/ktfad-dernek-logo3-1-740x420.jpg","datePublished":"2024-10-20T11:18:51+00:00","author":{"@id":"https:\/\/kibrisdakik.com\/#\/schema\/person\/9cd9d437bbb44f72b73ba127e06d8e79"},"breadcrumb":{"@id":"https:\/\/kibrisdakik.com\/?p=67225#breadcrumb"},"inLanguage":"tr","potentialAction":[{"@type":"ReadAction","target":["https:\/\/kibrisdakik.com\/?p=67225"]}]},{"@type":"ImageObject","inLanguage":"tr","@id":"https:\/\/kibrisdakik.com\/?p=67225#primaryimage","url":"https:\/\/kibrisdakik.com\/wp-content\/uploads\/2024\/10\/ktfad-dernek-logo3-1-740x420.jpg","contentUrl":"https:\/\/kibrisdakik.com\/wp-content\/uploads\/2024\/10\/ktfad-dernek-logo3-1-740x420.jpg","width":1024,"height":732},{"@type":"BreadcrumbList","@id":"https:\/\/kibrisdakik.com\/?p=67225#breadcrumb","itemListElement":[{"@type":"ListItem","position":1,"name":"Home","item":"https:\/\/kibrisdakik.com\/"},{"@type":"ListItem","position":2,"name":"Bakan Ar\u0131kl\u0131\u2019n\u0131n 20 Ekim D\u00fcnya Hava Trafik Kontrol\u00f6rleri G\u00fcn\u00fc mesaj\u0131"}]},{"@type":"WebSite","@id":"https:\/\/kibrisdakik.com\/#website","url":"https:\/\/kibrisdakik.com\/","name":"","description":"Tam vaktinde haber","potentialAction":[{"@type":"SearchAction","target":{"@type":"EntryPoint","urlTemplate":"https:\/\/kibrisdakik.com\/?s={search_term_string}"},"query-input":{"@type":"PropertyValueSpecification","valueRequired":true,"valueName":"search_term_string"}}],"inLanguage":"tr"},{"@type":"Person","@id":"https:\/\/kibrisdakik.com\/#\/schema\/person\/9cd9d437bbb44f72b73ba127e06d8e79","name":"admin","image":{"@type":"ImageObject","inLanguage":"tr","@id":"https:\/\/secure.gravatar.com\/avatar\/ccc17943b9d660506c869530f897617f7cb1c21a4bf30023f252596d83e1f007?s=96&d=mm&r=g","url":"https:\/\/secure.gravatar.com\/avatar\/ccc17943b9d660506c869530f897617f7cb1c21a4bf30023f252596d83e1f007?s=96&d=mm&r=g","contentUrl":"https:\/\/secure.gravatar.com\/avatar\/ccc17943b9d660506c869530f897617f7cb1c21a4bf30023f252596d83e1f007?s=96&d=mm&r=g","caption":"admin"},"sameAs":["https:\/\/kibrisdakik.com"],"url":"https:\/\/kibrisdakik.com\/?author=1"}]}},"_links":{"self":[{"href":"https:\/\/kibrisdakik.com\/index.php?rest_route=\/wp\/v2\/posts\/67225","targetHints":{"allow":["GET"]}}],"collection":[{"href":"https:\/\/kibrisdakik.com\/index.php?rest_route=\/wp\/v2\/posts"}],"about":[{"href":"https:\/\/kibrisdakik.com\/index.php?rest_route=\/wp\/v2\/types\/post"}],"author":[{"embeddable":true,"href":"https:\/\/kibrisdakik.com\/index.php?rest_route=\/wp\/v2\/users\/1"}],"replies":[{"embeddable":true,"href":"https:\/\/kibrisdakik.com\/index.php?rest_route=%2Fwp%2Fv2%2Fcomments&post=67225"}],"version-history":[{"count":0,"href":"https:\/\/kibrisdakik.com\/index.php?rest_route=\/wp\/v2\/posts\/67225\/revisions"}],"wp:featuredmedia":[{"embeddable":true,"href":"https:\/\/kibrisdakik.com\/index.php?rest_route=\/wp\/v2\/media\/67226"}],"wp:attachment":[{"href":"https:\/\/kibrisdakik.com\/index.php?rest_route=%2Fwp%2Fv2%2Fmedia&parent=67225"}],"wp:term":[{"taxonomy":"category","embeddable":true,"href":"https:\/\/kibrisdakik.com\/index.php?rest_route=%2Fwp%2Fv2%2Fcategories&post=67225"},{"taxonomy":"post_tag","embeddable":true,"href":"https:\/\/kibrisdakik.com\/index.php?rest_route=%2Fwp%2Fv2%2Ftags&post=67225"}],"curies":[{"name":"wp","href":"https:\/\/api.w.org\/{rel}","templated":true}]}}