{"id":67245,"date":"2024-10-20T16:47:21","date_gmt":"2024-10-20T13:47:21","guid":{"rendered":"https:\/\/kibrisdakik.com\/index.php\/2024\/10\/20\/ozersaybedelli-askerlik-rakamlari-uctu-yasa-degismeli\/"},"modified":"2024-10-20T16:47:21","modified_gmt":"2024-10-20T13:47:21","slug":"ozersaybedelli-askerlik-rakamlari-uctu-yasa-degismeli","status":"publish","type":"post","link":"https:\/\/kibrisdakik.com\/?p=67245","title":{"rendered":"\u00d6zersay:Bedelli askerlik rakamlar\u0131 u\u00e7tu, yasa de\u011fi\u015fmeli"},"content":{"rendered":"<div>\n<div class=\"mariselle-image-container center\">\n                                            <\/div>\n<p>Halk\u0131n Partisi (HP) Genel Ba\u015fkan\u0131 Kudret \u00d6zersay, asgari \u00fccrete endeksli olarak hesaplanan bedelli askerlik rakamlar\u0131n\u0131n; asgari \u00fccretin artmas\u0131yla \u201cadeta u\u00e7tu\u011funu\u201d ve \u201c\u00f6denemez hale geldi\u011fini\u201d belirtti, yasada de\u011fi\u015fiklik yap\u0131lmas\u0131 \u00e7a\u011fr\u0131s\u0131n\u0131 yineledi.<\/p>\n<div class=\"mariselle-image-container center\">\n                <img loading=\"lazy\" decoding=\"async\" width=\"2048\" height=\"720\" class=\"lazy-image\" alt=\"\" sizes=\"auto, (max-width: 2048px) 100vw, 2048px\" src=\"https:\/\/brtk.net\/wp-content\/uploads\/2024\/10\/20\/hp-askerlik.jpg?ver=0cc3ee3b13a539133b222703d6401327\" srcset=\"https:\/\/brtk.net\/wp-content\/uploads\/2024\/10\/20\/hp-askerlik.jpg?ver=0cc3ee3b13a539133b222703d6401327 2048w, https:\/\/brtk.net\/wp-content\/uploads\/2024\/10\/20\/hp-askerlik-300x105.jpg?ver=2dcfb95f0f76faaee8796cf2934957a9 300w, https:\/\/brtk.net\/wp-content\/uploads\/2024\/10\/20\/hp-askerlik-1024x360.jpg?ver=2dcfb95f0f76faaee8796cf2934957a9 1024w, https:\/\/brtk.net\/wp-content\/uploads\/2024\/10\/20\/hp-askerlik-768x270.jpg?ver=2dcfb95f0f76faaee8796cf2934957a9 768w, https:\/\/brtk.net\/wp-content\/uploads\/2024\/10\/20\/hp-askerlik-1536x540.jpg?ver=70275b6ad605e50d8b938c75ecbec96a 1536w\"\/>                            <\/div>\n<p>\u00d6zersay konuya ili\u015fkin yaz\u0131l\u0131 a\u00e7\u0131klamas\u0131nda, \u201cAlt\u0131 ay \u00f6nce parti olarak uyarm\u0131\u015f olmalar\u0131na ra\u011fmen bedelli askerlik rakamlar\u0131n\u0131n hesaplanmas\u0131 y\u00f6nteminde de\u011fi\u015fikli\u011fe gidilmedi\u011fine ve bu y\u00fczden de asgari \u00fccretin daha da artmas\u0131yla \u00f6zellikle akademisyen olmak i\u00e7in doktoras\u0131n\u0131 yapmakta olan gen\u00e7lerle yurt d\u0131\u015f\u0131nda \u00e7al\u0131\u015fan gen\u00e7lerin bedelli askerlik rakamlar\u0131n\u0131n adeta u\u00e7tu\u011funa ve \u00f6denemez hale geldi\u011fini\u201d kaydetti.<\/p>\n<p>\u201cGen\u00e7lerin ve ailelerin \u00f6demek zorunda olduklar\u0131 rakamlar y\u00fczde 100\u2019den de fazla zamlanm\u0131\u015f oldu\u201d diyen \u00d6zersay, \u201c\u00d6nceden y\u00fcr\u00fcrl\u00fckte olan yasaya g\u00f6re d\u00f6vize endeksli olarak hesaplanan bedelli askerlik rakamlar\u0131n\u0131n 2021 y\u0131l\u0131nda gen\u00e7lere yard\u0131mc\u0131 olmak i\u00e7in asgari \u00fccrete endekslendi\u011fini ancak zaman i\u00e7inde bu hesaplama y\u00f6nteminin gen\u00e7lerin ve ailelerinin aleyhine bir durum yaratt\u0131\u011f\u0131n\u0131 belirtti.<\/p>\n<p>\u00d6zersay, yeni hesaplama y\u00f6nteminin gen\u00e7lerin ve ailelerinin aleyhine d\u00f6nd\u00fc\u011f\u00fcn\u00fc, bedelli askerlik bedellerinin y\u00fczde 100\u2019den de daha fazla bir art\u0131\u015f ortaya \u00e7\u0131kt\u0131\u011f\u0131n\u0131 belirterek \u015funlar\u0131 kaydetti:<\/p>\n<p>\u201c2021 y\u0131l\u0131nda d\u00f6vizdeki art\u0131\u015flar dikkate al\u0131narak ekonomik olarak ma\u011fduriyet ya\u015fanmamas\u0131 gerek\u00e7esiyle d\u00f6viz \u00fczerinden hesaplanan bedelli askerlik rakamlar\u0131n\u0131n yasadaki de\u011fi\u015fiklikle asgari \u00fccretin belirli bir kat\u0131na kadar olacak \u015fekilde de\u011fi\u015ftirilmi\u015fti. Son asgari \u00fccret art\u0131\u015f\u0131yla birlikte bug\u00fcn\u00fcn d\u00f6viz rakamlar\u0131 dikkate al\u0131nd\u0131\u011f\u0131nda 2021\u2019de 4 bin sterlin \u00f6demesi gerekenler bug\u00fcn itibar\u0131yla yakla\u015f\u0131k 9 bin sterlin \u00f6demek zorunda; o d\u00f6nemde stat\u00fcs\u00fcne g\u00f6re 6 bin sterlin \u00f6demek zorunda olan gen\u00e7ler ise bug\u00fcnk\u00fc kurla 13 bin 500 sterlin civar\u0131nda bir rakam\u0131 \u00f6demek zorunda b\u0131rak\u0131l\u0131yor.\u201d<\/p>\n<p>\u00d6zersay, a\u00e7\u0131klamas\u0131nda, \u201cMaalesef Meclis \u00e7at\u0131s\u0131 alt\u0131nda koltuk kavgas\u0131 yapanlar gen\u00e7lerin ve ailelerinin sesini duymuyor\u201d ifadelerini de kulland\u0131.<\/p>\n<\/p><\/div>\n<p><script async\n                    defer\n                    crossorigin=\"anonymous\"\n                    src=\"https:\/\/connect.facebook.net\/tr_TR\/sdk.js#xfbml=1&#038;version=v3.3\"\n            ><\/script><\/p>\n","protected":false},"excerpt":{"rendered":"<p>Halk\u0131n Partisi (HP) Genel Ba\u015fkan\u0131 Kudret \u00d6zersay, asgari \u00fccrete endeksli olarak hesaplanan bedelli askerlik rakamlar\u0131n\u0131n; asgari \u00fccretin artmas\u0131yla \u201cadeta u\u00e7tu\u011funu\u201d ve \u201c\u00f6denemez hale geldi\u011fini\u201d belirtti, yasada de\u011fi\u015fiklik yap\u0131lmas\u0131 \u00e7a\u011fr\u0131s\u0131n\u0131 yineledi. \u00d6zersay konuya ili\u015fkin yaz\u0131l\u0131 a\u00e7\u0131klamas\u0131nda, \u201cAlt\u0131 ay \u00f6nce parti olarak uyarm\u0131\u015f olmalar\u0131na ra\u011fmen bedelli askerlik rakamlar\u0131n\u0131n hesaplanmas\u0131 y\u00f6nteminde de\u011fi\u015fikli\u011fe gidilmedi\u011fine ve bu y\u00fczden de asgari<\/p>\n","protected":false},"author":1,"featured_media":67246,"comment_status":"open","ping_status":"open","sticky":false,"template":"","format":"standard","meta":{"footnotes":""},"categories":[81],"tags":[],"class_list":["post-67245","post","type-post","status-publish","format-standard","has-post-thumbnail","hentry","category-kibris"],"yoast_head":"<!-- This site is optimized with the Yoast SEO plugin v27.5 - https:\/\/yoast.com\/product\/yoast-seo-wordpress\/ -->\n<title>\u00d6zersay:Bedelli askerlik rakamlar\u0131 u\u00e7tu, yasa de\u011fi\u015fmeli -<\/title>\n<meta name=\"robots\" content=\"index, follow, max-snippet:-1, max-image-preview:large, max-video-preview:-1\" \/>\n<link rel=\"canonical\" href=\"https:\/\/kibrisdakik.com\/?p=67245\" \/>\n<meta property=\"og:locale\" content=\"tr_TR\" \/>\n<meta property=\"og:type\" content=\"article\" \/>\n<meta property=\"og:title\" content=\"\u00d6zersay:Bedelli askerlik rakamlar\u0131 u\u00e7tu, yasa de\u011fi\u015fmeli -\" \/>\n<meta property=\"og:description\" content=\"Halk\u0131n Partisi (HP) Genel Ba\u015fkan\u0131 Kudret \u00d6zersay, asgari \u00fccrete endeksli olarak hesaplanan bedelli askerlik rakamlar\u0131n\u0131n; asgari \u00fccretin artmas\u0131yla \u201cadeta u\u00e7tu\u011funu\u201d ve \u201c\u00f6denemez hale geldi\u011fini\u201d belirtti, yasada de\u011fi\u015fiklik yap\u0131lmas\u0131 \u00e7a\u011fr\u0131s\u0131n\u0131 yineledi. \u00d6zersay konuya ili\u015fkin yaz\u0131l\u0131 a\u00e7\u0131klamas\u0131nda, \u201cAlt\u0131 ay \u00f6nce parti olarak uyarm\u0131\u015f olmalar\u0131na ra\u011fmen bedelli askerlik rakamlar\u0131n\u0131n hesaplanmas\u0131 y\u00f6nteminde de\u011fi\u015fikli\u011fe gidilmedi\u011fine ve bu y\u00fczden de asgari\" \/>\n<meta property=\"og:url\" content=\"https:\/\/kibrisdakik.com\/?p=67245\" \/>\n<meta property=\"article:published_time\" content=\"2024-10-20T13:47:21+00:00\" \/>\n<meta property=\"og:image\" content=\"https:\/\/kibrisdakik.com\/wp-content\/uploads\/2024\/10\/kudret-ozersay9-740x420.jpg\" \/>\n\t<meta property=\"og:image:width\" content=\"1824\" \/>\n\t<meta property=\"og:image:height\" content=\"1368\" \/>\n\t<meta property=\"og:image:type\" content=\"image\/jpeg\" \/>\n<meta name=\"author\" content=\"admin\" \/>\n<meta name=\"twitter:card\" content=\"summary_large_image\" \/>\n<meta name=\"twitter:label1\" content=\"Yazan:\" \/>\n\t<meta name=\"twitter:data1\" content=\"admin\" \/>\n\t<meta name=\"twitter:label2\" content=\"Tahmini okuma s\u00fcresi\" \/>\n\t<meta name=\"twitter:data2\" content=\"2 dakika\" \/>\n<script type=\"application\/ld+json\" class=\"yoast-schema-graph\">{\"@context\":\"https:\\\/\\\/schema.org\",\"@graph\":[{\"@type\":\"Article\",\"@id\":\"https:\\\/\\\/kibrisdakik.com\\\/?p=67245#article\",\"isPartOf\":{\"@id\":\"https:\\\/\\\/kibrisdakik.com\\\/?p=67245\"},\"author\":{\"name\":\"admin\",\"@id\":\"https:\\\/\\\/kibrisdakik.com\\\/#\\\/schema\\\/person\\\/9cd9d437bbb44f72b73ba127e06d8e79\"},\"headline\":\"\u00d6zersay:Bedelli askerlik rakamlar\u0131 u\u00e7tu, yasa de\u011fi\u015fmeli\",\"datePublished\":\"2024-10-20T13:47:21+00:00\",\"mainEntityOfPage\":{\"@id\":\"https:\\\/\\\/kibrisdakik.com\\\/?p=67245\"},\"wordCount\":357,\"commentCount\":0,\"image\":{\"@id\":\"https:\\\/\\\/kibrisdakik.com\\\/?p=67245#primaryimage\"},\"thumbnailUrl\":\"https:\\\/\\\/kibrisdakik.com\\\/wp-content\\\/uploads\\\/2024\\\/10\\\/kudret-ozersay9-740x420.jpg\",\"articleSection\":[\"K\u0131br\u0131s\"],\"inLanguage\":\"tr\",\"potentialAction\":[{\"@type\":\"CommentAction\",\"name\":\"Comment\",\"target\":[\"https:\\\/\\\/kibrisdakik.com\\\/?p=67245#respond\"]}]},{\"@type\":\"WebPage\",\"@id\":\"https:\\\/\\\/kibrisdakik.com\\\/?p=67245\",\"url\":\"https:\\\/\\\/kibrisdakik.com\\\/?p=67245\",\"name\":\"\u00d6zersay:Bedelli askerlik rakamlar\u0131 u\u00e7tu, yasa de\u011fi\u015fmeli -\",\"isPartOf\":{\"@id\":\"https:\\\/\\\/kibrisdakik.com\\\/#website\"},\"primaryImageOfPage\":{\"@id\":\"https:\\\/\\\/kibrisdakik.com\\\/?p=67245#primaryimage\"},\"image\":{\"@id\":\"https:\\\/\\\/kibrisdakik.com\\\/?p=67245#primaryimage\"},\"thumbnailUrl\":\"https:\\\/\\\/kibrisdakik.com\\\/wp-content\\\/uploads\\\/2024\\\/10\\\/kudret-ozersay9-740x420.jpg\",\"datePublished\":\"2024-10-20T13:47:21+00:00\",\"author\":{\"@id\":\"https:\\\/\\\/kibrisdakik.com\\\/#\\\/schema\\\/person\\\/9cd9d437bbb44f72b73ba127e06d8e79\"},\"breadcrumb\":{\"@id\":\"https:\\\/\\\/kibrisdakik.com\\\/?p=67245#breadcrumb\"},\"inLanguage\":\"tr\",\"potentialAction\":[{\"@type\":\"ReadAction\",\"target\":[\"https:\\\/\\\/kibrisdakik.com\\\/?p=67245\"]}]},{\"@type\":\"ImageObject\",\"inLanguage\":\"tr\",\"@id\":\"https:\\\/\\\/kibrisdakik.com\\\/?p=67245#primaryimage\",\"url\":\"https:\\\/\\\/kibrisdakik.com\\\/wp-content\\\/uploads\\\/2024\\\/10\\\/kudret-ozersay9-740x420.jpg\",\"contentUrl\":\"https:\\\/\\\/kibrisdakik.com\\\/wp-content\\\/uploads\\\/2024\\\/10\\\/kudret-ozersay9-740x420.jpg\",\"width\":1824,\"height\":1368},{\"@type\":\"BreadcrumbList\",\"@id\":\"https:\\\/\\\/kibrisdakik.com\\\/?p=67245#breadcrumb\",\"itemListElement\":[{\"@type\":\"ListItem\",\"position\":1,\"name\":\"Home\",\"item\":\"https:\\\/\\\/kibrisdakik.com\\\/\"},{\"@type\":\"ListItem\",\"position\":2,\"name\":\"\u00d6zersay:Bedelli askerlik rakamlar\u0131 u\u00e7tu, yasa de\u011fi\u015fmeli\"}]},{\"@type\":\"WebSite\",\"@id\":\"https:\\\/\\\/kibrisdakik.com\\\/#website\",\"url\":\"https:\\\/\\\/kibrisdakik.com\\\/\",\"name\":\"\",\"description\":\"Tam vaktinde haber\",\"potentialAction\":[{\"@type\":\"SearchAction\",\"target\":{\"@type\":\"EntryPoint\",\"urlTemplate\":\"https:\\\/\\\/kibrisdakik.com\\\/?s={search_term_string}\"},\"query-input\":{\"@type\":\"PropertyValueSpecification\",\"valueRequired\":true,\"valueName\":\"search_term_string\"}}],\"inLanguage\":\"tr\"},{\"@type\":\"Person\",\"@id\":\"https:\\\/\\\/kibrisdakik.com\\\/#\\\/schema\\\/person\\\/9cd9d437bbb44f72b73ba127e06d8e79\",\"name\":\"admin\",\"image\":{\"@type\":\"ImageObject\",\"inLanguage\":\"tr\",\"@id\":\"https:\\\/\\\/secure.gravatar.com\\\/avatar\\\/ccc17943b9d660506c869530f897617f7cb1c21a4bf30023f252596d83e1f007?s=96&d=mm&r=g\",\"url\":\"https:\\\/\\\/secure.gravatar.com\\\/avatar\\\/ccc17943b9d660506c869530f897617f7cb1c21a4bf30023f252596d83e1f007?s=96&d=mm&r=g\",\"contentUrl\":\"https:\\\/\\\/secure.gravatar.com\\\/avatar\\\/ccc17943b9d660506c869530f897617f7cb1c21a4bf30023f252596d83e1f007?s=96&d=mm&r=g\",\"caption\":\"admin\"},\"sameAs\":[\"https:\\\/\\\/kibrisdakik.com\"],\"url\":\"https:\\\/\\\/kibrisdakik.com\\\/?author=1\"}]}<\/script>\n<!-- \/ Yoast SEO plugin. -->","yoast_head_json":{"title":"\u00d6zersay:Bedelli askerlik rakamlar\u0131 u\u00e7tu, yasa de\u011fi\u015fmeli -","robots":{"index":"index","follow":"follow","max-snippet":"max-snippet:-1","max-image-preview":"max-image-preview:large","max-video-preview":"max-video-preview:-1"},"canonical":"https:\/\/kibrisdakik.com\/?p=67245","og_locale":"tr_TR","og_type":"article","og_title":"\u00d6zersay:Bedelli askerlik rakamlar\u0131 u\u00e7tu, yasa de\u011fi\u015fmeli -","og_description":"Halk\u0131n Partisi (HP) Genel Ba\u015fkan\u0131 Kudret \u00d6zersay, asgari \u00fccrete endeksli olarak hesaplanan bedelli askerlik rakamlar\u0131n\u0131n; asgari \u00fccretin artmas\u0131yla \u201cadeta u\u00e7tu\u011funu\u201d ve \u201c\u00f6denemez hale geldi\u011fini\u201d belirtti, yasada de\u011fi\u015fiklik yap\u0131lmas\u0131 \u00e7a\u011fr\u0131s\u0131n\u0131 yineledi. \u00d6zersay konuya ili\u015fkin yaz\u0131l\u0131 a\u00e7\u0131klamas\u0131nda, \u201cAlt\u0131 ay \u00f6nce parti olarak uyarm\u0131\u015f olmalar\u0131na ra\u011fmen bedelli askerlik rakamlar\u0131n\u0131n hesaplanmas\u0131 y\u00f6nteminde de\u011fi\u015fikli\u011fe gidilmedi\u011fine ve bu y\u00fczden de asgari","og_url":"https:\/\/kibrisdakik.com\/?p=67245","article_published_time":"2024-10-20T13:47:21+00:00","og_image":[{"width":1824,"height":1368,"url":"https:\/\/kibrisdakik.com\/wp-content\/uploads\/2024\/10\/kudret-ozersay9-740x420.jpg","type":"image\/jpeg"}],"author":"admin","twitter_card":"summary_large_image","twitter_misc":{"Yazan:":"admin","Tahmini okuma s\u00fcresi":"2 dakika"},"schema":{"@context":"https:\/\/schema.org","@graph":[{"@type":"Article","@id":"https:\/\/kibrisdakik.com\/?p=67245#article","isPartOf":{"@id":"https:\/\/kibrisdakik.com\/?p=67245"},"author":{"name":"admin","@id":"https:\/\/kibrisdakik.com\/#\/schema\/person\/9cd9d437bbb44f72b73ba127e06d8e79"},"headline":"\u00d6zersay:Bedelli askerlik rakamlar\u0131 u\u00e7tu, yasa de\u011fi\u015fmeli","datePublished":"2024-10-20T13:47:21+00:00","mainEntityOfPage":{"@id":"https:\/\/kibrisdakik.com\/?p=67245"},"wordCount":357,"commentCount":0,"image":{"@id":"https:\/\/kibrisdakik.com\/?p=67245#primaryimage"},"thumbnailUrl":"https:\/\/kibrisdakik.com\/wp-content\/uploads\/2024\/10\/kudret-ozersay9-740x420.jpg","articleSection":["K\u0131br\u0131s"],"inLanguage":"tr","potentialAction":[{"@type":"CommentAction","name":"Comment","target":["https:\/\/kibrisdakik.com\/?p=67245#respond"]}]},{"@type":"WebPage","@id":"https:\/\/kibrisdakik.com\/?p=67245","url":"https:\/\/kibrisdakik.com\/?p=67245","name":"\u00d6zersay:Bedelli askerlik rakamlar\u0131 u\u00e7tu, yasa de\u011fi\u015fmeli -","isPartOf":{"@id":"https:\/\/kibrisdakik.com\/#website"},"primaryImageOfPage":{"@id":"https:\/\/kibrisdakik.com\/?p=67245#primaryimage"},"image":{"@id":"https:\/\/kibrisdakik.com\/?p=67245#primaryimage"},"thumbnailUrl":"https:\/\/kibrisdakik.com\/wp-content\/uploads\/2024\/10\/kudret-ozersay9-740x420.jpg","datePublished":"2024-10-20T13:47:21+00:00","author":{"@id":"https:\/\/kibrisdakik.com\/#\/schema\/person\/9cd9d437bbb44f72b73ba127e06d8e79"},"breadcrumb":{"@id":"https:\/\/kibrisdakik.com\/?p=67245#breadcrumb"},"inLanguage":"tr","potentialAction":[{"@type":"ReadAction","target":["https:\/\/kibrisdakik.com\/?p=67245"]}]},{"@type":"ImageObject","inLanguage":"tr","@id":"https:\/\/kibrisdakik.com\/?p=67245#primaryimage","url":"https:\/\/kibrisdakik.com\/wp-content\/uploads\/2024\/10\/kudret-ozersay9-740x420.jpg","contentUrl":"https:\/\/kibrisdakik.com\/wp-content\/uploads\/2024\/10\/kudret-ozersay9-740x420.jpg","width":1824,"height":1368},{"@type":"BreadcrumbList","@id":"https:\/\/kibrisdakik.com\/?p=67245#breadcrumb","itemListElement":[{"@type":"ListItem","position":1,"name":"Home","item":"https:\/\/kibrisdakik.com\/"},{"@type":"ListItem","position":2,"name":"\u00d6zersay:Bedelli askerlik rakamlar\u0131 u\u00e7tu, yasa de\u011fi\u015fmeli"}]},{"@type":"WebSite","@id":"https:\/\/kibrisdakik.com\/#website","url":"https:\/\/kibrisdakik.com\/","name":"","description":"Tam vaktinde haber","potentialAction":[{"@type":"SearchAction","target":{"@type":"EntryPoint","urlTemplate":"https:\/\/kibrisdakik.com\/?s={search_term_string}"},"query-input":{"@type":"PropertyValueSpecification","valueRequired":true,"valueName":"search_term_string"}}],"inLanguage":"tr"},{"@type":"Person","@id":"https:\/\/kibrisdakik.com\/#\/schema\/person\/9cd9d437bbb44f72b73ba127e06d8e79","name":"admin","image":{"@type":"ImageObject","inLanguage":"tr","@id":"https:\/\/secure.gravatar.com\/avatar\/ccc17943b9d660506c869530f897617f7cb1c21a4bf30023f252596d83e1f007?s=96&d=mm&r=g","url":"https:\/\/secure.gravatar.com\/avatar\/ccc17943b9d660506c869530f897617f7cb1c21a4bf30023f252596d83e1f007?s=96&d=mm&r=g","contentUrl":"https:\/\/secure.gravatar.com\/avatar\/ccc17943b9d660506c869530f897617f7cb1c21a4bf30023f252596d83e1f007?s=96&d=mm&r=g","caption":"admin"},"sameAs":["https:\/\/kibrisdakik.com"],"url":"https:\/\/kibrisdakik.com\/?author=1"}]}},"_links":{"self":[{"href":"https:\/\/kibrisdakik.com\/index.php?rest_route=\/wp\/v2\/posts\/67245","targetHints":{"allow":["GET"]}}],"collection":[{"href":"https:\/\/kibrisdakik.com\/index.php?rest_route=\/wp\/v2\/posts"}],"about":[{"href":"https:\/\/kibrisdakik.com\/index.php?rest_route=\/wp\/v2\/types\/post"}],"author":[{"embeddable":true,"href":"https:\/\/kibrisdakik.com\/index.php?rest_route=\/wp\/v2\/users\/1"}],"replies":[{"embeddable":true,"href":"https:\/\/kibrisdakik.com\/index.php?rest_route=%2Fwp%2Fv2%2Fcomments&post=67245"}],"version-history":[{"count":0,"href":"https:\/\/kibrisdakik.com\/index.php?rest_route=\/wp\/v2\/posts\/67245\/revisions"}],"wp:featuredmedia":[{"embeddable":true,"href":"https:\/\/kibrisdakik.com\/index.php?rest_route=\/wp\/v2\/media\/67246"}],"wp:attachment":[{"href":"https:\/\/kibrisdakik.com\/index.php?rest_route=%2Fwp%2Fv2%2Fmedia&parent=67245"}],"wp:term":[{"taxonomy":"category","embeddable":true,"href":"https:\/\/kibrisdakik.com\/index.php?rest_route=%2Fwp%2Fv2%2Fcategories&post=67245"},{"taxonomy":"post_tag","embeddable":true,"href":"https:\/\/kibrisdakik.com\/index.php?rest_route=%2Fwp%2Fv2%2Ftags&post=67245"}],"curies":[{"name":"wp","href":"https:\/\/api.w.org\/{rel}","templated":true}]}}