{"id":6727,"date":"2023-05-11T19:52:26","date_gmt":"2023-05-11T19:52:26","guid":{"rendered":"https:\/\/kibrisdakik.com\/index.php\/2023\/05\/11\/ataoglu-10-16-mayis-engelliler-haftasi-nedeniyle-mesaj-yayimladi\/"},"modified":"2023-05-11T19:52:26","modified_gmt":"2023-05-11T19:52:26","slug":"ataoglu-10-16-mayis-engelliler-haftasi-nedeniyle-mesaj-yayimladi","status":"publish","type":"post","link":"https:\/\/kibrisdakik.com\/?p=6727","title":{"rendered":"Atao\u011flu, \u201810-16 May\u0131s Engelliler Haftas\u0131\u2019 nedeniyle mesaj yay\u0131mlad\u0131"},"content":{"rendered":"<p><\/p>\n<div>\n<div class=\"mariselle-image-container center\">\n                <img width=\"1024\" height=\"683\" class=\"lazy-image\" alt=\"\" decoding=\"async\" loading=\"lazy\" sizes=\"auto, (max-width: 1024px) 100vw, 1024px\" src=\"https:\/\/brtk.net\/wp-content\/uploads\/2023\/05\/03\/fikri-ataoglu7-1024x683.jpg?ver=16dbc72ab03c313f1c4a9341e7f9107b\" srcset=\"https:\/\/brtk.net\/wp-content\/uploads\/2023\/05\/03\/fikri-ataoglu7-1024x683.jpg?ver=e8923004aaddd8ae83e068926f2aea68 1024w, https:\/\/brtk.net\/wp-content\/uploads\/2023\/05\/03\/fikri-ataoglu7-300x200.jpg?ver=16dbc72ab03c313f1c4a9341e7f9107b 300w, https:\/\/brtk.net\/wp-content\/uploads\/2023\/05\/03\/fikri-ataoglu7-768x512.jpg?ver=e8923004aaddd8ae83e068926f2aea68 768w, https:\/\/brtk.net\/wp-content\/uploads\/2023\/05\/03\/fikri-ataoglu7.jpg?ver=16dbc72ab03c313f1c4a9341e7f9107b 1200w\"\/>                            <\/div>\n<p>Ba\u015fbakan Yard\u0131mc\u0131s\u0131, Turizm, K\u00fclt\u00fcr, Gen\u00e7lik ve \u00c7evre Bakan\u0131, Demokrat Parti (DP) Genel Ba\u015fkan\u0131 Fikri Atao\u011flu \u201810-16 May\u0131s Engelliler Haftas\u0131\u2019 nedeniyle mesaj yay\u0131mlad\u0131.<\/p>\n<p>Atao\u011flu, bu \u00f6zel haftan\u0131n, d\u00fcnya genelinde engelli bireylerin haklar\u0131na dikkat \u00e7ekmek, toplumda fark\u0131ndal\u0131\u011f\u0131 art\u0131rmak, hayatlar\u0131na dokunmak, onlar\u0131n ya\u015famlar\u0131n\u0131 kolayla\u015ft\u0131rmak i\u00e7in \u00f6nemli bir f\u0131rsat oldu\u011funu s\u00f6yledi.<\/p>\n<p>Atao\u011flu mesaj\u0131nda \u015fu ifadelere yer verdi:<\/p>\n<p>\u201cEngelli karde\u015flerimiz, hayatlar\u0131n\u0131n her alan\u0131nda kar\u015f\u0131la\u015ft\u0131klar\u0131 zorluklarla m\u00fccadele etmek zorunda kal\u0131yorlar. Onlar\u0131n g\u00fc\u00e7l\u00fc, cesur ve kararl\u0131 ki\u015filiklerini takdir etmeli ve onlar\u0131n hayallerini ger\u00e7ekle\u015ftirmeleri i\u00e7in elimizden geleni yapmal\u0131y\u0131z. Bu nedenle, bizler onlar\u0131n ihtiya\u00e7lar\u0131na daha fazla duyarl\u0131 olmal\u0131y\u0131z ve onlara yard\u0131mc\u0131 olmak i\u00e7in elimizden geleni yapmal\u0131y\u0131z. Onlar\u0131n hayatlar\u0131n\u0131 kolayla\u015ft\u0131rmak i\u00e7in, onlar\u0131n haklar\u0131n\u0131 savunmak, onlarla empati kurmak ve onlar\u0131 kucaklamak gerek.<\/p>\n<p>Engelli bireylerin hayatlar\u0131na dokunmak, onlar\u0131n ihtiya\u00e7lar\u0131n\u0131 kar\u015f\u0131lamak ve onlara destek vermek, sadece bu hafta de\u011fil, her zaman \u00f6nemlidir. Onlar\u0131n hayatlar\u0131na dokunarak, sevin\u00e7lerini payla\u015farak ve zorluklar\u0131nda yanlar\u0131nda olarak, hayatlar\u0131n\u0131 daha anlaml\u0131 ve destekleyici hale getirebiliriz.<\/p>\n<p>Bu bilin\u00e7le bizler, bug\u00fcn de\u011fil her zaman, engelli karde\u015flerimizin her t\u00fcrl\u00fc zorlu\u011fa kar\u015f\u0131 m\u00fccadelelerinde yanlar\u0131nda oldu\u011fumuzu bilmelerini istiyorum.<\/p>\n<p>Onlar\u0131n g\u00fc\u00e7l\u00fc ve cesur ki\u015filikleriyle, hayallerini ger\u00e7ekle\u015ftirmek i\u00e7in ellerinden geleni yapmalar\u0131n\u0131 var g\u00fcc\u00fcm\u00fczle destekliyoruz. Herkesin hayat\u0131n tad\u0131n\u0131 \u00e7\u0131karabilece\u011fi, e\u015fit haklara sahip oldu\u011fu bir ya\u015fam i\u00e7in, var g\u00fcc\u00fcm\u00fczle \u00e7al\u0131\u015fmaya devam ediyoruz.<\/p>\n<p>Sadece bu \u00f6zel haftada de\u011fil her g\u00fcn, engelli bireylerin ya\u015fad\u0131\u011f\u0131 zorluklar\u0131 anlamak, onlar\u0131n haklar\u0131na sayg\u0131 g\u00f6stermek ve onlar\u0131n hayatlar\u0131na dokunmak i\u00e7in elimizden geleni yapal\u0131m.<\/p>\n<p>Engelli bireylerin t\u00fcm sorunlar\u0131n\u0131n \u00e7\u00f6z\u00fclece\u011fi, t\u00fcm engellerin a\u015f\u0131labilece\u011fi bir d\u00fcnya umuduyla, engelli karde\u015flerimizin \u201810-16 May\u0131s Engelliler Haftas\u0131\u2019n\u0131 kutluyor, de\u011ferli ailelerine sa\u011fl\u0131k, mutluluk ve huzurlu bir ya\u015fam diliyorum.\u201d<\/p>\n<\/p><\/div>\n<p><script async\n                    defer\n                    crossorigin=\"anonymous\"\n                    src=\"https:\/\/connect.facebook.net\/tr_TR\/sdk.js#xfbml=1&#038;version=v3.3\"\n            ><\/script><\/p>\n","protected":false},"excerpt":{"rendered":"<p>Ba\u015fbakan Yard\u0131mc\u0131s\u0131, Turizm, K\u00fclt\u00fcr, Gen\u00e7lik ve \u00c7evre Bakan\u0131, Demokrat Parti (DP) Genel Ba\u015fkan\u0131 Fikri Atao\u011flu \u201810-16 May\u0131s Engelliler Haftas\u0131\u2019 nedeniyle mesaj yay\u0131mlad\u0131. Atao\u011flu, bu \u00f6zel haftan\u0131n, d\u00fcnya genelinde engelli bireylerin haklar\u0131na dikkat \u00e7ekmek, toplumda fark\u0131ndal\u0131\u011f\u0131 art\u0131rmak, hayatlar\u0131na dokunmak, onlar\u0131n ya\u015famlar\u0131n\u0131 kolayla\u015ft\u0131rmak i\u00e7in \u00f6nemli bir f\u0131rsat oldu\u011funu s\u00f6yledi. Atao\u011flu mesaj\u0131nda \u015fu ifadelere yer verdi: \u201cEngelli karde\u015flerimiz,<\/p>\n","protected":false},"author":1,"featured_media":6207,"comment_status":"open","ping_status":"open","sticky":false,"template":"","format":"standard","meta":{"footnotes":""},"categories":[1],"tags":[],"class_list":["post-6727","post","type-post","status-publish","format-standard","has-post-thumbnail","hentry","category-gundem"],"yoast_head":"<!-- This site is optimized with the Yoast SEO plugin v27.4 - https:\/\/yoast.com\/product\/yoast-seo-wordpress\/ -->\n<title>Atao\u011flu, \u201810-16 May\u0131s Engelliler Haftas\u0131\u2019 nedeniyle mesaj yay\u0131mlad\u0131 -<\/title>\n<meta name=\"robots\" content=\"index, follow, max-snippet:-1, max-image-preview:large, max-video-preview:-1\" \/>\n<link rel=\"canonical\" href=\"https:\/\/kibrisdakik.com\/?p=6727\" \/>\n<meta property=\"og:locale\" content=\"tr_TR\" \/>\n<meta property=\"og:type\" content=\"article\" \/>\n<meta property=\"og:title\" content=\"Atao\u011flu, \u201810-16 May\u0131s Engelliler Haftas\u0131\u2019 nedeniyle mesaj yay\u0131mlad\u0131 -\" \/>\n<meta property=\"og:description\" content=\"Ba\u015fbakan Yard\u0131mc\u0131s\u0131, Turizm, K\u00fclt\u00fcr, Gen\u00e7lik ve \u00c7evre Bakan\u0131, Demokrat Parti (DP) Genel Ba\u015fkan\u0131 Fikri Atao\u011flu \u201810-16 May\u0131s Engelliler Haftas\u0131\u2019 nedeniyle mesaj yay\u0131mlad\u0131. Atao\u011flu, bu \u00f6zel haftan\u0131n, d\u00fcnya genelinde engelli bireylerin haklar\u0131na dikkat \u00e7ekmek, toplumda fark\u0131ndal\u0131\u011f\u0131 art\u0131rmak, hayatlar\u0131na dokunmak, onlar\u0131n ya\u015famlar\u0131n\u0131 kolayla\u015ft\u0131rmak i\u00e7in \u00f6nemli bir f\u0131rsat oldu\u011funu s\u00f6yledi. Atao\u011flu mesaj\u0131nda \u015fu ifadelere yer verdi: \u201cEngelli karde\u015flerimiz,\" \/>\n<meta property=\"og:url\" content=\"https:\/\/kibrisdakik.com\/?p=6727\" \/>\n<meta property=\"article:published_time\" content=\"2023-05-11T19:52:26+00:00\" \/>\n<meta property=\"og:image\" content=\"https:\/\/kibrisdakik.com\/wp-content\/uploads\/2023\/05\/fikri-ataoglu7-740x420.jpg\" \/>\n\t<meta property=\"og:image:width\" content=\"1200\" \/>\n\t<meta property=\"og:image:height\" content=\"800\" \/>\n\t<meta property=\"og:image:type\" content=\"image\/jpeg\" \/>\n<meta name=\"author\" content=\"admin\" \/>\n<meta name=\"twitter:card\" content=\"summary_large_image\" \/>\n<meta name=\"twitter:label1\" content=\"Yazan:\" \/>\n\t<meta name=\"twitter:data1\" content=\"admin\" \/>\n\t<meta name=\"twitter:label2\" content=\"Tahmini okuma s\u00fcresi\" \/>\n\t<meta name=\"twitter:data2\" content=\"2 dakika\" \/>\n<script type=\"application\/ld+json\" class=\"yoast-schema-graph\">{\"@context\":\"https:\\\/\\\/schema.org\",\"@graph\":[{\"@type\":\"Article\",\"@id\":\"https:\\\/\\\/kibrisdakik.com\\\/?p=6727#article\",\"isPartOf\":{\"@id\":\"https:\\\/\\\/kibrisdakik.com\\\/?p=6727\"},\"author\":{\"name\":\"admin\",\"@id\":\"https:\\\/\\\/kibrisdakik.com\\\/#\\\/schema\\\/person\\\/9cd9d437bbb44f72b73ba127e06d8e79\"},\"headline\":\"Atao\u011flu, \u201810-16 May\u0131s Engelliler Haftas\u0131\u2019 nedeniyle mesaj yay\u0131mlad\u0131\",\"datePublished\":\"2023-05-11T19:52:26+00:00\",\"mainEntityOfPage\":{\"@id\":\"https:\\\/\\\/kibrisdakik.com\\\/?p=6727\"},\"wordCount\":386,\"commentCount\":0,\"image\":{\"@id\":\"https:\\\/\\\/kibrisdakik.com\\\/?p=6727#primaryimage\"},\"thumbnailUrl\":\"https:\\\/\\\/kibrisdakik.com\\\/wp-content\\\/uploads\\\/2023\\\/05\\\/fikri-ataoglu7-740x420.jpg\",\"articleSection\":[\"G\u00fcndem\"],\"inLanguage\":\"tr\",\"potentialAction\":[{\"@type\":\"CommentAction\",\"name\":\"Comment\",\"target\":[\"https:\\\/\\\/kibrisdakik.com\\\/?p=6727#respond\"]}]},{\"@type\":\"WebPage\",\"@id\":\"https:\\\/\\\/kibrisdakik.com\\\/?p=6727\",\"url\":\"https:\\\/\\\/kibrisdakik.com\\\/?p=6727\",\"name\":\"Atao\u011flu, \u201810-16 May\u0131s Engelliler Haftas\u0131\u2019 nedeniyle mesaj yay\u0131mlad\u0131 -\",\"isPartOf\":{\"@id\":\"https:\\\/\\\/kibrisdakik.com\\\/#website\"},\"primaryImageOfPage\":{\"@id\":\"https:\\\/\\\/kibrisdakik.com\\\/?p=6727#primaryimage\"},\"image\":{\"@id\":\"https:\\\/\\\/kibrisdakik.com\\\/?p=6727#primaryimage\"},\"thumbnailUrl\":\"https:\\\/\\\/kibrisdakik.com\\\/wp-content\\\/uploads\\\/2023\\\/05\\\/fikri-ataoglu7-740x420.jpg\",\"datePublished\":\"2023-05-11T19:52:26+00:00\",\"author\":{\"@id\":\"https:\\\/\\\/kibrisdakik.com\\\/#\\\/schema\\\/person\\\/9cd9d437bbb44f72b73ba127e06d8e79\"},\"breadcrumb\":{\"@id\":\"https:\\\/\\\/kibrisdakik.com\\\/?p=6727#breadcrumb\"},\"inLanguage\":\"tr\",\"potentialAction\":[{\"@type\":\"ReadAction\",\"target\":[\"https:\\\/\\\/kibrisdakik.com\\\/?p=6727\"]}]},{\"@type\":\"ImageObject\",\"inLanguage\":\"tr\",\"@id\":\"https:\\\/\\\/kibrisdakik.com\\\/?p=6727#primaryimage\",\"url\":\"https:\\\/\\\/kibrisdakik.com\\\/wp-content\\\/uploads\\\/2023\\\/05\\\/fikri-ataoglu7-740x420.jpg\",\"contentUrl\":\"https:\\\/\\\/kibrisdakik.com\\\/wp-content\\\/uploads\\\/2023\\\/05\\\/fikri-ataoglu7-740x420.jpg\",\"width\":1200,\"height\":800},{\"@type\":\"BreadcrumbList\",\"@id\":\"https:\\\/\\\/kibrisdakik.com\\\/?p=6727#breadcrumb\",\"itemListElement\":[{\"@type\":\"ListItem\",\"position\":1,\"name\":\"Home\",\"item\":\"https:\\\/\\\/kibrisdakik.com\\\/\"},{\"@type\":\"ListItem\",\"position\":2,\"name\":\"Atao\u011flu, \u201810-16 May\u0131s Engelliler Haftas\u0131\u2019 nedeniyle mesaj yay\u0131mlad\u0131\"}]},{\"@type\":\"WebSite\",\"@id\":\"https:\\\/\\\/kibrisdakik.com\\\/#website\",\"url\":\"https:\\\/\\\/kibrisdakik.com\\\/\",\"name\":\"\",\"description\":\"Tam vaktinde haber\",\"potentialAction\":[{\"@type\":\"SearchAction\",\"target\":{\"@type\":\"EntryPoint\",\"urlTemplate\":\"https:\\\/\\\/kibrisdakik.com\\\/?s={search_term_string}\"},\"query-input\":{\"@type\":\"PropertyValueSpecification\",\"valueRequired\":true,\"valueName\":\"search_term_string\"}}],\"inLanguage\":\"tr\"},{\"@type\":\"Person\",\"@id\":\"https:\\\/\\\/kibrisdakik.com\\\/#\\\/schema\\\/person\\\/9cd9d437bbb44f72b73ba127e06d8e79\",\"name\":\"admin\",\"image\":{\"@type\":\"ImageObject\",\"inLanguage\":\"tr\",\"@id\":\"https:\\\/\\\/secure.gravatar.com\\\/avatar\\\/ccc17943b9d660506c869530f897617f7cb1c21a4bf30023f252596d83e1f007?s=96&d=mm&r=g\",\"url\":\"https:\\\/\\\/secure.gravatar.com\\\/avatar\\\/ccc17943b9d660506c869530f897617f7cb1c21a4bf30023f252596d83e1f007?s=96&d=mm&r=g\",\"contentUrl\":\"https:\\\/\\\/secure.gravatar.com\\\/avatar\\\/ccc17943b9d660506c869530f897617f7cb1c21a4bf30023f252596d83e1f007?s=96&d=mm&r=g\",\"caption\":\"admin\"},\"sameAs\":[\"https:\\\/\\\/kibrisdakik.com\"],\"url\":\"https:\\\/\\\/kibrisdakik.com\\\/?author=1\"}]}<\/script>\n<!-- \/ Yoast SEO plugin. -->","yoast_head_json":{"title":"Atao\u011flu, \u201810-16 May\u0131s Engelliler Haftas\u0131\u2019 nedeniyle mesaj yay\u0131mlad\u0131 -","robots":{"index":"index","follow":"follow","max-snippet":"max-snippet:-1","max-image-preview":"max-image-preview:large","max-video-preview":"max-video-preview:-1"},"canonical":"https:\/\/kibrisdakik.com\/?p=6727","og_locale":"tr_TR","og_type":"article","og_title":"Atao\u011flu, \u201810-16 May\u0131s Engelliler Haftas\u0131\u2019 nedeniyle mesaj yay\u0131mlad\u0131 -","og_description":"Ba\u015fbakan Yard\u0131mc\u0131s\u0131, Turizm, K\u00fclt\u00fcr, Gen\u00e7lik ve \u00c7evre Bakan\u0131, Demokrat Parti (DP) Genel Ba\u015fkan\u0131 Fikri Atao\u011flu \u201810-16 May\u0131s Engelliler Haftas\u0131\u2019 nedeniyle mesaj yay\u0131mlad\u0131. Atao\u011flu, bu \u00f6zel haftan\u0131n, d\u00fcnya genelinde engelli bireylerin haklar\u0131na dikkat \u00e7ekmek, toplumda fark\u0131ndal\u0131\u011f\u0131 art\u0131rmak, hayatlar\u0131na dokunmak, onlar\u0131n ya\u015famlar\u0131n\u0131 kolayla\u015ft\u0131rmak i\u00e7in \u00f6nemli bir f\u0131rsat oldu\u011funu s\u00f6yledi. Atao\u011flu mesaj\u0131nda \u015fu ifadelere yer verdi: \u201cEngelli karde\u015flerimiz,","og_url":"https:\/\/kibrisdakik.com\/?p=6727","article_published_time":"2023-05-11T19:52:26+00:00","og_image":[{"width":1200,"height":800,"url":"https:\/\/kibrisdakik.com\/wp-content\/uploads\/2023\/05\/fikri-ataoglu7-740x420.jpg","type":"image\/jpeg"}],"author":"admin","twitter_card":"summary_large_image","twitter_misc":{"Yazan:":"admin","Tahmini okuma s\u00fcresi":"2 dakika"},"schema":{"@context":"https:\/\/schema.org","@graph":[{"@type":"Article","@id":"https:\/\/kibrisdakik.com\/?p=6727#article","isPartOf":{"@id":"https:\/\/kibrisdakik.com\/?p=6727"},"author":{"name":"admin","@id":"https:\/\/kibrisdakik.com\/#\/schema\/person\/9cd9d437bbb44f72b73ba127e06d8e79"},"headline":"Atao\u011flu, \u201810-16 May\u0131s Engelliler Haftas\u0131\u2019 nedeniyle mesaj yay\u0131mlad\u0131","datePublished":"2023-05-11T19:52:26+00:00","mainEntityOfPage":{"@id":"https:\/\/kibrisdakik.com\/?p=6727"},"wordCount":386,"commentCount":0,"image":{"@id":"https:\/\/kibrisdakik.com\/?p=6727#primaryimage"},"thumbnailUrl":"https:\/\/kibrisdakik.com\/wp-content\/uploads\/2023\/05\/fikri-ataoglu7-740x420.jpg","articleSection":["G\u00fcndem"],"inLanguage":"tr","potentialAction":[{"@type":"CommentAction","name":"Comment","target":["https:\/\/kibrisdakik.com\/?p=6727#respond"]}]},{"@type":"WebPage","@id":"https:\/\/kibrisdakik.com\/?p=6727","url":"https:\/\/kibrisdakik.com\/?p=6727","name":"Atao\u011flu, \u201810-16 May\u0131s Engelliler Haftas\u0131\u2019 nedeniyle mesaj yay\u0131mlad\u0131 -","isPartOf":{"@id":"https:\/\/kibrisdakik.com\/#website"},"primaryImageOfPage":{"@id":"https:\/\/kibrisdakik.com\/?p=6727#primaryimage"},"image":{"@id":"https:\/\/kibrisdakik.com\/?p=6727#primaryimage"},"thumbnailUrl":"https:\/\/kibrisdakik.com\/wp-content\/uploads\/2023\/05\/fikri-ataoglu7-740x420.jpg","datePublished":"2023-05-11T19:52:26+00:00","author":{"@id":"https:\/\/kibrisdakik.com\/#\/schema\/person\/9cd9d437bbb44f72b73ba127e06d8e79"},"breadcrumb":{"@id":"https:\/\/kibrisdakik.com\/?p=6727#breadcrumb"},"inLanguage":"tr","potentialAction":[{"@type":"ReadAction","target":["https:\/\/kibrisdakik.com\/?p=6727"]}]},{"@type":"ImageObject","inLanguage":"tr","@id":"https:\/\/kibrisdakik.com\/?p=6727#primaryimage","url":"https:\/\/kibrisdakik.com\/wp-content\/uploads\/2023\/05\/fikri-ataoglu7-740x420.jpg","contentUrl":"https:\/\/kibrisdakik.com\/wp-content\/uploads\/2023\/05\/fikri-ataoglu7-740x420.jpg","width":1200,"height":800},{"@type":"BreadcrumbList","@id":"https:\/\/kibrisdakik.com\/?p=6727#breadcrumb","itemListElement":[{"@type":"ListItem","position":1,"name":"Home","item":"https:\/\/kibrisdakik.com\/"},{"@type":"ListItem","position":2,"name":"Atao\u011flu, \u201810-16 May\u0131s Engelliler Haftas\u0131\u2019 nedeniyle mesaj yay\u0131mlad\u0131"}]},{"@type":"WebSite","@id":"https:\/\/kibrisdakik.com\/#website","url":"https:\/\/kibrisdakik.com\/","name":"","description":"Tam vaktinde haber","potentialAction":[{"@type":"SearchAction","target":{"@type":"EntryPoint","urlTemplate":"https:\/\/kibrisdakik.com\/?s={search_term_string}"},"query-input":{"@type":"PropertyValueSpecification","valueRequired":true,"valueName":"search_term_string"}}],"inLanguage":"tr"},{"@type":"Person","@id":"https:\/\/kibrisdakik.com\/#\/schema\/person\/9cd9d437bbb44f72b73ba127e06d8e79","name":"admin","image":{"@type":"ImageObject","inLanguage":"tr","@id":"https:\/\/secure.gravatar.com\/avatar\/ccc17943b9d660506c869530f897617f7cb1c21a4bf30023f252596d83e1f007?s=96&d=mm&r=g","url":"https:\/\/secure.gravatar.com\/avatar\/ccc17943b9d660506c869530f897617f7cb1c21a4bf30023f252596d83e1f007?s=96&d=mm&r=g","contentUrl":"https:\/\/secure.gravatar.com\/avatar\/ccc17943b9d660506c869530f897617f7cb1c21a4bf30023f252596d83e1f007?s=96&d=mm&r=g","caption":"admin"},"sameAs":["https:\/\/kibrisdakik.com"],"url":"https:\/\/kibrisdakik.com\/?author=1"}]}},"_links":{"self":[{"href":"https:\/\/kibrisdakik.com\/index.php?rest_route=\/wp\/v2\/posts\/6727","targetHints":{"allow":["GET"]}}],"collection":[{"href":"https:\/\/kibrisdakik.com\/index.php?rest_route=\/wp\/v2\/posts"}],"about":[{"href":"https:\/\/kibrisdakik.com\/index.php?rest_route=\/wp\/v2\/types\/post"}],"author":[{"embeddable":true,"href":"https:\/\/kibrisdakik.com\/index.php?rest_route=\/wp\/v2\/users\/1"}],"replies":[{"embeddable":true,"href":"https:\/\/kibrisdakik.com\/index.php?rest_route=%2Fwp%2Fv2%2Fcomments&post=6727"}],"version-history":[{"count":0,"href":"https:\/\/kibrisdakik.com\/index.php?rest_route=\/wp\/v2\/posts\/6727\/revisions"}],"wp:featuredmedia":[{"embeddable":true,"href":"https:\/\/kibrisdakik.com\/index.php?rest_route=\/wp\/v2\/media\/6207"}],"wp:attachment":[{"href":"https:\/\/kibrisdakik.com\/index.php?rest_route=%2Fwp%2Fv2%2Fmedia&parent=6727"}],"wp:term":[{"taxonomy":"category","embeddable":true,"href":"https:\/\/kibrisdakik.com\/index.php?rest_route=%2Fwp%2Fv2%2Fcategories&post=6727"},{"taxonomy":"post_tag","embeddable":true,"href":"https:\/\/kibrisdakik.com\/index.php?rest_route=%2Fwp%2Fv2%2Ftags&post=6727"}],"curies":[{"name":"wp","href":"https:\/\/api.w.org\/{rel}","templated":true}]}}