{"id":67293,"date":"2024-10-21T14:53:27","date_gmt":"2024-10-21T11:53:27","guid":{"rendered":"https:\/\/kibrisdakik.com\/index.php\/2024\/10\/21\/akdeniz-karpaz-ile-dokuz-eylul-universitesi-arasinda-is-birligi-protokolu-imzalandi\/"},"modified":"2024-10-21T14:53:27","modified_gmt":"2024-10-21T11:53:27","slug":"akdeniz-karpaz-ile-dokuz-eylul-universitesi-arasinda-is-birligi-protokolu-imzalandi","status":"publish","type":"post","link":"https:\/\/kibrisdakik.com\/?p=67293","title":{"rendered":"Akdeniz Karpaz ile Dokuz Eyl\u00fcl \u00dcniversitesi aras\u0131nda i\u015f birli\u011fi protokol\u00fc imzaland\u0131"},"content":{"rendered":"<div>\n<div class=\"mariselle-image-container center\">\n                                            <\/div>\n<p>Cumhurba\u015fkan\u0131 Ersin Tatar, Ad\u0131yamanl\u0131lar Yard\u0131mla\u015fma ve Dayan\u0131\u015fma Derne\u011fi\u2019nin d\u00fczenledi\u011fi 1. \u00c7i\u011f K\u00f6fte Festivali\u2019ne kat\u0131ld\u0131.<\/p>\n<p>Cumhurba\u015fkanl\u0131\u011f\u0131\u2019ndan verilen bilgiye g\u00f6re, Bo\u011faz Piknik Alan\u0131\u2019nda d\u00fcn ger\u00e7ekle\u015fen festivalde konu\u015fan Cumhurba\u015fkan\u0131 Tatar, 6 \u015eubat\u2019taki depremde Ad\u0131yaman\u2019da \u0130sias Otel\u2019de hayat\u0131n\u0131 kaybeden \u015eampiyon Melekleri rahmetle and\u0131, ailelere sab\u0131rlar diledi.<\/p>\n<p>\u0130sias Davas\u0131\u2019nda devletin ailelerin yan\u0131nda oldu\u011funa dikkat \u00e7eken Cumhurba\u015fkan\u0131 Tatar, \u201cAc\u0131lar\u0131 ac\u0131m\u0131zd\u0131r, onlar\u0131 hi\u00e7bir zaman unutmayaca\u011f\u0131z. \u0130sias ortak davam\u0131zd\u0131r. Adaletin yerini bulmas\u0131n\u0131 istiyoruz\u201d dedi.<\/p>\n<p>T\u00fcrkiye\u2019nin farkl\u0131 b\u00f6lgelerinden gelip yerle\u015fenlerle birlikte \u00fclkenin geli\u015fmesi ve kalk\u0131nmas\u0131 i\u00e7in \u00e7al\u0131\u015fmalar\u0131n y\u00fcr\u00fct\u00fcld\u00fc\u011f\u00fcn\u00fc anlatan Cumhurba\u015fkan\u0131 Tatar, k\u00fclt\u00fcrel zenginlikle devlete inanarak m\u00fccadelenin s\u00fcrd\u00fcr\u00fcld\u00fc\u011f\u00fcn\u00fc dile getirdi.<\/p>\n<p>K\u0131br\u0131s T\u00fcrk\u00fc\u2019n\u00fcn \u00f6zg\u00fcrl\u00fck ve varolu\u015f m\u00fccadelesinde ba\u015f\u0131 dik olarak vatan ve bayrak sevgisiyle inanc\u0131n\u0131 yitirmeden her zaman T\u00fcrkiye\u2019ye g\u00fcvendiklerini ifade eden Cumhurba\u015fkan\u0131 Tatar, K\u0131br\u0131s Bar\u0131\u015f Harekat\u0131\u2019n\u0131n ard\u0131ndan K\u0131br\u0131s T\u00fcrk\u00fc\u2019n\u00fcn bar\u0131\u015f, huzur ve g\u00fcven i\u00e7inde ya\u015famaya ba\u015flad\u0131\u011f\u0131n\u0131 kaydetti.<\/p>\n<p>Ambargo ve izolasyonlara kar\u015f\u0131 ekonomik yap\u0131y\u0131 g\u00fc\u00e7lendirmenin kolay olmad\u0131\u011f\u0131n\u0131 anlatan Tatar, turizm, e\u011fitim ve tar\u0131mda refah d\u00fczeyinin art\u0131r\u0131ld\u0131\u011f\u0131n\u0131 aktard\u0131.<\/p>\n<p>Ad\u0131yaman\u2019dan gelip, K\u0131br\u0131s T\u00fcrk\u00fc ile kayna\u015fan ve \u00fclkenin geli\u015fmesi i\u00e7in \u00e7al\u0131\u015fanlara te\u015fekk\u00fcr eden Cumhurba\u015fkan\u0131 Tatar, \u201c\u0130yi ve k\u00f6t\u00fc g\u00fcnde birlikte olduk, olmaya devam edece\u011fiz. Beraber y\u00fcr\u00fcmeye devam edece\u011fiz\u201d ifadelerini kulland\u0131.<\/p>\n<p>Federasyon temelinde \u00e7\u00f6z\u00fcmle K\u0131br\u0131s T\u00fcrk\u00fc\u2019n\u00fcn anavatan T\u00fcrkiye\u2019den kopart\u0131lmak istendi\u011fini, garant\u00f6rl\u00fck ve askeri varl\u0131\u011f\u0131n\u0131n sona erece\u011fini belirten Tatar, \u201c\u0130ki devletin gerisine d\u00fc\u015fmek yok. Egemenli\u011fimizi talep ediyoruz. Egemenlik, bu topraklarda y\u0131llard\u0131r verdi\u011fimiz m\u00fccadele ve uluslararas\u0131 antla\u015fmalarda bize verilen bir hakt\u0131r.\u201d diye konu\u015ftu.<\/p>\n<p>T\u00fcrkiye Cumhuriyeti\u2019nin her zaman K\u0131br\u0131s T\u00fcrk\u00fc\u2019n\u00fcn yan\u0131nda oldu\u011funa i\u015faret eden Tatar, T\u00fcrkiye Cumhuriyeti Cumhurba\u015fkan\u0131 Recep Tayyip Erdo\u011fan\u2019\u0131n ambargolar\u0131n kald\u0131r\u0131lmas\u0131 ve Kuzey K\u0131br\u0131s T\u00fcrk Cumhuriyeti\u2019nin tan\u0131nmas\u0131 \u00e7a\u011fr\u0131s\u0131 yapt\u0131\u011f\u0131n\u0131 hat\u0131rlatt\u0131.<\/p>\n<p>T\u00fcrkiye\u2019nin bulunmad\u0131\u011f\u0131 Avrupa Birli\u011fi i\u00e7inde Birle\u015fik K\u0131br\u0131s ile K\u0131br\u0131s T\u00fcrk\u00fc\u2019n\u00fcn asimile edilerek tehlikeli bir maceraya s\u00fcr\u00fcklemeye \u00e7al\u0131\u015f\u0131ld\u0131\u011f\u0131n\u0131 belirten Tatar, \u201cBu duruma kar\u015f\u0131y\u0131z, hakk\u0131m\u0131z devlet sahibi olmakt\u0131r.\u201d dedi.<\/p>\n<p>Meclis\u2019in a\u00e7\u0131lamamas\u0131 ile ilgili de konu\u015fan Cumhurba\u015fkan\u0131 Tatar, siyasi rant elde etmek ve kriz \u00e7\u0131karmak i\u00e7in \u00e7al\u0131\u015fma yap\u0131ld\u0131\u011f\u0131n\u0131 ancak memleketin hizmet bekledi\u011fini ve se\u00e7im vaktinin gelmedi\u011fini kaydetti.<\/p>\n<\/p><\/div>\n<p><script async\n                    defer\n                    crossorigin=\"anonymous\"\n                    src=\"https:\/\/connect.facebook.net\/tr_TR\/sdk.js#xfbml=1&#038;version=v3.3\"\n            ><\/script><\/p>\n","protected":false},"excerpt":{"rendered":"<p>Cumhurba\u015fkan\u0131 Ersin Tatar, Ad\u0131yamanl\u0131lar Yard\u0131mla\u015fma ve Dayan\u0131\u015fma Derne\u011fi\u2019nin d\u00fczenledi\u011fi 1. \u00c7i\u011f K\u00f6fte Festivali\u2019ne kat\u0131ld\u0131. Cumhurba\u015fkanl\u0131\u011f\u0131\u2019ndan verilen bilgiye g\u00f6re, Bo\u011faz Piknik Alan\u0131\u2019nda d\u00fcn ger\u00e7ekle\u015fen festivalde konu\u015fan Cumhurba\u015fkan\u0131 Tatar, 6 \u015eubat\u2019taki depremde Ad\u0131yaman\u2019da \u0130sias Otel\u2019de hayat\u0131n\u0131 kaybeden \u015eampiyon Melekleri rahmetle and\u0131, ailelere sab\u0131rlar diledi. \u0130sias Davas\u0131\u2019nda devletin ailelerin yan\u0131nda oldu\u011funa dikkat \u00e7eken Cumhurba\u015fkan\u0131 Tatar, \u201cAc\u0131lar\u0131 ac\u0131m\u0131zd\u0131r, onlar\u0131<\/p>\n","protected":false},"author":1,"featured_media":67294,"comment_status":"open","ping_status":"open","sticky":false,"template":"","format":"standard","meta":{"footnotes":""},"categories":[81],"tags":[],"class_list":["post-67293","post","type-post","status-publish","format-standard","has-post-thumbnail","hentry","category-kibris"],"yoast_head":"<!-- This site is optimized with the Yoast SEO plugin v27.5 - https:\/\/yoast.com\/product\/yoast-seo-wordpress\/ -->\n<title>Akdeniz Karpaz ile Dokuz Eyl\u00fcl \u00dcniversitesi aras\u0131nda i\u015f birli\u011fi protokol\u00fc imzaland\u0131 -<\/title>\n<meta name=\"robots\" content=\"index, follow, max-snippet:-1, max-image-preview:large, max-video-preview:-1\" \/>\n<link rel=\"canonical\" href=\"https:\/\/kibrisdakik.com\/?p=67293\" \/>\n<meta property=\"og:locale\" content=\"tr_TR\" \/>\n<meta property=\"og:type\" content=\"article\" \/>\n<meta property=\"og:title\" content=\"Akdeniz Karpaz ile Dokuz Eyl\u00fcl \u00dcniversitesi aras\u0131nda i\u015f birli\u011fi protokol\u00fc imzaland\u0131 -\" \/>\n<meta property=\"og:description\" content=\"Cumhurba\u015fkan\u0131 Ersin Tatar, Ad\u0131yamanl\u0131lar Yard\u0131mla\u015fma ve Dayan\u0131\u015fma Derne\u011fi\u2019nin d\u00fczenledi\u011fi 1. \u00c7i\u011f K\u00f6fte Festivali\u2019ne kat\u0131ld\u0131. Cumhurba\u015fkanl\u0131\u011f\u0131\u2019ndan verilen bilgiye g\u00f6re, Bo\u011faz Piknik Alan\u0131\u2019nda d\u00fcn ger\u00e7ekle\u015fen festivalde konu\u015fan Cumhurba\u015fkan\u0131 Tatar, 6 \u015eubat\u2019taki depremde Ad\u0131yaman\u2019da \u0130sias Otel\u2019de hayat\u0131n\u0131 kaybeden \u015eampiyon Melekleri rahmetle and\u0131, ailelere sab\u0131rlar diledi. \u0130sias Davas\u0131\u2019nda devletin ailelerin yan\u0131nda oldu\u011funa dikkat \u00e7eken Cumhurba\u015fkan\u0131 Tatar, \u201cAc\u0131lar\u0131 ac\u0131m\u0131zd\u0131r, onlar\u0131\" \/>\n<meta property=\"og:url\" content=\"https:\/\/kibrisdakik.com\/?p=67293\" \/>\n<meta property=\"article:published_time\" content=\"2024-10-21T11:53:27+00:00\" \/>\n<meta property=\"og:image\" content=\"https:\/\/kibrisdakik.com\/wp-content\/uploads\/2024\/10\/ksks-740x420.jpeg\" \/>\n\t<meta property=\"og:image:width\" content=\"1600\" \/>\n\t<meta property=\"og:image:height\" content=\"1066\" \/>\n\t<meta property=\"og:image:type\" content=\"image\/jpeg\" \/>\n<meta name=\"author\" content=\"admin\" \/>\n<meta name=\"twitter:card\" content=\"summary_large_image\" \/>\n<meta name=\"twitter:label1\" content=\"Yazan:\" \/>\n\t<meta name=\"twitter:data1\" content=\"admin\" \/>\n\t<meta name=\"twitter:label2\" content=\"Tahmini okuma s\u00fcresi\" \/>\n\t<meta name=\"twitter:data2\" content=\"2 dakika\" \/>\n<script type=\"application\/ld+json\" class=\"yoast-schema-graph\">{\"@context\":\"https:\\\/\\\/schema.org\",\"@graph\":[{\"@type\":\"Article\",\"@id\":\"https:\\\/\\\/kibrisdakik.com\\\/?p=67293#article\",\"isPartOf\":{\"@id\":\"https:\\\/\\\/kibrisdakik.com\\\/?p=67293\"},\"author\":{\"name\":\"admin\",\"@id\":\"https:\\\/\\\/kibrisdakik.com\\\/#\\\/schema\\\/person\\\/9cd9d437bbb44f72b73ba127e06d8e79\"},\"headline\":\"Akdeniz Karpaz ile Dokuz Eyl\u00fcl \u00dcniversitesi aras\u0131nda i\u015f birli\u011fi protokol\u00fc imzaland\u0131\",\"datePublished\":\"2024-10-21T11:53:27+00:00\",\"mainEntityOfPage\":{\"@id\":\"https:\\\/\\\/kibrisdakik.com\\\/?p=67293\"},\"wordCount\":510,\"commentCount\":0,\"image\":{\"@id\":\"https:\\\/\\\/kibrisdakik.com\\\/?p=67293#primaryimage\"},\"thumbnailUrl\":\"https:\\\/\\\/kibrisdakik.com\\\/wp-content\\\/uploads\\\/2024\\\/10\\\/ksks-740x420.jpeg\",\"articleSection\":[\"K\u0131br\u0131s\"],\"inLanguage\":\"tr\",\"potentialAction\":[{\"@type\":\"CommentAction\",\"name\":\"Comment\",\"target\":[\"https:\\\/\\\/kibrisdakik.com\\\/?p=67293#respond\"]}]},{\"@type\":\"WebPage\",\"@id\":\"https:\\\/\\\/kibrisdakik.com\\\/?p=67293\",\"url\":\"https:\\\/\\\/kibrisdakik.com\\\/?p=67293\",\"name\":\"Akdeniz Karpaz ile Dokuz Eyl\u00fcl \u00dcniversitesi aras\u0131nda i\u015f birli\u011fi protokol\u00fc imzaland\u0131 -\",\"isPartOf\":{\"@id\":\"https:\\\/\\\/kibrisdakik.com\\\/#website\"},\"primaryImageOfPage\":{\"@id\":\"https:\\\/\\\/kibrisdakik.com\\\/?p=67293#primaryimage\"},\"image\":{\"@id\":\"https:\\\/\\\/kibrisdakik.com\\\/?p=67293#primaryimage\"},\"thumbnailUrl\":\"https:\\\/\\\/kibrisdakik.com\\\/wp-content\\\/uploads\\\/2024\\\/10\\\/ksks-740x420.jpeg\",\"datePublished\":\"2024-10-21T11:53:27+00:00\",\"author\":{\"@id\":\"https:\\\/\\\/kibrisdakik.com\\\/#\\\/schema\\\/person\\\/9cd9d437bbb44f72b73ba127e06d8e79\"},\"breadcrumb\":{\"@id\":\"https:\\\/\\\/kibrisdakik.com\\\/?p=67293#breadcrumb\"},\"inLanguage\":\"tr\",\"potentialAction\":[{\"@type\":\"ReadAction\",\"target\":[\"https:\\\/\\\/kibrisdakik.com\\\/?p=67293\"]}]},{\"@type\":\"ImageObject\",\"inLanguage\":\"tr\",\"@id\":\"https:\\\/\\\/kibrisdakik.com\\\/?p=67293#primaryimage\",\"url\":\"https:\\\/\\\/kibrisdakik.com\\\/wp-content\\\/uploads\\\/2024\\\/10\\\/ksks-740x420.jpeg\",\"contentUrl\":\"https:\\\/\\\/kibrisdakik.com\\\/wp-content\\\/uploads\\\/2024\\\/10\\\/ksks-740x420.jpeg\",\"width\":1600,\"height\":1066},{\"@type\":\"BreadcrumbList\",\"@id\":\"https:\\\/\\\/kibrisdakik.com\\\/?p=67293#breadcrumb\",\"itemListElement\":[{\"@type\":\"ListItem\",\"position\":1,\"name\":\"Home\",\"item\":\"https:\\\/\\\/kibrisdakik.com\\\/\"},{\"@type\":\"ListItem\",\"position\":2,\"name\":\"Akdeniz Karpaz ile Dokuz Eyl\u00fcl \u00dcniversitesi aras\u0131nda i\u015f birli\u011fi protokol\u00fc imzaland\u0131\"}]},{\"@type\":\"WebSite\",\"@id\":\"https:\\\/\\\/kibrisdakik.com\\\/#website\",\"url\":\"https:\\\/\\\/kibrisdakik.com\\\/\",\"name\":\"\",\"description\":\"Tam vaktinde haber\",\"potentialAction\":[{\"@type\":\"SearchAction\",\"target\":{\"@type\":\"EntryPoint\",\"urlTemplate\":\"https:\\\/\\\/kibrisdakik.com\\\/?s={search_term_string}\"},\"query-input\":{\"@type\":\"PropertyValueSpecification\",\"valueRequired\":true,\"valueName\":\"search_term_string\"}}],\"inLanguage\":\"tr\"},{\"@type\":\"Person\",\"@id\":\"https:\\\/\\\/kibrisdakik.com\\\/#\\\/schema\\\/person\\\/9cd9d437bbb44f72b73ba127e06d8e79\",\"name\":\"admin\",\"image\":{\"@type\":\"ImageObject\",\"inLanguage\":\"tr\",\"@id\":\"https:\\\/\\\/secure.gravatar.com\\\/avatar\\\/ccc17943b9d660506c869530f897617f7cb1c21a4bf30023f252596d83e1f007?s=96&d=mm&r=g\",\"url\":\"https:\\\/\\\/secure.gravatar.com\\\/avatar\\\/ccc17943b9d660506c869530f897617f7cb1c21a4bf30023f252596d83e1f007?s=96&d=mm&r=g\",\"contentUrl\":\"https:\\\/\\\/secure.gravatar.com\\\/avatar\\\/ccc17943b9d660506c869530f897617f7cb1c21a4bf30023f252596d83e1f007?s=96&d=mm&r=g\",\"caption\":\"admin\"},\"sameAs\":[\"https:\\\/\\\/kibrisdakik.com\"],\"url\":\"https:\\\/\\\/kibrisdakik.com\\\/?author=1\"}]}<\/script>\n<!-- \/ Yoast SEO plugin. -->","yoast_head_json":{"title":"Akdeniz Karpaz ile Dokuz Eyl\u00fcl \u00dcniversitesi aras\u0131nda i\u015f birli\u011fi protokol\u00fc imzaland\u0131 -","robots":{"index":"index","follow":"follow","max-snippet":"max-snippet:-1","max-image-preview":"max-image-preview:large","max-video-preview":"max-video-preview:-1"},"canonical":"https:\/\/kibrisdakik.com\/?p=67293","og_locale":"tr_TR","og_type":"article","og_title":"Akdeniz Karpaz ile Dokuz Eyl\u00fcl \u00dcniversitesi aras\u0131nda i\u015f birli\u011fi protokol\u00fc imzaland\u0131 -","og_description":"Cumhurba\u015fkan\u0131 Ersin Tatar, Ad\u0131yamanl\u0131lar Yard\u0131mla\u015fma ve Dayan\u0131\u015fma Derne\u011fi\u2019nin d\u00fczenledi\u011fi 1. \u00c7i\u011f K\u00f6fte Festivali\u2019ne kat\u0131ld\u0131. Cumhurba\u015fkanl\u0131\u011f\u0131\u2019ndan verilen bilgiye g\u00f6re, Bo\u011faz Piknik Alan\u0131\u2019nda d\u00fcn ger\u00e7ekle\u015fen festivalde konu\u015fan Cumhurba\u015fkan\u0131 Tatar, 6 \u015eubat\u2019taki depremde Ad\u0131yaman\u2019da \u0130sias Otel\u2019de hayat\u0131n\u0131 kaybeden \u015eampiyon Melekleri rahmetle and\u0131, ailelere sab\u0131rlar diledi. \u0130sias Davas\u0131\u2019nda devletin ailelerin yan\u0131nda oldu\u011funa dikkat \u00e7eken Cumhurba\u015fkan\u0131 Tatar, \u201cAc\u0131lar\u0131 ac\u0131m\u0131zd\u0131r, onlar\u0131","og_url":"https:\/\/kibrisdakik.com\/?p=67293","article_published_time":"2024-10-21T11:53:27+00:00","og_image":[{"width":1600,"height":1066,"url":"https:\/\/kibrisdakik.com\/wp-content\/uploads\/2024\/10\/ksks-740x420.jpeg","type":"image\/jpeg"}],"author":"admin","twitter_card":"summary_large_image","twitter_misc":{"Yazan:":"admin","Tahmini okuma s\u00fcresi":"2 dakika"},"schema":{"@context":"https:\/\/schema.org","@graph":[{"@type":"Article","@id":"https:\/\/kibrisdakik.com\/?p=67293#article","isPartOf":{"@id":"https:\/\/kibrisdakik.com\/?p=67293"},"author":{"name":"admin","@id":"https:\/\/kibrisdakik.com\/#\/schema\/person\/9cd9d437bbb44f72b73ba127e06d8e79"},"headline":"Akdeniz Karpaz ile Dokuz Eyl\u00fcl \u00dcniversitesi aras\u0131nda i\u015f birli\u011fi protokol\u00fc imzaland\u0131","datePublished":"2024-10-21T11:53:27+00:00","mainEntityOfPage":{"@id":"https:\/\/kibrisdakik.com\/?p=67293"},"wordCount":510,"commentCount":0,"image":{"@id":"https:\/\/kibrisdakik.com\/?p=67293#primaryimage"},"thumbnailUrl":"https:\/\/kibrisdakik.com\/wp-content\/uploads\/2024\/10\/ksks-740x420.jpeg","articleSection":["K\u0131br\u0131s"],"inLanguage":"tr","potentialAction":[{"@type":"CommentAction","name":"Comment","target":["https:\/\/kibrisdakik.com\/?p=67293#respond"]}]},{"@type":"WebPage","@id":"https:\/\/kibrisdakik.com\/?p=67293","url":"https:\/\/kibrisdakik.com\/?p=67293","name":"Akdeniz Karpaz ile Dokuz Eyl\u00fcl \u00dcniversitesi aras\u0131nda i\u015f birli\u011fi protokol\u00fc imzaland\u0131 -","isPartOf":{"@id":"https:\/\/kibrisdakik.com\/#website"},"primaryImageOfPage":{"@id":"https:\/\/kibrisdakik.com\/?p=67293#primaryimage"},"image":{"@id":"https:\/\/kibrisdakik.com\/?p=67293#primaryimage"},"thumbnailUrl":"https:\/\/kibrisdakik.com\/wp-content\/uploads\/2024\/10\/ksks-740x420.jpeg","datePublished":"2024-10-21T11:53:27+00:00","author":{"@id":"https:\/\/kibrisdakik.com\/#\/schema\/person\/9cd9d437bbb44f72b73ba127e06d8e79"},"breadcrumb":{"@id":"https:\/\/kibrisdakik.com\/?p=67293#breadcrumb"},"inLanguage":"tr","potentialAction":[{"@type":"ReadAction","target":["https:\/\/kibrisdakik.com\/?p=67293"]}]},{"@type":"ImageObject","inLanguage":"tr","@id":"https:\/\/kibrisdakik.com\/?p=67293#primaryimage","url":"https:\/\/kibrisdakik.com\/wp-content\/uploads\/2024\/10\/ksks-740x420.jpeg","contentUrl":"https:\/\/kibrisdakik.com\/wp-content\/uploads\/2024\/10\/ksks-740x420.jpeg","width":1600,"height":1066},{"@type":"BreadcrumbList","@id":"https:\/\/kibrisdakik.com\/?p=67293#breadcrumb","itemListElement":[{"@type":"ListItem","position":1,"name":"Home","item":"https:\/\/kibrisdakik.com\/"},{"@type":"ListItem","position":2,"name":"Akdeniz Karpaz ile Dokuz Eyl\u00fcl \u00dcniversitesi aras\u0131nda i\u015f birli\u011fi protokol\u00fc imzaland\u0131"}]},{"@type":"WebSite","@id":"https:\/\/kibrisdakik.com\/#website","url":"https:\/\/kibrisdakik.com\/","name":"","description":"Tam vaktinde haber","potentialAction":[{"@type":"SearchAction","target":{"@type":"EntryPoint","urlTemplate":"https:\/\/kibrisdakik.com\/?s={search_term_string}"},"query-input":{"@type":"PropertyValueSpecification","valueRequired":true,"valueName":"search_term_string"}}],"inLanguage":"tr"},{"@type":"Person","@id":"https:\/\/kibrisdakik.com\/#\/schema\/person\/9cd9d437bbb44f72b73ba127e06d8e79","name":"admin","image":{"@type":"ImageObject","inLanguage":"tr","@id":"https:\/\/secure.gravatar.com\/avatar\/ccc17943b9d660506c869530f897617f7cb1c21a4bf30023f252596d83e1f007?s=96&d=mm&r=g","url":"https:\/\/secure.gravatar.com\/avatar\/ccc17943b9d660506c869530f897617f7cb1c21a4bf30023f252596d83e1f007?s=96&d=mm&r=g","contentUrl":"https:\/\/secure.gravatar.com\/avatar\/ccc17943b9d660506c869530f897617f7cb1c21a4bf30023f252596d83e1f007?s=96&d=mm&r=g","caption":"admin"},"sameAs":["https:\/\/kibrisdakik.com"],"url":"https:\/\/kibrisdakik.com\/?author=1"}]}},"_links":{"self":[{"href":"https:\/\/kibrisdakik.com\/index.php?rest_route=\/wp\/v2\/posts\/67293","targetHints":{"allow":["GET"]}}],"collection":[{"href":"https:\/\/kibrisdakik.com\/index.php?rest_route=\/wp\/v2\/posts"}],"about":[{"href":"https:\/\/kibrisdakik.com\/index.php?rest_route=\/wp\/v2\/types\/post"}],"author":[{"embeddable":true,"href":"https:\/\/kibrisdakik.com\/index.php?rest_route=\/wp\/v2\/users\/1"}],"replies":[{"embeddable":true,"href":"https:\/\/kibrisdakik.com\/index.php?rest_route=%2Fwp%2Fv2%2Fcomments&post=67293"}],"version-history":[{"count":0,"href":"https:\/\/kibrisdakik.com\/index.php?rest_route=\/wp\/v2\/posts\/67293\/revisions"}],"wp:featuredmedia":[{"embeddable":true,"href":"https:\/\/kibrisdakik.com\/index.php?rest_route=\/wp\/v2\/media\/67294"}],"wp:attachment":[{"href":"https:\/\/kibrisdakik.com\/index.php?rest_route=%2Fwp%2Fv2%2Fmedia&parent=67293"}],"wp:term":[{"taxonomy":"category","embeddable":true,"href":"https:\/\/kibrisdakik.com\/index.php?rest_route=%2Fwp%2Fv2%2Fcategories&post=67293"},{"taxonomy":"post_tag","embeddable":true,"href":"https:\/\/kibrisdakik.com\/index.php?rest_route=%2Fwp%2Fv2%2Ftags&post=67293"}],"curies":[{"name":"wp","href":"https:\/\/api.w.org\/{rel}","templated":true}]}}