{"id":67296,"date":"2024-10-21T15:23:06","date_gmt":"2024-10-21T12:23:06","guid":{"rendered":"https:\/\/kibrisdakik.com\/index.php\/2024\/10\/21\/basbakanlik-uyusturucu-ile-mucadele-komisyonu-ve-medi-foundation-protokol-imzaladi\/"},"modified":"2024-10-21T15:23:06","modified_gmt":"2024-10-21T12:23:06","slug":"basbakanlik-uyusturucu-ile-mucadele-komisyonu-ve-medi-foundation-protokol-imzaladi","status":"publish","type":"post","link":"https:\/\/kibrisdakik.com\/?p=67296","title":{"rendered":"Ba\u015fbakanl\u0131k Uyu\u015fturucu ile M\u00fccadele Komisyonu ve Medi Foundation protokol imzalad\u0131"},"content":{"rendered":"<div>\n<div class=\"mariselle-image-container center\">\n                                            <\/div>\n<p>Ba\u015fbakanl\u0131k Uyu\u015fturucu ile M\u00fccadele Komisyonu ve Medi Foundation, uyu\u015fturucu ba\u011f\u0131ml\u0131l\u0131\u011f\u0131 ile m\u00fccadele kapsam\u0131nda i\u015f birli\u011fi protokol\u00fc imzalad\u0131.<\/p>\n<p>\u0130mza t\u00f6renine Ba\u015fbakanl\u0131k Uyu\u015fturucuyla M\u00fccadele Komisyonu Ba\u015fkan\u0131 Teyfide Tecel Hatipo\u011flu, Komisyon Genel Koordinat\u00f6r\u00fc Reyfet Abdu, Medi Foundation Genel Ba\u015fkan\u0131 \u0130smet Medi, Medi Foundation Asba\u015fkan\u0131 ve Avukat\u0131 Nevin Ersoy, Medi Foundation Avukat\u0131 Melek Mestan, Medi Foundation Ba\u015fkan\u0131 P\u0131nar Ag\u0131n ve K\u0131br\u0131s \u0130lim \u00dcniversitesi \u00d6\u011fretim G\u00f6revlisi Klinik Psikolog Gizem G\u00fclden kat\u0131ld\u0131.<\/p>\n<p>Protokol, gen\u00e7lerin ve toplumun zararl\u0131 al\u0131\u015fkanl\u0131klardan korunmas\u0131, ba\u011f\u0131ml\u0131l\u0131\u011f\u0131n \u00f6nlenmesi ve fark\u0131ndal\u0131k \u00e7al\u0131\u015fmalar\u0131n\u0131n yayg\u0131nla\u015ft\u0131r\u0131lmas\u0131 amac\u0131yla \u00e7e\u015fitli projeleri kaps\u0131yor. Bu projeler aras\u0131nda e\u011fitim seminerleri, aile rehberlik hizmetleri, ruh ve mental sa\u011fl\u0131k e\u011fitimleri, okullarda bilgilendirme toplant\u0131lar\u0131 ve ba\u011f\u0131ml\u0131l\u0131k tedavisine y\u00f6nelik sosyal projeler yer al\u0131yor.<\/p>\n<p>Temsilciler,  i\u015f birli\u011finin toplumun her kesimine ula\u015farak ba\u011f\u0131ml\u0131l\u0131\u011f\u0131 \u00f6nleme ve tedavi s\u00fcre\u00e7lerini iyile\u015ftirme a\u00e7\u0131s\u0131ndan b\u00fcy\u00fck bir ad\u0131m oldu\u011funu vurgulad\u0131. \u0130\u015f birli\u011finin ba\u011f\u0131ml\u0131l\u0131k ile m\u00fccadeleye katk\u0131 sa\u011flamas\u0131 ve toplumun refah\u0131n\u0131 art\u0131rmas\u0131 bekleniyor.<\/p>\n<\/p><\/div>\n<p><script async\n                    defer\n                    crossorigin=\"anonymous\"\n                    src=\"https:\/\/connect.facebook.net\/tr_TR\/sdk.js#xfbml=1&#038;version=v3.3\"\n            ><\/script><\/p>\n","protected":false},"excerpt":{"rendered":"<p>Ba\u015fbakanl\u0131k Uyu\u015fturucu ile M\u00fccadele Komisyonu ve Medi Foundation, uyu\u015fturucu ba\u011f\u0131ml\u0131l\u0131\u011f\u0131 ile m\u00fccadele kapsam\u0131nda i\u015f birli\u011fi protokol\u00fc imzalad\u0131. \u0130mza t\u00f6renine Ba\u015fbakanl\u0131k Uyu\u015fturucuyla M\u00fccadele Komisyonu Ba\u015fkan\u0131 Teyfide Tecel Hatipo\u011flu, Komisyon Genel Koordinat\u00f6r\u00fc Reyfet Abdu, Medi Foundation Genel Ba\u015fkan\u0131 \u0130smet Medi, Medi Foundation Asba\u015fkan\u0131 ve Avukat\u0131 Nevin Ersoy, Medi Foundation Avukat\u0131 Melek Mestan, Medi Foundation Ba\u015fkan\u0131 P\u0131nar Ag\u0131n<\/p>\n","protected":false},"author":1,"featured_media":67297,"comment_status":"open","ping_status":"open","sticky":false,"template":"","format":"standard","meta":{"footnotes":""},"categories":[81],"tags":[],"class_list":["post-67296","post","type-post","status-publish","format-standard","has-post-thumbnail","hentry","category-kibris"],"yoast_head":"<!-- This site is optimized with the Yoast SEO plugin v27.4 - https:\/\/yoast.com\/product\/yoast-seo-wordpress\/ -->\n<title>Ba\u015fbakanl\u0131k Uyu\u015fturucu ile M\u00fccadele Komisyonu ve Medi Foundation protokol imzalad\u0131 -<\/title>\n<meta name=\"robots\" content=\"index, follow, max-snippet:-1, max-image-preview:large, max-video-preview:-1\" \/>\n<link rel=\"canonical\" href=\"https:\/\/kibrisdakik.com\/?p=67296\" \/>\n<meta property=\"og:locale\" content=\"tr_TR\" \/>\n<meta property=\"og:type\" content=\"article\" \/>\n<meta property=\"og:title\" content=\"Ba\u015fbakanl\u0131k Uyu\u015fturucu ile M\u00fccadele Komisyonu ve Medi Foundation protokol imzalad\u0131 -\" \/>\n<meta property=\"og:description\" content=\"Ba\u015fbakanl\u0131k Uyu\u015fturucu ile M\u00fccadele Komisyonu ve Medi Foundation, uyu\u015fturucu ba\u011f\u0131ml\u0131l\u0131\u011f\u0131 ile m\u00fccadele kapsam\u0131nda i\u015f birli\u011fi protokol\u00fc imzalad\u0131. \u0130mza t\u00f6renine Ba\u015fbakanl\u0131k Uyu\u015fturucuyla M\u00fccadele Komisyonu Ba\u015fkan\u0131 Teyfide Tecel Hatipo\u011flu, Komisyon Genel Koordinat\u00f6r\u00fc Reyfet Abdu, Medi Foundation Genel Ba\u015fkan\u0131 \u0130smet Medi, Medi Foundation Asba\u015fkan\u0131 ve Avukat\u0131 Nevin Ersoy, Medi Foundation Avukat\u0131 Melek Mestan, Medi Foundation Ba\u015fkan\u0131 P\u0131nar Ag\u0131n\" \/>\n<meta property=\"og:url\" content=\"https:\/\/kibrisdakik.com\/?p=67296\" \/>\n<meta property=\"article:published_time\" content=\"2024-10-21T12:23:06+00:00\" \/>\n<meta property=\"og:image\" content=\"https:\/\/kibrisdakik.com\/wp-content\/uploads\/2024\/10\/umk-protokol-2--740x420.jpeg\" \/>\n\t<meta property=\"og:image:width\" content=\"1600\" \/>\n\t<meta property=\"og:image:height\" content=\"593\" \/>\n\t<meta property=\"og:image:type\" content=\"image\/jpeg\" \/>\n<meta name=\"author\" content=\"admin\" \/>\n<meta name=\"twitter:card\" content=\"summary_large_image\" \/>\n<meta name=\"twitter:label1\" content=\"Yazan:\" \/>\n\t<meta name=\"twitter:data1\" content=\"admin\" \/>\n\t<meta name=\"twitter:label2\" content=\"Tahmini okuma s\u00fcresi\" \/>\n\t<meta name=\"twitter:data2\" content=\"1 dakika\" \/>\n<script type=\"application\/ld+json\" class=\"yoast-schema-graph\">{\"@context\":\"https:\\\/\\\/schema.org\",\"@graph\":[{\"@type\":\"Article\",\"@id\":\"https:\\\/\\\/kibrisdakik.com\\\/?p=67296#article\",\"isPartOf\":{\"@id\":\"https:\\\/\\\/kibrisdakik.com\\\/?p=67296\"},\"author\":{\"name\":\"admin\",\"@id\":\"https:\\\/\\\/kibrisdakik.com\\\/#\\\/schema\\\/person\\\/9cd9d437bbb44f72b73ba127e06d8e79\"},\"headline\":\"Ba\u015fbakanl\u0131k Uyu\u015fturucu ile M\u00fccadele Komisyonu ve Medi Foundation protokol imzalad\u0131\",\"datePublished\":\"2024-10-21T12:23:06+00:00\",\"mainEntityOfPage\":{\"@id\":\"https:\\\/\\\/kibrisdakik.com\\\/?p=67296\"},\"wordCount\":229,\"commentCount\":0,\"image\":{\"@id\":\"https:\\\/\\\/kibrisdakik.com\\\/?p=67296#primaryimage\"},\"thumbnailUrl\":\"https:\\\/\\\/kibrisdakik.com\\\/wp-content\\\/uploads\\\/2024\\\/10\\\/umk-protokol-2--740x420.jpeg\",\"articleSection\":[\"K\u0131br\u0131s\"],\"inLanguage\":\"tr\",\"potentialAction\":[{\"@type\":\"CommentAction\",\"name\":\"Comment\",\"target\":[\"https:\\\/\\\/kibrisdakik.com\\\/?p=67296#respond\"]}]},{\"@type\":\"WebPage\",\"@id\":\"https:\\\/\\\/kibrisdakik.com\\\/?p=67296\",\"url\":\"https:\\\/\\\/kibrisdakik.com\\\/?p=67296\",\"name\":\"Ba\u015fbakanl\u0131k Uyu\u015fturucu ile M\u00fccadele Komisyonu ve Medi Foundation protokol imzalad\u0131 -\",\"isPartOf\":{\"@id\":\"https:\\\/\\\/kibrisdakik.com\\\/#website\"},\"primaryImageOfPage\":{\"@id\":\"https:\\\/\\\/kibrisdakik.com\\\/?p=67296#primaryimage\"},\"image\":{\"@id\":\"https:\\\/\\\/kibrisdakik.com\\\/?p=67296#primaryimage\"},\"thumbnailUrl\":\"https:\\\/\\\/kibrisdakik.com\\\/wp-content\\\/uploads\\\/2024\\\/10\\\/umk-protokol-2--740x420.jpeg\",\"datePublished\":\"2024-10-21T12:23:06+00:00\",\"author\":{\"@id\":\"https:\\\/\\\/kibrisdakik.com\\\/#\\\/schema\\\/person\\\/9cd9d437bbb44f72b73ba127e06d8e79\"},\"breadcrumb\":{\"@id\":\"https:\\\/\\\/kibrisdakik.com\\\/?p=67296#breadcrumb\"},\"inLanguage\":\"tr\",\"potentialAction\":[{\"@type\":\"ReadAction\",\"target\":[\"https:\\\/\\\/kibrisdakik.com\\\/?p=67296\"]}]},{\"@type\":\"ImageObject\",\"inLanguage\":\"tr\",\"@id\":\"https:\\\/\\\/kibrisdakik.com\\\/?p=67296#primaryimage\",\"url\":\"https:\\\/\\\/kibrisdakik.com\\\/wp-content\\\/uploads\\\/2024\\\/10\\\/umk-protokol-2--740x420.jpeg\",\"contentUrl\":\"https:\\\/\\\/kibrisdakik.com\\\/wp-content\\\/uploads\\\/2024\\\/10\\\/umk-protokol-2--740x420.jpeg\",\"width\":1600,\"height\":593},{\"@type\":\"BreadcrumbList\",\"@id\":\"https:\\\/\\\/kibrisdakik.com\\\/?p=67296#breadcrumb\",\"itemListElement\":[{\"@type\":\"ListItem\",\"position\":1,\"name\":\"Home\",\"item\":\"https:\\\/\\\/kibrisdakik.com\\\/\"},{\"@type\":\"ListItem\",\"position\":2,\"name\":\"Ba\u015fbakanl\u0131k Uyu\u015fturucu ile M\u00fccadele Komisyonu ve Medi Foundation protokol imzalad\u0131\"}]},{\"@type\":\"WebSite\",\"@id\":\"https:\\\/\\\/kibrisdakik.com\\\/#website\",\"url\":\"https:\\\/\\\/kibrisdakik.com\\\/\",\"name\":\"\",\"description\":\"Tam vaktinde haber\",\"potentialAction\":[{\"@type\":\"SearchAction\",\"target\":{\"@type\":\"EntryPoint\",\"urlTemplate\":\"https:\\\/\\\/kibrisdakik.com\\\/?s={search_term_string}\"},\"query-input\":{\"@type\":\"PropertyValueSpecification\",\"valueRequired\":true,\"valueName\":\"search_term_string\"}}],\"inLanguage\":\"tr\"},{\"@type\":\"Person\",\"@id\":\"https:\\\/\\\/kibrisdakik.com\\\/#\\\/schema\\\/person\\\/9cd9d437bbb44f72b73ba127e06d8e79\",\"name\":\"admin\",\"image\":{\"@type\":\"ImageObject\",\"inLanguage\":\"tr\",\"@id\":\"https:\\\/\\\/secure.gravatar.com\\\/avatar\\\/ccc17943b9d660506c869530f897617f7cb1c21a4bf30023f252596d83e1f007?s=96&d=mm&r=g\",\"url\":\"https:\\\/\\\/secure.gravatar.com\\\/avatar\\\/ccc17943b9d660506c869530f897617f7cb1c21a4bf30023f252596d83e1f007?s=96&d=mm&r=g\",\"contentUrl\":\"https:\\\/\\\/secure.gravatar.com\\\/avatar\\\/ccc17943b9d660506c869530f897617f7cb1c21a4bf30023f252596d83e1f007?s=96&d=mm&r=g\",\"caption\":\"admin\"},\"sameAs\":[\"https:\\\/\\\/kibrisdakik.com\"],\"url\":\"https:\\\/\\\/kibrisdakik.com\\\/?author=1\"}]}<\/script>\n<!-- \/ Yoast SEO plugin. -->","yoast_head_json":{"title":"Ba\u015fbakanl\u0131k Uyu\u015fturucu ile M\u00fccadele Komisyonu ve Medi Foundation protokol imzalad\u0131 -","robots":{"index":"index","follow":"follow","max-snippet":"max-snippet:-1","max-image-preview":"max-image-preview:large","max-video-preview":"max-video-preview:-1"},"canonical":"https:\/\/kibrisdakik.com\/?p=67296","og_locale":"tr_TR","og_type":"article","og_title":"Ba\u015fbakanl\u0131k Uyu\u015fturucu ile M\u00fccadele Komisyonu ve Medi Foundation protokol imzalad\u0131 -","og_description":"Ba\u015fbakanl\u0131k Uyu\u015fturucu ile M\u00fccadele Komisyonu ve Medi Foundation, uyu\u015fturucu ba\u011f\u0131ml\u0131l\u0131\u011f\u0131 ile m\u00fccadele kapsam\u0131nda i\u015f birli\u011fi protokol\u00fc imzalad\u0131. \u0130mza t\u00f6renine Ba\u015fbakanl\u0131k Uyu\u015fturucuyla M\u00fccadele Komisyonu Ba\u015fkan\u0131 Teyfide Tecel Hatipo\u011flu, Komisyon Genel Koordinat\u00f6r\u00fc Reyfet Abdu, Medi Foundation Genel Ba\u015fkan\u0131 \u0130smet Medi, Medi Foundation Asba\u015fkan\u0131 ve Avukat\u0131 Nevin Ersoy, Medi Foundation Avukat\u0131 Melek Mestan, Medi Foundation Ba\u015fkan\u0131 P\u0131nar Ag\u0131n","og_url":"https:\/\/kibrisdakik.com\/?p=67296","article_published_time":"2024-10-21T12:23:06+00:00","og_image":[{"width":1600,"height":593,"url":"https:\/\/kibrisdakik.com\/wp-content\/uploads\/2024\/10\/umk-protokol-2--740x420.jpeg","type":"image\/jpeg"}],"author":"admin","twitter_card":"summary_large_image","twitter_misc":{"Yazan:":"admin","Tahmini okuma s\u00fcresi":"1 dakika"},"schema":{"@context":"https:\/\/schema.org","@graph":[{"@type":"Article","@id":"https:\/\/kibrisdakik.com\/?p=67296#article","isPartOf":{"@id":"https:\/\/kibrisdakik.com\/?p=67296"},"author":{"name":"admin","@id":"https:\/\/kibrisdakik.com\/#\/schema\/person\/9cd9d437bbb44f72b73ba127e06d8e79"},"headline":"Ba\u015fbakanl\u0131k Uyu\u015fturucu ile M\u00fccadele Komisyonu ve Medi Foundation protokol imzalad\u0131","datePublished":"2024-10-21T12:23:06+00:00","mainEntityOfPage":{"@id":"https:\/\/kibrisdakik.com\/?p=67296"},"wordCount":229,"commentCount":0,"image":{"@id":"https:\/\/kibrisdakik.com\/?p=67296#primaryimage"},"thumbnailUrl":"https:\/\/kibrisdakik.com\/wp-content\/uploads\/2024\/10\/umk-protokol-2--740x420.jpeg","articleSection":["K\u0131br\u0131s"],"inLanguage":"tr","potentialAction":[{"@type":"CommentAction","name":"Comment","target":["https:\/\/kibrisdakik.com\/?p=67296#respond"]}]},{"@type":"WebPage","@id":"https:\/\/kibrisdakik.com\/?p=67296","url":"https:\/\/kibrisdakik.com\/?p=67296","name":"Ba\u015fbakanl\u0131k Uyu\u015fturucu ile M\u00fccadele Komisyonu ve Medi Foundation protokol imzalad\u0131 -","isPartOf":{"@id":"https:\/\/kibrisdakik.com\/#website"},"primaryImageOfPage":{"@id":"https:\/\/kibrisdakik.com\/?p=67296#primaryimage"},"image":{"@id":"https:\/\/kibrisdakik.com\/?p=67296#primaryimage"},"thumbnailUrl":"https:\/\/kibrisdakik.com\/wp-content\/uploads\/2024\/10\/umk-protokol-2--740x420.jpeg","datePublished":"2024-10-21T12:23:06+00:00","author":{"@id":"https:\/\/kibrisdakik.com\/#\/schema\/person\/9cd9d437bbb44f72b73ba127e06d8e79"},"breadcrumb":{"@id":"https:\/\/kibrisdakik.com\/?p=67296#breadcrumb"},"inLanguage":"tr","potentialAction":[{"@type":"ReadAction","target":["https:\/\/kibrisdakik.com\/?p=67296"]}]},{"@type":"ImageObject","inLanguage":"tr","@id":"https:\/\/kibrisdakik.com\/?p=67296#primaryimage","url":"https:\/\/kibrisdakik.com\/wp-content\/uploads\/2024\/10\/umk-protokol-2--740x420.jpeg","contentUrl":"https:\/\/kibrisdakik.com\/wp-content\/uploads\/2024\/10\/umk-protokol-2--740x420.jpeg","width":1600,"height":593},{"@type":"BreadcrumbList","@id":"https:\/\/kibrisdakik.com\/?p=67296#breadcrumb","itemListElement":[{"@type":"ListItem","position":1,"name":"Home","item":"https:\/\/kibrisdakik.com\/"},{"@type":"ListItem","position":2,"name":"Ba\u015fbakanl\u0131k Uyu\u015fturucu ile M\u00fccadele Komisyonu ve Medi Foundation protokol imzalad\u0131"}]},{"@type":"WebSite","@id":"https:\/\/kibrisdakik.com\/#website","url":"https:\/\/kibrisdakik.com\/","name":"","description":"Tam vaktinde haber","potentialAction":[{"@type":"SearchAction","target":{"@type":"EntryPoint","urlTemplate":"https:\/\/kibrisdakik.com\/?s={search_term_string}"},"query-input":{"@type":"PropertyValueSpecification","valueRequired":true,"valueName":"search_term_string"}}],"inLanguage":"tr"},{"@type":"Person","@id":"https:\/\/kibrisdakik.com\/#\/schema\/person\/9cd9d437bbb44f72b73ba127e06d8e79","name":"admin","image":{"@type":"ImageObject","inLanguage":"tr","@id":"https:\/\/secure.gravatar.com\/avatar\/ccc17943b9d660506c869530f897617f7cb1c21a4bf30023f252596d83e1f007?s=96&d=mm&r=g","url":"https:\/\/secure.gravatar.com\/avatar\/ccc17943b9d660506c869530f897617f7cb1c21a4bf30023f252596d83e1f007?s=96&d=mm&r=g","contentUrl":"https:\/\/secure.gravatar.com\/avatar\/ccc17943b9d660506c869530f897617f7cb1c21a4bf30023f252596d83e1f007?s=96&d=mm&r=g","caption":"admin"},"sameAs":["https:\/\/kibrisdakik.com"],"url":"https:\/\/kibrisdakik.com\/?author=1"}]}},"_links":{"self":[{"href":"https:\/\/kibrisdakik.com\/index.php?rest_route=\/wp\/v2\/posts\/67296","targetHints":{"allow":["GET"]}}],"collection":[{"href":"https:\/\/kibrisdakik.com\/index.php?rest_route=\/wp\/v2\/posts"}],"about":[{"href":"https:\/\/kibrisdakik.com\/index.php?rest_route=\/wp\/v2\/types\/post"}],"author":[{"embeddable":true,"href":"https:\/\/kibrisdakik.com\/index.php?rest_route=\/wp\/v2\/users\/1"}],"replies":[{"embeddable":true,"href":"https:\/\/kibrisdakik.com\/index.php?rest_route=%2Fwp%2Fv2%2Fcomments&post=67296"}],"version-history":[{"count":0,"href":"https:\/\/kibrisdakik.com\/index.php?rest_route=\/wp\/v2\/posts\/67296\/revisions"}],"wp:featuredmedia":[{"embeddable":true,"href":"https:\/\/kibrisdakik.com\/index.php?rest_route=\/wp\/v2\/media\/67297"}],"wp:attachment":[{"href":"https:\/\/kibrisdakik.com\/index.php?rest_route=%2Fwp%2Fv2%2Fmedia&parent=67296"}],"wp:term":[{"taxonomy":"category","embeddable":true,"href":"https:\/\/kibrisdakik.com\/index.php?rest_route=%2Fwp%2Fv2%2Fcategories&post=67296"},{"taxonomy":"post_tag","embeddable":true,"href":"https:\/\/kibrisdakik.com\/index.php?rest_route=%2Fwp%2Fv2%2Ftags&post=67296"}],"curies":[{"name":"wp","href":"https:\/\/api.w.org\/{rel}","templated":true}]}}