{"id":67353,"date":"2024-10-22T11:07:33","date_gmt":"2024-10-22T08:07:33","guid":{"rendered":"https:\/\/kibrisdakik.com\/index.php\/2024\/10\/22\/ulkede-kacak-olan-3-kisi-daha-tutuklandi\/"},"modified":"2024-10-22T11:07:33","modified_gmt":"2024-10-22T08:07:33","slug":"ulkede-kacak-olan-3-kisi-daha-tutuklandi","status":"publish","type":"post","link":"https:\/\/kibrisdakik.com\/?p=67353","title":{"rendered":"\u00dclkede ka\u00e7ak olan 3 ki\u015fi daha tutukland\u0131"},"content":{"rendered":"<p><\/p>\n<div>\n<p>\u00a0<\/p>\n<p>\u00a0<\/p>\n<div class=\"mariselle-image-container center\">\n                <img loading=\"lazy\" decoding=\"async\" width=\"696\" height=\"443\" class=\"lazy-image\" alt=\"\" sizes=\"auto, (max-width: 696px) 100vw, 696px\" src=\"https:\/\/brtk.net\/wp-content\/uploads\/2023\/02\/23\/tutuklu-76767.jpg?ver=7ea58516ff70dbc5612d14933323343e\" srcset=\"https:\/\/brtk.net\/wp-content\/uploads\/2023\/02\/23\/tutuklu-76767.jpg?ver=7ea58516ff70dbc5612d14933323343e 696w, https:\/\/brtk.net\/wp-content\/uploads\/2023\/02\/23\/tutuklu-76767-300x191.jpg?ver=7ea58516ff70dbc5612d14933323343e 300w, https:\/\/brtk.net\/wp-content\/uploads\/2023\/02\/23\/tutuklu-76767-566x360.jpg?ver=7ea58516ff70dbc5612d14933323343e 566w\"\/>                            <\/div>\n<p style=\"font-weight: 300;\">\u00a0\u00dclkede ka\u00e7ak olarak kald\u0131\u011f\u0131 tespit edilen \u00fc\u00e7 ki\u015fi tutukland\u0131.<\/p>\n<p style=\"font-weight: 300;\">Polis Bas\u0131n Subayl\u0131\u011f\u0131\u2019ndan yap\u0131lan a\u00e7\u0131klamaya g\u00f6re, d\u00fcn polis ekipleri taraf\u0131ndan \u00fclke genelinde yap\u0131lan denetim ve kontrollerde, \u00fclkede yasal stat\u00fcs\u00fc olmadan, ikamet izinsiz olarak kald\u0131\u011f\u0131 tespit edilen \u00fc\u00e7 ki\u015fi tutuklanarak aleyhlerinde yasal i\u015flem ba\u015flat\u0131ld\u0131.<\/p>\n<\/div>\n<p><script async\n                    defer\n                    crossorigin=\"anonymous\"\n                    src=\"https:\/\/connect.facebook.net\/tr_TR\/sdk.js#xfbml=1&#038;version=v3.3\"\n            ><\/script><\/p>\n","protected":false},"excerpt":{"rendered":"<p>\u00a0 \u00a0 \u00a0\u00dclkede ka\u00e7ak olarak kald\u0131\u011f\u0131 tespit edilen \u00fc\u00e7 ki\u015fi tutukland\u0131. Polis Bas\u0131n Subayl\u0131\u011f\u0131\u2019ndan yap\u0131lan a\u00e7\u0131klamaya g\u00f6re, d\u00fcn polis ekipleri taraf\u0131ndan \u00fclke genelinde yap\u0131lan denetim ve kontrollerde, \u00fclkede yasal stat\u00fcs\u00fc olmadan, ikamet izinsiz olarak kald\u0131\u011f\u0131 tespit edilen \u00fc\u00e7 ki\u015fi tutuklanarak aleyhlerinde yasal i\u015flem ba\u015flat\u0131ld\u0131.<\/p>\n","protected":false},"author":1,"featured_media":55033,"comment_status":"open","ping_status":"open","sticky":false,"template":"","format":"standard","meta":{"footnotes":""},"categories":[1],"tags":[],"class_list":["post-67353","post","type-post","status-publish","format-standard","has-post-thumbnail","hentry","category-gundem"],"yoast_head":"<!-- This site is optimized with the Yoast SEO plugin v27.5 - https:\/\/yoast.com\/product\/yoast-seo-wordpress\/ -->\n<title>\u00dclkede ka\u00e7ak olan 3 ki\u015fi daha tutukland\u0131 -<\/title>\n<meta name=\"robots\" content=\"index, follow, max-snippet:-1, max-image-preview:large, max-video-preview:-1\" \/>\n<link rel=\"canonical\" href=\"https:\/\/kibrisdakik.com\/?p=67353\" \/>\n<meta property=\"og:locale\" content=\"tr_TR\" \/>\n<meta property=\"og:type\" content=\"article\" \/>\n<meta property=\"og:title\" content=\"\u00dclkede ka\u00e7ak olan 3 ki\u015fi daha tutukland\u0131 -\" \/>\n<meta property=\"og:description\" content=\"\u00a0 \u00a0 \u00a0\u00dclkede ka\u00e7ak olarak kald\u0131\u011f\u0131 tespit edilen \u00fc\u00e7 ki\u015fi tutukland\u0131. Polis Bas\u0131n Subayl\u0131\u011f\u0131\u2019ndan yap\u0131lan a\u00e7\u0131klamaya g\u00f6re, d\u00fcn polis ekipleri taraf\u0131ndan \u00fclke genelinde yap\u0131lan denetim ve kontrollerde, \u00fclkede yasal stat\u00fcs\u00fc olmadan, ikamet izinsiz olarak kald\u0131\u011f\u0131 tespit edilen \u00fc\u00e7 ki\u015fi tutuklanarak aleyhlerinde yasal i\u015flem ba\u015flat\u0131ld\u0131.\" \/>\n<meta property=\"og:url\" content=\"https:\/\/kibrisdakik.com\/?p=67353\" \/>\n<meta property=\"article:published_time\" content=\"2024-10-22T08:07:33+00:00\" \/>\n<meta property=\"og:image\" content=\"https:\/\/kibrisdakik.com\/wp-content\/uploads\/2024\/08\/tutuklu-210.jpg\" \/>\n\t<meta property=\"og:image:width\" content=\"512\" \/>\n\t<meta property=\"og:image:height\" content=\"279\" \/>\n\t<meta property=\"og:image:type\" content=\"image\/jpeg\" \/>\n<meta name=\"author\" content=\"admin\" \/>\n<meta name=\"twitter:card\" content=\"summary_large_image\" \/>\n<meta name=\"twitter:label1\" content=\"Yazan:\" \/>\n\t<meta name=\"twitter:data1\" content=\"admin\" \/>\n<script type=\"application\/ld+json\" class=\"yoast-schema-graph\">{\"@context\":\"https:\\\/\\\/schema.org\",\"@graph\":[{\"@type\":\"Article\",\"@id\":\"https:\\\/\\\/kibrisdakik.com\\\/?p=67353#article\",\"isPartOf\":{\"@id\":\"https:\\\/\\\/kibrisdakik.com\\\/?p=67353\"},\"author\":{\"name\":\"admin\",\"@id\":\"https:\\\/\\\/kibrisdakik.com\\\/#\\\/schema\\\/person\\\/9cd9d437bbb44f72b73ba127e06d8e79\"},\"headline\":\"\u00dclkede ka\u00e7ak olan 3 ki\u015fi daha tutukland\u0131\",\"datePublished\":\"2024-10-22T08:07:33+00:00\",\"mainEntityOfPage\":{\"@id\":\"https:\\\/\\\/kibrisdakik.com\\\/?p=67353\"},\"wordCount\":63,\"commentCount\":0,\"image\":{\"@id\":\"https:\\\/\\\/kibrisdakik.com\\\/?p=67353#primaryimage\"},\"thumbnailUrl\":\"https:\\\/\\\/kibrisdakik.com\\\/wp-content\\\/uploads\\\/2024\\\/08\\\/tutuklu-210.jpg\",\"articleSection\":[\"G\u00fcndem\"],\"inLanguage\":\"tr\",\"potentialAction\":[{\"@type\":\"CommentAction\",\"name\":\"Comment\",\"target\":[\"https:\\\/\\\/kibrisdakik.com\\\/?p=67353#respond\"]}]},{\"@type\":\"WebPage\",\"@id\":\"https:\\\/\\\/kibrisdakik.com\\\/?p=67353\",\"url\":\"https:\\\/\\\/kibrisdakik.com\\\/?p=67353\",\"name\":\"\u00dclkede ka\u00e7ak olan 3 ki\u015fi daha tutukland\u0131 -\",\"isPartOf\":{\"@id\":\"https:\\\/\\\/kibrisdakik.com\\\/#website\"},\"primaryImageOfPage\":{\"@id\":\"https:\\\/\\\/kibrisdakik.com\\\/?p=67353#primaryimage\"},\"image\":{\"@id\":\"https:\\\/\\\/kibrisdakik.com\\\/?p=67353#primaryimage\"},\"thumbnailUrl\":\"https:\\\/\\\/kibrisdakik.com\\\/wp-content\\\/uploads\\\/2024\\\/08\\\/tutuklu-210.jpg\",\"datePublished\":\"2024-10-22T08:07:33+00:00\",\"author\":{\"@id\":\"https:\\\/\\\/kibrisdakik.com\\\/#\\\/schema\\\/person\\\/9cd9d437bbb44f72b73ba127e06d8e79\"},\"breadcrumb\":{\"@id\":\"https:\\\/\\\/kibrisdakik.com\\\/?p=67353#breadcrumb\"},\"inLanguage\":\"tr\",\"potentialAction\":[{\"@type\":\"ReadAction\",\"target\":[\"https:\\\/\\\/kibrisdakik.com\\\/?p=67353\"]}]},{\"@type\":\"ImageObject\",\"inLanguage\":\"tr\",\"@id\":\"https:\\\/\\\/kibrisdakik.com\\\/?p=67353#primaryimage\",\"url\":\"https:\\\/\\\/kibrisdakik.com\\\/wp-content\\\/uploads\\\/2024\\\/08\\\/tutuklu-210.jpg\",\"contentUrl\":\"https:\\\/\\\/kibrisdakik.com\\\/wp-content\\\/uploads\\\/2024\\\/08\\\/tutuklu-210.jpg\",\"width\":512,\"height\":279},{\"@type\":\"BreadcrumbList\",\"@id\":\"https:\\\/\\\/kibrisdakik.com\\\/?p=67353#breadcrumb\",\"itemListElement\":[{\"@type\":\"ListItem\",\"position\":1,\"name\":\"Home\",\"item\":\"https:\\\/\\\/kibrisdakik.com\\\/\"},{\"@type\":\"ListItem\",\"position\":2,\"name\":\"\u00dclkede ka\u00e7ak olan 3 ki\u015fi daha tutukland\u0131\"}]},{\"@type\":\"WebSite\",\"@id\":\"https:\\\/\\\/kibrisdakik.com\\\/#website\",\"url\":\"https:\\\/\\\/kibrisdakik.com\\\/\",\"name\":\"\",\"description\":\"Tam vaktinde haber\",\"potentialAction\":[{\"@type\":\"SearchAction\",\"target\":{\"@type\":\"EntryPoint\",\"urlTemplate\":\"https:\\\/\\\/kibrisdakik.com\\\/?s={search_term_string}\"},\"query-input\":{\"@type\":\"PropertyValueSpecification\",\"valueRequired\":true,\"valueName\":\"search_term_string\"}}],\"inLanguage\":\"tr\"},{\"@type\":\"Person\",\"@id\":\"https:\\\/\\\/kibrisdakik.com\\\/#\\\/schema\\\/person\\\/9cd9d437bbb44f72b73ba127e06d8e79\",\"name\":\"admin\",\"image\":{\"@type\":\"ImageObject\",\"inLanguage\":\"tr\",\"@id\":\"https:\\\/\\\/secure.gravatar.com\\\/avatar\\\/ccc17943b9d660506c869530f897617f7cb1c21a4bf30023f252596d83e1f007?s=96&d=mm&r=g\",\"url\":\"https:\\\/\\\/secure.gravatar.com\\\/avatar\\\/ccc17943b9d660506c869530f897617f7cb1c21a4bf30023f252596d83e1f007?s=96&d=mm&r=g\",\"contentUrl\":\"https:\\\/\\\/secure.gravatar.com\\\/avatar\\\/ccc17943b9d660506c869530f897617f7cb1c21a4bf30023f252596d83e1f007?s=96&d=mm&r=g\",\"caption\":\"admin\"},\"sameAs\":[\"https:\\\/\\\/kibrisdakik.com\"],\"url\":\"https:\\\/\\\/kibrisdakik.com\\\/?author=1\"}]}<\/script>\n<!-- \/ Yoast SEO plugin. -->","yoast_head_json":{"title":"\u00dclkede ka\u00e7ak olan 3 ki\u015fi daha tutukland\u0131 -","robots":{"index":"index","follow":"follow","max-snippet":"max-snippet:-1","max-image-preview":"max-image-preview:large","max-video-preview":"max-video-preview:-1"},"canonical":"https:\/\/kibrisdakik.com\/?p=67353","og_locale":"tr_TR","og_type":"article","og_title":"\u00dclkede ka\u00e7ak olan 3 ki\u015fi daha tutukland\u0131 -","og_description":"\u00a0 \u00a0 \u00a0\u00dclkede ka\u00e7ak olarak kald\u0131\u011f\u0131 tespit edilen \u00fc\u00e7 ki\u015fi tutukland\u0131. Polis Bas\u0131n Subayl\u0131\u011f\u0131\u2019ndan yap\u0131lan a\u00e7\u0131klamaya g\u00f6re, d\u00fcn polis ekipleri taraf\u0131ndan \u00fclke genelinde yap\u0131lan denetim ve kontrollerde, \u00fclkede yasal stat\u00fcs\u00fc olmadan, ikamet izinsiz olarak kald\u0131\u011f\u0131 tespit edilen \u00fc\u00e7 ki\u015fi tutuklanarak aleyhlerinde yasal i\u015flem ba\u015flat\u0131ld\u0131.","og_url":"https:\/\/kibrisdakik.com\/?p=67353","article_published_time":"2024-10-22T08:07:33+00:00","og_image":[{"width":512,"height":279,"url":"https:\/\/kibrisdakik.com\/wp-content\/uploads\/2024\/08\/tutuklu-210.jpg","type":"image\/jpeg"}],"author":"admin","twitter_card":"summary_large_image","twitter_misc":{"Yazan:":"admin"},"schema":{"@context":"https:\/\/schema.org","@graph":[{"@type":"Article","@id":"https:\/\/kibrisdakik.com\/?p=67353#article","isPartOf":{"@id":"https:\/\/kibrisdakik.com\/?p=67353"},"author":{"name":"admin","@id":"https:\/\/kibrisdakik.com\/#\/schema\/person\/9cd9d437bbb44f72b73ba127e06d8e79"},"headline":"\u00dclkede ka\u00e7ak olan 3 ki\u015fi daha tutukland\u0131","datePublished":"2024-10-22T08:07:33+00:00","mainEntityOfPage":{"@id":"https:\/\/kibrisdakik.com\/?p=67353"},"wordCount":63,"commentCount":0,"image":{"@id":"https:\/\/kibrisdakik.com\/?p=67353#primaryimage"},"thumbnailUrl":"https:\/\/kibrisdakik.com\/wp-content\/uploads\/2024\/08\/tutuklu-210.jpg","articleSection":["G\u00fcndem"],"inLanguage":"tr","potentialAction":[{"@type":"CommentAction","name":"Comment","target":["https:\/\/kibrisdakik.com\/?p=67353#respond"]}]},{"@type":"WebPage","@id":"https:\/\/kibrisdakik.com\/?p=67353","url":"https:\/\/kibrisdakik.com\/?p=67353","name":"\u00dclkede ka\u00e7ak olan 3 ki\u015fi daha tutukland\u0131 -","isPartOf":{"@id":"https:\/\/kibrisdakik.com\/#website"},"primaryImageOfPage":{"@id":"https:\/\/kibrisdakik.com\/?p=67353#primaryimage"},"image":{"@id":"https:\/\/kibrisdakik.com\/?p=67353#primaryimage"},"thumbnailUrl":"https:\/\/kibrisdakik.com\/wp-content\/uploads\/2024\/08\/tutuklu-210.jpg","datePublished":"2024-10-22T08:07:33+00:00","author":{"@id":"https:\/\/kibrisdakik.com\/#\/schema\/person\/9cd9d437bbb44f72b73ba127e06d8e79"},"breadcrumb":{"@id":"https:\/\/kibrisdakik.com\/?p=67353#breadcrumb"},"inLanguage":"tr","potentialAction":[{"@type":"ReadAction","target":["https:\/\/kibrisdakik.com\/?p=67353"]}]},{"@type":"ImageObject","inLanguage":"tr","@id":"https:\/\/kibrisdakik.com\/?p=67353#primaryimage","url":"https:\/\/kibrisdakik.com\/wp-content\/uploads\/2024\/08\/tutuklu-210.jpg","contentUrl":"https:\/\/kibrisdakik.com\/wp-content\/uploads\/2024\/08\/tutuklu-210.jpg","width":512,"height":279},{"@type":"BreadcrumbList","@id":"https:\/\/kibrisdakik.com\/?p=67353#breadcrumb","itemListElement":[{"@type":"ListItem","position":1,"name":"Home","item":"https:\/\/kibrisdakik.com\/"},{"@type":"ListItem","position":2,"name":"\u00dclkede ka\u00e7ak olan 3 ki\u015fi daha tutukland\u0131"}]},{"@type":"WebSite","@id":"https:\/\/kibrisdakik.com\/#website","url":"https:\/\/kibrisdakik.com\/","name":"","description":"Tam vaktinde haber","potentialAction":[{"@type":"SearchAction","target":{"@type":"EntryPoint","urlTemplate":"https:\/\/kibrisdakik.com\/?s={search_term_string}"},"query-input":{"@type":"PropertyValueSpecification","valueRequired":true,"valueName":"search_term_string"}}],"inLanguage":"tr"},{"@type":"Person","@id":"https:\/\/kibrisdakik.com\/#\/schema\/person\/9cd9d437bbb44f72b73ba127e06d8e79","name":"admin","image":{"@type":"ImageObject","inLanguage":"tr","@id":"https:\/\/secure.gravatar.com\/avatar\/ccc17943b9d660506c869530f897617f7cb1c21a4bf30023f252596d83e1f007?s=96&d=mm&r=g","url":"https:\/\/secure.gravatar.com\/avatar\/ccc17943b9d660506c869530f897617f7cb1c21a4bf30023f252596d83e1f007?s=96&d=mm&r=g","contentUrl":"https:\/\/secure.gravatar.com\/avatar\/ccc17943b9d660506c869530f897617f7cb1c21a4bf30023f252596d83e1f007?s=96&d=mm&r=g","caption":"admin"},"sameAs":["https:\/\/kibrisdakik.com"],"url":"https:\/\/kibrisdakik.com\/?author=1"}]}},"_links":{"self":[{"href":"https:\/\/kibrisdakik.com\/index.php?rest_route=\/wp\/v2\/posts\/67353","targetHints":{"allow":["GET"]}}],"collection":[{"href":"https:\/\/kibrisdakik.com\/index.php?rest_route=\/wp\/v2\/posts"}],"about":[{"href":"https:\/\/kibrisdakik.com\/index.php?rest_route=\/wp\/v2\/types\/post"}],"author":[{"embeddable":true,"href":"https:\/\/kibrisdakik.com\/index.php?rest_route=\/wp\/v2\/users\/1"}],"replies":[{"embeddable":true,"href":"https:\/\/kibrisdakik.com\/index.php?rest_route=%2Fwp%2Fv2%2Fcomments&post=67353"}],"version-history":[{"count":0,"href":"https:\/\/kibrisdakik.com\/index.php?rest_route=\/wp\/v2\/posts\/67353\/revisions"}],"wp:featuredmedia":[{"embeddable":true,"href":"https:\/\/kibrisdakik.com\/index.php?rest_route=\/wp\/v2\/media\/55033"}],"wp:attachment":[{"href":"https:\/\/kibrisdakik.com\/index.php?rest_route=%2Fwp%2Fv2%2Fmedia&parent=67353"}],"wp:term":[{"taxonomy":"category","embeddable":true,"href":"https:\/\/kibrisdakik.com\/index.php?rest_route=%2Fwp%2Fv2%2Fcategories&post=67353"},{"taxonomy":"post_tag","embeddable":true,"href":"https:\/\/kibrisdakik.com\/index.php?rest_route=%2Fwp%2Fv2%2Ftags&post=67353"}],"curies":[{"name":"wp","href":"https:\/\/api.w.org\/{rel}","templated":true}]}}