{"id":6736,"date":"2023-05-12T06:43:23","date_gmt":"2023-05-12T06:43:23","guid":{"rendered":"https:\/\/kibrisdakik.com\/index.php\/2023\/05\/12\/anneler-gunu-14-mayis-pazar-gunu-kutlanacak\/"},"modified":"2023-05-12T06:43:23","modified_gmt":"2023-05-12T06:43:23","slug":"anneler-gunu-14-mayis-pazar-gunu-kutlanacak","status":"publish","type":"post","link":"https:\/\/kibrisdakik.com\/?p=6736","title":{"rendered":"Anneler G\u00fcn\u00fc 14 May\u0131s Pazar g\u00fcn\u00fc kutlanacak"},"content":{"rendered":"<p><\/p>\n<div>\n<div class=\"mariselle-image-container center\">\n                <img width=\"1000\" height=\"697\" class=\"lazy-image\" alt=\"\" decoding=\"async\" loading=\"lazy\" sizes=\"auto, (max-width: 1000px) 100vw, 1000px\" src=\"https:\/\/brtk.net\/wp-content\/uploads\/2023\/05\/12\/ANNELER-GUNU.jpg?ver=0514779ce58bfe717ae0bfa1ba46fcc4\" srcset=\"https:\/\/brtk.net\/wp-content\/uploads\/2023\/05\/12\/ANNELER-GUNU.jpg?ver=0514779ce58bfe717ae0bfa1ba46fcc4 1000w, https:\/\/brtk.net\/wp-content\/uploads\/2023\/05\/12\/ANNELER-GUNU-300x209.jpg?ver=0514779ce58bfe717ae0bfa1ba46fcc4 300w, https:\/\/brtk.net\/wp-content\/uploads\/2023\/05\/12\/ANNELER-GUNU-768x535.jpg?ver=0514779ce58bfe717ae0bfa1ba46fcc4 768w\"\/>                            <\/div>\n<p>nneler G\u00fcn\u00fc 14 May\u0131s Pazar g\u00fcn\u00fc kutlanacak. <\/p>\n<p>Her y\u0131l May\u0131s ay\u0131n\u0131n ikinci pazar\u0131 bir\u00e7ok \u00fclkede oldu\u011fu gibi <a href=\"https:\/\/brtk.net\/\">KKTC<\/a>\u2019de de Anneler G\u00fcn\u00fc olarak kutlan\u0131yor.<\/p>\n<p>D\u00fcnyan\u0131n en \u00f6nemli varl\u0131\u011f\u0131 olarak nitelenen anneler, kar\u015f\u0131l\u0131ks\u0131z sevgi, ho\u015fg\u00f6r\u00fc ve \u00f6zveriyi simgeliyor.<\/p>\n<p>Pazar g\u00fcn\u00fc anneler ziyaret edilip verilecek hediyelerle onlara duyulan sevgi ifade edilecek. Hayatta olmayan anneler ise mezarlar\u0131 ziyaret edilerek hat\u0131rlanacak. <\/p>\n<p>Anneler G\u00fcn\u00fc\u2019n\u00fcn k\u00f6keni Amerika Birle\u015fik Devletleri\u2019ne dayan\u0131yor.<\/p>\n<p>Bug\u00fcnk\u00fc anlam\u0131yla ilk Anneler G\u00fcn\u00fc t\u00f6reni, 1908 y\u0131l\u0131nda ABD\u2019nin Virginia eyaletinde d\u00fczenlendi. Anna Jarvis isimli bir kad\u0131n, 1908 y\u0131l\u0131nda, vefat eden annesi onurland\u0131rmak i\u00e7in bir anma t\u00f6reni d\u00fczenledi ve ard\u0131ndan may\u0131s ay\u0131n\u0131n ikinci pazar g\u00fcn\u00fcn\u00fcn Anneler G\u00fcn\u00fc ilan edilmesi i\u00e7in bir kampanya ba\u015flatt\u0131.<\/p>\n<p>1914 y\u0131l\u0131nda ABD Ba\u015fkan\u0131 Woodraw Wilson\u2019\u0131n yay\u0131nlad\u0131\u011f\u0131 kararnameyle may\u0131s ay\u0131n\u0131n ikinci pazar\u0131 ABD\u2019de Anneler G\u00fcn\u00fc ve resmi tatil ilan edildi. Daha sonra d\u00fcnyadaki bir\u00e7ok \u00fclke bu tarihi Anneler G\u00fcn\u00fc olarak kutlamaya ba\u015flad\u0131.<\/p>\n<p>T\u00fcrkiye\u2019de ise Anneler G\u00fcn\u00fc\u2019n\u00fcn may\u0131s ay\u0131n\u0131n ikinci pazar\u0131nda kutlanmas\u0131na 1955 y\u0131l\u0131nda ba\u015fland\u0131.<\/p>\n<p>Anneleri onurland\u0131rmak ve anmak amac\u0131yla kutlanan Anneler G\u00fcn\u00fc i\u00e7in \u0130ngiltere gibi baz\u0131 \u00fclkelerde ise belirlenen ba\u015fka tarihler bulunuyor.<\/p>\n<\/p><\/div>\n<p><script async\n                    defer\n                    crossorigin=\"anonymous\"\n                    src=\"https:\/\/connect.facebook.net\/tr_TR\/sdk.js#xfbml=1&#038;version=v3.3\"\n            ><\/script><\/p>\n","protected":false},"excerpt":{"rendered":"<p>nneler G\u00fcn\u00fc 14 May\u0131s Pazar g\u00fcn\u00fc kutlanacak. Her y\u0131l May\u0131s ay\u0131n\u0131n ikinci pazar\u0131 bir\u00e7ok \u00fclkede oldu\u011fu gibi KKTC\u2019de de Anneler G\u00fcn\u00fc olarak kutlan\u0131yor. D\u00fcnyan\u0131n en \u00f6nemli varl\u0131\u011f\u0131 olarak nitelenen anneler, kar\u015f\u0131l\u0131ks\u0131z sevgi, ho\u015fg\u00f6r\u00fc ve \u00f6zveriyi simgeliyor. Pazar g\u00fcn\u00fc anneler ziyaret edilip verilecek hediyelerle onlara duyulan sevgi ifade edilecek. Hayatta olmayan anneler ise mezarlar\u0131 ziyaret edilerek<\/p>\n","protected":false},"author":1,"featured_media":6737,"comment_status":"open","ping_status":"open","sticky":false,"template":"","format":"standard","meta":{"footnotes":""},"categories":[1],"tags":[],"class_list":["post-6736","post","type-post","status-publish","format-standard","has-post-thumbnail","hentry","category-gundem"],"yoast_head":"<!-- This site is optimized with the Yoast SEO plugin v27.5 - https:\/\/yoast.com\/product\/yoast-seo-wordpress\/ -->\n<title>Anneler G\u00fcn\u00fc 14 May\u0131s Pazar g\u00fcn\u00fc kutlanacak -<\/title>\n<meta name=\"robots\" content=\"index, follow, max-snippet:-1, max-image-preview:large, max-video-preview:-1\" \/>\n<link rel=\"canonical\" href=\"https:\/\/kibrisdakik.com\/?p=6736\" \/>\n<meta property=\"og:locale\" content=\"tr_TR\" \/>\n<meta property=\"og:type\" content=\"article\" \/>\n<meta property=\"og:title\" content=\"Anneler G\u00fcn\u00fc 14 May\u0131s Pazar g\u00fcn\u00fc kutlanacak -\" \/>\n<meta property=\"og:description\" content=\"nneler G\u00fcn\u00fc 14 May\u0131s Pazar g\u00fcn\u00fc kutlanacak. Her y\u0131l May\u0131s ay\u0131n\u0131n ikinci pazar\u0131 bir\u00e7ok \u00fclkede oldu\u011fu gibi KKTC\u2019de de Anneler G\u00fcn\u00fc olarak kutlan\u0131yor. D\u00fcnyan\u0131n en \u00f6nemli varl\u0131\u011f\u0131 olarak nitelenen anneler, kar\u015f\u0131l\u0131ks\u0131z sevgi, ho\u015fg\u00f6r\u00fc ve \u00f6zveriyi simgeliyor. Pazar g\u00fcn\u00fc anneler ziyaret edilip verilecek hediyelerle onlara duyulan sevgi ifade edilecek. Hayatta olmayan anneler ise mezarlar\u0131 ziyaret edilerek\" \/>\n<meta property=\"og:url\" content=\"https:\/\/kibrisdakik.com\/?p=6736\" \/>\n<meta property=\"article:published_time\" content=\"2023-05-12T06:43:23+00:00\" \/>\n<meta property=\"og:image\" content=\"https:\/\/kibrisdakik.com\/wp-content\/uploads\/2023\/05\/ANNELER-GUNU-740x420.jpg\" \/>\n\t<meta property=\"og:image:width\" content=\"1000\" \/>\n\t<meta property=\"og:image:height\" content=\"697\" \/>\n\t<meta property=\"og:image:type\" content=\"image\/jpeg\" \/>\n<meta name=\"author\" content=\"admin\" \/>\n<meta name=\"twitter:card\" content=\"summary_large_image\" \/>\n<meta name=\"twitter:label1\" content=\"Yazan:\" \/>\n\t<meta name=\"twitter:data1\" content=\"admin\" \/>\n\t<meta name=\"twitter:label2\" content=\"Tahmini okuma s\u00fcresi\" \/>\n\t<meta name=\"twitter:data2\" content=\"1 dakika\" \/>\n<script type=\"application\/ld+json\" class=\"yoast-schema-graph\">{\"@context\":\"https:\\\/\\\/schema.org\",\"@graph\":[{\"@type\":\"Article\",\"@id\":\"https:\\\/\\\/kibrisdakik.com\\\/?p=6736#article\",\"isPartOf\":{\"@id\":\"https:\\\/\\\/kibrisdakik.com\\\/?p=6736\"},\"author\":{\"name\":\"admin\",\"@id\":\"https:\\\/\\\/kibrisdakik.com\\\/#\\\/schema\\\/person\\\/9cd9d437bbb44f72b73ba127e06d8e79\"},\"headline\":\"Anneler G\u00fcn\u00fc 14 May\u0131s Pazar g\u00fcn\u00fc kutlanacak\",\"datePublished\":\"2023-05-12T06:43:23+00:00\",\"mainEntityOfPage\":{\"@id\":\"https:\\\/\\\/kibrisdakik.com\\\/?p=6736\"},\"wordCount\":257,\"commentCount\":0,\"image\":{\"@id\":\"https:\\\/\\\/kibrisdakik.com\\\/?p=6736#primaryimage\"},\"thumbnailUrl\":\"https:\\\/\\\/kibrisdakik.com\\\/wp-content\\\/uploads\\\/2023\\\/05\\\/ANNELER-GUNU-740x420.jpg\",\"articleSection\":[\"G\u00fcndem\"],\"inLanguage\":\"tr\",\"potentialAction\":[{\"@type\":\"CommentAction\",\"name\":\"Comment\",\"target\":[\"https:\\\/\\\/kibrisdakik.com\\\/?p=6736#respond\"]}]},{\"@type\":\"WebPage\",\"@id\":\"https:\\\/\\\/kibrisdakik.com\\\/?p=6736\",\"url\":\"https:\\\/\\\/kibrisdakik.com\\\/?p=6736\",\"name\":\"Anneler G\u00fcn\u00fc 14 May\u0131s Pazar g\u00fcn\u00fc kutlanacak -\",\"isPartOf\":{\"@id\":\"https:\\\/\\\/kibrisdakik.com\\\/#website\"},\"primaryImageOfPage\":{\"@id\":\"https:\\\/\\\/kibrisdakik.com\\\/?p=6736#primaryimage\"},\"image\":{\"@id\":\"https:\\\/\\\/kibrisdakik.com\\\/?p=6736#primaryimage\"},\"thumbnailUrl\":\"https:\\\/\\\/kibrisdakik.com\\\/wp-content\\\/uploads\\\/2023\\\/05\\\/ANNELER-GUNU-740x420.jpg\",\"datePublished\":\"2023-05-12T06:43:23+00:00\",\"author\":{\"@id\":\"https:\\\/\\\/kibrisdakik.com\\\/#\\\/schema\\\/person\\\/9cd9d437bbb44f72b73ba127e06d8e79\"},\"breadcrumb\":{\"@id\":\"https:\\\/\\\/kibrisdakik.com\\\/?p=6736#breadcrumb\"},\"inLanguage\":\"tr\",\"potentialAction\":[{\"@type\":\"ReadAction\",\"target\":[\"https:\\\/\\\/kibrisdakik.com\\\/?p=6736\"]}]},{\"@type\":\"ImageObject\",\"inLanguage\":\"tr\",\"@id\":\"https:\\\/\\\/kibrisdakik.com\\\/?p=6736#primaryimage\",\"url\":\"https:\\\/\\\/kibrisdakik.com\\\/wp-content\\\/uploads\\\/2023\\\/05\\\/ANNELER-GUNU-740x420.jpg\",\"contentUrl\":\"https:\\\/\\\/kibrisdakik.com\\\/wp-content\\\/uploads\\\/2023\\\/05\\\/ANNELER-GUNU-740x420.jpg\",\"width\":1000,\"height\":697},{\"@type\":\"BreadcrumbList\",\"@id\":\"https:\\\/\\\/kibrisdakik.com\\\/?p=6736#breadcrumb\",\"itemListElement\":[{\"@type\":\"ListItem\",\"position\":1,\"name\":\"Home\",\"item\":\"https:\\\/\\\/kibrisdakik.com\\\/\"},{\"@type\":\"ListItem\",\"position\":2,\"name\":\"Anneler G\u00fcn\u00fc 14 May\u0131s Pazar g\u00fcn\u00fc kutlanacak\"}]},{\"@type\":\"WebSite\",\"@id\":\"https:\\\/\\\/kibrisdakik.com\\\/#website\",\"url\":\"https:\\\/\\\/kibrisdakik.com\\\/\",\"name\":\"\",\"description\":\"Tam vaktinde haber\",\"potentialAction\":[{\"@type\":\"SearchAction\",\"target\":{\"@type\":\"EntryPoint\",\"urlTemplate\":\"https:\\\/\\\/kibrisdakik.com\\\/?s={search_term_string}\"},\"query-input\":{\"@type\":\"PropertyValueSpecification\",\"valueRequired\":true,\"valueName\":\"search_term_string\"}}],\"inLanguage\":\"tr\"},{\"@type\":\"Person\",\"@id\":\"https:\\\/\\\/kibrisdakik.com\\\/#\\\/schema\\\/person\\\/9cd9d437bbb44f72b73ba127e06d8e79\",\"name\":\"admin\",\"image\":{\"@type\":\"ImageObject\",\"inLanguage\":\"tr\",\"@id\":\"https:\\\/\\\/secure.gravatar.com\\\/avatar\\\/ccc17943b9d660506c869530f897617f7cb1c21a4bf30023f252596d83e1f007?s=96&d=mm&r=g\",\"url\":\"https:\\\/\\\/secure.gravatar.com\\\/avatar\\\/ccc17943b9d660506c869530f897617f7cb1c21a4bf30023f252596d83e1f007?s=96&d=mm&r=g\",\"contentUrl\":\"https:\\\/\\\/secure.gravatar.com\\\/avatar\\\/ccc17943b9d660506c869530f897617f7cb1c21a4bf30023f252596d83e1f007?s=96&d=mm&r=g\",\"caption\":\"admin\"},\"sameAs\":[\"https:\\\/\\\/kibrisdakik.com\"],\"url\":\"https:\\\/\\\/kibrisdakik.com\\\/?author=1\"}]}<\/script>\n<!-- \/ Yoast SEO plugin. -->","yoast_head_json":{"title":"Anneler G\u00fcn\u00fc 14 May\u0131s Pazar g\u00fcn\u00fc kutlanacak -","robots":{"index":"index","follow":"follow","max-snippet":"max-snippet:-1","max-image-preview":"max-image-preview:large","max-video-preview":"max-video-preview:-1"},"canonical":"https:\/\/kibrisdakik.com\/?p=6736","og_locale":"tr_TR","og_type":"article","og_title":"Anneler G\u00fcn\u00fc 14 May\u0131s Pazar g\u00fcn\u00fc kutlanacak -","og_description":"nneler G\u00fcn\u00fc 14 May\u0131s Pazar g\u00fcn\u00fc kutlanacak. Her y\u0131l May\u0131s ay\u0131n\u0131n ikinci pazar\u0131 bir\u00e7ok \u00fclkede oldu\u011fu gibi KKTC\u2019de de Anneler G\u00fcn\u00fc olarak kutlan\u0131yor. D\u00fcnyan\u0131n en \u00f6nemli varl\u0131\u011f\u0131 olarak nitelenen anneler, kar\u015f\u0131l\u0131ks\u0131z sevgi, ho\u015fg\u00f6r\u00fc ve \u00f6zveriyi simgeliyor. Pazar g\u00fcn\u00fc anneler ziyaret edilip verilecek hediyelerle onlara duyulan sevgi ifade edilecek. Hayatta olmayan anneler ise mezarlar\u0131 ziyaret edilerek","og_url":"https:\/\/kibrisdakik.com\/?p=6736","article_published_time":"2023-05-12T06:43:23+00:00","og_image":[{"width":1000,"height":697,"url":"https:\/\/kibrisdakik.com\/wp-content\/uploads\/2023\/05\/ANNELER-GUNU-740x420.jpg","type":"image\/jpeg"}],"author":"admin","twitter_card":"summary_large_image","twitter_misc":{"Yazan:":"admin","Tahmini okuma s\u00fcresi":"1 dakika"},"schema":{"@context":"https:\/\/schema.org","@graph":[{"@type":"Article","@id":"https:\/\/kibrisdakik.com\/?p=6736#article","isPartOf":{"@id":"https:\/\/kibrisdakik.com\/?p=6736"},"author":{"name":"admin","@id":"https:\/\/kibrisdakik.com\/#\/schema\/person\/9cd9d437bbb44f72b73ba127e06d8e79"},"headline":"Anneler G\u00fcn\u00fc 14 May\u0131s Pazar g\u00fcn\u00fc kutlanacak","datePublished":"2023-05-12T06:43:23+00:00","mainEntityOfPage":{"@id":"https:\/\/kibrisdakik.com\/?p=6736"},"wordCount":257,"commentCount":0,"image":{"@id":"https:\/\/kibrisdakik.com\/?p=6736#primaryimage"},"thumbnailUrl":"https:\/\/kibrisdakik.com\/wp-content\/uploads\/2023\/05\/ANNELER-GUNU-740x420.jpg","articleSection":["G\u00fcndem"],"inLanguage":"tr","potentialAction":[{"@type":"CommentAction","name":"Comment","target":["https:\/\/kibrisdakik.com\/?p=6736#respond"]}]},{"@type":"WebPage","@id":"https:\/\/kibrisdakik.com\/?p=6736","url":"https:\/\/kibrisdakik.com\/?p=6736","name":"Anneler G\u00fcn\u00fc 14 May\u0131s Pazar g\u00fcn\u00fc kutlanacak -","isPartOf":{"@id":"https:\/\/kibrisdakik.com\/#website"},"primaryImageOfPage":{"@id":"https:\/\/kibrisdakik.com\/?p=6736#primaryimage"},"image":{"@id":"https:\/\/kibrisdakik.com\/?p=6736#primaryimage"},"thumbnailUrl":"https:\/\/kibrisdakik.com\/wp-content\/uploads\/2023\/05\/ANNELER-GUNU-740x420.jpg","datePublished":"2023-05-12T06:43:23+00:00","author":{"@id":"https:\/\/kibrisdakik.com\/#\/schema\/person\/9cd9d437bbb44f72b73ba127e06d8e79"},"breadcrumb":{"@id":"https:\/\/kibrisdakik.com\/?p=6736#breadcrumb"},"inLanguage":"tr","potentialAction":[{"@type":"ReadAction","target":["https:\/\/kibrisdakik.com\/?p=6736"]}]},{"@type":"ImageObject","inLanguage":"tr","@id":"https:\/\/kibrisdakik.com\/?p=6736#primaryimage","url":"https:\/\/kibrisdakik.com\/wp-content\/uploads\/2023\/05\/ANNELER-GUNU-740x420.jpg","contentUrl":"https:\/\/kibrisdakik.com\/wp-content\/uploads\/2023\/05\/ANNELER-GUNU-740x420.jpg","width":1000,"height":697},{"@type":"BreadcrumbList","@id":"https:\/\/kibrisdakik.com\/?p=6736#breadcrumb","itemListElement":[{"@type":"ListItem","position":1,"name":"Home","item":"https:\/\/kibrisdakik.com\/"},{"@type":"ListItem","position":2,"name":"Anneler G\u00fcn\u00fc 14 May\u0131s Pazar g\u00fcn\u00fc kutlanacak"}]},{"@type":"WebSite","@id":"https:\/\/kibrisdakik.com\/#website","url":"https:\/\/kibrisdakik.com\/","name":"","description":"Tam vaktinde haber","potentialAction":[{"@type":"SearchAction","target":{"@type":"EntryPoint","urlTemplate":"https:\/\/kibrisdakik.com\/?s={search_term_string}"},"query-input":{"@type":"PropertyValueSpecification","valueRequired":true,"valueName":"search_term_string"}}],"inLanguage":"tr"},{"@type":"Person","@id":"https:\/\/kibrisdakik.com\/#\/schema\/person\/9cd9d437bbb44f72b73ba127e06d8e79","name":"admin","image":{"@type":"ImageObject","inLanguage":"tr","@id":"https:\/\/secure.gravatar.com\/avatar\/ccc17943b9d660506c869530f897617f7cb1c21a4bf30023f252596d83e1f007?s=96&d=mm&r=g","url":"https:\/\/secure.gravatar.com\/avatar\/ccc17943b9d660506c869530f897617f7cb1c21a4bf30023f252596d83e1f007?s=96&d=mm&r=g","contentUrl":"https:\/\/secure.gravatar.com\/avatar\/ccc17943b9d660506c869530f897617f7cb1c21a4bf30023f252596d83e1f007?s=96&d=mm&r=g","caption":"admin"},"sameAs":["https:\/\/kibrisdakik.com"],"url":"https:\/\/kibrisdakik.com\/?author=1"}]}},"_links":{"self":[{"href":"https:\/\/kibrisdakik.com\/index.php?rest_route=\/wp\/v2\/posts\/6736","targetHints":{"allow":["GET"]}}],"collection":[{"href":"https:\/\/kibrisdakik.com\/index.php?rest_route=\/wp\/v2\/posts"}],"about":[{"href":"https:\/\/kibrisdakik.com\/index.php?rest_route=\/wp\/v2\/types\/post"}],"author":[{"embeddable":true,"href":"https:\/\/kibrisdakik.com\/index.php?rest_route=\/wp\/v2\/users\/1"}],"replies":[{"embeddable":true,"href":"https:\/\/kibrisdakik.com\/index.php?rest_route=%2Fwp%2Fv2%2Fcomments&post=6736"}],"version-history":[{"count":0,"href":"https:\/\/kibrisdakik.com\/index.php?rest_route=\/wp\/v2\/posts\/6736\/revisions"}],"wp:featuredmedia":[{"embeddable":true,"href":"https:\/\/kibrisdakik.com\/index.php?rest_route=\/wp\/v2\/media\/6737"}],"wp:attachment":[{"href":"https:\/\/kibrisdakik.com\/index.php?rest_route=%2Fwp%2Fv2%2Fmedia&parent=6736"}],"wp:term":[{"taxonomy":"category","embeddable":true,"href":"https:\/\/kibrisdakik.com\/index.php?rest_route=%2Fwp%2Fv2%2Fcategories&post=6736"},{"taxonomy":"post_tag","embeddable":true,"href":"https:\/\/kibrisdakik.com\/index.php?rest_route=%2Fwp%2Fv2%2Ftags&post=6736"}],"curies":[{"name":"wp","href":"https:\/\/api.w.org\/{rel}","templated":true}]}}