{"id":67384,"date":"2024-10-22T17:17:32","date_gmt":"2024-10-22T14:17:32","guid":{"rendered":"https:\/\/kibrisdakik.com\/index.php\/2024\/10\/22\/cumhurbaskani-tatar-zonguldak-ticaret-ve-sanayi-odasi-heyetini-kabul-etti\/"},"modified":"2024-10-22T17:17:32","modified_gmt":"2024-10-22T14:17:32","slug":"cumhurbaskani-tatar-zonguldak-ticaret-ve-sanayi-odasi-heyetini-kabul-etti","status":"publish","type":"post","link":"https:\/\/kibrisdakik.com\/?p=67384","title":{"rendered":"Cumhurba\u015fkan\u0131 Tatar, Zonguldak Ticaret ve Sanayi Odas\u0131 heyetini kabul etti"},"content":{"rendered":"<div>\n<div class=\"mariselle-image-container none\">\n                                            <\/div>\n<p>Cumhurba\u015fkan\u0131 Ersin Tatar, Zonguldak Ticaret ve Sanayi Odas\u0131 heyetini kabul etti.<\/p>\n<p>Cumhurba\u015fkanl\u0131\u011f\u0131\u2019ndan verilen bilgiye g\u00f6re, ziyaretten duydu\u011fu memnuniyeti dile getiren Tatar, i\u00e7erisinde bulunulan ileti\u015fim \u00e7a\u011f\u0131nda, bu t\u00fcr m\u00fcnasebetlerin artmas\u0131n\u0131n en b\u00fcy\u00fck temennisi oldu\u011funun alt\u0131n\u0131 \u00e7izdi.<\/p>\n<p>Cumhurba\u015fkan\u0131 Tatar, K\u0131br\u0131s T\u00fcrk halk\u0131n\u0131n ge\u00e7mi\u015f y\u0131llarda verdi\u011fi m\u00fccadelede, T\u00fcrkiye Cumhuriyeti\u2019nin ve T\u00fcrkiye\u2019deki kurum ve kurulu\u015flar\u0131n\u0131n verdi\u011fi deste\u011fin b\u00fcy\u00fck bir ilham kayna\u011f\u0131 oldu\u011funu belirtti.<\/p>\n<p>1974 Bar\u0131\u015f Harekat\u0131\u2019ndan bu yana b\u00fcy\u00fck ba\u015far\u0131lara imza at\u0131ld\u0131\u011f\u0131n\u0131 belirten Tatar, izolasyonlar alt\u0131nda olunmas\u0131na ra\u011fmen, altyap\u0131n\u0131n giderek daha da g\u00fc\u00e7lendi\u011fini belirtti.\u00a0 \u0130ki devletli siyaseti s\u00fcrd\u00fcrmeye devam ettiklerini vurgulayan Cumhurba\u015fkan\u0131 Tatar, K\u0131br\u0131s T\u00fcrklerinin, K\u0131br\u0131s Rumlar\u0131 kadar egemen bir halk oldu\u011funu s\u00f6yledi.<\/p>\n<p>Cumhurba\u015fkan\u0131 Tatar, bu ba\u011flamda ama\u00e7lar\u0131n\u0131n, K\u0131br\u0131s T\u00fcrk halk\u0131n\u0131n kendi egemenli\u011fi ile varl\u0131\u011f\u0131n\u0131 s\u00fcrd\u00fcrebilmesi ve halk olarak gelece\u011fe emin ad\u0131mlarla y\u00fcr\u00fcyebilmesi oldu\u011funu ifade etti.<\/p>\n<p>K\u0131br\u0131s T\u00fcrk halk\u0131n\u0131n egemenli\u011finin, T\u00fcrk askerinin varl\u0131\u011f\u0131 ve T\u00fcrkiye\u2019nin garant\u00f6rl\u00fc\u011f\u00fcn\u00fcn devam\u0131ndan asla vazge\u00e7ilmeyece\u011fini ifade eden Cumhurba\u015fkan\u0131 Tatar; istikrar, bar\u0131\u015f ve huzur i\u00e7in t\u00fcm\u00fcn\u00fcn bir b\u00fct\u00fcn olarak \u00f6nemli oldu\u011funun alt\u0131n\u0131 \u00e7izdi.<\/p>\n<p>Bu \u00e7er\u00e7evede, ekonomik yap\u0131n\u0131n da g\u00fc\u00e7lenmesinin \u00f6nemli oldu\u011funu ifade eden Cumhurba\u015fkan\u0131 Tatar, i\u015f d\u00fcnyas\u0131n\u0131n desteklerinin artmas\u0131 ile i\u015fbirli\u011finin daha da ileriye ta\u015f\u0131nmas\u0131 temennisinde bulundu.<\/p>\n<p>Zonguldak Ticaret ve Sanayi Odas\u0131 Y\u00f6netim Kurulu Ba\u015fkan\u0131 Metin Demir ise, Cumhurba\u015fkan\u0131 Ersin Tatar\u2019\u0131n Zonguldak ziyaretinden bahsederek, bu ziyaretin kendileri i\u00e7in son derece onur verici oldu\u011funu ifade etti.<\/p>\n<p>Do\u011fu Akdeniz\u2019de, egemen, ba\u011f\u0131ms\u0131z bir T\u00fcrk devletinin varl\u0131\u011f\u0131n\u0131n, T\u00fcrk d\u00fcnyas\u0131 i\u00e7in \u00e7ok \u00f6nemli oldu\u011funu belirten Demir, T\u00fcrk i\u015f d\u00fcnyas\u0131 olarak, her konuda K\u0131br\u0131s T\u00fcrk\u00fc\u2019n\u00fcn yan\u0131nda olduklar\u0131n\u0131 vurgulad\u0131 ve yap\u0131lan \u00e7al\u0131\u015fmalar hususunda Cumhurba\u015fkan\u0131 Tatar\u2019a bilgi verdi.<\/p>\n<\/p><\/div>\n<p><script async\n                    defer\n                    crossorigin=\"anonymous\"\n                    src=\"https:\/\/connect.facebook.net\/tr_TR\/sdk.js#xfbml=1&#038;version=v3.3\"\n            ><\/script><\/p>\n","protected":false},"excerpt":{"rendered":"<p>Cumhurba\u015fkan\u0131 Ersin Tatar, Zonguldak Ticaret ve Sanayi Odas\u0131 heyetini kabul etti. Cumhurba\u015fkanl\u0131\u011f\u0131\u2019ndan verilen bilgiye g\u00f6re, ziyaretten duydu\u011fu memnuniyeti dile getiren Tatar, i\u00e7erisinde bulunulan ileti\u015fim \u00e7a\u011f\u0131nda, bu t\u00fcr m\u00fcnasebetlerin artmas\u0131n\u0131n en b\u00fcy\u00fck temennisi oldu\u011funun alt\u0131n\u0131 \u00e7izdi. Cumhurba\u015fkan\u0131 Tatar, K\u0131br\u0131s T\u00fcrk halk\u0131n\u0131n ge\u00e7mi\u015f y\u0131llarda verdi\u011fi m\u00fccadelede, T\u00fcrkiye Cumhuriyeti\u2019nin ve T\u00fcrkiye\u2019deki kurum ve kurulu\u015flar\u0131n\u0131n verdi\u011fi deste\u011fin b\u00fcy\u00fck bir<\/p>\n","protected":false},"author":1,"featured_media":67385,"comment_status":"open","ping_status":"open","sticky":false,"template":"","format":"standard","meta":{"footnotes":""},"categories":[81],"tags":[],"class_list":["post-67384","post","type-post","status-publish","format-standard","has-post-thumbnail","hentry","category-kibris"],"yoast_head":"<!-- This site is optimized with the Yoast SEO plugin v27.5 - https:\/\/yoast.com\/product\/yoast-seo-wordpress\/ -->\n<title>Cumhurba\u015fkan\u0131 Tatar, Zonguldak Ticaret ve Sanayi Odas\u0131 heyetini kabul etti -<\/title>\n<meta name=\"robots\" content=\"index, follow, max-snippet:-1, max-image-preview:large, max-video-preview:-1\" \/>\n<link rel=\"canonical\" href=\"https:\/\/kibrisdakik.com\/?p=67384\" \/>\n<meta property=\"og:locale\" content=\"tr_TR\" \/>\n<meta property=\"og:type\" content=\"article\" \/>\n<meta property=\"og:title\" content=\"Cumhurba\u015fkan\u0131 Tatar, Zonguldak Ticaret ve Sanayi Odas\u0131 heyetini kabul etti -\" \/>\n<meta property=\"og:description\" content=\"Cumhurba\u015fkan\u0131 Ersin Tatar, Zonguldak Ticaret ve Sanayi Odas\u0131 heyetini kabul etti. Cumhurba\u015fkanl\u0131\u011f\u0131\u2019ndan verilen bilgiye g\u00f6re, ziyaretten duydu\u011fu memnuniyeti dile getiren Tatar, i\u00e7erisinde bulunulan ileti\u015fim \u00e7a\u011f\u0131nda, bu t\u00fcr m\u00fcnasebetlerin artmas\u0131n\u0131n en b\u00fcy\u00fck temennisi oldu\u011funun alt\u0131n\u0131 \u00e7izdi. Cumhurba\u015fkan\u0131 Tatar, K\u0131br\u0131s T\u00fcrk halk\u0131n\u0131n ge\u00e7mi\u015f y\u0131llarda verdi\u011fi m\u00fccadelede, T\u00fcrkiye Cumhuriyeti\u2019nin ve T\u00fcrkiye\u2019deki kurum ve kurulu\u015flar\u0131n\u0131n verdi\u011fi deste\u011fin b\u00fcy\u00fck bir\" \/>\n<meta property=\"og:url\" content=\"https:\/\/kibrisdakik.com\/?p=67384\" \/>\n<meta property=\"article:published_time\" content=\"2024-10-22T14:17:32+00:00\" \/>\n<meta property=\"og:image\" content=\"https:\/\/kibrisdakik.com\/wp-content\/uploads\/2024\/10\/tatar-zonguldak-sanayi-odasi6-740x420.jpg\" \/>\n\t<meta property=\"og:image:width\" content=\"1600\" \/>\n\t<meta property=\"og:image:height\" content=\"1066\" \/>\n\t<meta property=\"og:image:type\" content=\"image\/jpeg\" \/>\n<meta name=\"author\" content=\"admin\" \/>\n<meta name=\"twitter:card\" content=\"summary_large_image\" \/>\n<meta name=\"twitter:label1\" content=\"Yazan:\" \/>\n\t<meta name=\"twitter:data1\" content=\"admin\" \/>\n\t<meta name=\"twitter:label2\" content=\"Tahmini okuma s\u00fcresi\" \/>\n\t<meta name=\"twitter:data2\" content=\"2 dakika\" \/>\n<script type=\"application\/ld+json\" class=\"yoast-schema-graph\">{\"@context\":\"https:\\\/\\\/schema.org\",\"@graph\":[{\"@type\":\"Article\",\"@id\":\"https:\\\/\\\/kibrisdakik.com\\\/?p=67384#article\",\"isPartOf\":{\"@id\":\"https:\\\/\\\/kibrisdakik.com\\\/?p=67384\"},\"author\":{\"name\":\"admin\",\"@id\":\"https:\\\/\\\/kibrisdakik.com\\\/#\\\/schema\\\/person\\\/9cd9d437bbb44f72b73ba127e06d8e79\"},\"headline\":\"Cumhurba\u015fkan\u0131 Tatar, Zonguldak Ticaret ve Sanayi Odas\u0131 heyetini kabul etti\",\"datePublished\":\"2024-10-22T14:17:32+00:00\",\"mainEntityOfPage\":{\"@id\":\"https:\\\/\\\/kibrisdakik.com\\\/?p=67384\"},\"wordCount\":396,\"commentCount\":0,\"image\":{\"@id\":\"https:\\\/\\\/kibrisdakik.com\\\/?p=67384#primaryimage\"},\"thumbnailUrl\":\"https:\\\/\\\/kibrisdakik.com\\\/wp-content\\\/uploads\\\/2024\\\/10\\\/tatar-zonguldak-sanayi-odasi6-740x420.jpg\",\"articleSection\":[\"K\u0131br\u0131s\"],\"inLanguage\":\"tr\",\"potentialAction\":[{\"@type\":\"CommentAction\",\"name\":\"Comment\",\"target\":[\"https:\\\/\\\/kibrisdakik.com\\\/?p=67384#respond\"]}]},{\"@type\":\"WebPage\",\"@id\":\"https:\\\/\\\/kibrisdakik.com\\\/?p=67384\",\"url\":\"https:\\\/\\\/kibrisdakik.com\\\/?p=67384\",\"name\":\"Cumhurba\u015fkan\u0131 Tatar, Zonguldak Ticaret ve Sanayi Odas\u0131 heyetini kabul etti -\",\"isPartOf\":{\"@id\":\"https:\\\/\\\/kibrisdakik.com\\\/#website\"},\"primaryImageOfPage\":{\"@id\":\"https:\\\/\\\/kibrisdakik.com\\\/?p=67384#primaryimage\"},\"image\":{\"@id\":\"https:\\\/\\\/kibrisdakik.com\\\/?p=67384#primaryimage\"},\"thumbnailUrl\":\"https:\\\/\\\/kibrisdakik.com\\\/wp-content\\\/uploads\\\/2024\\\/10\\\/tatar-zonguldak-sanayi-odasi6-740x420.jpg\",\"datePublished\":\"2024-10-22T14:17:32+00:00\",\"author\":{\"@id\":\"https:\\\/\\\/kibrisdakik.com\\\/#\\\/schema\\\/person\\\/9cd9d437bbb44f72b73ba127e06d8e79\"},\"breadcrumb\":{\"@id\":\"https:\\\/\\\/kibrisdakik.com\\\/?p=67384#breadcrumb\"},\"inLanguage\":\"tr\",\"potentialAction\":[{\"@type\":\"ReadAction\",\"target\":[\"https:\\\/\\\/kibrisdakik.com\\\/?p=67384\"]}]},{\"@type\":\"ImageObject\",\"inLanguage\":\"tr\",\"@id\":\"https:\\\/\\\/kibrisdakik.com\\\/?p=67384#primaryimage\",\"url\":\"https:\\\/\\\/kibrisdakik.com\\\/wp-content\\\/uploads\\\/2024\\\/10\\\/tatar-zonguldak-sanayi-odasi6-740x420.jpg\",\"contentUrl\":\"https:\\\/\\\/kibrisdakik.com\\\/wp-content\\\/uploads\\\/2024\\\/10\\\/tatar-zonguldak-sanayi-odasi6-740x420.jpg\",\"width\":1600,\"height\":1066},{\"@type\":\"BreadcrumbList\",\"@id\":\"https:\\\/\\\/kibrisdakik.com\\\/?p=67384#breadcrumb\",\"itemListElement\":[{\"@type\":\"ListItem\",\"position\":1,\"name\":\"Home\",\"item\":\"https:\\\/\\\/kibrisdakik.com\\\/\"},{\"@type\":\"ListItem\",\"position\":2,\"name\":\"Cumhurba\u015fkan\u0131 Tatar, Zonguldak Ticaret ve Sanayi Odas\u0131 heyetini kabul etti\"}]},{\"@type\":\"WebSite\",\"@id\":\"https:\\\/\\\/kibrisdakik.com\\\/#website\",\"url\":\"https:\\\/\\\/kibrisdakik.com\\\/\",\"name\":\"\",\"description\":\"Tam vaktinde haber\",\"potentialAction\":[{\"@type\":\"SearchAction\",\"target\":{\"@type\":\"EntryPoint\",\"urlTemplate\":\"https:\\\/\\\/kibrisdakik.com\\\/?s={search_term_string}\"},\"query-input\":{\"@type\":\"PropertyValueSpecification\",\"valueRequired\":true,\"valueName\":\"search_term_string\"}}],\"inLanguage\":\"tr\"},{\"@type\":\"Person\",\"@id\":\"https:\\\/\\\/kibrisdakik.com\\\/#\\\/schema\\\/person\\\/9cd9d437bbb44f72b73ba127e06d8e79\",\"name\":\"admin\",\"image\":{\"@type\":\"ImageObject\",\"inLanguage\":\"tr\",\"@id\":\"https:\\\/\\\/secure.gravatar.com\\\/avatar\\\/ccc17943b9d660506c869530f897617f7cb1c21a4bf30023f252596d83e1f007?s=96&d=mm&r=g\",\"url\":\"https:\\\/\\\/secure.gravatar.com\\\/avatar\\\/ccc17943b9d660506c869530f897617f7cb1c21a4bf30023f252596d83e1f007?s=96&d=mm&r=g\",\"contentUrl\":\"https:\\\/\\\/secure.gravatar.com\\\/avatar\\\/ccc17943b9d660506c869530f897617f7cb1c21a4bf30023f252596d83e1f007?s=96&d=mm&r=g\",\"caption\":\"admin\"},\"sameAs\":[\"https:\\\/\\\/kibrisdakik.com\"],\"url\":\"https:\\\/\\\/kibrisdakik.com\\\/?author=1\"}]}<\/script>\n<!-- \/ Yoast SEO plugin. -->","yoast_head_json":{"title":"Cumhurba\u015fkan\u0131 Tatar, Zonguldak Ticaret ve Sanayi Odas\u0131 heyetini kabul etti -","robots":{"index":"index","follow":"follow","max-snippet":"max-snippet:-1","max-image-preview":"max-image-preview:large","max-video-preview":"max-video-preview:-1"},"canonical":"https:\/\/kibrisdakik.com\/?p=67384","og_locale":"tr_TR","og_type":"article","og_title":"Cumhurba\u015fkan\u0131 Tatar, Zonguldak Ticaret ve Sanayi Odas\u0131 heyetini kabul etti -","og_description":"Cumhurba\u015fkan\u0131 Ersin Tatar, Zonguldak Ticaret ve Sanayi Odas\u0131 heyetini kabul etti. Cumhurba\u015fkanl\u0131\u011f\u0131\u2019ndan verilen bilgiye g\u00f6re, ziyaretten duydu\u011fu memnuniyeti dile getiren Tatar, i\u00e7erisinde bulunulan ileti\u015fim \u00e7a\u011f\u0131nda, bu t\u00fcr m\u00fcnasebetlerin artmas\u0131n\u0131n en b\u00fcy\u00fck temennisi oldu\u011funun alt\u0131n\u0131 \u00e7izdi. Cumhurba\u015fkan\u0131 Tatar, K\u0131br\u0131s T\u00fcrk halk\u0131n\u0131n ge\u00e7mi\u015f y\u0131llarda verdi\u011fi m\u00fccadelede, T\u00fcrkiye Cumhuriyeti\u2019nin ve T\u00fcrkiye\u2019deki kurum ve kurulu\u015flar\u0131n\u0131n verdi\u011fi deste\u011fin b\u00fcy\u00fck bir","og_url":"https:\/\/kibrisdakik.com\/?p=67384","article_published_time":"2024-10-22T14:17:32+00:00","og_image":[{"width":1600,"height":1066,"url":"https:\/\/kibrisdakik.com\/wp-content\/uploads\/2024\/10\/tatar-zonguldak-sanayi-odasi6-740x420.jpg","type":"image\/jpeg"}],"author":"admin","twitter_card":"summary_large_image","twitter_misc":{"Yazan:":"admin","Tahmini okuma s\u00fcresi":"2 dakika"},"schema":{"@context":"https:\/\/schema.org","@graph":[{"@type":"Article","@id":"https:\/\/kibrisdakik.com\/?p=67384#article","isPartOf":{"@id":"https:\/\/kibrisdakik.com\/?p=67384"},"author":{"name":"admin","@id":"https:\/\/kibrisdakik.com\/#\/schema\/person\/9cd9d437bbb44f72b73ba127e06d8e79"},"headline":"Cumhurba\u015fkan\u0131 Tatar, Zonguldak Ticaret ve Sanayi Odas\u0131 heyetini kabul etti","datePublished":"2024-10-22T14:17:32+00:00","mainEntityOfPage":{"@id":"https:\/\/kibrisdakik.com\/?p=67384"},"wordCount":396,"commentCount":0,"image":{"@id":"https:\/\/kibrisdakik.com\/?p=67384#primaryimage"},"thumbnailUrl":"https:\/\/kibrisdakik.com\/wp-content\/uploads\/2024\/10\/tatar-zonguldak-sanayi-odasi6-740x420.jpg","articleSection":["K\u0131br\u0131s"],"inLanguage":"tr","potentialAction":[{"@type":"CommentAction","name":"Comment","target":["https:\/\/kibrisdakik.com\/?p=67384#respond"]}]},{"@type":"WebPage","@id":"https:\/\/kibrisdakik.com\/?p=67384","url":"https:\/\/kibrisdakik.com\/?p=67384","name":"Cumhurba\u015fkan\u0131 Tatar, Zonguldak Ticaret ve Sanayi Odas\u0131 heyetini kabul etti -","isPartOf":{"@id":"https:\/\/kibrisdakik.com\/#website"},"primaryImageOfPage":{"@id":"https:\/\/kibrisdakik.com\/?p=67384#primaryimage"},"image":{"@id":"https:\/\/kibrisdakik.com\/?p=67384#primaryimage"},"thumbnailUrl":"https:\/\/kibrisdakik.com\/wp-content\/uploads\/2024\/10\/tatar-zonguldak-sanayi-odasi6-740x420.jpg","datePublished":"2024-10-22T14:17:32+00:00","author":{"@id":"https:\/\/kibrisdakik.com\/#\/schema\/person\/9cd9d437bbb44f72b73ba127e06d8e79"},"breadcrumb":{"@id":"https:\/\/kibrisdakik.com\/?p=67384#breadcrumb"},"inLanguage":"tr","potentialAction":[{"@type":"ReadAction","target":["https:\/\/kibrisdakik.com\/?p=67384"]}]},{"@type":"ImageObject","inLanguage":"tr","@id":"https:\/\/kibrisdakik.com\/?p=67384#primaryimage","url":"https:\/\/kibrisdakik.com\/wp-content\/uploads\/2024\/10\/tatar-zonguldak-sanayi-odasi6-740x420.jpg","contentUrl":"https:\/\/kibrisdakik.com\/wp-content\/uploads\/2024\/10\/tatar-zonguldak-sanayi-odasi6-740x420.jpg","width":1600,"height":1066},{"@type":"BreadcrumbList","@id":"https:\/\/kibrisdakik.com\/?p=67384#breadcrumb","itemListElement":[{"@type":"ListItem","position":1,"name":"Home","item":"https:\/\/kibrisdakik.com\/"},{"@type":"ListItem","position":2,"name":"Cumhurba\u015fkan\u0131 Tatar, Zonguldak Ticaret ve Sanayi Odas\u0131 heyetini kabul etti"}]},{"@type":"WebSite","@id":"https:\/\/kibrisdakik.com\/#website","url":"https:\/\/kibrisdakik.com\/","name":"","description":"Tam vaktinde haber","potentialAction":[{"@type":"SearchAction","target":{"@type":"EntryPoint","urlTemplate":"https:\/\/kibrisdakik.com\/?s={search_term_string}"},"query-input":{"@type":"PropertyValueSpecification","valueRequired":true,"valueName":"search_term_string"}}],"inLanguage":"tr"},{"@type":"Person","@id":"https:\/\/kibrisdakik.com\/#\/schema\/person\/9cd9d437bbb44f72b73ba127e06d8e79","name":"admin","image":{"@type":"ImageObject","inLanguage":"tr","@id":"https:\/\/secure.gravatar.com\/avatar\/ccc17943b9d660506c869530f897617f7cb1c21a4bf30023f252596d83e1f007?s=96&d=mm&r=g","url":"https:\/\/secure.gravatar.com\/avatar\/ccc17943b9d660506c869530f897617f7cb1c21a4bf30023f252596d83e1f007?s=96&d=mm&r=g","contentUrl":"https:\/\/secure.gravatar.com\/avatar\/ccc17943b9d660506c869530f897617f7cb1c21a4bf30023f252596d83e1f007?s=96&d=mm&r=g","caption":"admin"},"sameAs":["https:\/\/kibrisdakik.com"],"url":"https:\/\/kibrisdakik.com\/?author=1"}]}},"_links":{"self":[{"href":"https:\/\/kibrisdakik.com\/index.php?rest_route=\/wp\/v2\/posts\/67384","targetHints":{"allow":["GET"]}}],"collection":[{"href":"https:\/\/kibrisdakik.com\/index.php?rest_route=\/wp\/v2\/posts"}],"about":[{"href":"https:\/\/kibrisdakik.com\/index.php?rest_route=\/wp\/v2\/types\/post"}],"author":[{"embeddable":true,"href":"https:\/\/kibrisdakik.com\/index.php?rest_route=\/wp\/v2\/users\/1"}],"replies":[{"embeddable":true,"href":"https:\/\/kibrisdakik.com\/index.php?rest_route=%2Fwp%2Fv2%2Fcomments&post=67384"}],"version-history":[{"count":0,"href":"https:\/\/kibrisdakik.com\/index.php?rest_route=\/wp\/v2\/posts\/67384\/revisions"}],"wp:featuredmedia":[{"embeddable":true,"href":"https:\/\/kibrisdakik.com\/index.php?rest_route=\/wp\/v2\/media\/67385"}],"wp:attachment":[{"href":"https:\/\/kibrisdakik.com\/index.php?rest_route=%2Fwp%2Fv2%2Fmedia&parent=67384"}],"wp:term":[{"taxonomy":"category","embeddable":true,"href":"https:\/\/kibrisdakik.com\/index.php?rest_route=%2Fwp%2Fv2%2Fcategories&post=67384"},{"taxonomy":"post_tag","embeddable":true,"href":"https:\/\/kibrisdakik.com\/index.php?rest_route=%2Fwp%2Fv2%2Ftags&post=67384"}],"curies":[{"name":"wp","href":"https:\/\/api.w.org\/{rel}","templated":true}]}}