{"id":67386,"date":"2024-10-22T17:20:57","date_gmt":"2024-10-22T14:20:57","guid":{"rendered":"https:\/\/kibrisdakik.com\/index.php\/2024\/10\/22\/kitap-ve-yerli-uretim-festivali-duzenleniyor\/"},"modified":"2024-10-22T17:20:57","modified_gmt":"2024-10-22T14:20:57","slug":"kitap-ve-yerli-uretim-festivali-duzenleniyor","status":"publish","type":"post","link":"https:\/\/kibrisdakik.com\/?p=67386","title":{"rendered":"\u201cKitap ve Yerli \u00dcretim Festivali\u201d d\u00fczenleniyor"},"content":{"rendered":"<div>\n<div class=\"mariselle-image-container center\">\n                                            <\/div>\n<p>K\u0131br\u0131s T\u00fcrk Esnaf ve Zanaatkarlar Odas\u0131 ile Gazimagusa Belediyesi i\u015fbirli\u011finde yap\u0131lacak olan \u201c Kitap ve Yerli \u00dcretim Festivali\u201d yap\u0131lan bas\u0131n toplant\u0131s\u0131yla duyuruldu. <\/p>\n<p>K\u0131br\u0131s T\u00fcrk Esnaf ve Zanaatkarlar Odas\u0131 Koordinator\u00fc H\u00fcrrem Tulga festivalin kendileri icin \u00e7ok \u00f6nemli bir organizasyon oldu\u011funu vurgulad\u0131.<\/p>\n<p>Gazim\u011fusa Belediyesi ile i\u015fbirli\u011finin \u00e7\u0131rakl\u0131k okulu projesiyle bir y\u0131l \u00f6ncesine dayand\u0131\u011f\u0131n\u0131 ifade eden Tulga, festivalin de yakla\u015f\u0131k 4 ay gibi bir haz\u0131rl\u0131k s\u00fcreci oldu\u011funu ifade etti.<br \/>4 g\u00fcn s\u00fcrecek olan festivalde sorunlar\u0131n da ele al\u0131naca\u011f\u0131 gibi olumlu projelerin de alt\u0131n\u0131n \u00e7izilece\u011fini dile getiren Tulga, t\u00fcm halk\u0131 etkinli\u011fe davet etti. <\/p>\n<p>Gazima\u011fus Belediye Ba\u015fkan\u0131 S\u00fcleyman Ulu\u00e7ay da Gazima\u011fusa\u2019n\u0131n \u00fclkenin ikinci b\u00fcy\u00fck kenti oldu\u011funa vurgu yaparak, etkinli\u011fin yerli \u00fcretimle halk\u0131 bulu\u015fturmay\u0131 ama\u00e7lad\u0131\u011f\u0131n\u0131 vurgulad\u0131.<br \/>Ulu\u00e7ay,  Esnaf ve Zanaatkarlar Odas\u0131 ile \u00e7\u0131rakl\u0131k okulu projesinde de i\u015fbirli\u011fi i\u00e7inde olmaktan duydu\u011fu memnuniyeti dile getirdi. <\/p>\n<p>24-27 Ekim tarihlerinde Bandabuliya\u2019da yer alacak festivalde K\u0131br\u0131sl\u0131 yazarlar\u0131n imza g\u00fcnler, yerli \u00fcretim tad\u0131m stantlar\u0131 ve sat\u0131\u015f stantlar\u0131 yer alacak.<\/p>\n<\/p><\/div>\n<p><script async\n                    defer\n                    crossorigin=\"anonymous\"\n                    src=\"https:\/\/connect.facebook.net\/tr_TR\/sdk.js#xfbml=1&#038;version=v3.3\"\n            ><\/script><\/p>\n","protected":false},"excerpt":{"rendered":"<p>K\u0131br\u0131s T\u00fcrk Esnaf ve Zanaatkarlar Odas\u0131 ile Gazimagusa Belediyesi i\u015fbirli\u011finde yap\u0131lacak olan \u201c Kitap ve Yerli \u00dcretim Festivali\u201d yap\u0131lan bas\u0131n toplant\u0131s\u0131yla duyuruldu. K\u0131br\u0131s T\u00fcrk Esnaf ve Zanaatkarlar Odas\u0131 Koordinator\u00fc H\u00fcrrem Tulga festivalin kendileri icin \u00e7ok \u00f6nemli bir organizasyon oldu\u011funu vurgulad\u0131. Gazim\u011fusa Belediyesi ile i\u015fbirli\u011finin \u00e7\u0131rakl\u0131k okulu projesiyle bir y\u0131l \u00f6ncesine dayand\u0131\u011f\u0131n\u0131 ifade eden Tulga, festivalin<\/p>\n","protected":false},"author":1,"featured_media":67387,"comment_status":"open","ping_status":"open","sticky":false,"template":"","format":"standard","meta":{"footnotes":""},"categories":[81],"tags":[],"class_list":["post-67386","post","type-post","status-publish","format-standard","has-post-thumbnail","hentry","category-kibris"],"yoast_head":"<!-- This site is optimized with the Yoast SEO plugin v27.5 - https:\/\/yoast.com\/product\/yoast-seo-wordpress\/ -->\n<title>\u201cKitap ve Yerli \u00dcretim Festivali\u201d d\u00fczenleniyor -<\/title>\n<meta name=\"robots\" content=\"index, follow, max-snippet:-1, max-image-preview:large, max-video-preview:-1\" \/>\n<link rel=\"canonical\" href=\"https:\/\/kibrisdakik.com\/?p=67386\" \/>\n<meta property=\"og:locale\" content=\"tr_TR\" \/>\n<meta property=\"og:type\" content=\"article\" \/>\n<meta property=\"og:title\" content=\"\u201cKitap ve Yerli \u00dcretim Festivali\u201d d\u00fczenleniyor -\" \/>\n<meta property=\"og:description\" content=\"K\u0131br\u0131s T\u00fcrk Esnaf ve Zanaatkarlar Odas\u0131 ile Gazimagusa Belediyesi i\u015fbirli\u011finde yap\u0131lacak olan \u201c Kitap ve Yerli \u00dcretim Festivali\u201d yap\u0131lan bas\u0131n toplant\u0131s\u0131yla duyuruldu. K\u0131br\u0131s T\u00fcrk Esnaf ve Zanaatkarlar Odas\u0131 Koordinator\u00fc H\u00fcrrem Tulga festivalin kendileri icin \u00e7ok \u00f6nemli bir organizasyon oldu\u011funu vurgulad\u0131. Gazim\u011fusa Belediyesi ile i\u015fbirli\u011finin \u00e7\u0131rakl\u0131k okulu projesiyle bir y\u0131l \u00f6ncesine dayand\u0131\u011f\u0131n\u0131 ifade eden Tulga, festivalin\" \/>\n<meta property=\"og:url\" content=\"https:\/\/kibrisdakik.com\/?p=67386\" \/>\n<meta property=\"article:published_time\" content=\"2024-10-22T14:20:57+00:00\" \/>\n<meta property=\"og:image\" content=\"https:\/\/kibrisdakik.com\/wp-content\/uploads\/2024\/10\/kitapppp-740x324.jpg\" \/>\n\t<meta property=\"og:image:width\" content=\"768\" \/>\n\t<meta property=\"og:image:height\" content=\"324\" \/>\n\t<meta property=\"og:image:type\" content=\"image\/jpeg\" \/>\n<meta name=\"author\" content=\"admin\" \/>\n<meta name=\"twitter:card\" content=\"summary_large_image\" \/>\n<meta name=\"twitter:label1\" content=\"Yazan:\" \/>\n\t<meta name=\"twitter:data1\" content=\"admin\" \/>\n\t<meta name=\"twitter:label2\" content=\"Tahmini okuma s\u00fcresi\" \/>\n\t<meta name=\"twitter:data2\" content=\"1 dakika\" \/>\n<script type=\"application\/ld+json\" class=\"yoast-schema-graph\">{\"@context\":\"https:\\\/\\\/schema.org\",\"@graph\":[{\"@type\":\"Article\",\"@id\":\"https:\\\/\\\/kibrisdakik.com\\\/?p=67386#article\",\"isPartOf\":{\"@id\":\"https:\\\/\\\/kibrisdakik.com\\\/?p=67386\"},\"author\":{\"name\":\"admin\",\"@id\":\"https:\\\/\\\/kibrisdakik.com\\\/#\\\/schema\\\/person\\\/9cd9d437bbb44f72b73ba127e06d8e79\"},\"headline\":\"\u201cKitap ve Yerli \u00dcretim Festivali\u201d d\u00fczenleniyor\",\"datePublished\":\"2024-10-22T14:20:57+00:00\",\"mainEntityOfPage\":{\"@id\":\"https:\\\/\\\/kibrisdakik.com\\\/?p=67386\"},\"wordCount\":212,\"commentCount\":0,\"image\":{\"@id\":\"https:\\\/\\\/kibrisdakik.com\\\/?p=67386#primaryimage\"},\"thumbnailUrl\":\"https:\\\/\\\/kibrisdakik.com\\\/wp-content\\\/uploads\\\/2024\\\/10\\\/kitapppp-740x324.jpg\",\"articleSection\":[\"K\u0131br\u0131s\"],\"inLanguage\":\"tr\",\"potentialAction\":[{\"@type\":\"CommentAction\",\"name\":\"Comment\",\"target\":[\"https:\\\/\\\/kibrisdakik.com\\\/?p=67386#respond\"]}]},{\"@type\":\"WebPage\",\"@id\":\"https:\\\/\\\/kibrisdakik.com\\\/?p=67386\",\"url\":\"https:\\\/\\\/kibrisdakik.com\\\/?p=67386\",\"name\":\"\u201cKitap ve Yerli \u00dcretim Festivali\u201d d\u00fczenleniyor -\",\"isPartOf\":{\"@id\":\"https:\\\/\\\/kibrisdakik.com\\\/#website\"},\"primaryImageOfPage\":{\"@id\":\"https:\\\/\\\/kibrisdakik.com\\\/?p=67386#primaryimage\"},\"image\":{\"@id\":\"https:\\\/\\\/kibrisdakik.com\\\/?p=67386#primaryimage\"},\"thumbnailUrl\":\"https:\\\/\\\/kibrisdakik.com\\\/wp-content\\\/uploads\\\/2024\\\/10\\\/kitapppp-740x324.jpg\",\"datePublished\":\"2024-10-22T14:20:57+00:00\",\"author\":{\"@id\":\"https:\\\/\\\/kibrisdakik.com\\\/#\\\/schema\\\/person\\\/9cd9d437bbb44f72b73ba127e06d8e79\"},\"breadcrumb\":{\"@id\":\"https:\\\/\\\/kibrisdakik.com\\\/?p=67386#breadcrumb\"},\"inLanguage\":\"tr\",\"potentialAction\":[{\"@type\":\"ReadAction\",\"target\":[\"https:\\\/\\\/kibrisdakik.com\\\/?p=67386\"]}]},{\"@type\":\"ImageObject\",\"inLanguage\":\"tr\",\"@id\":\"https:\\\/\\\/kibrisdakik.com\\\/?p=67386#primaryimage\",\"url\":\"https:\\\/\\\/kibrisdakik.com\\\/wp-content\\\/uploads\\\/2024\\\/10\\\/kitapppp-740x324.jpg\",\"contentUrl\":\"https:\\\/\\\/kibrisdakik.com\\\/wp-content\\\/uploads\\\/2024\\\/10\\\/kitapppp-740x324.jpg\",\"width\":768,\"height\":324},{\"@type\":\"BreadcrumbList\",\"@id\":\"https:\\\/\\\/kibrisdakik.com\\\/?p=67386#breadcrumb\",\"itemListElement\":[{\"@type\":\"ListItem\",\"position\":1,\"name\":\"Home\",\"item\":\"https:\\\/\\\/kibrisdakik.com\\\/\"},{\"@type\":\"ListItem\",\"position\":2,\"name\":\"\u201cKitap ve Yerli \u00dcretim Festivali\u201d d\u00fczenleniyor\"}]},{\"@type\":\"WebSite\",\"@id\":\"https:\\\/\\\/kibrisdakik.com\\\/#website\",\"url\":\"https:\\\/\\\/kibrisdakik.com\\\/\",\"name\":\"\",\"description\":\"Tam vaktinde haber\",\"potentialAction\":[{\"@type\":\"SearchAction\",\"target\":{\"@type\":\"EntryPoint\",\"urlTemplate\":\"https:\\\/\\\/kibrisdakik.com\\\/?s={search_term_string}\"},\"query-input\":{\"@type\":\"PropertyValueSpecification\",\"valueRequired\":true,\"valueName\":\"search_term_string\"}}],\"inLanguage\":\"tr\"},{\"@type\":\"Person\",\"@id\":\"https:\\\/\\\/kibrisdakik.com\\\/#\\\/schema\\\/person\\\/9cd9d437bbb44f72b73ba127e06d8e79\",\"name\":\"admin\",\"image\":{\"@type\":\"ImageObject\",\"inLanguage\":\"tr\",\"@id\":\"https:\\\/\\\/secure.gravatar.com\\\/avatar\\\/ccc17943b9d660506c869530f897617f7cb1c21a4bf30023f252596d83e1f007?s=96&d=mm&r=g\",\"url\":\"https:\\\/\\\/secure.gravatar.com\\\/avatar\\\/ccc17943b9d660506c869530f897617f7cb1c21a4bf30023f252596d83e1f007?s=96&d=mm&r=g\",\"contentUrl\":\"https:\\\/\\\/secure.gravatar.com\\\/avatar\\\/ccc17943b9d660506c869530f897617f7cb1c21a4bf30023f252596d83e1f007?s=96&d=mm&r=g\",\"caption\":\"admin\"},\"sameAs\":[\"https:\\\/\\\/kibrisdakik.com\"],\"url\":\"https:\\\/\\\/kibrisdakik.com\\\/?author=1\"}]}<\/script>\n<!-- \/ Yoast SEO plugin. -->","yoast_head_json":{"title":"\u201cKitap ve Yerli \u00dcretim Festivali\u201d d\u00fczenleniyor -","robots":{"index":"index","follow":"follow","max-snippet":"max-snippet:-1","max-image-preview":"max-image-preview:large","max-video-preview":"max-video-preview:-1"},"canonical":"https:\/\/kibrisdakik.com\/?p=67386","og_locale":"tr_TR","og_type":"article","og_title":"\u201cKitap ve Yerli \u00dcretim Festivali\u201d d\u00fczenleniyor -","og_description":"K\u0131br\u0131s T\u00fcrk Esnaf ve Zanaatkarlar Odas\u0131 ile Gazimagusa Belediyesi i\u015fbirli\u011finde yap\u0131lacak olan \u201c Kitap ve Yerli \u00dcretim Festivali\u201d yap\u0131lan bas\u0131n toplant\u0131s\u0131yla duyuruldu. K\u0131br\u0131s T\u00fcrk Esnaf ve Zanaatkarlar Odas\u0131 Koordinator\u00fc H\u00fcrrem Tulga festivalin kendileri icin \u00e7ok \u00f6nemli bir organizasyon oldu\u011funu vurgulad\u0131. Gazim\u011fusa Belediyesi ile i\u015fbirli\u011finin \u00e7\u0131rakl\u0131k okulu projesiyle bir y\u0131l \u00f6ncesine dayand\u0131\u011f\u0131n\u0131 ifade eden Tulga, festivalin","og_url":"https:\/\/kibrisdakik.com\/?p=67386","article_published_time":"2024-10-22T14:20:57+00:00","og_image":[{"width":768,"height":324,"url":"https:\/\/kibrisdakik.com\/wp-content\/uploads\/2024\/10\/kitapppp-740x324.jpg","type":"image\/jpeg"}],"author":"admin","twitter_card":"summary_large_image","twitter_misc":{"Yazan:":"admin","Tahmini okuma s\u00fcresi":"1 dakika"},"schema":{"@context":"https:\/\/schema.org","@graph":[{"@type":"Article","@id":"https:\/\/kibrisdakik.com\/?p=67386#article","isPartOf":{"@id":"https:\/\/kibrisdakik.com\/?p=67386"},"author":{"name":"admin","@id":"https:\/\/kibrisdakik.com\/#\/schema\/person\/9cd9d437bbb44f72b73ba127e06d8e79"},"headline":"\u201cKitap ve Yerli \u00dcretim Festivali\u201d d\u00fczenleniyor","datePublished":"2024-10-22T14:20:57+00:00","mainEntityOfPage":{"@id":"https:\/\/kibrisdakik.com\/?p=67386"},"wordCount":212,"commentCount":0,"image":{"@id":"https:\/\/kibrisdakik.com\/?p=67386#primaryimage"},"thumbnailUrl":"https:\/\/kibrisdakik.com\/wp-content\/uploads\/2024\/10\/kitapppp-740x324.jpg","articleSection":["K\u0131br\u0131s"],"inLanguage":"tr","potentialAction":[{"@type":"CommentAction","name":"Comment","target":["https:\/\/kibrisdakik.com\/?p=67386#respond"]}]},{"@type":"WebPage","@id":"https:\/\/kibrisdakik.com\/?p=67386","url":"https:\/\/kibrisdakik.com\/?p=67386","name":"\u201cKitap ve Yerli \u00dcretim Festivali\u201d d\u00fczenleniyor -","isPartOf":{"@id":"https:\/\/kibrisdakik.com\/#website"},"primaryImageOfPage":{"@id":"https:\/\/kibrisdakik.com\/?p=67386#primaryimage"},"image":{"@id":"https:\/\/kibrisdakik.com\/?p=67386#primaryimage"},"thumbnailUrl":"https:\/\/kibrisdakik.com\/wp-content\/uploads\/2024\/10\/kitapppp-740x324.jpg","datePublished":"2024-10-22T14:20:57+00:00","author":{"@id":"https:\/\/kibrisdakik.com\/#\/schema\/person\/9cd9d437bbb44f72b73ba127e06d8e79"},"breadcrumb":{"@id":"https:\/\/kibrisdakik.com\/?p=67386#breadcrumb"},"inLanguage":"tr","potentialAction":[{"@type":"ReadAction","target":["https:\/\/kibrisdakik.com\/?p=67386"]}]},{"@type":"ImageObject","inLanguage":"tr","@id":"https:\/\/kibrisdakik.com\/?p=67386#primaryimage","url":"https:\/\/kibrisdakik.com\/wp-content\/uploads\/2024\/10\/kitapppp-740x324.jpg","contentUrl":"https:\/\/kibrisdakik.com\/wp-content\/uploads\/2024\/10\/kitapppp-740x324.jpg","width":768,"height":324},{"@type":"BreadcrumbList","@id":"https:\/\/kibrisdakik.com\/?p=67386#breadcrumb","itemListElement":[{"@type":"ListItem","position":1,"name":"Home","item":"https:\/\/kibrisdakik.com\/"},{"@type":"ListItem","position":2,"name":"\u201cKitap ve Yerli \u00dcretim Festivali\u201d d\u00fczenleniyor"}]},{"@type":"WebSite","@id":"https:\/\/kibrisdakik.com\/#website","url":"https:\/\/kibrisdakik.com\/","name":"","description":"Tam vaktinde haber","potentialAction":[{"@type":"SearchAction","target":{"@type":"EntryPoint","urlTemplate":"https:\/\/kibrisdakik.com\/?s={search_term_string}"},"query-input":{"@type":"PropertyValueSpecification","valueRequired":true,"valueName":"search_term_string"}}],"inLanguage":"tr"},{"@type":"Person","@id":"https:\/\/kibrisdakik.com\/#\/schema\/person\/9cd9d437bbb44f72b73ba127e06d8e79","name":"admin","image":{"@type":"ImageObject","inLanguage":"tr","@id":"https:\/\/secure.gravatar.com\/avatar\/ccc17943b9d660506c869530f897617f7cb1c21a4bf30023f252596d83e1f007?s=96&d=mm&r=g","url":"https:\/\/secure.gravatar.com\/avatar\/ccc17943b9d660506c869530f897617f7cb1c21a4bf30023f252596d83e1f007?s=96&d=mm&r=g","contentUrl":"https:\/\/secure.gravatar.com\/avatar\/ccc17943b9d660506c869530f897617f7cb1c21a4bf30023f252596d83e1f007?s=96&d=mm&r=g","caption":"admin"},"sameAs":["https:\/\/kibrisdakik.com"],"url":"https:\/\/kibrisdakik.com\/?author=1"}]}},"_links":{"self":[{"href":"https:\/\/kibrisdakik.com\/index.php?rest_route=\/wp\/v2\/posts\/67386","targetHints":{"allow":["GET"]}}],"collection":[{"href":"https:\/\/kibrisdakik.com\/index.php?rest_route=\/wp\/v2\/posts"}],"about":[{"href":"https:\/\/kibrisdakik.com\/index.php?rest_route=\/wp\/v2\/types\/post"}],"author":[{"embeddable":true,"href":"https:\/\/kibrisdakik.com\/index.php?rest_route=\/wp\/v2\/users\/1"}],"replies":[{"embeddable":true,"href":"https:\/\/kibrisdakik.com\/index.php?rest_route=%2Fwp%2Fv2%2Fcomments&post=67386"}],"version-history":[{"count":0,"href":"https:\/\/kibrisdakik.com\/index.php?rest_route=\/wp\/v2\/posts\/67386\/revisions"}],"wp:featuredmedia":[{"embeddable":true,"href":"https:\/\/kibrisdakik.com\/index.php?rest_route=\/wp\/v2\/media\/67387"}],"wp:attachment":[{"href":"https:\/\/kibrisdakik.com\/index.php?rest_route=%2Fwp%2Fv2%2Fmedia&parent=67386"}],"wp:term":[{"taxonomy":"category","embeddable":true,"href":"https:\/\/kibrisdakik.com\/index.php?rest_route=%2Fwp%2Fv2%2Fcategories&post=67386"},{"taxonomy":"post_tag","embeddable":true,"href":"https:\/\/kibrisdakik.com\/index.php?rest_route=%2Fwp%2Fv2%2Ftags&post=67386"}],"curies":[{"name":"wp","href":"https:\/\/api.w.org\/{rel}","templated":true}]}}