{"id":67390,"date":"2024-10-22T19:06:52","date_gmt":"2024-10-22T16:06:52","guid":{"rendered":"https:\/\/kibrisdakik.com\/index.php\/2024\/10\/22\/erdogan-fetoyle-mucadele-kararlilikla-surecek\/"},"modified":"2024-10-22T19:06:52","modified_gmt":"2024-10-22T16:06:52","slug":"erdogan-fetoyle-mucadele-kararlilikla-surecek","status":"publish","type":"post","link":"https:\/\/kibrisdakik.com\/?p=67390","title":{"rendered":"Erdo\u011fan: FET\u00d6\u2019yle m\u00fccadele kararl\u0131l\u0131kla s\u00fcrecek"},"content":{"rendered":"<p><\/p>\n<div>\n<div class=\"mariselle-image-container center\">\n                <img loading=\"lazy\" decoding=\"async\" width=\"800\" height=\"450\" class=\"lazy-image\" alt=\"\" sizes=\"auto, (max-width: 800px) 100vw, 800px\" src=\"https:\/\/brtk.net\/wp-content\/uploads\/2024\/10\/22\/sdaldksalka.jpg?ver=fc1e7f37a0a004ee5030a81c3847786c\" srcset=\"https:\/\/brtk.net\/wp-content\/uploads\/2024\/10\/22\/sdaldksalka.jpg?ver=fc1e7f37a0a004ee5030a81c3847786c 800w, https:\/\/brtk.net\/wp-content\/uploads\/2024\/10\/22\/sdaldksalka-300x169.jpg?ver=1003532d4ca0f5723ae86b06825c47f1 300w, https:\/\/brtk.net\/wp-content\/uploads\/2024\/10\/22\/sdaldksalka-768x432.jpg?ver=ef9aa0dbd69e94e5cb11a4f0bbc80401 768w\"\/>                            <\/div>\n<p>T\u00fcrkiye Cumhurba\u015fkan\u0131 Recep Tayyip Erdo\u011fan, Fetullah\u00e7\u0131 Ter\u00f6r \u00d6rg\u00fct\u00fc eleba\u015f\u0131 Fetullah G\u00fclen\u2019in \u00f6l\u00fcm\u00fcyle ilgili a\u00e7\u0131klama yapt\u0131.<\/p>\n<p>Erdo\u011fan, \u201cMilletin \u00e7ocuklar\u0131n\u0131 hizmet diyerek, himmet diyerek mankurtla\u015ft\u0131ranlar\u0131n sonu tarihteki di\u011fer insan k\u0131l\u0131kl\u0131 iblisler gibi onursuz bir \u00f6l\u00fcm olmu\u015ftur. Rabbimiz bu \u00fclkeye ve bu millete yapt\u0131\u011f\u0131 k\u00f6t\u00fcl\u00fcklerin hesab\u0131n\u0131 bu hainlerden tek tek soracakt\u0131r.\u201d dedi\u2026<\/p>\n<p>Cumhurba\u015fkan\u0131 Erdo\u011fan, FET\u00d6\u2019yle m\u00fccadelenin ter\u00f6ristba\u015f\u0131 G\u00fclen\u2019in \u00f6l\u00fcm\u00fc sonras\u0131nda da kararl\u0131l\u0131kla s\u00fcrece\u011fini s\u00f6yledi.<\/p>\n<\/p><\/div>\n<p><script async\n                    defer\n                    crossorigin=\"anonymous\"\n                    src=\"https:\/\/connect.facebook.net\/tr_TR\/sdk.js#xfbml=1&#038;version=v3.3\"\n            ><\/script><\/p>\n","protected":false},"excerpt":{"rendered":"<p>T\u00fcrkiye Cumhurba\u015fkan\u0131 Recep Tayyip Erdo\u011fan, Fetullah\u00e7\u0131 Ter\u00f6r \u00d6rg\u00fct\u00fc eleba\u015f\u0131 Fetullah G\u00fclen\u2019in \u00f6l\u00fcm\u00fcyle ilgili a\u00e7\u0131klama yapt\u0131. Erdo\u011fan, \u201cMilletin \u00e7ocuklar\u0131n\u0131 hizmet diyerek, himmet diyerek mankurtla\u015ft\u0131ranlar\u0131n sonu tarihteki di\u011fer insan k\u0131l\u0131kl\u0131 iblisler gibi onursuz bir \u00f6l\u00fcm olmu\u015ftur. Rabbimiz bu \u00fclkeye ve bu millete yapt\u0131\u011f\u0131 k\u00f6t\u00fcl\u00fcklerin hesab\u0131n\u0131 bu hainlerden tek tek soracakt\u0131r.\u201d dedi\u2026 Cumhurba\u015fkan\u0131 Erdo\u011fan, FET\u00d6\u2019yle m\u00fccadelenin ter\u00f6ristba\u015f\u0131 G\u00fclen\u2019in<\/p>\n","protected":false},"author":1,"featured_media":67391,"comment_status":"open","ping_status":"open","sticky":false,"template":"","format":"standard","meta":{"footnotes":""},"categories":[86],"tags":[],"class_list":["post-67390","post","type-post","status-publish","format-standard","has-post-thumbnail","hentry","category-turkiye"],"yoast_head":"<!-- This site is optimized with the Yoast SEO plugin v27.4 - https:\/\/yoast.com\/product\/yoast-seo-wordpress\/ -->\n<title>Erdo\u011fan: FET\u00d6\u2019yle m\u00fccadele kararl\u0131l\u0131kla s\u00fcrecek -<\/title>\n<meta name=\"robots\" content=\"index, follow, max-snippet:-1, max-image-preview:large, max-video-preview:-1\" \/>\n<link rel=\"canonical\" href=\"https:\/\/kibrisdakik.com\/?p=67390\" \/>\n<meta property=\"og:locale\" content=\"tr_TR\" \/>\n<meta property=\"og:type\" content=\"article\" \/>\n<meta property=\"og:title\" content=\"Erdo\u011fan: FET\u00d6\u2019yle m\u00fccadele kararl\u0131l\u0131kla s\u00fcrecek -\" \/>\n<meta property=\"og:description\" content=\"T\u00fcrkiye Cumhurba\u015fkan\u0131 Recep Tayyip Erdo\u011fan, Fetullah\u00e7\u0131 Ter\u00f6r \u00d6rg\u00fct\u00fc eleba\u015f\u0131 Fetullah G\u00fclen\u2019in \u00f6l\u00fcm\u00fcyle ilgili a\u00e7\u0131klama yapt\u0131. Erdo\u011fan, \u201cMilletin \u00e7ocuklar\u0131n\u0131 hizmet diyerek, himmet diyerek mankurtla\u015ft\u0131ranlar\u0131n sonu tarihteki di\u011fer insan k\u0131l\u0131kl\u0131 iblisler gibi onursuz bir \u00f6l\u00fcm olmu\u015ftur. Rabbimiz bu \u00fclkeye ve bu millete yapt\u0131\u011f\u0131 k\u00f6t\u00fcl\u00fcklerin hesab\u0131n\u0131 bu hainlerden tek tek soracakt\u0131r.\u201d dedi\u2026 Cumhurba\u015fkan\u0131 Erdo\u011fan, FET\u00d6\u2019yle m\u00fccadelenin ter\u00f6ristba\u015f\u0131 G\u00fclen\u2019in\" \/>\n<meta property=\"og:url\" content=\"https:\/\/kibrisdakik.com\/?p=67390\" \/>\n<meta property=\"article:published_time\" content=\"2024-10-22T16:06:52+00:00\" \/>\n<meta property=\"og:image\" content=\"https:\/\/kibrisdakik.com\/wp-content\/uploads\/2024\/10\/sdaldksalka-740x420.jpg\" \/>\n\t<meta property=\"og:image:width\" content=\"800\" \/>\n\t<meta property=\"og:image:height\" content=\"450\" \/>\n\t<meta property=\"og:image:type\" content=\"image\/jpeg\" \/>\n<meta name=\"author\" content=\"admin\" \/>\n<meta name=\"twitter:card\" content=\"summary_large_image\" \/>\n<meta name=\"twitter:label1\" content=\"Yazan:\" \/>\n\t<meta name=\"twitter:data1\" content=\"admin\" \/>\n\t<meta name=\"twitter:label2\" content=\"Tahmini okuma s\u00fcresi\" \/>\n\t<meta name=\"twitter:data2\" content=\"1 dakika\" \/>\n<script type=\"application\/ld+json\" class=\"yoast-schema-graph\">{\"@context\":\"https:\\\/\\\/schema.org\",\"@graph\":[{\"@type\":\"Article\",\"@id\":\"https:\\\/\\\/kibrisdakik.com\\\/?p=67390#article\",\"isPartOf\":{\"@id\":\"https:\\\/\\\/kibrisdakik.com\\\/?p=67390\"},\"author\":{\"name\":\"admin\",\"@id\":\"https:\\\/\\\/kibrisdakik.com\\\/#\\\/schema\\\/person\\\/9cd9d437bbb44f72b73ba127e06d8e79\"},\"headline\":\"Erdo\u011fan: FET\u00d6\u2019yle m\u00fccadele kararl\u0131l\u0131kla s\u00fcrecek\",\"datePublished\":\"2024-10-22T16:06:52+00:00\",\"mainEntityOfPage\":{\"@id\":\"https:\\\/\\\/kibrisdakik.com\\\/?p=67390\"},\"wordCount\":111,\"commentCount\":0,\"image\":{\"@id\":\"https:\\\/\\\/kibrisdakik.com\\\/?p=67390#primaryimage\"},\"thumbnailUrl\":\"https:\\\/\\\/kibrisdakik.com\\\/wp-content\\\/uploads\\\/2024\\\/10\\\/sdaldksalka-740x420.jpg\",\"articleSection\":[\"T\u00fcrkiye\"],\"inLanguage\":\"tr\",\"potentialAction\":[{\"@type\":\"CommentAction\",\"name\":\"Comment\",\"target\":[\"https:\\\/\\\/kibrisdakik.com\\\/?p=67390#respond\"]}]},{\"@type\":\"WebPage\",\"@id\":\"https:\\\/\\\/kibrisdakik.com\\\/?p=67390\",\"url\":\"https:\\\/\\\/kibrisdakik.com\\\/?p=67390\",\"name\":\"Erdo\u011fan: FET\u00d6\u2019yle m\u00fccadele kararl\u0131l\u0131kla s\u00fcrecek -\",\"isPartOf\":{\"@id\":\"https:\\\/\\\/kibrisdakik.com\\\/#website\"},\"primaryImageOfPage\":{\"@id\":\"https:\\\/\\\/kibrisdakik.com\\\/?p=67390#primaryimage\"},\"image\":{\"@id\":\"https:\\\/\\\/kibrisdakik.com\\\/?p=67390#primaryimage\"},\"thumbnailUrl\":\"https:\\\/\\\/kibrisdakik.com\\\/wp-content\\\/uploads\\\/2024\\\/10\\\/sdaldksalka-740x420.jpg\",\"datePublished\":\"2024-10-22T16:06:52+00:00\",\"author\":{\"@id\":\"https:\\\/\\\/kibrisdakik.com\\\/#\\\/schema\\\/person\\\/9cd9d437bbb44f72b73ba127e06d8e79\"},\"breadcrumb\":{\"@id\":\"https:\\\/\\\/kibrisdakik.com\\\/?p=67390#breadcrumb\"},\"inLanguage\":\"tr\",\"potentialAction\":[{\"@type\":\"ReadAction\",\"target\":[\"https:\\\/\\\/kibrisdakik.com\\\/?p=67390\"]}]},{\"@type\":\"ImageObject\",\"inLanguage\":\"tr\",\"@id\":\"https:\\\/\\\/kibrisdakik.com\\\/?p=67390#primaryimage\",\"url\":\"https:\\\/\\\/kibrisdakik.com\\\/wp-content\\\/uploads\\\/2024\\\/10\\\/sdaldksalka-740x420.jpg\",\"contentUrl\":\"https:\\\/\\\/kibrisdakik.com\\\/wp-content\\\/uploads\\\/2024\\\/10\\\/sdaldksalka-740x420.jpg\",\"width\":800,\"height\":450},{\"@type\":\"BreadcrumbList\",\"@id\":\"https:\\\/\\\/kibrisdakik.com\\\/?p=67390#breadcrumb\",\"itemListElement\":[{\"@type\":\"ListItem\",\"position\":1,\"name\":\"Home\",\"item\":\"https:\\\/\\\/kibrisdakik.com\\\/\"},{\"@type\":\"ListItem\",\"position\":2,\"name\":\"Erdo\u011fan: FET\u00d6\u2019yle m\u00fccadele kararl\u0131l\u0131kla s\u00fcrecek\"}]},{\"@type\":\"WebSite\",\"@id\":\"https:\\\/\\\/kibrisdakik.com\\\/#website\",\"url\":\"https:\\\/\\\/kibrisdakik.com\\\/\",\"name\":\"\",\"description\":\"Tam vaktinde haber\",\"potentialAction\":[{\"@type\":\"SearchAction\",\"target\":{\"@type\":\"EntryPoint\",\"urlTemplate\":\"https:\\\/\\\/kibrisdakik.com\\\/?s={search_term_string}\"},\"query-input\":{\"@type\":\"PropertyValueSpecification\",\"valueRequired\":true,\"valueName\":\"search_term_string\"}}],\"inLanguage\":\"tr\"},{\"@type\":\"Person\",\"@id\":\"https:\\\/\\\/kibrisdakik.com\\\/#\\\/schema\\\/person\\\/9cd9d437bbb44f72b73ba127e06d8e79\",\"name\":\"admin\",\"image\":{\"@type\":\"ImageObject\",\"inLanguage\":\"tr\",\"@id\":\"https:\\\/\\\/secure.gravatar.com\\\/avatar\\\/ccc17943b9d660506c869530f897617f7cb1c21a4bf30023f252596d83e1f007?s=96&d=mm&r=g\",\"url\":\"https:\\\/\\\/secure.gravatar.com\\\/avatar\\\/ccc17943b9d660506c869530f897617f7cb1c21a4bf30023f252596d83e1f007?s=96&d=mm&r=g\",\"contentUrl\":\"https:\\\/\\\/secure.gravatar.com\\\/avatar\\\/ccc17943b9d660506c869530f897617f7cb1c21a4bf30023f252596d83e1f007?s=96&d=mm&r=g\",\"caption\":\"admin\"},\"sameAs\":[\"https:\\\/\\\/kibrisdakik.com\"],\"url\":\"https:\\\/\\\/kibrisdakik.com\\\/?author=1\"}]}<\/script>\n<!-- \/ Yoast SEO plugin. -->","yoast_head_json":{"title":"Erdo\u011fan: FET\u00d6\u2019yle m\u00fccadele kararl\u0131l\u0131kla s\u00fcrecek -","robots":{"index":"index","follow":"follow","max-snippet":"max-snippet:-1","max-image-preview":"max-image-preview:large","max-video-preview":"max-video-preview:-1"},"canonical":"https:\/\/kibrisdakik.com\/?p=67390","og_locale":"tr_TR","og_type":"article","og_title":"Erdo\u011fan: FET\u00d6\u2019yle m\u00fccadele kararl\u0131l\u0131kla s\u00fcrecek -","og_description":"T\u00fcrkiye Cumhurba\u015fkan\u0131 Recep Tayyip Erdo\u011fan, Fetullah\u00e7\u0131 Ter\u00f6r \u00d6rg\u00fct\u00fc eleba\u015f\u0131 Fetullah G\u00fclen\u2019in \u00f6l\u00fcm\u00fcyle ilgili a\u00e7\u0131klama yapt\u0131. Erdo\u011fan, \u201cMilletin \u00e7ocuklar\u0131n\u0131 hizmet diyerek, himmet diyerek mankurtla\u015ft\u0131ranlar\u0131n sonu tarihteki di\u011fer insan k\u0131l\u0131kl\u0131 iblisler gibi onursuz bir \u00f6l\u00fcm olmu\u015ftur. Rabbimiz bu \u00fclkeye ve bu millete yapt\u0131\u011f\u0131 k\u00f6t\u00fcl\u00fcklerin hesab\u0131n\u0131 bu hainlerden tek tek soracakt\u0131r.\u201d dedi\u2026 Cumhurba\u015fkan\u0131 Erdo\u011fan, FET\u00d6\u2019yle m\u00fccadelenin ter\u00f6ristba\u015f\u0131 G\u00fclen\u2019in","og_url":"https:\/\/kibrisdakik.com\/?p=67390","article_published_time":"2024-10-22T16:06:52+00:00","og_image":[{"width":800,"height":450,"url":"https:\/\/kibrisdakik.com\/wp-content\/uploads\/2024\/10\/sdaldksalka-740x420.jpg","type":"image\/jpeg"}],"author":"admin","twitter_card":"summary_large_image","twitter_misc":{"Yazan:":"admin","Tahmini okuma s\u00fcresi":"1 dakika"},"schema":{"@context":"https:\/\/schema.org","@graph":[{"@type":"Article","@id":"https:\/\/kibrisdakik.com\/?p=67390#article","isPartOf":{"@id":"https:\/\/kibrisdakik.com\/?p=67390"},"author":{"name":"admin","@id":"https:\/\/kibrisdakik.com\/#\/schema\/person\/9cd9d437bbb44f72b73ba127e06d8e79"},"headline":"Erdo\u011fan: FET\u00d6\u2019yle m\u00fccadele kararl\u0131l\u0131kla s\u00fcrecek","datePublished":"2024-10-22T16:06:52+00:00","mainEntityOfPage":{"@id":"https:\/\/kibrisdakik.com\/?p=67390"},"wordCount":111,"commentCount":0,"image":{"@id":"https:\/\/kibrisdakik.com\/?p=67390#primaryimage"},"thumbnailUrl":"https:\/\/kibrisdakik.com\/wp-content\/uploads\/2024\/10\/sdaldksalka-740x420.jpg","articleSection":["T\u00fcrkiye"],"inLanguage":"tr","potentialAction":[{"@type":"CommentAction","name":"Comment","target":["https:\/\/kibrisdakik.com\/?p=67390#respond"]}]},{"@type":"WebPage","@id":"https:\/\/kibrisdakik.com\/?p=67390","url":"https:\/\/kibrisdakik.com\/?p=67390","name":"Erdo\u011fan: FET\u00d6\u2019yle m\u00fccadele kararl\u0131l\u0131kla s\u00fcrecek -","isPartOf":{"@id":"https:\/\/kibrisdakik.com\/#website"},"primaryImageOfPage":{"@id":"https:\/\/kibrisdakik.com\/?p=67390#primaryimage"},"image":{"@id":"https:\/\/kibrisdakik.com\/?p=67390#primaryimage"},"thumbnailUrl":"https:\/\/kibrisdakik.com\/wp-content\/uploads\/2024\/10\/sdaldksalka-740x420.jpg","datePublished":"2024-10-22T16:06:52+00:00","author":{"@id":"https:\/\/kibrisdakik.com\/#\/schema\/person\/9cd9d437bbb44f72b73ba127e06d8e79"},"breadcrumb":{"@id":"https:\/\/kibrisdakik.com\/?p=67390#breadcrumb"},"inLanguage":"tr","potentialAction":[{"@type":"ReadAction","target":["https:\/\/kibrisdakik.com\/?p=67390"]}]},{"@type":"ImageObject","inLanguage":"tr","@id":"https:\/\/kibrisdakik.com\/?p=67390#primaryimage","url":"https:\/\/kibrisdakik.com\/wp-content\/uploads\/2024\/10\/sdaldksalka-740x420.jpg","contentUrl":"https:\/\/kibrisdakik.com\/wp-content\/uploads\/2024\/10\/sdaldksalka-740x420.jpg","width":800,"height":450},{"@type":"BreadcrumbList","@id":"https:\/\/kibrisdakik.com\/?p=67390#breadcrumb","itemListElement":[{"@type":"ListItem","position":1,"name":"Home","item":"https:\/\/kibrisdakik.com\/"},{"@type":"ListItem","position":2,"name":"Erdo\u011fan: FET\u00d6\u2019yle m\u00fccadele kararl\u0131l\u0131kla s\u00fcrecek"}]},{"@type":"WebSite","@id":"https:\/\/kibrisdakik.com\/#website","url":"https:\/\/kibrisdakik.com\/","name":"","description":"Tam vaktinde haber","potentialAction":[{"@type":"SearchAction","target":{"@type":"EntryPoint","urlTemplate":"https:\/\/kibrisdakik.com\/?s={search_term_string}"},"query-input":{"@type":"PropertyValueSpecification","valueRequired":true,"valueName":"search_term_string"}}],"inLanguage":"tr"},{"@type":"Person","@id":"https:\/\/kibrisdakik.com\/#\/schema\/person\/9cd9d437bbb44f72b73ba127e06d8e79","name":"admin","image":{"@type":"ImageObject","inLanguage":"tr","@id":"https:\/\/secure.gravatar.com\/avatar\/ccc17943b9d660506c869530f897617f7cb1c21a4bf30023f252596d83e1f007?s=96&d=mm&r=g","url":"https:\/\/secure.gravatar.com\/avatar\/ccc17943b9d660506c869530f897617f7cb1c21a4bf30023f252596d83e1f007?s=96&d=mm&r=g","contentUrl":"https:\/\/secure.gravatar.com\/avatar\/ccc17943b9d660506c869530f897617f7cb1c21a4bf30023f252596d83e1f007?s=96&d=mm&r=g","caption":"admin"},"sameAs":["https:\/\/kibrisdakik.com"],"url":"https:\/\/kibrisdakik.com\/?author=1"}]}},"_links":{"self":[{"href":"https:\/\/kibrisdakik.com\/index.php?rest_route=\/wp\/v2\/posts\/67390","targetHints":{"allow":["GET"]}}],"collection":[{"href":"https:\/\/kibrisdakik.com\/index.php?rest_route=\/wp\/v2\/posts"}],"about":[{"href":"https:\/\/kibrisdakik.com\/index.php?rest_route=\/wp\/v2\/types\/post"}],"author":[{"embeddable":true,"href":"https:\/\/kibrisdakik.com\/index.php?rest_route=\/wp\/v2\/users\/1"}],"replies":[{"embeddable":true,"href":"https:\/\/kibrisdakik.com\/index.php?rest_route=%2Fwp%2Fv2%2Fcomments&post=67390"}],"version-history":[{"count":0,"href":"https:\/\/kibrisdakik.com\/index.php?rest_route=\/wp\/v2\/posts\/67390\/revisions"}],"wp:featuredmedia":[{"embeddable":true,"href":"https:\/\/kibrisdakik.com\/index.php?rest_route=\/wp\/v2\/media\/67391"}],"wp:attachment":[{"href":"https:\/\/kibrisdakik.com\/index.php?rest_route=%2Fwp%2Fv2%2Fmedia&parent=67390"}],"wp:term":[{"taxonomy":"category","embeddable":true,"href":"https:\/\/kibrisdakik.com\/index.php?rest_route=%2Fwp%2Fv2%2Fcategories&post=67390"},{"taxonomy":"post_tag","embeddable":true,"href":"https:\/\/kibrisdakik.com\/index.php?rest_route=%2Fwp%2Fv2%2Ftags&post=67390"}],"curies":[{"name":"wp","href":"https:\/\/api.w.org\/{rel}","templated":true}]}}