{"id":67396,"date":"2024-10-22T19:22:46","date_gmt":"2024-10-22T16:22:46","guid":{"rendered":"https:\/\/kibrisdakik.com\/index.php\/2024\/10\/22\/disisleri-bakani-ertugruloglu-tc-milli-savunma-bakani-guler-ile-gorustu\/"},"modified":"2024-10-22T19:22:46","modified_gmt":"2024-10-22T16:22:46","slug":"disisleri-bakani-ertugruloglu-tc-milli-savunma-bakani-guler-ile-gorustu","status":"publish","type":"post","link":"https:\/\/kibrisdakik.com\/?p=67396","title":{"rendered":"D\u0131\u015fi\u015fleri Bakan\u0131 Ertu\u011frulo\u011flu, TC Mill\u00ee Savunma Bakan\u0131 G\u00fcler ile g\u00f6r\u00fc\u015ft\u00fc"},"content":{"rendered":"<div>\n<div class=\"mariselle-image-container center\">\n                                            <\/div>\n<p>D\u0131\u015fi\u015fleri Bakan\u0131 Tahsin Ertu\u011frulo\u011flu, T\u00fcrkiye Mill\u00ee Savunma Bakan\u0131 Ya\u015far G\u00fcler ile \u0130stanbul\u2019da biraraya geldi.<\/p>\n<p>Bakan Ertu\u011frulo\u011flu, \u0130stanbul\u2019da ger\u00e7ekle\u015ftirilen Havac\u0131l\u0131k ve Uzay Sanayii Fuar\u0131 kapsam\u0131nda T\u00fcrkiye Milli Savunma Bakan\u0131 ya\u015far G\u00fcler ile g\u00f6r\u00fc\u015ft\u00fc.<\/p>\n<p>\u0130stanbul Fuar Merkezi\u2019ndeki g\u00f6r\u00fc\u015fme bas\u0131na kapal\u0131 ger\u00e7ekle\u015fti.<\/p>\n<\/p><\/div>\n<p><script async\n                    defer\n                    crossorigin=\"anonymous\"\n                    src=\"https:\/\/connect.facebook.net\/tr_TR\/sdk.js#xfbml=1&#038;version=v3.3\"\n            ><\/script><\/p>\n","protected":false},"excerpt":{"rendered":"<p>D\u0131\u015fi\u015fleri Bakan\u0131 Tahsin Ertu\u011frulo\u011flu, T\u00fcrkiye Mill\u00ee Savunma Bakan\u0131 Ya\u015far G\u00fcler ile \u0130stanbul\u2019da biraraya geldi. Bakan Ertu\u011frulo\u011flu, \u0130stanbul\u2019da ger\u00e7ekle\u015ftirilen Havac\u0131l\u0131k ve Uzay Sanayii Fuar\u0131 kapsam\u0131nda T\u00fcrkiye Milli Savunma Bakan\u0131 ya\u015far G\u00fcler ile g\u00f6r\u00fc\u015ft\u00fc. \u0130stanbul Fuar Merkezi\u2019ndeki g\u00f6r\u00fc\u015fme bas\u0131na kapal\u0131 ger\u00e7ekle\u015fti.<\/p>\n","protected":false},"author":1,"featured_media":67397,"comment_status":"open","ping_status":"open","sticky":false,"template":"","format":"standard","meta":{"footnotes":""},"categories":[81],"tags":[],"class_list":["post-67396","post","type-post","status-publish","format-standard","has-post-thumbnail","hentry","category-kibris"],"yoast_head":"<!-- This site is optimized with the Yoast SEO plugin v27.5 - https:\/\/yoast.com\/product\/yoast-seo-wordpress\/ -->\n<title>D\u0131\u015fi\u015fleri Bakan\u0131 Ertu\u011frulo\u011flu, TC Mill\u00ee Savunma Bakan\u0131 G\u00fcler ile g\u00f6r\u00fc\u015ft\u00fc -<\/title>\n<meta name=\"robots\" content=\"index, follow, max-snippet:-1, max-image-preview:large, max-video-preview:-1\" \/>\n<link rel=\"canonical\" href=\"https:\/\/kibrisdakik.com\/?p=67396\" \/>\n<meta property=\"og:locale\" content=\"tr_TR\" \/>\n<meta property=\"og:type\" content=\"article\" \/>\n<meta property=\"og:title\" content=\"D\u0131\u015fi\u015fleri Bakan\u0131 Ertu\u011frulo\u011flu, TC Mill\u00ee Savunma Bakan\u0131 G\u00fcler ile g\u00f6r\u00fc\u015ft\u00fc -\" \/>\n<meta property=\"og:description\" content=\"D\u0131\u015fi\u015fleri Bakan\u0131 Tahsin Ertu\u011frulo\u011flu, T\u00fcrkiye Mill\u00ee Savunma Bakan\u0131 Ya\u015far G\u00fcler ile \u0130stanbul\u2019da biraraya geldi. Bakan Ertu\u011frulo\u011flu, \u0130stanbul\u2019da ger\u00e7ekle\u015ftirilen Havac\u0131l\u0131k ve Uzay Sanayii Fuar\u0131 kapsam\u0131nda T\u00fcrkiye Milli Savunma Bakan\u0131 ya\u015far G\u00fcler ile g\u00f6r\u00fc\u015ft\u00fc. \u0130stanbul Fuar Merkezi\u2019ndeki g\u00f6r\u00fc\u015fme bas\u0131na kapal\u0131 ger\u00e7ekle\u015fti.\" \/>\n<meta property=\"og:url\" content=\"https:\/\/kibrisdakik.com\/?p=67396\" \/>\n<meta property=\"article:published_time\" content=\"2024-10-22T16:22:46+00:00\" \/>\n<meta property=\"og:image\" content=\"https:\/\/kibrisdakik.com\/wp-content\/uploads\/2024\/10\/10-TAHSIN-GULER-740x420.jpg\" \/>\n\t<meta property=\"og:image:width\" content=\"1920\" \/>\n\t<meta property=\"og:image:height\" content=\"1280\" \/>\n\t<meta property=\"og:image:type\" content=\"image\/jpeg\" \/>\n<meta name=\"author\" content=\"admin\" \/>\n<meta name=\"twitter:card\" content=\"summary_large_image\" \/>\n<meta name=\"twitter:label1\" content=\"Yazan:\" \/>\n\t<meta name=\"twitter:data1\" content=\"admin\" \/>\n<script type=\"application\/ld+json\" class=\"yoast-schema-graph\">{\"@context\":\"https:\\\/\\\/schema.org\",\"@graph\":[{\"@type\":\"Article\",\"@id\":\"https:\\\/\\\/kibrisdakik.com\\\/?p=67396#article\",\"isPartOf\":{\"@id\":\"https:\\\/\\\/kibrisdakik.com\\\/?p=67396\"},\"author\":{\"name\":\"admin\",\"@id\":\"https:\\\/\\\/kibrisdakik.com\\\/#\\\/schema\\\/person\\\/9cd9d437bbb44f72b73ba127e06d8e79\"},\"headline\":\"D\u0131\u015fi\u015fleri Bakan\u0131 Ertu\u011frulo\u011flu, TC Mill\u00ee Savunma Bakan\u0131 G\u00fcler ile g\u00f6r\u00fc\u015ft\u00fc\",\"datePublished\":\"2024-10-22T16:22:46+00:00\",\"mainEntityOfPage\":{\"@id\":\"https:\\\/\\\/kibrisdakik.com\\\/?p=67396\"},\"wordCount\":83,\"commentCount\":0,\"image\":{\"@id\":\"https:\\\/\\\/kibrisdakik.com\\\/?p=67396#primaryimage\"},\"thumbnailUrl\":\"https:\\\/\\\/kibrisdakik.com\\\/wp-content\\\/uploads\\\/2024\\\/10\\\/10-TAHSIN-GULER-740x420.jpg\",\"articleSection\":[\"K\u0131br\u0131s\"],\"inLanguage\":\"tr\",\"potentialAction\":[{\"@type\":\"CommentAction\",\"name\":\"Comment\",\"target\":[\"https:\\\/\\\/kibrisdakik.com\\\/?p=67396#respond\"]}]},{\"@type\":\"WebPage\",\"@id\":\"https:\\\/\\\/kibrisdakik.com\\\/?p=67396\",\"url\":\"https:\\\/\\\/kibrisdakik.com\\\/?p=67396\",\"name\":\"D\u0131\u015fi\u015fleri Bakan\u0131 Ertu\u011frulo\u011flu, TC Mill\u00ee Savunma Bakan\u0131 G\u00fcler ile g\u00f6r\u00fc\u015ft\u00fc -\",\"isPartOf\":{\"@id\":\"https:\\\/\\\/kibrisdakik.com\\\/#website\"},\"primaryImageOfPage\":{\"@id\":\"https:\\\/\\\/kibrisdakik.com\\\/?p=67396#primaryimage\"},\"image\":{\"@id\":\"https:\\\/\\\/kibrisdakik.com\\\/?p=67396#primaryimage\"},\"thumbnailUrl\":\"https:\\\/\\\/kibrisdakik.com\\\/wp-content\\\/uploads\\\/2024\\\/10\\\/10-TAHSIN-GULER-740x420.jpg\",\"datePublished\":\"2024-10-22T16:22:46+00:00\",\"author\":{\"@id\":\"https:\\\/\\\/kibrisdakik.com\\\/#\\\/schema\\\/person\\\/9cd9d437bbb44f72b73ba127e06d8e79\"},\"breadcrumb\":{\"@id\":\"https:\\\/\\\/kibrisdakik.com\\\/?p=67396#breadcrumb\"},\"inLanguage\":\"tr\",\"potentialAction\":[{\"@type\":\"ReadAction\",\"target\":[\"https:\\\/\\\/kibrisdakik.com\\\/?p=67396\"]}]},{\"@type\":\"ImageObject\",\"inLanguage\":\"tr\",\"@id\":\"https:\\\/\\\/kibrisdakik.com\\\/?p=67396#primaryimage\",\"url\":\"https:\\\/\\\/kibrisdakik.com\\\/wp-content\\\/uploads\\\/2024\\\/10\\\/10-TAHSIN-GULER-740x420.jpg\",\"contentUrl\":\"https:\\\/\\\/kibrisdakik.com\\\/wp-content\\\/uploads\\\/2024\\\/10\\\/10-TAHSIN-GULER-740x420.jpg\",\"width\":1920,\"height\":1280},{\"@type\":\"BreadcrumbList\",\"@id\":\"https:\\\/\\\/kibrisdakik.com\\\/?p=67396#breadcrumb\",\"itemListElement\":[{\"@type\":\"ListItem\",\"position\":1,\"name\":\"Home\",\"item\":\"https:\\\/\\\/kibrisdakik.com\\\/\"},{\"@type\":\"ListItem\",\"position\":2,\"name\":\"D\u0131\u015fi\u015fleri Bakan\u0131 Ertu\u011frulo\u011flu, TC Mill\u00ee Savunma Bakan\u0131 G\u00fcler ile g\u00f6r\u00fc\u015ft\u00fc\"}]},{\"@type\":\"WebSite\",\"@id\":\"https:\\\/\\\/kibrisdakik.com\\\/#website\",\"url\":\"https:\\\/\\\/kibrisdakik.com\\\/\",\"name\":\"\",\"description\":\"Tam vaktinde haber\",\"potentialAction\":[{\"@type\":\"SearchAction\",\"target\":{\"@type\":\"EntryPoint\",\"urlTemplate\":\"https:\\\/\\\/kibrisdakik.com\\\/?s={search_term_string}\"},\"query-input\":{\"@type\":\"PropertyValueSpecification\",\"valueRequired\":true,\"valueName\":\"search_term_string\"}}],\"inLanguage\":\"tr\"},{\"@type\":\"Person\",\"@id\":\"https:\\\/\\\/kibrisdakik.com\\\/#\\\/schema\\\/person\\\/9cd9d437bbb44f72b73ba127e06d8e79\",\"name\":\"admin\",\"image\":{\"@type\":\"ImageObject\",\"inLanguage\":\"tr\",\"@id\":\"https:\\\/\\\/secure.gravatar.com\\\/avatar\\\/ccc17943b9d660506c869530f897617f7cb1c21a4bf30023f252596d83e1f007?s=96&d=mm&r=g\",\"url\":\"https:\\\/\\\/secure.gravatar.com\\\/avatar\\\/ccc17943b9d660506c869530f897617f7cb1c21a4bf30023f252596d83e1f007?s=96&d=mm&r=g\",\"contentUrl\":\"https:\\\/\\\/secure.gravatar.com\\\/avatar\\\/ccc17943b9d660506c869530f897617f7cb1c21a4bf30023f252596d83e1f007?s=96&d=mm&r=g\",\"caption\":\"admin\"},\"sameAs\":[\"https:\\\/\\\/kibrisdakik.com\"],\"url\":\"https:\\\/\\\/kibrisdakik.com\\\/?author=1\"}]}<\/script>\n<!-- \/ Yoast SEO plugin. -->","yoast_head_json":{"title":"D\u0131\u015fi\u015fleri Bakan\u0131 Ertu\u011frulo\u011flu, TC Mill\u00ee Savunma Bakan\u0131 G\u00fcler ile g\u00f6r\u00fc\u015ft\u00fc -","robots":{"index":"index","follow":"follow","max-snippet":"max-snippet:-1","max-image-preview":"max-image-preview:large","max-video-preview":"max-video-preview:-1"},"canonical":"https:\/\/kibrisdakik.com\/?p=67396","og_locale":"tr_TR","og_type":"article","og_title":"D\u0131\u015fi\u015fleri Bakan\u0131 Ertu\u011frulo\u011flu, TC Mill\u00ee Savunma Bakan\u0131 G\u00fcler ile g\u00f6r\u00fc\u015ft\u00fc -","og_description":"D\u0131\u015fi\u015fleri Bakan\u0131 Tahsin Ertu\u011frulo\u011flu, T\u00fcrkiye Mill\u00ee Savunma Bakan\u0131 Ya\u015far G\u00fcler ile \u0130stanbul\u2019da biraraya geldi. Bakan Ertu\u011frulo\u011flu, \u0130stanbul\u2019da ger\u00e7ekle\u015ftirilen Havac\u0131l\u0131k ve Uzay Sanayii Fuar\u0131 kapsam\u0131nda T\u00fcrkiye Milli Savunma Bakan\u0131 ya\u015far G\u00fcler ile g\u00f6r\u00fc\u015ft\u00fc. \u0130stanbul Fuar Merkezi\u2019ndeki g\u00f6r\u00fc\u015fme bas\u0131na kapal\u0131 ger\u00e7ekle\u015fti.","og_url":"https:\/\/kibrisdakik.com\/?p=67396","article_published_time":"2024-10-22T16:22:46+00:00","og_image":[{"width":1920,"height":1280,"url":"https:\/\/kibrisdakik.com\/wp-content\/uploads\/2024\/10\/10-TAHSIN-GULER-740x420.jpg","type":"image\/jpeg"}],"author":"admin","twitter_card":"summary_large_image","twitter_misc":{"Yazan:":"admin"},"schema":{"@context":"https:\/\/schema.org","@graph":[{"@type":"Article","@id":"https:\/\/kibrisdakik.com\/?p=67396#article","isPartOf":{"@id":"https:\/\/kibrisdakik.com\/?p=67396"},"author":{"name":"admin","@id":"https:\/\/kibrisdakik.com\/#\/schema\/person\/9cd9d437bbb44f72b73ba127e06d8e79"},"headline":"D\u0131\u015fi\u015fleri Bakan\u0131 Ertu\u011frulo\u011flu, TC Mill\u00ee Savunma Bakan\u0131 G\u00fcler ile g\u00f6r\u00fc\u015ft\u00fc","datePublished":"2024-10-22T16:22:46+00:00","mainEntityOfPage":{"@id":"https:\/\/kibrisdakik.com\/?p=67396"},"wordCount":83,"commentCount":0,"image":{"@id":"https:\/\/kibrisdakik.com\/?p=67396#primaryimage"},"thumbnailUrl":"https:\/\/kibrisdakik.com\/wp-content\/uploads\/2024\/10\/10-TAHSIN-GULER-740x420.jpg","articleSection":["K\u0131br\u0131s"],"inLanguage":"tr","potentialAction":[{"@type":"CommentAction","name":"Comment","target":["https:\/\/kibrisdakik.com\/?p=67396#respond"]}]},{"@type":"WebPage","@id":"https:\/\/kibrisdakik.com\/?p=67396","url":"https:\/\/kibrisdakik.com\/?p=67396","name":"D\u0131\u015fi\u015fleri Bakan\u0131 Ertu\u011frulo\u011flu, TC Mill\u00ee Savunma Bakan\u0131 G\u00fcler ile g\u00f6r\u00fc\u015ft\u00fc -","isPartOf":{"@id":"https:\/\/kibrisdakik.com\/#website"},"primaryImageOfPage":{"@id":"https:\/\/kibrisdakik.com\/?p=67396#primaryimage"},"image":{"@id":"https:\/\/kibrisdakik.com\/?p=67396#primaryimage"},"thumbnailUrl":"https:\/\/kibrisdakik.com\/wp-content\/uploads\/2024\/10\/10-TAHSIN-GULER-740x420.jpg","datePublished":"2024-10-22T16:22:46+00:00","author":{"@id":"https:\/\/kibrisdakik.com\/#\/schema\/person\/9cd9d437bbb44f72b73ba127e06d8e79"},"breadcrumb":{"@id":"https:\/\/kibrisdakik.com\/?p=67396#breadcrumb"},"inLanguage":"tr","potentialAction":[{"@type":"ReadAction","target":["https:\/\/kibrisdakik.com\/?p=67396"]}]},{"@type":"ImageObject","inLanguage":"tr","@id":"https:\/\/kibrisdakik.com\/?p=67396#primaryimage","url":"https:\/\/kibrisdakik.com\/wp-content\/uploads\/2024\/10\/10-TAHSIN-GULER-740x420.jpg","contentUrl":"https:\/\/kibrisdakik.com\/wp-content\/uploads\/2024\/10\/10-TAHSIN-GULER-740x420.jpg","width":1920,"height":1280},{"@type":"BreadcrumbList","@id":"https:\/\/kibrisdakik.com\/?p=67396#breadcrumb","itemListElement":[{"@type":"ListItem","position":1,"name":"Home","item":"https:\/\/kibrisdakik.com\/"},{"@type":"ListItem","position":2,"name":"D\u0131\u015fi\u015fleri Bakan\u0131 Ertu\u011frulo\u011flu, TC Mill\u00ee Savunma Bakan\u0131 G\u00fcler ile g\u00f6r\u00fc\u015ft\u00fc"}]},{"@type":"WebSite","@id":"https:\/\/kibrisdakik.com\/#website","url":"https:\/\/kibrisdakik.com\/","name":"","description":"Tam vaktinde haber","potentialAction":[{"@type":"SearchAction","target":{"@type":"EntryPoint","urlTemplate":"https:\/\/kibrisdakik.com\/?s={search_term_string}"},"query-input":{"@type":"PropertyValueSpecification","valueRequired":true,"valueName":"search_term_string"}}],"inLanguage":"tr"},{"@type":"Person","@id":"https:\/\/kibrisdakik.com\/#\/schema\/person\/9cd9d437bbb44f72b73ba127e06d8e79","name":"admin","image":{"@type":"ImageObject","inLanguage":"tr","@id":"https:\/\/secure.gravatar.com\/avatar\/ccc17943b9d660506c869530f897617f7cb1c21a4bf30023f252596d83e1f007?s=96&d=mm&r=g","url":"https:\/\/secure.gravatar.com\/avatar\/ccc17943b9d660506c869530f897617f7cb1c21a4bf30023f252596d83e1f007?s=96&d=mm&r=g","contentUrl":"https:\/\/secure.gravatar.com\/avatar\/ccc17943b9d660506c869530f897617f7cb1c21a4bf30023f252596d83e1f007?s=96&d=mm&r=g","caption":"admin"},"sameAs":["https:\/\/kibrisdakik.com"],"url":"https:\/\/kibrisdakik.com\/?author=1"}]}},"_links":{"self":[{"href":"https:\/\/kibrisdakik.com\/index.php?rest_route=\/wp\/v2\/posts\/67396","targetHints":{"allow":["GET"]}}],"collection":[{"href":"https:\/\/kibrisdakik.com\/index.php?rest_route=\/wp\/v2\/posts"}],"about":[{"href":"https:\/\/kibrisdakik.com\/index.php?rest_route=\/wp\/v2\/types\/post"}],"author":[{"embeddable":true,"href":"https:\/\/kibrisdakik.com\/index.php?rest_route=\/wp\/v2\/users\/1"}],"replies":[{"embeddable":true,"href":"https:\/\/kibrisdakik.com\/index.php?rest_route=%2Fwp%2Fv2%2Fcomments&post=67396"}],"version-history":[{"count":0,"href":"https:\/\/kibrisdakik.com\/index.php?rest_route=\/wp\/v2\/posts\/67396\/revisions"}],"wp:featuredmedia":[{"embeddable":true,"href":"https:\/\/kibrisdakik.com\/index.php?rest_route=\/wp\/v2\/media\/67397"}],"wp:attachment":[{"href":"https:\/\/kibrisdakik.com\/index.php?rest_route=%2Fwp%2Fv2%2Fmedia&parent=67396"}],"wp:term":[{"taxonomy":"category","embeddable":true,"href":"https:\/\/kibrisdakik.com\/index.php?rest_route=%2Fwp%2Fv2%2Fcategories&post=67396"},{"taxonomy":"post_tag","embeddable":true,"href":"https:\/\/kibrisdakik.com\/index.php?rest_route=%2Fwp%2Fv2%2Ftags&post=67396"}],"curies":[{"name":"wp","href":"https:\/\/api.w.org\/{rel}","templated":true}]}}