{"id":67419,"date":"2024-10-23T11:18:58","date_gmt":"2024-10-23T08:18:58","guid":{"rendered":"https:\/\/kibrisdakik.com\/index.php\/2024\/10\/23\/ercan-havalimanindaki-trafik-akisinin-rahatilmasi-icin-calismalar-basladi-karavezirlerercandaki-duzenlemeler-kisa-vadede-hayata-gececek\/"},"modified":"2024-10-23T11:18:58","modified_gmt":"2024-10-23T08:18:58","slug":"ercan-havalimanindaki-trafik-akisinin-rahatilmasi-icin-calismalar-basladi-karavezirlerercandaki-duzenlemeler-kisa-vadede-hayata-gececek","status":"publish","type":"post","link":"https:\/\/kibrisdakik.com\/?p=67419","title":{"rendered":"Ercan Havaliman\u0131\u2019ndaki trafik ak\u0131\u015f\u0131n\u0131n rahat\u0131lmas\u0131 i\u00e7in \u00e7al\u0131\u015fmalar ba\u015flad\u0131. .. Karavezirler:\u2019Ercan\u2019daki d\u00fczenlemeler k\u0131sa vadede hayata ge\u00e7ecek\u2019"},"content":{"rendered":"<div>\n<div class=\"mariselle-image-container center\">\n                                            <\/div>\n<p>\nDe\u011firmenlik Ak\u0131nc\u0131lar Belediyesi, Bakanlar Kurulu karar\u0131yla Ercan Havaliman\u0131\u2019ndaki trafik d\u00fczenlemesi konusunda yetkilendirilmesinin ard\u0131ndan \u00e7al\u0131\u015fmalar\u0131na ba\u015flad\u0131.<\/p>\n<p>De\u011firmenlik Ak\u0131nc\u0131lar Belediye Ba\u015fkan\u0131 Ali Karavezirler ger\u00e7ekle\u015ftirilecek d\u00fczenleme i\u00e7in yetkililerle ve payda\u015flarla toplant\u0131lar yapt\u0131. <\/p>\n<div class=\"mariselle-image-container center\">\n                <img loading=\"lazy\" decoding=\"async\" width=\"2560\" height=\"1707\" class=\"lazy-image\" alt=\"\" sizes=\"auto, (max-width: 2560px) 100vw, 2560px\" src=\"https:\/\/brtk.net\/wp-content\/uploads\/2024\/10\/23\/2-scaled.jpg?ver=4ab08f019f7561db66777abc406f1e4c\" srcset=\"https:\/\/brtk.net\/wp-content\/uploads\/2024\/10\/23\/2-scaled.jpg?ver=4ab08f019f7561db66777abc406f1e4c 2560w, https:\/\/brtk.net\/wp-content\/uploads\/2024\/10\/23\/2-300x200.jpg?ver=87da2a355b46e418bb3a0c68e1ae66fe 300w, https:\/\/brtk.net\/wp-content\/uploads\/2024\/10\/23\/2-1024x683.jpg?ver=949fea9c503c540f445e274dc4de288f 1024w, https:\/\/brtk.net\/wp-content\/uploads\/2024\/10\/23\/2-768x512.jpg?ver=f1db7241ebfb1391f4ae7ff232d9b564 768w, https:\/\/brtk.net\/wp-content\/uploads\/2024\/10\/23\/2-1536x1024.jpg?ver=63edb3073b86e1c39eb831c15804f4c7 1536w, https:\/\/brtk.net\/wp-content\/uploads\/2024\/10\/23\/2-2048x1365.jpg?ver=279b1e67a0a01d7c38ff920f1de6867c 2048w\"\/>                            <\/div>\n<p> Karavezirler, havaliman\u0131ndaki trafik ak\u0131\u015f\u0131n\u0131n rahatlat\u0131larak, g\u00fcvenli hale getirilmesi, kaosu<br \/>ortadan kald\u0131racak d\u00fczenlemelerin k\u0131sa vadede hayata ge\u00e7irilece\u011fini s\u00f6yleyerek \u00e7al\u0131\u015fmalar\u0131n \u00e7ok h\u0131zl\u0131 bir \u015fekilde devam etti\u011fini s\u00f6yledi. <\/p>\n<p>\u0130lk etapta otob\u00fcs ve taksilerin durak noktas\u0131n\u0131n belirlendi\u011fini ifade eden Karavezirler, i\u015fleyi\u015fin yerinde g\u00f6r\u00fclece\u011fini, bu s\u00fcrede zab\u0131talar\u0131n da b\u00f6lgede denetimlerini s\u00fcrd\u00fcrece\u011fini art\u0131k havaliman\u0131 \u00f6n\u00fcne ara\u00e7 park edilerek yolcu beklemesi yap\u0131lamayaca\u011f\u0131n\u0131 vurgulad\u0131.<\/p>\n<\/p><\/div>\n<p><script async\n                    defer\n                    crossorigin=\"anonymous\"\n                    src=\"https:\/\/connect.facebook.net\/tr_TR\/sdk.js#xfbml=1&#038;version=v3.3\"\n            ><\/script><\/p>\n","protected":false},"excerpt":{"rendered":"<p>De\u011firmenlik Ak\u0131nc\u0131lar Belediyesi, Bakanlar Kurulu karar\u0131yla Ercan Havaliman\u0131\u2019ndaki trafik d\u00fczenlemesi konusunda yetkilendirilmesinin ard\u0131ndan \u00e7al\u0131\u015fmalar\u0131na ba\u015flad\u0131. De\u011firmenlik Ak\u0131nc\u0131lar Belediye Ba\u015fkan\u0131 Ali Karavezirler ger\u00e7ekle\u015ftirilecek d\u00fczenleme i\u00e7in yetkililerle ve payda\u015flarla toplant\u0131lar yapt\u0131. Karavezirler, havaliman\u0131ndaki trafik ak\u0131\u015f\u0131n\u0131n rahatlat\u0131larak, g\u00fcvenli hale getirilmesi, kaosuortadan kald\u0131racak d\u00fczenlemelerin k\u0131sa vadede hayata ge\u00e7irilece\u011fini s\u00f6yleyerek \u00e7al\u0131\u015fmalar\u0131n \u00e7ok h\u0131zl\u0131 bir \u015fekilde devam etti\u011fini s\u00f6yledi. \u0130lk etapta<\/p>\n","protected":false},"author":1,"featured_media":67420,"comment_status":"open","ping_status":"open","sticky":false,"template":"","format":"standard","meta":{"footnotes":""},"categories":[81],"tags":[],"class_list":["post-67419","post","type-post","status-publish","format-standard","has-post-thumbnail","hentry","category-kibris"],"yoast_head":"<!-- This site is optimized with the Yoast SEO plugin v27.5 - https:\/\/yoast.com\/product\/yoast-seo-wordpress\/ -->\n<title>Ercan Havaliman\u0131\u2019ndaki trafik ak\u0131\u015f\u0131n\u0131n rahat\u0131lmas\u0131 i\u00e7in \u00e7al\u0131\u015fmalar ba\u015flad\u0131. .. Karavezirler:\u2019Ercan\u2019daki d\u00fczenlemeler k\u0131sa vadede hayata ge\u00e7ecek\u2019 -<\/title>\n<meta name=\"robots\" content=\"index, follow, max-snippet:-1, max-image-preview:large, max-video-preview:-1\" \/>\n<link rel=\"canonical\" href=\"https:\/\/kibrisdakik.com\/?p=67419\" \/>\n<meta property=\"og:locale\" content=\"tr_TR\" \/>\n<meta property=\"og:type\" content=\"article\" \/>\n<meta property=\"og:title\" content=\"Ercan Havaliman\u0131\u2019ndaki trafik ak\u0131\u015f\u0131n\u0131n rahat\u0131lmas\u0131 i\u00e7in \u00e7al\u0131\u015fmalar ba\u015flad\u0131. .. Karavezirler:\u2019Ercan\u2019daki d\u00fczenlemeler k\u0131sa vadede hayata ge\u00e7ecek\u2019 -\" \/>\n<meta property=\"og:description\" content=\"De\u011firmenlik Ak\u0131nc\u0131lar Belediyesi, Bakanlar Kurulu karar\u0131yla Ercan Havaliman\u0131\u2019ndaki trafik d\u00fczenlemesi konusunda yetkilendirilmesinin ard\u0131ndan \u00e7al\u0131\u015fmalar\u0131na ba\u015flad\u0131. De\u011firmenlik Ak\u0131nc\u0131lar Belediye Ba\u015fkan\u0131 Ali Karavezirler ger\u00e7ekle\u015ftirilecek d\u00fczenleme i\u00e7in yetkililerle ve payda\u015flarla toplant\u0131lar yapt\u0131. Karavezirler, havaliman\u0131ndaki trafik ak\u0131\u015f\u0131n\u0131n rahatlat\u0131larak, g\u00fcvenli hale getirilmesi, kaosuortadan kald\u0131racak d\u00fczenlemelerin k\u0131sa vadede hayata ge\u00e7irilece\u011fini s\u00f6yleyerek \u00e7al\u0131\u015fmalar\u0131n \u00e7ok h\u0131zl\u0131 bir \u015fekilde devam etti\u011fini s\u00f6yledi. \u0130lk etapta\" \/>\n<meta property=\"og:url\" content=\"https:\/\/kibrisdakik.com\/?p=67419\" \/>\n<meta property=\"article:published_time\" content=\"2024-10-23T08:18:58+00:00\" \/>\n<meta property=\"og:image\" content=\"https:\/\/kibrisdakik.com\/wp-content\/uploads\/2024\/10\/2-scaled-740x420.jpg\" \/>\n\t<meta property=\"og:image:width\" content=\"2560\" \/>\n\t<meta property=\"og:image:height\" content=\"1707\" \/>\n\t<meta property=\"og:image:type\" content=\"image\/jpeg\" \/>\n<meta name=\"author\" content=\"admin\" \/>\n<meta name=\"twitter:card\" content=\"summary_large_image\" \/>\n<meta name=\"twitter:label1\" content=\"Yazan:\" \/>\n\t<meta name=\"twitter:data1\" content=\"admin\" \/>\n\t<meta name=\"twitter:label2\" content=\"Tahmini okuma s\u00fcresi\" \/>\n\t<meta name=\"twitter:data2\" content=\"1 dakika\" \/>\n<script type=\"application\/ld+json\" class=\"yoast-schema-graph\">{\"@context\":\"https:\\\/\\\/schema.org\",\"@graph\":[{\"@type\":\"Article\",\"@id\":\"https:\\\/\\\/kibrisdakik.com\\\/?p=67419#article\",\"isPartOf\":{\"@id\":\"https:\\\/\\\/kibrisdakik.com\\\/?p=67419\"},\"author\":{\"name\":\"admin\",\"@id\":\"https:\\\/\\\/kibrisdakik.com\\\/#\\\/schema\\\/person\\\/9cd9d437bbb44f72b73ba127e06d8e79\"},\"headline\":\"Ercan Havaliman\u0131\u2019ndaki trafik ak\u0131\u015f\u0131n\u0131n rahat\u0131lmas\u0131 i\u00e7in \u00e7al\u0131\u015fmalar ba\u015flad\u0131. .. Karavezirler:\u2019Ercan\u2019daki d\u00fczenlemeler k\u0131sa vadede hayata ge\u00e7ecek\u2019\",\"datePublished\":\"2024-10-23T08:18:58+00:00\",\"mainEntityOfPage\":{\"@id\":\"https:\\\/\\\/kibrisdakik.com\\\/?p=67419\"},\"wordCount\":166,\"commentCount\":0,\"image\":{\"@id\":\"https:\\\/\\\/kibrisdakik.com\\\/?p=67419#primaryimage\"},\"thumbnailUrl\":\"https:\\\/\\\/kibrisdakik.com\\\/wp-content\\\/uploads\\\/2024\\\/10\\\/2-scaled-740x420.jpg\",\"articleSection\":[\"K\u0131br\u0131s\"],\"inLanguage\":\"tr\",\"potentialAction\":[{\"@type\":\"CommentAction\",\"name\":\"Comment\",\"target\":[\"https:\\\/\\\/kibrisdakik.com\\\/?p=67419#respond\"]}]},{\"@type\":\"WebPage\",\"@id\":\"https:\\\/\\\/kibrisdakik.com\\\/?p=67419\",\"url\":\"https:\\\/\\\/kibrisdakik.com\\\/?p=67419\",\"name\":\"Ercan Havaliman\u0131\u2019ndaki trafik ak\u0131\u015f\u0131n\u0131n rahat\u0131lmas\u0131 i\u00e7in \u00e7al\u0131\u015fmalar ba\u015flad\u0131. .. Karavezirler:\u2019Ercan\u2019daki d\u00fczenlemeler k\u0131sa vadede hayata ge\u00e7ecek\u2019 -\",\"isPartOf\":{\"@id\":\"https:\\\/\\\/kibrisdakik.com\\\/#website\"},\"primaryImageOfPage\":{\"@id\":\"https:\\\/\\\/kibrisdakik.com\\\/?p=67419#primaryimage\"},\"image\":{\"@id\":\"https:\\\/\\\/kibrisdakik.com\\\/?p=67419#primaryimage\"},\"thumbnailUrl\":\"https:\\\/\\\/kibrisdakik.com\\\/wp-content\\\/uploads\\\/2024\\\/10\\\/2-scaled-740x420.jpg\",\"datePublished\":\"2024-10-23T08:18:58+00:00\",\"author\":{\"@id\":\"https:\\\/\\\/kibrisdakik.com\\\/#\\\/schema\\\/person\\\/9cd9d437bbb44f72b73ba127e06d8e79\"},\"breadcrumb\":{\"@id\":\"https:\\\/\\\/kibrisdakik.com\\\/?p=67419#breadcrumb\"},\"inLanguage\":\"tr\",\"potentialAction\":[{\"@type\":\"ReadAction\",\"target\":[\"https:\\\/\\\/kibrisdakik.com\\\/?p=67419\"]}]},{\"@type\":\"ImageObject\",\"inLanguage\":\"tr\",\"@id\":\"https:\\\/\\\/kibrisdakik.com\\\/?p=67419#primaryimage\",\"url\":\"https:\\\/\\\/kibrisdakik.com\\\/wp-content\\\/uploads\\\/2024\\\/10\\\/2-scaled-740x420.jpg\",\"contentUrl\":\"https:\\\/\\\/kibrisdakik.com\\\/wp-content\\\/uploads\\\/2024\\\/10\\\/2-scaled-740x420.jpg\",\"width\":2560,\"height\":1707},{\"@type\":\"BreadcrumbList\",\"@id\":\"https:\\\/\\\/kibrisdakik.com\\\/?p=67419#breadcrumb\",\"itemListElement\":[{\"@type\":\"ListItem\",\"position\":1,\"name\":\"Home\",\"item\":\"https:\\\/\\\/kibrisdakik.com\\\/\"},{\"@type\":\"ListItem\",\"position\":2,\"name\":\"Ercan Havaliman\u0131\u2019ndaki trafik ak\u0131\u015f\u0131n\u0131n rahat\u0131lmas\u0131 i\u00e7in \u00e7al\u0131\u015fmalar ba\u015flad\u0131. .. Karavezirler:\u2019Ercan\u2019daki d\u00fczenlemeler k\u0131sa vadede hayata ge\u00e7ecek\u2019\"}]},{\"@type\":\"WebSite\",\"@id\":\"https:\\\/\\\/kibrisdakik.com\\\/#website\",\"url\":\"https:\\\/\\\/kibrisdakik.com\\\/\",\"name\":\"\",\"description\":\"Tam vaktinde haber\",\"potentialAction\":[{\"@type\":\"SearchAction\",\"target\":{\"@type\":\"EntryPoint\",\"urlTemplate\":\"https:\\\/\\\/kibrisdakik.com\\\/?s={search_term_string}\"},\"query-input\":{\"@type\":\"PropertyValueSpecification\",\"valueRequired\":true,\"valueName\":\"search_term_string\"}}],\"inLanguage\":\"tr\"},{\"@type\":\"Person\",\"@id\":\"https:\\\/\\\/kibrisdakik.com\\\/#\\\/schema\\\/person\\\/9cd9d437bbb44f72b73ba127e06d8e79\",\"name\":\"admin\",\"image\":{\"@type\":\"ImageObject\",\"inLanguage\":\"tr\",\"@id\":\"https:\\\/\\\/secure.gravatar.com\\\/avatar\\\/ccc17943b9d660506c869530f897617f7cb1c21a4bf30023f252596d83e1f007?s=96&d=mm&r=g\",\"url\":\"https:\\\/\\\/secure.gravatar.com\\\/avatar\\\/ccc17943b9d660506c869530f897617f7cb1c21a4bf30023f252596d83e1f007?s=96&d=mm&r=g\",\"contentUrl\":\"https:\\\/\\\/secure.gravatar.com\\\/avatar\\\/ccc17943b9d660506c869530f897617f7cb1c21a4bf30023f252596d83e1f007?s=96&d=mm&r=g\",\"caption\":\"admin\"},\"sameAs\":[\"https:\\\/\\\/kibrisdakik.com\"],\"url\":\"https:\\\/\\\/kibrisdakik.com\\\/?author=1\"}]}<\/script>\n<!-- \/ Yoast SEO plugin. -->","yoast_head_json":{"title":"Ercan Havaliman\u0131\u2019ndaki trafik ak\u0131\u015f\u0131n\u0131n rahat\u0131lmas\u0131 i\u00e7in \u00e7al\u0131\u015fmalar ba\u015flad\u0131. .. Karavezirler:\u2019Ercan\u2019daki d\u00fczenlemeler k\u0131sa vadede hayata ge\u00e7ecek\u2019 -","robots":{"index":"index","follow":"follow","max-snippet":"max-snippet:-1","max-image-preview":"max-image-preview:large","max-video-preview":"max-video-preview:-1"},"canonical":"https:\/\/kibrisdakik.com\/?p=67419","og_locale":"tr_TR","og_type":"article","og_title":"Ercan Havaliman\u0131\u2019ndaki trafik ak\u0131\u015f\u0131n\u0131n rahat\u0131lmas\u0131 i\u00e7in \u00e7al\u0131\u015fmalar ba\u015flad\u0131. .. Karavezirler:\u2019Ercan\u2019daki d\u00fczenlemeler k\u0131sa vadede hayata ge\u00e7ecek\u2019 -","og_description":"De\u011firmenlik Ak\u0131nc\u0131lar Belediyesi, Bakanlar Kurulu karar\u0131yla Ercan Havaliman\u0131\u2019ndaki trafik d\u00fczenlemesi konusunda yetkilendirilmesinin ard\u0131ndan \u00e7al\u0131\u015fmalar\u0131na ba\u015flad\u0131. De\u011firmenlik Ak\u0131nc\u0131lar Belediye Ba\u015fkan\u0131 Ali Karavezirler ger\u00e7ekle\u015ftirilecek d\u00fczenleme i\u00e7in yetkililerle ve payda\u015flarla toplant\u0131lar yapt\u0131. Karavezirler, havaliman\u0131ndaki trafik ak\u0131\u015f\u0131n\u0131n rahatlat\u0131larak, g\u00fcvenli hale getirilmesi, kaosuortadan kald\u0131racak d\u00fczenlemelerin k\u0131sa vadede hayata ge\u00e7irilece\u011fini s\u00f6yleyerek \u00e7al\u0131\u015fmalar\u0131n \u00e7ok h\u0131zl\u0131 bir \u015fekilde devam etti\u011fini s\u00f6yledi. \u0130lk etapta","og_url":"https:\/\/kibrisdakik.com\/?p=67419","article_published_time":"2024-10-23T08:18:58+00:00","og_image":[{"width":2560,"height":1707,"url":"https:\/\/kibrisdakik.com\/wp-content\/uploads\/2024\/10\/2-scaled-740x420.jpg","type":"image\/jpeg"}],"author":"admin","twitter_card":"summary_large_image","twitter_misc":{"Yazan:":"admin","Tahmini okuma s\u00fcresi":"1 dakika"},"schema":{"@context":"https:\/\/schema.org","@graph":[{"@type":"Article","@id":"https:\/\/kibrisdakik.com\/?p=67419#article","isPartOf":{"@id":"https:\/\/kibrisdakik.com\/?p=67419"},"author":{"name":"admin","@id":"https:\/\/kibrisdakik.com\/#\/schema\/person\/9cd9d437bbb44f72b73ba127e06d8e79"},"headline":"Ercan Havaliman\u0131\u2019ndaki trafik ak\u0131\u015f\u0131n\u0131n rahat\u0131lmas\u0131 i\u00e7in \u00e7al\u0131\u015fmalar ba\u015flad\u0131. .. Karavezirler:\u2019Ercan\u2019daki d\u00fczenlemeler k\u0131sa vadede hayata ge\u00e7ecek\u2019","datePublished":"2024-10-23T08:18:58+00:00","mainEntityOfPage":{"@id":"https:\/\/kibrisdakik.com\/?p=67419"},"wordCount":166,"commentCount":0,"image":{"@id":"https:\/\/kibrisdakik.com\/?p=67419#primaryimage"},"thumbnailUrl":"https:\/\/kibrisdakik.com\/wp-content\/uploads\/2024\/10\/2-scaled-740x420.jpg","articleSection":["K\u0131br\u0131s"],"inLanguage":"tr","potentialAction":[{"@type":"CommentAction","name":"Comment","target":["https:\/\/kibrisdakik.com\/?p=67419#respond"]}]},{"@type":"WebPage","@id":"https:\/\/kibrisdakik.com\/?p=67419","url":"https:\/\/kibrisdakik.com\/?p=67419","name":"Ercan Havaliman\u0131\u2019ndaki trafik ak\u0131\u015f\u0131n\u0131n rahat\u0131lmas\u0131 i\u00e7in \u00e7al\u0131\u015fmalar ba\u015flad\u0131. .. Karavezirler:\u2019Ercan\u2019daki d\u00fczenlemeler k\u0131sa vadede hayata ge\u00e7ecek\u2019 -","isPartOf":{"@id":"https:\/\/kibrisdakik.com\/#website"},"primaryImageOfPage":{"@id":"https:\/\/kibrisdakik.com\/?p=67419#primaryimage"},"image":{"@id":"https:\/\/kibrisdakik.com\/?p=67419#primaryimage"},"thumbnailUrl":"https:\/\/kibrisdakik.com\/wp-content\/uploads\/2024\/10\/2-scaled-740x420.jpg","datePublished":"2024-10-23T08:18:58+00:00","author":{"@id":"https:\/\/kibrisdakik.com\/#\/schema\/person\/9cd9d437bbb44f72b73ba127e06d8e79"},"breadcrumb":{"@id":"https:\/\/kibrisdakik.com\/?p=67419#breadcrumb"},"inLanguage":"tr","potentialAction":[{"@type":"ReadAction","target":["https:\/\/kibrisdakik.com\/?p=67419"]}]},{"@type":"ImageObject","inLanguage":"tr","@id":"https:\/\/kibrisdakik.com\/?p=67419#primaryimage","url":"https:\/\/kibrisdakik.com\/wp-content\/uploads\/2024\/10\/2-scaled-740x420.jpg","contentUrl":"https:\/\/kibrisdakik.com\/wp-content\/uploads\/2024\/10\/2-scaled-740x420.jpg","width":2560,"height":1707},{"@type":"BreadcrumbList","@id":"https:\/\/kibrisdakik.com\/?p=67419#breadcrumb","itemListElement":[{"@type":"ListItem","position":1,"name":"Home","item":"https:\/\/kibrisdakik.com\/"},{"@type":"ListItem","position":2,"name":"Ercan Havaliman\u0131\u2019ndaki trafik ak\u0131\u015f\u0131n\u0131n rahat\u0131lmas\u0131 i\u00e7in \u00e7al\u0131\u015fmalar ba\u015flad\u0131. .. Karavezirler:\u2019Ercan\u2019daki d\u00fczenlemeler k\u0131sa vadede hayata ge\u00e7ecek\u2019"}]},{"@type":"WebSite","@id":"https:\/\/kibrisdakik.com\/#website","url":"https:\/\/kibrisdakik.com\/","name":"","description":"Tam vaktinde haber","potentialAction":[{"@type":"SearchAction","target":{"@type":"EntryPoint","urlTemplate":"https:\/\/kibrisdakik.com\/?s={search_term_string}"},"query-input":{"@type":"PropertyValueSpecification","valueRequired":true,"valueName":"search_term_string"}}],"inLanguage":"tr"},{"@type":"Person","@id":"https:\/\/kibrisdakik.com\/#\/schema\/person\/9cd9d437bbb44f72b73ba127e06d8e79","name":"admin","image":{"@type":"ImageObject","inLanguage":"tr","@id":"https:\/\/secure.gravatar.com\/avatar\/ccc17943b9d660506c869530f897617f7cb1c21a4bf30023f252596d83e1f007?s=96&d=mm&r=g","url":"https:\/\/secure.gravatar.com\/avatar\/ccc17943b9d660506c869530f897617f7cb1c21a4bf30023f252596d83e1f007?s=96&d=mm&r=g","contentUrl":"https:\/\/secure.gravatar.com\/avatar\/ccc17943b9d660506c869530f897617f7cb1c21a4bf30023f252596d83e1f007?s=96&d=mm&r=g","caption":"admin"},"sameAs":["https:\/\/kibrisdakik.com"],"url":"https:\/\/kibrisdakik.com\/?author=1"}]}},"_links":{"self":[{"href":"https:\/\/kibrisdakik.com\/index.php?rest_route=\/wp\/v2\/posts\/67419","targetHints":{"allow":["GET"]}}],"collection":[{"href":"https:\/\/kibrisdakik.com\/index.php?rest_route=\/wp\/v2\/posts"}],"about":[{"href":"https:\/\/kibrisdakik.com\/index.php?rest_route=\/wp\/v2\/types\/post"}],"author":[{"embeddable":true,"href":"https:\/\/kibrisdakik.com\/index.php?rest_route=\/wp\/v2\/users\/1"}],"replies":[{"embeddable":true,"href":"https:\/\/kibrisdakik.com\/index.php?rest_route=%2Fwp%2Fv2%2Fcomments&post=67419"}],"version-history":[{"count":0,"href":"https:\/\/kibrisdakik.com\/index.php?rest_route=\/wp\/v2\/posts\/67419\/revisions"}],"wp:featuredmedia":[{"embeddable":true,"href":"https:\/\/kibrisdakik.com\/index.php?rest_route=\/wp\/v2\/media\/67420"}],"wp:attachment":[{"href":"https:\/\/kibrisdakik.com\/index.php?rest_route=%2Fwp%2Fv2%2Fmedia&parent=67419"}],"wp:term":[{"taxonomy":"category","embeddable":true,"href":"https:\/\/kibrisdakik.com\/index.php?rest_route=%2Fwp%2Fv2%2Fcategories&post=67419"},{"taxonomy":"post_tag","embeddable":true,"href":"https:\/\/kibrisdakik.com\/index.php?rest_route=%2Fwp%2Fv2%2Ftags&post=67419"}],"curies":[{"name":"wp","href":"https:\/\/api.w.org\/{rel}","templated":true}]}}