{"id":67431,"date":"2024-10-23T13:36:29","date_gmt":"2024-10-23T10:36:29","guid":{"rendered":"https:\/\/kibrisdakik.com\/?p=67431"},"modified":"2024-10-23T13:36:29","modified_gmt":"2024-10-23T10:36:29","slug":"akpinar-adiyamanda-depremde-hayatlarini-kayip-edenlerin-kabirlerini-ziyaret-etti","status":"publish","type":"post","link":"https:\/\/kibrisdakik.com\/?p=67431","title":{"rendered":"AKPINAR ADIYAMAN&#8217;DA DEPREMDE HAYATLARINI KAYIP EDENLER\u0130N KAB\u0130RLER\u0130N\u0130 Z\u0130YARET ETT\u0130"},"content":{"rendered":"<p>ALLAH T\u00dcRK\u0130YE&#8217;M\u0130ZE BU ACILARI B\u0130R DAHA YA\u015eATMASIN<\/p>\n<p>Girne Milletvekili ve Demokrat Parti (DP) Genel Sekreteri Serhat Akp\u0131nar ,Asr\u0131n depreminde Ad\u0131yaman&#8217;da hayat\u0131n\u0131 kay\u0131p edenlerin kabirlerini ziyaret etti.<br \/>\nSerhat Akp\u0131nar ,T\u00fcrkiye&#8217;nin 11 ilinde binlerce cana mal olan ve \u015fampiyon meleklerimizin adalet aray\u0131\u015f\u0131nda geldi\u011fimiz Ad\u0131yaman&#8217;da depremde hayatlar\u0131n\u0131 kay\u0131p eden \u00e7ocuk ,gen\u00e7 ya\u015fl\u0131 binlercesinin kabirlerini ederek dualar ettik.<\/p>\n<p><img loading=\"lazy\" decoding=\"async\" class=\"size-medium wp-image-67435\" src=\"https:\/\/kibrisdakik.com\/wp-content\/uploads\/2024\/10\/IMG_20241023_124245-300x164.jpg\" alt=\"\" width=\"300\" height=\"164\" srcset=\"https:\/\/kibrisdakik.com\/wp-content\/uploads\/2024\/10\/IMG_20241023_124245-300x164.jpg 300w, https:\/\/kibrisdakik.com\/wp-content\/uploads\/2024\/10\/IMG_20241023_124245-1024x560.jpg 1024w, https:\/\/kibrisdakik.com\/wp-content\/uploads\/2024\/10\/IMG_20241023_124245-768x420.jpg 768w, https:\/\/kibrisdakik.com\/wp-content\/uploads\/2024\/10\/IMG_20241023_124245-1536x840.jpg 1536w, https:\/\/kibrisdakik.com\/wp-content\/uploads\/2024\/10\/IMG_20241023_124245-2048x1121.jpg 2048w\" sizes=\"auto, (max-width: 300px) 100vw, 300px\" \/><\/p>\n<p>Akp\u0131nar,\u00c7ok \u00fcz\u00fcc\u00fc ve ac\u0131 bir manzara her ya\u015ftan insan\u0131m\u0131z bu felakette enkaz alt\u0131nda kalarak can verdi.<br \/>\nBizlerde \u015eampiyon Meleklerimizin adalet aray\u0131\u015f\u0131nda yine Ad\u0131yaman&#8217;a geldik.<br \/>\n\u015eampiyon Meleklerimizin adalet aray\u0131\u015f\u0131nda en ba\u015f\u0131ndan beri partimiz olarak yak\u0131ndan takip etmeye devam edece\u011fiz.<\/p>\n<p><img loading=\"lazy\" decoding=\"async\" class=\"size-medium wp-image-67436\" src=\"https:\/\/kibrisdakik.com\/wp-content\/uploads\/2024\/10\/IMG_20241023_124324-300x186.jpg\" alt=\"\" width=\"300\" height=\"186\" srcset=\"https:\/\/kibrisdakik.com\/wp-content\/uploads\/2024\/10\/IMG_20241023_124324-300x186.jpg 300w, https:\/\/kibrisdakik.com\/wp-content\/uploads\/2024\/10\/IMG_20241023_124324-1024x634.jpg 1024w, https:\/\/kibrisdakik.com\/wp-content\/uploads\/2024\/10\/IMG_20241023_124324-768x475.jpg 768w, https:\/\/kibrisdakik.com\/wp-content\/uploads\/2024\/10\/IMG_20241023_124324-1536x950.jpg 1536w, https:\/\/kibrisdakik.com\/wp-content\/uploads\/2024\/10\/IMG_20241023_124324-2048x1267.jpg 2048w, https:\/\/kibrisdakik.com\/wp-content\/uploads\/2024\/10\/IMG_20241023_124324-124x76.jpg 124w\" sizes=\"auto, (max-width: 300px) 100vw, 300px\" \/><\/p>\n<p>Akp\u0131nar,Ya\u015fanan felaketler \u015funu g\u00f6steriyor ki deprem can alm\u0131yor insan hatalar\u0131 y\u00fcz\u00fcnden bu hayatlar gidiyor.<br \/>\nTemennimiz adaletin bir an \u00f6nce tecelli edecek \u015fekilde su\u00e7lular\u0131n cezas\u0131n\u0131 almas\u0131d\u0131r.<br \/>\nBu nedenle T\u00fcrk Adaletine herdaim g\u00fcveniyoruz.<br \/>\nAsr\u0131n Felaketinde hayat\u0131n\u0131 kaybeden t\u00fcm canlara rahmet hayatta kalanlara da sab\u0131rlar diliyoruz.<br \/>\nAllah T\u00fcrkiye&#8217;mize bir daha bu ac\u0131lar\u0131 ya\u015fatmas\u0131n.<\/p>\n","protected":false},"excerpt":{"rendered":"<p>ALLAH T\u00dcRK\u0130YE&#8217;M\u0130ZE BU ACILARI B\u0130R DAHA YA\u015eATMASIN Girne Milletvekili ve Demokrat Parti (DP) Genel Sekreteri Serhat Akp\u0131nar ,Asr\u0131n depreminde Ad\u0131yaman&#8217;da hayat\u0131n\u0131 kay\u0131p edenlerin kabirlerini ziyaret etti. Serhat Akp\u0131nar ,T\u00fcrkiye&#8217;nin 11 ilinde binlerce cana mal olan ve \u015fampiyon meleklerimizin adalet aray\u0131\u015f\u0131nda geldi\u011fimiz Ad\u0131yaman&#8217;da depremde hayatlar\u0131n\u0131 kay\u0131p eden \u00e7ocuk ,gen\u00e7 ya\u015fl\u0131 binlercesinin kabirlerini ederek dualar ettik. Akp\u0131nar,\u00c7ok<\/p>\n","protected":false},"author":1,"featured_media":67434,"comment_status":"open","ping_status":"open","sticky":false,"template":"","format":"standard","meta":{"footnotes":""},"categories":[1],"tags":[192],"class_list":["post-67431","post","type-post","status-publish","format-standard","has-post-thumbnail","hentry","category-gundem","tag-akpinar-adiyamanda-depremde-hayatlarini-kayip-edenlerin-kabirlerini-ziyaret-etti"],"yoast_head":"<!-- This site is optimized with the Yoast SEO plugin v27.4 - https:\/\/yoast.com\/product\/yoast-seo-wordpress\/ -->\n<title>AKPINAR ADIYAMAN&#039;DA DEPREMDE HAYATLARINI KAYIP EDENLER\u0130N KAB\u0130RLER\u0130N\u0130 Z\u0130YARET ETT\u0130 -<\/title>\n<meta name=\"robots\" content=\"index, follow, max-snippet:-1, max-image-preview:large, max-video-preview:-1\" \/>\n<link rel=\"canonical\" href=\"https:\/\/kibrisdakik.com\/?p=67431\" \/>\n<meta property=\"og:locale\" content=\"tr_TR\" \/>\n<meta property=\"og:type\" content=\"article\" \/>\n<meta property=\"og:title\" content=\"AKPINAR ADIYAMAN&#039;DA DEPREMDE HAYATLARINI KAYIP EDENLER\u0130N KAB\u0130RLER\u0130N\u0130 Z\u0130YARET ETT\u0130 -\" \/>\n<meta property=\"og:description\" content=\"ALLAH T\u00dcRK\u0130YE&#8217;M\u0130ZE BU ACILARI B\u0130R DAHA YA\u015eATMASIN Girne Milletvekili ve Demokrat Parti (DP) Genel Sekreteri Serhat Akp\u0131nar ,Asr\u0131n depreminde Ad\u0131yaman&#8217;da hayat\u0131n\u0131 kay\u0131p edenlerin kabirlerini ziyaret etti. Serhat Akp\u0131nar ,T\u00fcrkiye&#8217;nin 11 ilinde binlerce cana mal olan ve \u015fampiyon meleklerimizin adalet aray\u0131\u015f\u0131nda geldi\u011fimiz Ad\u0131yaman&#8217;da depremde hayatlar\u0131n\u0131 kay\u0131p eden \u00e7ocuk ,gen\u00e7 ya\u015fl\u0131 binlercesinin kabirlerini ederek dualar ettik. Akp\u0131nar,\u00c7ok\" \/>\n<meta property=\"og:url\" content=\"https:\/\/kibrisdakik.com\/?p=67431\" \/>\n<meta property=\"article:published_time\" content=\"2024-10-23T10:36:29+00:00\" \/>\n<meta property=\"og:image\" content=\"https:\/\/kibrisdakik.com\/wp-content\/uploads\/2024\/10\/IMG_20241023_124135-740x420.jpg\" \/>\n\t<meta property=\"og:image:width\" content=\"2560\" \/>\n\t<meta property=\"og:image:height\" content=\"1197\" \/>\n\t<meta property=\"og:image:type\" content=\"image\/jpeg\" \/>\n<meta name=\"author\" content=\"admin\" \/>\n<meta name=\"twitter:card\" content=\"summary_large_image\" \/>\n<meta name=\"twitter:label1\" content=\"Yazan:\" \/>\n\t<meta name=\"twitter:data1\" content=\"admin\" \/>\n\t<meta name=\"twitter:label2\" content=\"Tahmini okuma s\u00fcresi\" \/>\n\t<meta name=\"twitter:data2\" content=\"2 dakika\" \/>\n<script type=\"application\/ld+json\" class=\"yoast-schema-graph\">{\"@context\":\"https:\\\/\\\/schema.org\",\"@graph\":[{\"@type\":\"Article\",\"@id\":\"https:\\\/\\\/kibrisdakik.com\\\/?p=67431#article\",\"isPartOf\":{\"@id\":\"https:\\\/\\\/kibrisdakik.com\\\/?p=67431\"},\"author\":{\"name\":\"admin\",\"@id\":\"https:\\\/\\\/kibrisdakik.com\\\/#\\\/schema\\\/person\\\/9cd9d437bbb44f72b73ba127e06d8e79\"},\"headline\":\"AKPINAR ADIYAMAN&#8217;DA DEPREMDE HAYATLARINI KAYIP EDENLER\u0130N KAB\u0130RLER\u0130N\u0130 Z\u0130YARET ETT\u0130\",\"datePublished\":\"2024-10-23T10:36:29+00:00\",\"mainEntityOfPage\":{\"@id\":\"https:\\\/\\\/kibrisdakik.com\\\/?p=67431\"},\"wordCount\":207,\"commentCount\":0,\"image\":{\"@id\":\"https:\\\/\\\/kibrisdakik.com\\\/?p=67431#primaryimage\"},\"thumbnailUrl\":\"https:\\\/\\\/kibrisdakik.com\\\/wp-content\\\/uploads\\\/2024\\\/10\\\/IMG_20241023_124135-740x420.jpg\",\"keywords\":[\"AKPINAR ADIYAMAN'DA DEPREMDE HAYATLARINI KAYIP EDENLER\u0130N KAB\u0130RLER\u0130N\u0130 Z\u0130YARET ETT\u0130\"],\"articleSection\":[\"G\u00fcndem\"],\"inLanguage\":\"tr\",\"potentialAction\":[{\"@type\":\"CommentAction\",\"name\":\"Comment\",\"target\":[\"https:\\\/\\\/kibrisdakik.com\\\/?p=67431#respond\"]}]},{\"@type\":\"WebPage\",\"@id\":\"https:\\\/\\\/kibrisdakik.com\\\/?p=67431\",\"url\":\"https:\\\/\\\/kibrisdakik.com\\\/?p=67431\",\"name\":\"AKPINAR ADIYAMAN'DA DEPREMDE HAYATLARINI KAYIP EDENLER\u0130N KAB\u0130RLER\u0130N\u0130 Z\u0130YARET ETT\u0130 -\",\"isPartOf\":{\"@id\":\"https:\\\/\\\/kibrisdakik.com\\\/#website\"},\"primaryImageOfPage\":{\"@id\":\"https:\\\/\\\/kibrisdakik.com\\\/?p=67431#primaryimage\"},\"image\":{\"@id\":\"https:\\\/\\\/kibrisdakik.com\\\/?p=67431#primaryimage\"},\"thumbnailUrl\":\"https:\\\/\\\/kibrisdakik.com\\\/wp-content\\\/uploads\\\/2024\\\/10\\\/IMG_20241023_124135-740x420.jpg\",\"datePublished\":\"2024-10-23T10:36:29+00:00\",\"author\":{\"@id\":\"https:\\\/\\\/kibrisdakik.com\\\/#\\\/schema\\\/person\\\/9cd9d437bbb44f72b73ba127e06d8e79\"},\"breadcrumb\":{\"@id\":\"https:\\\/\\\/kibrisdakik.com\\\/?p=67431#breadcrumb\"},\"inLanguage\":\"tr\",\"potentialAction\":[{\"@type\":\"ReadAction\",\"target\":[\"https:\\\/\\\/kibrisdakik.com\\\/?p=67431\"]}]},{\"@type\":\"ImageObject\",\"inLanguage\":\"tr\",\"@id\":\"https:\\\/\\\/kibrisdakik.com\\\/?p=67431#primaryimage\",\"url\":\"https:\\\/\\\/kibrisdakik.com\\\/wp-content\\\/uploads\\\/2024\\\/10\\\/IMG_20241023_124135-740x420.jpg\",\"contentUrl\":\"https:\\\/\\\/kibrisdakik.com\\\/wp-content\\\/uploads\\\/2024\\\/10\\\/IMG_20241023_124135-740x420.jpg\",\"width\":2560,\"height\":1197,\"caption\":\"N5021\"},{\"@type\":\"BreadcrumbList\",\"@id\":\"https:\\\/\\\/kibrisdakik.com\\\/?p=67431#breadcrumb\",\"itemListElement\":[{\"@type\":\"ListItem\",\"position\":1,\"name\":\"Home\",\"item\":\"https:\\\/\\\/kibrisdakik.com\\\/\"},{\"@type\":\"ListItem\",\"position\":2,\"name\":\"AKPINAR ADIYAMAN&#8217;DA DEPREMDE HAYATLARINI KAYIP EDENLER\u0130N KAB\u0130RLER\u0130N\u0130 Z\u0130YARET ETT\u0130\"}]},{\"@type\":\"WebSite\",\"@id\":\"https:\\\/\\\/kibrisdakik.com\\\/#website\",\"url\":\"https:\\\/\\\/kibrisdakik.com\\\/\",\"name\":\"\",\"description\":\"Tam vaktinde haber\",\"potentialAction\":[{\"@type\":\"SearchAction\",\"target\":{\"@type\":\"EntryPoint\",\"urlTemplate\":\"https:\\\/\\\/kibrisdakik.com\\\/?s={search_term_string}\"},\"query-input\":{\"@type\":\"PropertyValueSpecification\",\"valueRequired\":true,\"valueName\":\"search_term_string\"}}],\"inLanguage\":\"tr\"},{\"@type\":\"Person\",\"@id\":\"https:\\\/\\\/kibrisdakik.com\\\/#\\\/schema\\\/person\\\/9cd9d437bbb44f72b73ba127e06d8e79\",\"name\":\"admin\",\"image\":{\"@type\":\"ImageObject\",\"inLanguage\":\"tr\",\"@id\":\"https:\\\/\\\/secure.gravatar.com\\\/avatar\\\/ccc17943b9d660506c869530f897617f7cb1c21a4bf30023f252596d83e1f007?s=96&d=mm&r=g\",\"url\":\"https:\\\/\\\/secure.gravatar.com\\\/avatar\\\/ccc17943b9d660506c869530f897617f7cb1c21a4bf30023f252596d83e1f007?s=96&d=mm&r=g\",\"contentUrl\":\"https:\\\/\\\/secure.gravatar.com\\\/avatar\\\/ccc17943b9d660506c869530f897617f7cb1c21a4bf30023f252596d83e1f007?s=96&d=mm&r=g\",\"caption\":\"admin\"},\"sameAs\":[\"https:\\\/\\\/kibrisdakik.com\"],\"url\":\"https:\\\/\\\/kibrisdakik.com\\\/?author=1\"}]}<\/script>\n<!-- \/ Yoast SEO plugin. -->","yoast_head_json":{"title":"AKPINAR ADIYAMAN'DA DEPREMDE HAYATLARINI KAYIP EDENLER\u0130N KAB\u0130RLER\u0130N\u0130 Z\u0130YARET ETT\u0130 -","robots":{"index":"index","follow":"follow","max-snippet":"max-snippet:-1","max-image-preview":"max-image-preview:large","max-video-preview":"max-video-preview:-1"},"canonical":"https:\/\/kibrisdakik.com\/?p=67431","og_locale":"tr_TR","og_type":"article","og_title":"AKPINAR ADIYAMAN'DA DEPREMDE HAYATLARINI KAYIP EDENLER\u0130N KAB\u0130RLER\u0130N\u0130 Z\u0130YARET ETT\u0130 -","og_description":"ALLAH T\u00dcRK\u0130YE&#8217;M\u0130ZE BU ACILARI B\u0130R DAHA YA\u015eATMASIN Girne Milletvekili ve Demokrat Parti (DP) Genel Sekreteri Serhat Akp\u0131nar ,Asr\u0131n depreminde Ad\u0131yaman&#8217;da hayat\u0131n\u0131 kay\u0131p edenlerin kabirlerini ziyaret etti. Serhat Akp\u0131nar ,T\u00fcrkiye&#8217;nin 11 ilinde binlerce cana mal olan ve \u015fampiyon meleklerimizin adalet aray\u0131\u015f\u0131nda geldi\u011fimiz Ad\u0131yaman&#8217;da depremde hayatlar\u0131n\u0131 kay\u0131p eden \u00e7ocuk ,gen\u00e7 ya\u015fl\u0131 binlercesinin kabirlerini ederek dualar ettik. Akp\u0131nar,\u00c7ok","og_url":"https:\/\/kibrisdakik.com\/?p=67431","article_published_time":"2024-10-23T10:36:29+00:00","og_image":[{"width":2560,"height":1197,"url":"https:\/\/kibrisdakik.com\/wp-content\/uploads\/2024\/10\/IMG_20241023_124135-740x420.jpg","type":"image\/jpeg"}],"author":"admin","twitter_card":"summary_large_image","twitter_misc":{"Yazan:":"admin","Tahmini okuma s\u00fcresi":"2 dakika"},"schema":{"@context":"https:\/\/schema.org","@graph":[{"@type":"Article","@id":"https:\/\/kibrisdakik.com\/?p=67431#article","isPartOf":{"@id":"https:\/\/kibrisdakik.com\/?p=67431"},"author":{"name":"admin","@id":"https:\/\/kibrisdakik.com\/#\/schema\/person\/9cd9d437bbb44f72b73ba127e06d8e79"},"headline":"AKPINAR ADIYAMAN&#8217;DA DEPREMDE HAYATLARINI KAYIP EDENLER\u0130N KAB\u0130RLER\u0130N\u0130 Z\u0130YARET ETT\u0130","datePublished":"2024-10-23T10:36:29+00:00","mainEntityOfPage":{"@id":"https:\/\/kibrisdakik.com\/?p=67431"},"wordCount":207,"commentCount":0,"image":{"@id":"https:\/\/kibrisdakik.com\/?p=67431#primaryimage"},"thumbnailUrl":"https:\/\/kibrisdakik.com\/wp-content\/uploads\/2024\/10\/IMG_20241023_124135-740x420.jpg","keywords":["AKPINAR ADIYAMAN'DA DEPREMDE HAYATLARINI KAYIP EDENLER\u0130N KAB\u0130RLER\u0130N\u0130 Z\u0130YARET ETT\u0130"],"articleSection":["G\u00fcndem"],"inLanguage":"tr","potentialAction":[{"@type":"CommentAction","name":"Comment","target":["https:\/\/kibrisdakik.com\/?p=67431#respond"]}]},{"@type":"WebPage","@id":"https:\/\/kibrisdakik.com\/?p=67431","url":"https:\/\/kibrisdakik.com\/?p=67431","name":"AKPINAR ADIYAMAN'DA DEPREMDE HAYATLARINI KAYIP EDENLER\u0130N KAB\u0130RLER\u0130N\u0130 Z\u0130YARET ETT\u0130 -","isPartOf":{"@id":"https:\/\/kibrisdakik.com\/#website"},"primaryImageOfPage":{"@id":"https:\/\/kibrisdakik.com\/?p=67431#primaryimage"},"image":{"@id":"https:\/\/kibrisdakik.com\/?p=67431#primaryimage"},"thumbnailUrl":"https:\/\/kibrisdakik.com\/wp-content\/uploads\/2024\/10\/IMG_20241023_124135-740x420.jpg","datePublished":"2024-10-23T10:36:29+00:00","author":{"@id":"https:\/\/kibrisdakik.com\/#\/schema\/person\/9cd9d437bbb44f72b73ba127e06d8e79"},"breadcrumb":{"@id":"https:\/\/kibrisdakik.com\/?p=67431#breadcrumb"},"inLanguage":"tr","potentialAction":[{"@type":"ReadAction","target":["https:\/\/kibrisdakik.com\/?p=67431"]}]},{"@type":"ImageObject","inLanguage":"tr","@id":"https:\/\/kibrisdakik.com\/?p=67431#primaryimage","url":"https:\/\/kibrisdakik.com\/wp-content\/uploads\/2024\/10\/IMG_20241023_124135-740x420.jpg","contentUrl":"https:\/\/kibrisdakik.com\/wp-content\/uploads\/2024\/10\/IMG_20241023_124135-740x420.jpg","width":2560,"height":1197,"caption":"N5021"},{"@type":"BreadcrumbList","@id":"https:\/\/kibrisdakik.com\/?p=67431#breadcrumb","itemListElement":[{"@type":"ListItem","position":1,"name":"Home","item":"https:\/\/kibrisdakik.com\/"},{"@type":"ListItem","position":2,"name":"AKPINAR ADIYAMAN&#8217;DA DEPREMDE HAYATLARINI KAYIP EDENLER\u0130N KAB\u0130RLER\u0130N\u0130 Z\u0130YARET ETT\u0130"}]},{"@type":"WebSite","@id":"https:\/\/kibrisdakik.com\/#website","url":"https:\/\/kibrisdakik.com\/","name":"","description":"Tam vaktinde haber","potentialAction":[{"@type":"SearchAction","target":{"@type":"EntryPoint","urlTemplate":"https:\/\/kibrisdakik.com\/?s={search_term_string}"},"query-input":{"@type":"PropertyValueSpecification","valueRequired":true,"valueName":"search_term_string"}}],"inLanguage":"tr"},{"@type":"Person","@id":"https:\/\/kibrisdakik.com\/#\/schema\/person\/9cd9d437bbb44f72b73ba127e06d8e79","name":"admin","image":{"@type":"ImageObject","inLanguage":"tr","@id":"https:\/\/secure.gravatar.com\/avatar\/ccc17943b9d660506c869530f897617f7cb1c21a4bf30023f252596d83e1f007?s=96&d=mm&r=g","url":"https:\/\/secure.gravatar.com\/avatar\/ccc17943b9d660506c869530f897617f7cb1c21a4bf30023f252596d83e1f007?s=96&d=mm&r=g","contentUrl":"https:\/\/secure.gravatar.com\/avatar\/ccc17943b9d660506c869530f897617f7cb1c21a4bf30023f252596d83e1f007?s=96&d=mm&r=g","caption":"admin"},"sameAs":["https:\/\/kibrisdakik.com"],"url":"https:\/\/kibrisdakik.com\/?author=1"}]}},"_links":{"self":[{"href":"https:\/\/kibrisdakik.com\/index.php?rest_route=\/wp\/v2\/posts\/67431","targetHints":{"allow":["GET"]}}],"collection":[{"href":"https:\/\/kibrisdakik.com\/index.php?rest_route=\/wp\/v2\/posts"}],"about":[{"href":"https:\/\/kibrisdakik.com\/index.php?rest_route=\/wp\/v2\/types\/post"}],"author":[{"embeddable":true,"href":"https:\/\/kibrisdakik.com\/index.php?rest_route=\/wp\/v2\/users\/1"}],"replies":[{"embeddable":true,"href":"https:\/\/kibrisdakik.com\/index.php?rest_route=%2Fwp%2Fv2%2Fcomments&post=67431"}],"version-history":[{"count":1,"href":"https:\/\/kibrisdakik.com\/index.php?rest_route=\/wp\/v2\/posts\/67431\/revisions"}],"predecessor-version":[{"id":67437,"href":"https:\/\/kibrisdakik.com\/index.php?rest_route=\/wp\/v2\/posts\/67431\/revisions\/67437"}],"wp:featuredmedia":[{"embeddable":true,"href":"https:\/\/kibrisdakik.com\/index.php?rest_route=\/wp\/v2\/media\/67434"}],"wp:attachment":[{"href":"https:\/\/kibrisdakik.com\/index.php?rest_route=%2Fwp%2Fv2%2Fmedia&parent=67431"}],"wp:term":[{"taxonomy":"category","embeddable":true,"href":"https:\/\/kibrisdakik.com\/index.php?rest_route=%2Fwp%2Fv2%2Fcategories&post=67431"},{"taxonomy":"post_tag","embeddable":true,"href":"https:\/\/kibrisdakik.com\/index.php?rest_route=%2Fwp%2Fv2%2Ftags&post=67431"}],"curies":[{"name":"wp","href":"https:\/\/api.w.org\/{rel}","templated":true}]}}