{"id":67456,"date":"2024-10-23T14:30:55","date_gmt":"2024-10-23T11:30:55","guid":{"rendered":"https:\/\/kibrisdakik.com\/index.php\/2024\/10\/23\/zulfu-livaneli-sarkilari-konseri-2-ve-9-kasimda-yapilacak\/"},"modified":"2024-10-23T14:30:55","modified_gmt":"2024-10-23T11:30:55","slug":"zulfu-livaneli-sarkilari-konseri-2-ve-9-kasimda-yapilacak","status":"publish","type":"post","link":"https:\/\/kibrisdakik.com\/?p=67456","title":{"rendered":"\u201cZ\u00fclf\u00fc Livaneli \u015eark\u0131lar\u0131\u201d konseri 2 ve 9 Kas\u0131m\u2019da yap\u0131lacak"},"content":{"rendered":"<p> <br \/>\n<\/p>\n<div>\n<div class=\"mariselle-image-container center\">\n                <img loading=\"lazy\" decoding=\"async\" width=\"1235\" height=\"583\" class=\"lazy-image\" alt=\"\" sizes=\"auto, (max-width: 1235px) 100vw, 1235px\" src=\"https:\/\/brtk.net\/wp-content\/uploads\/2024\/10\/23\/zulfu.jpg?ver=f780f33b610b6d3c017fbc76649fa7e6\" srcset=\"https:\/\/brtk.net\/wp-content\/uploads\/2024\/10\/23\/zulfu.jpg?ver=f780f33b610b6d3c017fbc76649fa7e6 1235w, https:\/\/brtk.net\/wp-content\/uploads\/2024\/10\/23\/zulfu-300x142.jpg?ver=f780f33b610b6d3c017fbc76649fa7e6 300w, https:\/\/brtk.net\/wp-content\/uploads\/2024\/10\/23\/zulfu-1024x483.jpg?ver=765261cc8df6944d8f4eaa47742d3de7 1024w, https:\/\/brtk.net\/wp-content\/uploads\/2024\/10\/23\/zulfu-768x363.jpg?ver=765261cc8df6944d8f4eaa47742d3de7 768w\"\/>                            <\/div>\n<p>Girne Belediyesi Oda Tiyatrosu\u2019nda, 2 ve 9 Kas\u0131m tarihlerinde \u201cZ\u00fclf\u00fc Livaneli \u015eark\u0131lar\u0131\u201d konseri d\u00fczenlenecek.<\/p>\n<p>Girne Belediyesi Oda Tiyatrosu\u2019ndan verilen bilgiye g\u00f6re konser, Tenor Umut Cem Ertem ve Piyanist Peter Ogunbekun e\u015fli\u011finde yap\u0131lacak.<\/p>\n<p>Konser biletleri  www.kibrisbiletcim.com adresinden veya mesai saatleri i\u00e7erisinde Girne Belediyesi Oda Tiyatrosu\u2019ndan 200 TL\u2019ye temin edilebilecek.<\/p>\n<p>S\u0131n\u0131rl\u0131 say\u0131da yer olacak etkinlikte, bilet kalmas\u0131 durumunda konser geceleri kap\u0131da da sat\u0131\u015f olacak. Bu konuda gerekli duyurular Girne Belediyesi Sosyal Medya hesaplar\u0131ndan yap\u0131lacak.<\/p>\n<\/p><\/div>\n<p><script async\n                    defer\n                    crossorigin=\"anonymous\"\n                    src=\"https:\/\/connect.facebook.net\/tr_TR\/sdk.js#xfbml=1&#038;version=v3.3\"\n            ><\/script><br \/>\n<br \/><br \/>\n<br \/><a href=\"https:\/\/brtk.net\/zulfu-livaneli-sarkilari-konseri-2-ve-9-kasimda-yapilacak\/\">kpostasi <\/a><\/p>\n","protected":false},"excerpt":{"rendered":"<p>Girne Belediyesi Oda Tiyatrosu\u2019nda, 2 ve 9 Kas\u0131m tarihlerinde \u201cZ\u00fclf\u00fc Livaneli \u015eark\u0131lar\u0131\u201d konseri d\u00fczenlenecek. Girne Belediyesi Oda Tiyatrosu\u2019ndan verilen bilgiye g\u00f6re konser, Tenor Umut Cem Ertem ve Piyanist Peter Ogunbekun e\u015fli\u011finde yap\u0131lacak. Konser biletleri www.kibrisbiletcim.com adresinden veya mesai saatleri i\u00e7erisinde Girne Belediyesi Oda Tiyatrosu\u2019ndan 200 TL\u2019ye temin edilebilecek. S\u0131n\u0131rl\u0131 say\u0131da yer olacak etkinlikte, bilet kalmas\u0131<\/p>\n","protected":false},"author":1,"featured_media":67457,"comment_status":"open","ping_status":"open","sticky":false,"template":"","format":"standard","meta":{"footnotes":""},"categories":[1,81],"tags":[],"class_list":["post-67456","post","type-post","status-publish","format-standard","has-post-thumbnail","hentry","category-gundem","category-kibris"],"yoast_head":"<!-- This site is optimized with the Yoast SEO plugin v27.5 - https:\/\/yoast.com\/product\/yoast-seo-wordpress\/ -->\n<title>\u201cZ\u00fclf\u00fc Livaneli \u015eark\u0131lar\u0131\u201d konseri 2 ve 9 Kas\u0131m\u2019da yap\u0131lacak -<\/title>\n<meta name=\"robots\" content=\"index, follow, max-snippet:-1, max-image-preview:large, max-video-preview:-1\" \/>\n<link rel=\"canonical\" href=\"https:\/\/kibrisdakik.com\/?p=67456\" \/>\n<meta property=\"og:locale\" content=\"tr_TR\" \/>\n<meta property=\"og:type\" content=\"article\" \/>\n<meta property=\"og:title\" content=\"\u201cZ\u00fclf\u00fc Livaneli \u015eark\u0131lar\u0131\u201d konseri 2 ve 9 Kas\u0131m\u2019da yap\u0131lacak -\" \/>\n<meta property=\"og:description\" content=\"Girne Belediyesi Oda Tiyatrosu\u2019nda, 2 ve 9 Kas\u0131m tarihlerinde \u201cZ\u00fclf\u00fc Livaneli \u015eark\u0131lar\u0131\u201d konseri d\u00fczenlenecek. Girne Belediyesi Oda Tiyatrosu\u2019ndan verilen bilgiye g\u00f6re konser, Tenor Umut Cem Ertem ve Piyanist Peter Ogunbekun e\u015fli\u011finde yap\u0131lacak. Konser biletleri www.kibrisbiletcim.com adresinden veya mesai saatleri i\u00e7erisinde Girne Belediyesi Oda Tiyatrosu\u2019ndan 200 TL\u2019ye temin edilebilecek. S\u0131n\u0131rl\u0131 say\u0131da yer olacak etkinlikte, bilet kalmas\u0131\" \/>\n<meta property=\"og:url\" content=\"https:\/\/kibrisdakik.com\/?p=67456\" \/>\n<meta property=\"article:published_time\" content=\"2024-10-23T11:30:55+00:00\" \/>\n<meta property=\"og:image\" content=\"https:\/\/kibrisdakik.com\/wp-content\/uploads\/2024\/10\/zulfu-740x420.jpg\" \/>\n\t<meta property=\"og:image:width\" content=\"1235\" \/>\n\t<meta property=\"og:image:height\" content=\"583\" \/>\n\t<meta property=\"og:image:type\" content=\"image\/jpeg\" \/>\n<meta name=\"author\" content=\"admin\" \/>\n<meta name=\"twitter:card\" content=\"summary_large_image\" \/>\n<meta name=\"twitter:label1\" content=\"Yazan:\" \/>\n\t<meta name=\"twitter:data1\" content=\"admin\" \/>\n<script type=\"application\/ld+json\" class=\"yoast-schema-graph\">{\"@context\":\"https:\\\/\\\/schema.org\",\"@graph\":[{\"@type\":\"Article\",\"@id\":\"https:\\\/\\\/kibrisdakik.com\\\/?p=67456#article\",\"isPartOf\":{\"@id\":\"https:\\\/\\\/kibrisdakik.com\\\/?p=67456\"},\"author\":{\"name\":\"admin\",\"@id\":\"https:\\\/\\\/kibrisdakik.com\\\/#\\\/schema\\\/person\\\/9cd9d437bbb44f72b73ba127e06d8e79\"},\"headline\":\"\u201cZ\u00fclf\u00fc Livaneli \u015eark\u0131lar\u0131\u201d konseri 2 ve 9 Kas\u0131m\u2019da yap\u0131lacak\",\"datePublished\":\"2024-10-23T11:30:55+00:00\",\"mainEntityOfPage\":{\"@id\":\"https:\\\/\\\/kibrisdakik.com\\\/?p=67456\"},\"wordCount\":105,\"commentCount\":0,\"image\":{\"@id\":\"https:\\\/\\\/kibrisdakik.com\\\/?p=67456#primaryimage\"},\"thumbnailUrl\":\"https:\\\/\\\/kibrisdakik.com\\\/wp-content\\\/uploads\\\/2024\\\/10\\\/zulfu-740x420.jpg\",\"articleSection\":[\"G\u00fcndem\",\"K\u0131br\u0131s\"],\"inLanguage\":\"tr\",\"potentialAction\":[{\"@type\":\"CommentAction\",\"name\":\"Comment\",\"target\":[\"https:\\\/\\\/kibrisdakik.com\\\/?p=67456#respond\"]}]},{\"@type\":\"WebPage\",\"@id\":\"https:\\\/\\\/kibrisdakik.com\\\/?p=67456\",\"url\":\"https:\\\/\\\/kibrisdakik.com\\\/?p=67456\",\"name\":\"\u201cZ\u00fclf\u00fc Livaneli \u015eark\u0131lar\u0131\u201d konseri 2 ve 9 Kas\u0131m\u2019da yap\u0131lacak -\",\"isPartOf\":{\"@id\":\"https:\\\/\\\/kibrisdakik.com\\\/#website\"},\"primaryImageOfPage\":{\"@id\":\"https:\\\/\\\/kibrisdakik.com\\\/?p=67456#primaryimage\"},\"image\":{\"@id\":\"https:\\\/\\\/kibrisdakik.com\\\/?p=67456#primaryimage\"},\"thumbnailUrl\":\"https:\\\/\\\/kibrisdakik.com\\\/wp-content\\\/uploads\\\/2024\\\/10\\\/zulfu-740x420.jpg\",\"datePublished\":\"2024-10-23T11:30:55+00:00\",\"author\":{\"@id\":\"https:\\\/\\\/kibrisdakik.com\\\/#\\\/schema\\\/person\\\/9cd9d437bbb44f72b73ba127e06d8e79\"},\"breadcrumb\":{\"@id\":\"https:\\\/\\\/kibrisdakik.com\\\/?p=67456#breadcrumb\"},\"inLanguage\":\"tr\",\"potentialAction\":[{\"@type\":\"ReadAction\",\"target\":[\"https:\\\/\\\/kibrisdakik.com\\\/?p=67456\"]}]},{\"@type\":\"ImageObject\",\"inLanguage\":\"tr\",\"@id\":\"https:\\\/\\\/kibrisdakik.com\\\/?p=67456#primaryimage\",\"url\":\"https:\\\/\\\/kibrisdakik.com\\\/wp-content\\\/uploads\\\/2024\\\/10\\\/zulfu-740x420.jpg\",\"contentUrl\":\"https:\\\/\\\/kibrisdakik.com\\\/wp-content\\\/uploads\\\/2024\\\/10\\\/zulfu-740x420.jpg\",\"width\":1235,\"height\":583},{\"@type\":\"BreadcrumbList\",\"@id\":\"https:\\\/\\\/kibrisdakik.com\\\/?p=67456#breadcrumb\",\"itemListElement\":[{\"@type\":\"ListItem\",\"position\":1,\"name\":\"Home\",\"item\":\"https:\\\/\\\/kibrisdakik.com\\\/\"},{\"@type\":\"ListItem\",\"position\":2,\"name\":\"\u201cZ\u00fclf\u00fc Livaneli \u015eark\u0131lar\u0131\u201d konseri 2 ve 9 Kas\u0131m\u2019da yap\u0131lacak\"}]},{\"@type\":\"WebSite\",\"@id\":\"https:\\\/\\\/kibrisdakik.com\\\/#website\",\"url\":\"https:\\\/\\\/kibrisdakik.com\\\/\",\"name\":\"\",\"description\":\"Tam vaktinde haber\",\"potentialAction\":[{\"@type\":\"SearchAction\",\"target\":{\"@type\":\"EntryPoint\",\"urlTemplate\":\"https:\\\/\\\/kibrisdakik.com\\\/?s={search_term_string}\"},\"query-input\":{\"@type\":\"PropertyValueSpecification\",\"valueRequired\":true,\"valueName\":\"search_term_string\"}}],\"inLanguage\":\"tr\"},{\"@type\":\"Person\",\"@id\":\"https:\\\/\\\/kibrisdakik.com\\\/#\\\/schema\\\/person\\\/9cd9d437bbb44f72b73ba127e06d8e79\",\"name\":\"admin\",\"image\":{\"@type\":\"ImageObject\",\"inLanguage\":\"tr\",\"@id\":\"https:\\\/\\\/secure.gravatar.com\\\/avatar\\\/ccc17943b9d660506c869530f897617f7cb1c21a4bf30023f252596d83e1f007?s=96&d=mm&r=g\",\"url\":\"https:\\\/\\\/secure.gravatar.com\\\/avatar\\\/ccc17943b9d660506c869530f897617f7cb1c21a4bf30023f252596d83e1f007?s=96&d=mm&r=g\",\"contentUrl\":\"https:\\\/\\\/secure.gravatar.com\\\/avatar\\\/ccc17943b9d660506c869530f897617f7cb1c21a4bf30023f252596d83e1f007?s=96&d=mm&r=g\",\"caption\":\"admin\"},\"sameAs\":[\"https:\\\/\\\/kibrisdakik.com\"],\"url\":\"https:\\\/\\\/kibrisdakik.com\\\/?author=1\"}]}<\/script>\n<!-- \/ Yoast SEO plugin. -->","yoast_head_json":{"title":"\u201cZ\u00fclf\u00fc Livaneli \u015eark\u0131lar\u0131\u201d konseri 2 ve 9 Kas\u0131m\u2019da yap\u0131lacak -","robots":{"index":"index","follow":"follow","max-snippet":"max-snippet:-1","max-image-preview":"max-image-preview:large","max-video-preview":"max-video-preview:-1"},"canonical":"https:\/\/kibrisdakik.com\/?p=67456","og_locale":"tr_TR","og_type":"article","og_title":"\u201cZ\u00fclf\u00fc Livaneli \u015eark\u0131lar\u0131\u201d konseri 2 ve 9 Kas\u0131m\u2019da yap\u0131lacak -","og_description":"Girne Belediyesi Oda Tiyatrosu\u2019nda, 2 ve 9 Kas\u0131m tarihlerinde \u201cZ\u00fclf\u00fc Livaneli \u015eark\u0131lar\u0131\u201d konseri d\u00fczenlenecek. Girne Belediyesi Oda Tiyatrosu\u2019ndan verilen bilgiye g\u00f6re konser, Tenor Umut Cem Ertem ve Piyanist Peter Ogunbekun e\u015fli\u011finde yap\u0131lacak. Konser biletleri www.kibrisbiletcim.com adresinden veya mesai saatleri i\u00e7erisinde Girne Belediyesi Oda Tiyatrosu\u2019ndan 200 TL\u2019ye temin edilebilecek. S\u0131n\u0131rl\u0131 say\u0131da yer olacak etkinlikte, bilet kalmas\u0131","og_url":"https:\/\/kibrisdakik.com\/?p=67456","article_published_time":"2024-10-23T11:30:55+00:00","og_image":[{"width":1235,"height":583,"url":"https:\/\/kibrisdakik.com\/wp-content\/uploads\/2024\/10\/zulfu-740x420.jpg","type":"image\/jpeg"}],"author":"admin","twitter_card":"summary_large_image","twitter_misc":{"Yazan:":"admin"},"schema":{"@context":"https:\/\/schema.org","@graph":[{"@type":"Article","@id":"https:\/\/kibrisdakik.com\/?p=67456#article","isPartOf":{"@id":"https:\/\/kibrisdakik.com\/?p=67456"},"author":{"name":"admin","@id":"https:\/\/kibrisdakik.com\/#\/schema\/person\/9cd9d437bbb44f72b73ba127e06d8e79"},"headline":"\u201cZ\u00fclf\u00fc Livaneli \u015eark\u0131lar\u0131\u201d konseri 2 ve 9 Kas\u0131m\u2019da yap\u0131lacak","datePublished":"2024-10-23T11:30:55+00:00","mainEntityOfPage":{"@id":"https:\/\/kibrisdakik.com\/?p=67456"},"wordCount":105,"commentCount":0,"image":{"@id":"https:\/\/kibrisdakik.com\/?p=67456#primaryimage"},"thumbnailUrl":"https:\/\/kibrisdakik.com\/wp-content\/uploads\/2024\/10\/zulfu-740x420.jpg","articleSection":["G\u00fcndem","K\u0131br\u0131s"],"inLanguage":"tr","potentialAction":[{"@type":"CommentAction","name":"Comment","target":["https:\/\/kibrisdakik.com\/?p=67456#respond"]}]},{"@type":"WebPage","@id":"https:\/\/kibrisdakik.com\/?p=67456","url":"https:\/\/kibrisdakik.com\/?p=67456","name":"\u201cZ\u00fclf\u00fc Livaneli \u015eark\u0131lar\u0131\u201d konseri 2 ve 9 Kas\u0131m\u2019da yap\u0131lacak -","isPartOf":{"@id":"https:\/\/kibrisdakik.com\/#website"},"primaryImageOfPage":{"@id":"https:\/\/kibrisdakik.com\/?p=67456#primaryimage"},"image":{"@id":"https:\/\/kibrisdakik.com\/?p=67456#primaryimage"},"thumbnailUrl":"https:\/\/kibrisdakik.com\/wp-content\/uploads\/2024\/10\/zulfu-740x420.jpg","datePublished":"2024-10-23T11:30:55+00:00","author":{"@id":"https:\/\/kibrisdakik.com\/#\/schema\/person\/9cd9d437bbb44f72b73ba127e06d8e79"},"breadcrumb":{"@id":"https:\/\/kibrisdakik.com\/?p=67456#breadcrumb"},"inLanguage":"tr","potentialAction":[{"@type":"ReadAction","target":["https:\/\/kibrisdakik.com\/?p=67456"]}]},{"@type":"ImageObject","inLanguage":"tr","@id":"https:\/\/kibrisdakik.com\/?p=67456#primaryimage","url":"https:\/\/kibrisdakik.com\/wp-content\/uploads\/2024\/10\/zulfu-740x420.jpg","contentUrl":"https:\/\/kibrisdakik.com\/wp-content\/uploads\/2024\/10\/zulfu-740x420.jpg","width":1235,"height":583},{"@type":"BreadcrumbList","@id":"https:\/\/kibrisdakik.com\/?p=67456#breadcrumb","itemListElement":[{"@type":"ListItem","position":1,"name":"Home","item":"https:\/\/kibrisdakik.com\/"},{"@type":"ListItem","position":2,"name":"\u201cZ\u00fclf\u00fc Livaneli \u015eark\u0131lar\u0131\u201d konseri 2 ve 9 Kas\u0131m\u2019da yap\u0131lacak"}]},{"@type":"WebSite","@id":"https:\/\/kibrisdakik.com\/#website","url":"https:\/\/kibrisdakik.com\/","name":"","description":"Tam vaktinde haber","potentialAction":[{"@type":"SearchAction","target":{"@type":"EntryPoint","urlTemplate":"https:\/\/kibrisdakik.com\/?s={search_term_string}"},"query-input":{"@type":"PropertyValueSpecification","valueRequired":true,"valueName":"search_term_string"}}],"inLanguage":"tr"},{"@type":"Person","@id":"https:\/\/kibrisdakik.com\/#\/schema\/person\/9cd9d437bbb44f72b73ba127e06d8e79","name":"admin","image":{"@type":"ImageObject","inLanguage":"tr","@id":"https:\/\/secure.gravatar.com\/avatar\/ccc17943b9d660506c869530f897617f7cb1c21a4bf30023f252596d83e1f007?s=96&d=mm&r=g","url":"https:\/\/secure.gravatar.com\/avatar\/ccc17943b9d660506c869530f897617f7cb1c21a4bf30023f252596d83e1f007?s=96&d=mm&r=g","contentUrl":"https:\/\/secure.gravatar.com\/avatar\/ccc17943b9d660506c869530f897617f7cb1c21a4bf30023f252596d83e1f007?s=96&d=mm&r=g","caption":"admin"},"sameAs":["https:\/\/kibrisdakik.com"],"url":"https:\/\/kibrisdakik.com\/?author=1"}]}},"_links":{"self":[{"href":"https:\/\/kibrisdakik.com\/index.php?rest_route=\/wp\/v2\/posts\/67456","targetHints":{"allow":["GET"]}}],"collection":[{"href":"https:\/\/kibrisdakik.com\/index.php?rest_route=\/wp\/v2\/posts"}],"about":[{"href":"https:\/\/kibrisdakik.com\/index.php?rest_route=\/wp\/v2\/types\/post"}],"author":[{"embeddable":true,"href":"https:\/\/kibrisdakik.com\/index.php?rest_route=\/wp\/v2\/users\/1"}],"replies":[{"embeddable":true,"href":"https:\/\/kibrisdakik.com\/index.php?rest_route=%2Fwp%2Fv2%2Fcomments&post=67456"}],"version-history":[{"count":0,"href":"https:\/\/kibrisdakik.com\/index.php?rest_route=\/wp\/v2\/posts\/67456\/revisions"}],"wp:featuredmedia":[{"embeddable":true,"href":"https:\/\/kibrisdakik.com\/index.php?rest_route=\/wp\/v2\/media\/67457"}],"wp:attachment":[{"href":"https:\/\/kibrisdakik.com\/index.php?rest_route=%2Fwp%2Fv2%2Fmedia&parent=67456"}],"wp:term":[{"taxonomy":"category","embeddable":true,"href":"https:\/\/kibrisdakik.com\/index.php?rest_route=%2Fwp%2Fv2%2Fcategories&post=67456"},{"taxonomy":"post_tag","embeddable":true,"href":"https:\/\/kibrisdakik.com\/index.php?rest_route=%2Fwp%2Fv2%2Ftags&post=67456"}],"curies":[{"name":"wp","href":"https:\/\/api.w.org\/{rel}","templated":true}]}}