{"id":67479,"date":"2024-10-23T17:42:59","date_gmt":"2024-10-23T14:42:59","guid":{"rendered":"https:\/\/kibrisdakik.com\/index.php\/2024\/10\/23\/kktc-antalya-turizm-fuarindaataogluada-kibris-kuzey-kibrisin-kulturel-zenginliklerini-yansitan-bir-turizm-kimligi-olacak\/"},"modified":"2024-10-23T17:42:59","modified_gmt":"2024-10-23T14:42:59","slug":"kktc-antalya-turizm-fuarindaataogluada-kibris-kuzey-kibrisin-kulturel-zenginliklerini-yansitan-bir-turizm-kimligi-olacak","status":"publish","type":"post","link":"https:\/\/kibrisdakik.com\/?p=67479","title":{"rendered":"KKTC, Antalya Turizm Fuar\u0131\u2019nda\u2026Atao\u011flu:\u201cAda K\u0131br\u0131s, Kuzey K\u0131br\u0131s\u2019\u0131n k\u00fclt\u00fcrel  zenginliklerini yans\u0131tan bir turizm kimli\u011fi olacak\u201d"},"content":{"rendered":"<div>\n<div class=\"mariselle-image-container center\">\n                                            <\/div>\n<p>Ba\u015fbakan Yard\u0131mc\u0131l\u0131\u011f\u0131, Turizm, K\u00fclt\u00fcr, Gen\u00e7lik ve \u00c7evre Bakanl\u0131\u011f\u0131, yurt d\u0131\u015f\u0131 turizm tan\u0131tma ve pazarlama \u00e7al\u0131\u015fmalar\u0131 kapsam\u0131nda, 23-25 Ekim 2024 tarihleri aras\u0131nda Antalya\u2019da ger\u00e7ekle\u015fecek olan, Antalya 2024 Turizm Fuar\u0131\u2019nda yerini ald\u0131.  <\/p>\n<p>Ba\u015fbakan Yard\u0131mc\u0131s\u0131 Turizm K\u00fclt\u00fcr Gen\u00e7lik ve \u00c7evre Bakan\u0131 Fikri Atao\u011flu\u2019nun da kat\u0131ld\u0131\u011f\u0131 fuarda Atao\u011flu\u2019na Antalya Valisi Hulusi \u015eahin, KKTC Antalya Ba\u015fkonsolosu Asl\u0131 Erkmen ile D\u00fcnya Sa\u011fl\u0131k Turizmi Konseyi Ba\u015fkan\u0131 Ahmet Sava\u015fan da e\u015flik etti.<\/p>\n<p>Turizm sekt\u00f6r\u00fcn\u00fc bir araya getiren Antalya 2024 Turizm Fuar\u0131\u2019na, bu y\u0131l 35 \u00fclkeden 25 binin \u00fczerinde turizm profesyoneli kat\u0131l\u0131yor. <\/p>\n<div class=\"mariselle-image-container center\">\n                <img loading=\"lazy\" decoding=\"async\" width=\"2011\" height=\"1414\" class=\"lazy-image\" alt=\"\" sizes=\"auto, (max-width: 2011px) 100vw, 2011px\" src=\"https:\/\/brtk.net\/wp-content\/uploads\/2024\/10\/23\/9.jpg?ver=48f2b7bc84fc65601559fe7401d9f662\" srcset=\"https:\/\/brtk.net\/wp-content\/uploads\/2024\/10\/23\/9.jpg?ver=48f2b7bc84fc65601559fe7401d9f662 2011w, https:\/\/brtk.net\/wp-content\/uploads\/2024\/10\/23\/9-300x211.jpg?ver=717275c73ba31f1722b7d6111e41a8d3 300w, https:\/\/brtk.net\/wp-content\/uploads\/2024\/10\/23\/9-1024x720.jpg?ver=09aeb842a8c170d1463d9c3b4bff6ed3 1024w, https:\/\/brtk.net\/wp-content\/uploads\/2024\/10\/23\/9-768x540.jpg?ver=09aeb842a8c170d1463d9c3b4bff6ed3 768w, https:\/\/brtk.net\/wp-content\/uploads\/2024\/10\/23\/9-1536x1080.jpg?ver=79e2082e19092cdbcf9e25c97293d370 1536w\"\/>                            <\/div>\n<p>KKTC, Ulusal ve uluslararas\u0131 tur operat\u00f6rleri, \u00e7evrimd\u0131\u015f\u0131 ve \u00e7evrimi\u00e7i seyahat acenteleri, konaklama tesisleri, havayollar\u0131, ula\u015f\u0131m \u015firketleri, rekreasyon alanlar\u0131, bilgi teknolojileri, gastronomi ve servis sa\u011flay\u0131c\u0131lar ile finansal kurumlar\u0131 bir araya getiren Antalya Turizm Fuar\u0131\u2019na, Ba\u015fbakan Yard\u0131mc\u0131l\u0131\u011f\u0131, Turizm, K\u00fclt\u00fcr, Gen\u00e7lik ve \u00c7evre Bakanl\u0131\u011f\u0131 profesyonel ekibi yan\u0131 s\u0131ra, K\u0131br\u0131s T\u00fcrk Otelciler Birli\u011fi (KITOB), K\u0131br\u0131s T\u00fcrk Seyahat Acenteleri Birli\u011fi (KITSAB) ve Sa\u011fl\u0131k Turizmi Konseyi \u00fcyelerinden olu\u015fan bir heyetle temsil ediliyor.<br \/>Tan\u0131t\u0131c\u0131 yay\u0131nlar\u0131n yer ald\u0131\u011f\u0131 KKTC stand\u0131nda ayr\u0131ca, K\u0131br\u0131s T\u00fcrk geleneksel tatlar\u0131 da ziyaret\u00e7ilerle bulu\u015fturuluyor. <\/p>\n<p>Ba\u015fbakan Yard\u0131mc\u0131s\u0131 Turizm, K\u00fclt\u00fcr, Gen\u00e7lik ve \u00c7evre Bakan\u0131 Fikri Atao\u011flu, fuar\u0131n a\u00e7\u0131l\u0131\u015f\u0131nda yapt\u0131\u011f\u0131 konu\u015fmada Antalya Fuar\u0131\u2019n\u0131n Kuzey K\u0131br\u0131s i\u00e7in olduk\u00e7a \u00f6nem arz etti\u011fini ifade ederek, burada olmaktan dolay\u0131 mutlu oldu\u011funu belirtti. <\/p>\n<p>Atao\u011flu konu\u015fmas\u0131n\u0131 \u015f\u00f6yle s\u00fcrd\u00fcrd\u00fc; \u201cAntalya Turizm Fuar\u0131, farkl\u0131 co\u011frafyalardan, farkl\u0131 k\u00fclt\u00fcrlerden ve farkl\u0131 \u00fclkelerden gelen turizm profesyonelleri ve sekt\u00f6r temsilcilerinin bulu\u015ftu\u011fu, fikir al\u0131\u015fveri\u015finde bulundu\u011fu, i\u015f birli\u011fi f\u0131rsatlar\u0131n\u0131 geli\u015ftirdi\u011fi \u00e7ok \u00f6zel bir platform.<\/p>\n<p>Bu anlamda, fuar\u0131n ba\u015far\u0131l\u0131 ge\u00e7mesini ve turizm sekt\u00f6r\u00fcne yeni ufuklar a\u00e7mas\u0131n\u0131 temenni ediyorum.<\/p>\n<p>Kuzey K\u0131br\u0131s T\u00fcrk Cumhuriyeti\u2019nin e\u015fsiz turizm potansiyelini ve g\u00fczelliklerini buraya ta\u015f\u0131maktan memnuniyet duyuyorum. <\/p>\n<p>Bilindi\u011fi gibi Kuzey K\u0131br\u0131s, Akdeniz\u2019in kalbinde yer alan, zengin tarih ve k\u00fclt\u00fcr\u00fcyle benzersiz bir destinasyon. <\/p>\n<p>Tertemiz plajlar\u0131m\u0131z, do\u011fal g\u00fczelliklerimiz, otantik k\u00f6ylerimiz ve misafirperver insanlar\u0131m\u0131z ile her y\u0131l daha fazla turisti a\u011f\u0131rl\u0131yoruz. <\/p>\n<p>Bu y\u0131l\u0131n ba\u015f\u0131ndan itibaren turizmde ya\u015fanan canlanma ve turist say\u0131s\u0131ndaki art\u0131\u015f, Kuzey K\u0131br\u0131s turizminin y\u00fckselen bir grafik sergiledi\u011fini a\u00e7\u0131k\u00e7a ortaya koyuyor.<\/p>\n<p>Ancak Kuzey K\u0131br\u0131s\u2019\u0131 yaln\u0131zca deniz, kum ve g\u00fcne\u015ften ibaret bir destinasyon olarak g\u00f6rmek do\u011fru olmaz. K\u0131br\u0131s, binlerce y\u0131ll\u0131k ge\u00e7mi\u015fiyle medeniyetlerin bulu\u015fma noktas\u0131 olmu\u015f, k\u00fclt\u00fcrel miras\u0131n\u0131 zengin bir mozaik halinde korumu\u015f bir ada. <\/p>\n<p>Antik kentlerden, tarihi manast\u0131rlara, portakal bah\u00e7elerinden do\u011fa y\u00fcr\u00fcy\u00fc\u015f rotalar\u0131na kadar sundu\u011fumuz farkl\u0131 turizm alternatifleri ile ziyaret\u00e7ilerimize unutulmaz bir deneyim ya\u015fat\u0131yoruz.<\/p>\n<p>Bu y\u0131l T\u00fcrkiye pazar\u0131 i\u00e7in hayata ge\u00e7irdi\u011fimiz Ada K\u0131br\u0131s Turizm Markas\u0131n\u0131n \u00f6nemine de de\u011finmek istiyorum. <\/p>\n<p>Kuzey K\u0131br\u0131s\u2019\u0131n tan\u0131t\u0131m\u0131nda yeni bir vizyon ortaya koyarak, turizmde s\u00fcrd\u00fcr\u00fclebilir kalk\u0131nma ve kaliteli turizm anlay\u0131\u015f\u0131n\u0131 benimsemek ad\u0131na Ada K\u0131br\u0131s markas\u0131n\u0131 olu\u015fturduk. <\/p>\n<p>Bu marka, sadece turizmi de\u011fil, t\u00fcm Kuzey K\u0131br\u0131s\u2019\u0131n zenginliklerini yans\u0131tan bir turizm kimli\u011fi olacak. <\/p>\n<p>K\u00fclt\u00fcrel ve do\u011fal de\u011ferlerimizi uluslararas\u0131 alanda daha g\u00fc\u00e7l\u00fc bir \u015fekilde tan\u0131tmak, turizm sekt\u00f6r\u00fcnde bir cazibe merkezi olma hedefimize bir ad\u0131m daha yakla\u015ft\u0131\u011f\u0131m\u0131z\u0131 g\u00f6steriyor.<\/p>\n<p>Bu ba\u011flamda, sizlerin de katk\u0131 ve i\u015f birlikleri ile Kuzey K\u0131br\u0131s\u2019\u0131 bir turizm cenneti haline getirece\u011fimize inan\u0131yorum. <\/p>\n<p>\u00dclkemiz, farkl\u0131 turizm t\u00fcrlerine ev sahipli\u011fi yapabilecek altyap\u0131ya ve kapasiteye sahip. Kongre turizmi, sa\u011fl\u0131k turizmi, golf turizmi ve do\u011fa turizmi gibi pek \u00e7ok alanda kendimizi geli\u015ftirmeye devam ediyoruz. <\/p>\n<p>K\u00fclt\u00fcrel etkinlikler, festivaller ve spor organizasyonlar\u0131 ile Kuzey K\u0131br\u0131s\u2019\u0131 d\u00f6rt mevsim canl\u0131 ve dinamik bir destinasyon haline getirmeyi ama\u00e7l\u0131yoruz.<\/p>\n<p>Antalya Turizm Fuar\u0131\u2019nda ger\u00e7ekle\u015ftirece\u011fimiz g\u00f6r\u00fc\u015fmelerin ve kurulacak i\u015f birliklerinin, hem \u00fclkemiz turizmine hem de uluslararas\u0131 turizm sekt\u00f6r\u00fcne katk\u0131 sa\u011flamas\u0131n\u0131 temenni ediyorum.\u201d Diyerek s\u00f6zlerini noktalad\u0131.<\/p>\n<\/p><\/div>\n<p><script async\n                    defer\n                    crossorigin=\"anonymous\"\n                    src=\"https:\/\/connect.facebook.net\/tr_TR\/sdk.js#xfbml=1&#038;version=v3.3\"\n            ><\/script><\/p>\n","protected":false},"excerpt":{"rendered":"<p>Ba\u015fbakan Yard\u0131mc\u0131l\u0131\u011f\u0131, Turizm, K\u00fclt\u00fcr, Gen\u00e7lik ve \u00c7evre Bakanl\u0131\u011f\u0131, yurt d\u0131\u015f\u0131 turizm tan\u0131tma ve pazarlama \u00e7al\u0131\u015fmalar\u0131 kapsam\u0131nda, 23-25 Ekim 2024 tarihleri aras\u0131nda Antalya\u2019da ger\u00e7ekle\u015fecek olan, Antalya 2024 Turizm Fuar\u0131\u2019nda yerini ald\u0131. Ba\u015fbakan Yard\u0131mc\u0131s\u0131 Turizm K\u00fclt\u00fcr Gen\u00e7lik ve \u00c7evre Bakan\u0131 Fikri Atao\u011flu\u2019nun da kat\u0131ld\u0131\u011f\u0131 fuarda Atao\u011flu\u2019na Antalya Valisi Hulusi \u015eahin, KKTC Antalya Ba\u015fkonsolosu Asl\u0131 Erkmen ile D\u00fcnya<\/p>\n","protected":false},"author":1,"featured_media":67480,"comment_status":"open","ping_status":"open","sticky":false,"template":"","format":"standard","meta":{"footnotes":""},"categories":[81],"tags":[],"class_list":["post-67479","post","type-post","status-publish","format-standard","has-post-thumbnail","hentry","category-kibris"],"yoast_head":"<!-- This site is optimized with the Yoast SEO plugin v27.5 - https:\/\/yoast.com\/product\/yoast-seo-wordpress\/ -->\n<title>KKTC, Antalya Turizm Fuar\u0131\u2019nda\u2026Atao\u011flu:\u201cAda K\u0131br\u0131s, Kuzey K\u0131br\u0131s\u2019\u0131n k\u00fclt\u00fcrel zenginliklerini yans\u0131tan bir turizm kimli\u011fi olacak\u201d -<\/title>\n<meta name=\"robots\" content=\"index, follow, max-snippet:-1, max-image-preview:large, max-video-preview:-1\" \/>\n<link rel=\"canonical\" href=\"https:\/\/kibrisdakik.com\/?p=67479\" \/>\n<meta property=\"og:locale\" content=\"tr_TR\" \/>\n<meta property=\"og:type\" content=\"article\" \/>\n<meta property=\"og:title\" content=\"KKTC, Antalya Turizm Fuar\u0131\u2019nda\u2026Atao\u011flu:\u201cAda K\u0131br\u0131s, Kuzey K\u0131br\u0131s\u2019\u0131n k\u00fclt\u00fcrel zenginliklerini yans\u0131tan bir turizm kimli\u011fi olacak\u201d -\" \/>\n<meta property=\"og:description\" content=\"Ba\u015fbakan Yard\u0131mc\u0131l\u0131\u011f\u0131, Turizm, K\u00fclt\u00fcr, Gen\u00e7lik ve \u00c7evre Bakanl\u0131\u011f\u0131, yurt d\u0131\u015f\u0131 turizm tan\u0131tma ve pazarlama \u00e7al\u0131\u015fmalar\u0131 kapsam\u0131nda, 23-25 Ekim 2024 tarihleri aras\u0131nda Antalya\u2019da ger\u00e7ekle\u015fecek olan, Antalya 2024 Turizm Fuar\u0131\u2019nda yerini ald\u0131. Ba\u015fbakan Yard\u0131mc\u0131s\u0131 Turizm K\u00fclt\u00fcr Gen\u00e7lik ve \u00c7evre Bakan\u0131 Fikri Atao\u011flu\u2019nun da kat\u0131ld\u0131\u011f\u0131 fuarda Atao\u011flu\u2019na Antalya Valisi Hulusi \u015eahin, KKTC Antalya Ba\u015fkonsolosu Asl\u0131 Erkmen ile D\u00fcnya\" \/>\n<meta property=\"og:url\" content=\"https:\/\/kibrisdakik.com\/?p=67479\" \/>\n<meta property=\"article:published_time\" content=\"2024-10-23T14:42:59+00:00\" \/>\n<meta property=\"og:image\" content=\"https:\/\/kibrisdakik.com\/wp-content\/uploads\/2024\/10\/1-scaled-740x420.jpg\" \/>\n\t<meta property=\"og:image:width\" content=\"2560\" \/>\n\t<meta property=\"og:image:height\" content=\"1392\" \/>\n\t<meta property=\"og:image:type\" content=\"image\/jpeg\" \/>\n<meta name=\"author\" content=\"admin\" \/>\n<meta name=\"twitter:card\" content=\"summary_large_image\" \/>\n<meta name=\"twitter:label1\" content=\"Yazan:\" \/>\n\t<meta name=\"twitter:data1\" content=\"admin\" \/>\n\t<meta name=\"twitter:label2\" content=\"Tahmini okuma s\u00fcresi\" \/>\n\t<meta name=\"twitter:data2\" content=\"4 dakika\" \/>\n<script type=\"application\/ld+json\" class=\"yoast-schema-graph\">{\"@context\":\"https:\\\/\\\/schema.org\",\"@graph\":[{\"@type\":\"Article\",\"@id\":\"https:\\\/\\\/kibrisdakik.com\\\/?p=67479#article\",\"isPartOf\":{\"@id\":\"https:\\\/\\\/kibrisdakik.com\\\/?p=67479\"},\"author\":{\"name\":\"admin\",\"@id\":\"https:\\\/\\\/kibrisdakik.com\\\/#\\\/schema\\\/person\\\/9cd9d437bbb44f72b73ba127e06d8e79\"},\"headline\":\"KKTC, Antalya Turizm Fuar\u0131\u2019nda\u2026Atao\u011flu:\u201cAda K\u0131br\u0131s, Kuzey K\u0131br\u0131s\u2019\u0131n k\u00fclt\u00fcrel zenginliklerini yans\u0131tan bir turizm kimli\u011fi olacak\u201d\",\"datePublished\":\"2024-10-23T14:42:59+00:00\",\"mainEntityOfPage\":{\"@id\":\"https:\\\/\\\/kibrisdakik.com\\\/?p=67479\"},\"wordCount\":798,\"commentCount\":0,\"image\":{\"@id\":\"https:\\\/\\\/kibrisdakik.com\\\/?p=67479#primaryimage\"},\"thumbnailUrl\":\"https:\\\/\\\/kibrisdakik.com\\\/wp-content\\\/uploads\\\/2024\\\/10\\\/1-scaled-740x420.jpg\",\"articleSection\":[\"K\u0131br\u0131s\"],\"inLanguage\":\"tr\",\"potentialAction\":[{\"@type\":\"CommentAction\",\"name\":\"Comment\",\"target\":[\"https:\\\/\\\/kibrisdakik.com\\\/?p=67479#respond\"]}]},{\"@type\":\"WebPage\",\"@id\":\"https:\\\/\\\/kibrisdakik.com\\\/?p=67479\",\"url\":\"https:\\\/\\\/kibrisdakik.com\\\/?p=67479\",\"name\":\"KKTC, Antalya Turizm Fuar\u0131\u2019nda\u2026Atao\u011flu:\u201cAda K\u0131br\u0131s, Kuzey K\u0131br\u0131s\u2019\u0131n k\u00fclt\u00fcrel zenginliklerini yans\u0131tan bir turizm kimli\u011fi olacak\u201d -\",\"isPartOf\":{\"@id\":\"https:\\\/\\\/kibrisdakik.com\\\/#website\"},\"primaryImageOfPage\":{\"@id\":\"https:\\\/\\\/kibrisdakik.com\\\/?p=67479#primaryimage\"},\"image\":{\"@id\":\"https:\\\/\\\/kibrisdakik.com\\\/?p=67479#primaryimage\"},\"thumbnailUrl\":\"https:\\\/\\\/kibrisdakik.com\\\/wp-content\\\/uploads\\\/2024\\\/10\\\/1-scaled-740x420.jpg\",\"datePublished\":\"2024-10-23T14:42:59+00:00\",\"author\":{\"@id\":\"https:\\\/\\\/kibrisdakik.com\\\/#\\\/schema\\\/person\\\/9cd9d437bbb44f72b73ba127e06d8e79\"},\"breadcrumb\":{\"@id\":\"https:\\\/\\\/kibrisdakik.com\\\/?p=67479#breadcrumb\"},\"inLanguage\":\"tr\",\"potentialAction\":[{\"@type\":\"ReadAction\",\"target\":[\"https:\\\/\\\/kibrisdakik.com\\\/?p=67479\"]}]},{\"@type\":\"ImageObject\",\"inLanguage\":\"tr\",\"@id\":\"https:\\\/\\\/kibrisdakik.com\\\/?p=67479#primaryimage\",\"url\":\"https:\\\/\\\/kibrisdakik.com\\\/wp-content\\\/uploads\\\/2024\\\/10\\\/1-scaled-740x420.jpg\",\"contentUrl\":\"https:\\\/\\\/kibrisdakik.com\\\/wp-content\\\/uploads\\\/2024\\\/10\\\/1-scaled-740x420.jpg\",\"width\":2560,\"height\":1392},{\"@type\":\"BreadcrumbList\",\"@id\":\"https:\\\/\\\/kibrisdakik.com\\\/?p=67479#breadcrumb\",\"itemListElement\":[{\"@type\":\"ListItem\",\"position\":1,\"name\":\"Home\",\"item\":\"https:\\\/\\\/kibrisdakik.com\\\/\"},{\"@type\":\"ListItem\",\"position\":2,\"name\":\"KKTC, Antalya Turizm Fuar\u0131\u2019nda\u2026Atao\u011flu:\u201cAda K\u0131br\u0131s, Kuzey K\u0131br\u0131s\u2019\u0131n k\u00fclt\u00fcrel zenginliklerini yans\u0131tan bir turizm kimli\u011fi olacak\u201d\"}]},{\"@type\":\"WebSite\",\"@id\":\"https:\\\/\\\/kibrisdakik.com\\\/#website\",\"url\":\"https:\\\/\\\/kibrisdakik.com\\\/\",\"name\":\"\",\"description\":\"Tam vaktinde haber\",\"potentialAction\":[{\"@type\":\"SearchAction\",\"target\":{\"@type\":\"EntryPoint\",\"urlTemplate\":\"https:\\\/\\\/kibrisdakik.com\\\/?s={search_term_string}\"},\"query-input\":{\"@type\":\"PropertyValueSpecification\",\"valueRequired\":true,\"valueName\":\"search_term_string\"}}],\"inLanguage\":\"tr\"},{\"@type\":\"Person\",\"@id\":\"https:\\\/\\\/kibrisdakik.com\\\/#\\\/schema\\\/person\\\/9cd9d437bbb44f72b73ba127e06d8e79\",\"name\":\"admin\",\"image\":{\"@type\":\"ImageObject\",\"inLanguage\":\"tr\",\"@id\":\"https:\\\/\\\/secure.gravatar.com\\\/avatar\\\/ccc17943b9d660506c869530f897617f7cb1c21a4bf30023f252596d83e1f007?s=96&d=mm&r=g\",\"url\":\"https:\\\/\\\/secure.gravatar.com\\\/avatar\\\/ccc17943b9d660506c869530f897617f7cb1c21a4bf30023f252596d83e1f007?s=96&d=mm&r=g\",\"contentUrl\":\"https:\\\/\\\/secure.gravatar.com\\\/avatar\\\/ccc17943b9d660506c869530f897617f7cb1c21a4bf30023f252596d83e1f007?s=96&d=mm&r=g\",\"caption\":\"admin\"},\"sameAs\":[\"https:\\\/\\\/kibrisdakik.com\"],\"url\":\"https:\\\/\\\/kibrisdakik.com\\\/?author=1\"}]}<\/script>\n<!-- \/ Yoast SEO plugin. -->","yoast_head_json":{"title":"KKTC, Antalya Turizm Fuar\u0131\u2019nda\u2026Atao\u011flu:\u201cAda K\u0131br\u0131s, Kuzey K\u0131br\u0131s\u2019\u0131n k\u00fclt\u00fcrel zenginliklerini yans\u0131tan bir turizm kimli\u011fi olacak\u201d -","robots":{"index":"index","follow":"follow","max-snippet":"max-snippet:-1","max-image-preview":"max-image-preview:large","max-video-preview":"max-video-preview:-1"},"canonical":"https:\/\/kibrisdakik.com\/?p=67479","og_locale":"tr_TR","og_type":"article","og_title":"KKTC, Antalya Turizm Fuar\u0131\u2019nda\u2026Atao\u011flu:\u201cAda K\u0131br\u0131s, Kuzey K\u0131br\u0131s\u2019\u0131n k\u00fclt\u00fcrel zenginliklerini yans\u0131tan bir turizm kimli\u011fi olacak\u201d -","og_description":"Ba\u015fbakan Yard\u0131mc\u0131l\u0131\u011f\u0131, Turizm, K\u00fclt\u00fcr, Gen\u00e7lik ve \u00c7evre Bakanl\u0131\u011f\u0131, yurt d\u0131\u015f\u0131 turizm tan\u0131tma ve pazarlama \u00e7al\u0131\u015fmalar\u0131 kapsam\u0131nda, 23-25 Ekim 2024 tarihleri aras\u0131nda Antalya\u2019da ger\u00e7ekle\u015fecek olan, Antalya 2024 Turizm Fuar\u0131\u2019nda yerini ald\u0131. Ba\u015fbakan Yard\u0131mc\u0131s\u0131 Turizm K\u00fclt\u00fcr Gen\u00e7lik ve \u00c7evre Bakan\u0131 Fikri Atao\u011flu\u2019nun da kat\u0131ld\u0131\u011f\u0131 fuarda Atao\u011flu\u2019na Antalya Valisi Hulusi \u015eahin, KKTC Antalya Ba\u015fkonsolosu Asl\u0131 Erkmen ile D\u00fcnya","og_url":"https:\/\/kibrisdakik.com\/?p=67479","article_published_time":"2024-10-23T14:42:59+00:00","og_image":[{"width":2560,"height":1392,"url":"https:\/\/kibrisdakik.com\/wp-content\/uploads\/2024\/10\/1-scaled-740x420.jpg","type":"image\/jpeg"}],"author":"admin","twitter_card":"summary_large_image","twitter_misc":{"Yazan:":"admin","Tahmini okuma s\u00fcresi":"4 dakika"},"schema":{"@context":"https:\/\/schema.org","@graph":[{"@type":"Article","@id":"https:\/\/kibrisdakik.com\/?p=67479#article","isPartOf":{"@id":"https:\/\/kibrisdakik.com\/?p=67479"},"author":{"name":"admin","@id":"https:\/\/kibrisdakik.com\/#\/schema\/person\/9cd9d437bbb44f72b73ba127e06d8e79"},"headline":"KKTC, Antalya Turizm Fuar\u0131\u2019nda\u2026Atao\u011flu:\u201cAda K\u0131br\u0131s, Kuzey K\u0131br\u0131s\u2019\u0131n k\u00fclt\u00fcrel zenginliklerini yans\u0131tan bir turizm kimli\u011fi olacak\u201d","datePublished":"2024-10-23T14:42:59+00:00","mainEntityOfPage":{"@id":"https:\/\/kibrisdakik.com\/?p=67479"},"wordCount":798,"commentCount":0,"image":{"@id":"https:\/\/kibrisdakik.com\/?p=67479#primaryimage"},"thumbnailUrl":"https:\/\/kibrisdakik.com\/wp-content\/uploads\/2024\/10\/1-scaled-740x420.jpg","articleSection":["K\u0131br\u0131s"],"inLanguage":"tr","potentialAction":[{"@type":"CommentAction","name":"Comment","target":["https:\/\/kibrisdakik.com\/?p=67479#respond"]}]},{"@type":"WebPage","@id":"https:\/\/kibrisdakik.com\/?p=67479","url":"https:\/\/kibrisdakik.com\/?p=67479","name":"KKTC, Antalya Turizm Fuar\u0131\u2019nda\u2026Atao\u011flu:\u201cAda K\u0131br\u0131s, Kuzey K\u0131br\u0131s\u2019\u0131n k\u00fclt\u00fcrel zenginliklerini yans\u0131tan bir turizm kimli\u011fi olacak\u201d -","isPartOf":{"@id":"https:\/\/kibrisdakik.com\/#website"},"primaryImageOfPage":{"@id":"https:\/\/kibrisdakik.com\/?p=67479#primaryimage"},"image":{"@id":"https:\/\/kibrisdakik.com\/?p=67479#primaryimage"},"thumbnailUrl":"https:\/\/kibrisdakik.com\/wp-content\/uploads\/2024\/10\/1-scaled-740x420.jpg","datePublished":"2024-10-23T14:42:59+00:00","author":{"@id":"https:\/\/kibrisdakik.com\/#\/schema\/person\/9cd9d437bbb44f72b73ba127e06d8e79"},"breadcrumb":{"@id":"https:\/\/kibrisdakik.com\/?p=67479#breadcrumb"},"inLanguage":"tr","potentialAction":[{"@type":"ReadAction","target":["https:\/\/kibrisdakik.com\/?p=67479"]}]},{"@type":"ImageObject","inLanguage":"tr","@id":"https:\/\/kibrisdakik.com\/?p=67479#primaryimage","url":"https:\/\/kibrisdakik.com\/wp-content\/uploads\/2024\/10\/1-scaled-740x420.jpg","contentUrl":"https:\/\/kibrisdakik.com\/wp-content\/uploads\/2024\/10\/1-scaled-740x420.jpg","width":2560,"height":1392},{"@type":"BreadcrumbList","@id":"https:\/\/kibrisdakik.com\/?p=67479#breadcrumb","itemListElement":[{"@type":"ListItem","position":1,"name":"Home","item":"https:\/\/kibrisdakik.com\/"},{"@type":"ListItem","position":2,"name":"KKTC, Antalya Turizm Fuar\u0131\u2019nda\u2026Atao\u011flu:\u201cAda K\u0131br\u0131s, Kuzey K\u0131br\u0131s\u2019\u0131n k\u00fclt\u00fcrel zenginliklerini yans\u0131tan bir turizm kimli\u011fi olacak\u201d"}]},{"@type":"WebSite","@id":"https:\/\/kibrisdakik.com\/#website","url":"https:\/\/kibrisdakik.com\/","name":"","description":"Tam vaktinde haber","potentialAction":[{"@type":"SearchAction","target":{"@type":"EntryPoint","urlTemplate":"https:\/\/kibrisdakik.com\/?s={search_term_string}"},"query-input":{"@type":"PropertyValueSpecification","valueRequired":true,"valueName":"search_term_string"}}],"inLanguage":"tr"},{"@type":"Person","@id":"https:\/\/kibrisdakik.com\/#\/schema\/person\/9cd9d437bbb44f72b73ba127e06d8e79","name":"admin","image":{"@type":"ImageObject","inLanguage":"tr","@id":"https:\/\/secure.gravatar.com\/avatar\/ccc17943b9d660506c869530f897617f7cb1c21a4bf30023f252596d83e1f007?s=96&d=mm&r=g","url":"https:\/\/secure.gravatar.com\/avatar\/ccc17943b9d660506c869530f897617f7cb1c21a4bf30023f252596d83e1f007?s=96&d=mm&r=g","contentUrl":"https:\/\/secure.gravatar.com\/avatar\/ccc17943b9d660506c869530f897617f7cb1c21a4bf30023f252596d83e1f007?s=96&d=mm&r=g","caption":"admin"},"sameAs":["https:\/\/kibrisdakik.com"],"url":"https:\/\/kibrisdakik.com\/?author=1"}]}},"_links":{"self":[{"href":"https:\/\/kibrisdakik.com\/index.php?rest_route=\/wp\/v2\/posts\/67479","targetHints":{"allow":["GET"]}}],"collection":[{"href":"https:\/\/kibrisdakik.com\/index.php?rest_route=\/wp\/v2\/posts"}],"about":[{"href":"https:\/\/kibrisdakik.com\/index.php?rest_route=\/wp\/v2\/types\/post"}],"author":[{"embeddable":true,"href":"https:\/\/kibrisdakik.com\/index.php?rest_route=\/wp\/v2\/users\/1"}],"replies":[{"embeddable":true,"href":"https:\/\/kibrisdakik.com\/index.php?rest_route=%2Fwp%2Fv2%2Fcomments&post=67479"}],"version-history":[{"count":0,"href":"https:\/\/kibrisdakik.com\/index.php?rest_route=\/wp\/v2\/posts\/67479\/revisions"}],"wp:featuredmedia":[{"embeddable":true,"href":"https:\/\/kibrisdakik.com\/index.php?rest_route=\/wp\/v2\/media\/67480"}],"wp:attachment":[{"href":"https:\/\/kibrisdakik.com\/index.php?rest_route=%2Fwp%2Fv2%2Fmedia&parent=67479"}],"wp:term":[{"taxonomy":"category","embeddable":true,"href":"https:\/\/kibrisdakik.com\/index.php?rest_route=%2Fwp%2Fv2%2Fcategories&post=67479"},{"taxonomy":"post_tag","embeddable":true,"href":"https:\/\/kibrisdakik.com\/index.php?rest_route=%2Fwp%2Fv2%2Ftags&post=67479"}],"curies":[{"name":"wp","href":"https:\/\/api.w.org\/{rel}","templated":true}]}}