{"id":67533,"date":"2024-10-24T10:38:11","date_gmt":"2024-10-24T07:38:11","guid":{"rendered":"https:\/\/kibrisdakik.com\/index.php\/2024\/10\/24\/kuzey-koreden-balonla-gonderilen-copler-guney-kore-devlet-baskanligi-yerleskesine-dustu\/"},"modified":"2024-10-24T10:38:11","modified_gmt":"2024-10-24T07:38:11","slug":"kuzey-koreden-balonla-gonderilen-copler-guney-kore-devlet-baskanligi-yerleskesine-dustu","status":"publish","type":"post","link":"https:\/\/kibrisdakik.com\/?p=67533","title":{"rendered":"Kuzey Kore\u2019den balonla g\u00f6nderilen \u00e7\u00f6pler G\u00fcney Kore Devlet Ba\u015fkanl\u0131\u011f\u0131 yerle\u015fkesine d\u00fc\u015ft\u00fc"},"content":{"rendered":"<p><\/p>\n<div>\n<div class=\"mariselle-image-container center\">\n                <img loading=\"lazy\" decoding=\"async\" width=\"1280\" height=\"720\" class=\"lazy-image\" alt=\"\" sizes=\"auto, (max-width: 1280px) 100vw, 1280px\" src=\"https:\/\/brtk.net\/wp-content\/uploads\/2024\/10\/24\/afsfaa.jpg?ver=ffa61a903996ec01f8bd63b8b9cc6b84\" srcset=\"https:\/\/brtk.net\/wp-content\/uploads\/2024\/10\/24\/afsfaa.jpg?ver=ffa61a903996ec01f8bd63b8b9cc6b84 1280w, https:\/\/brtk.net\/wp-content\/uploads\/2024\/10\/24\/afsfaa-300x169.jpg?ver=4d14794581bf7797fa086c3575b93462 300w, https:\/\/brtk.net\/wp-content\/uploads\/2024\/10\/24\/afsfaa-1024x576.jpg?ver=4d14794581bf7797fa086c3575b93462 1024w, https:\/\/brtk.net\/wp-content\/uploads\/2024\/10\/24\/afsfaa-768x432.jpg?ver=4d14794581bf7797fa086c3575b93462 768w\"\/>                            <\/div>\n<p>G\u00fcney Kore, Kuzey\u2019den g\u00f6nderilen \u00e7\u00f6p dolu balonun havada patlad\u0131\u011f\u0131n\u0131 ve at\u0131klar\u0131n ba\u015fkent Seul\u2019deki Devlet Ba\u015fkanl\u0131\u011f\u0131 yerle\u015fkesinin \u00fczerine d\u00fc\u015ft\u00fc\u011f\u00fcn\u00fc a\u00e7\u0131klad\u0131.<\/p>\n<p>Yonhap\u2019\u0131n haberine g\u00f6re G\u00fcney Kore ordusu, Kuzey\u2019den yeni \u00e7\u00f6p balonlar\u0131 g\u00f6nderildi\u011fini duyurdu.<\/p>\n<p>G\u00fcney Kore Devlet Ba\u015fkanl\u0131\u011f\u0131 G\u00fcvenlik Te\u015fkilat\u0131ndan yap\u0131lan a\u00e7\u0131klamada ise g\u00f6nderilen balonlardan birinin Devlet Ba\u015fkanl\u0131\u011f\u0131 binas\u0131n\u0131n \u00fcst\u00fcndeyken havada patlad\u0131\u011f\u0131 ve balondaki at\u0131klar\u0131n binan\u0131n \u00fcst\u00fcne d\u00fc\u015ft\u00fc\u011f\u00fc kaydedildi.<\/p>\n<p>At\u0131klar\u0131n g\u00fcvenle topland\u0131\u011f\u0131 belirtilen a\u00e7\u0131klamada, olay\u0131n G\u00fcney Kore Genelkurmay Ba\u015fkanl\u0131\u011f\u0131 (JCS) ile koordineli \u015fekilde izlendi\u011fi aktar\u0131ld\u0131.<\/p>\n<p>\u2013 \u0130ki \u00fclke aras\u0131ndaki gerilimler s\u00fcr\u00fcyor<\/p>\n<p>\u0130ki \u00fclke aras\u0131ndaki \u201cbalon gerilimi\u201d aylard\u0131r devam ediyor. G\u00fcney Kore\u2019de ikamet eden Kuzey Koreli s\u0131\u011f\u0131nmac\u0131lar ve aktivistler, Pyongyang y\u00f6netimini ele\u015ftiren propaganda bro\u015f\u00fcrleriyle dolu b\u00fcy\u00fck balonlar\u0131 Kuzey\u2019e yollam\u0131\u015ft\u0131.<\/p>\n<p>Kuzey Kore ise buna cevaben may\u0131s sonundan itibaren \u00e7\u00f6p ta\u015f\u0131yan 5 binden fazla balonu G\u00fcney Kore\u2019ye g\u00f6ndermi\u015fti.<\/p>\n<p>Kuzey Kore D\u0131\u015fi\u015fleri Bakanl\u0131\u011f\u0131 ayr\u0131ca 11 Ekim\u2019de, G\u00fcney Kore\u2019nin 3, 9 ve 10 Ekim tarihlerinde propaganda bro\u015f\u00fcrleri ta\u015f\u0131yan insans\u0131z hava ara\u00e7lar\u0131n\u0131 Kuzey\u2019in ba\u015fkenti Pyongyang\u2019a g\u00f6nderdi\u011fini \u00f6ne s\u00fcrm\u00fc\u015ft\u00fc.<\/p>\n<p>JCS\u2019den yap\u0131lan a\u00e7\u0131klamada ise Kuzey Kore \u00fczerine insans\u0131z hava arac\u0131 g\u00f6nderilmedi\u011fi belirtilerek Pyongyang\u2019\u0131n iddialar\u0131 reddedilmi\u015fti.<\/p>\n<p>G\u00fcney Kore daha sonra, Pyongyang\u2019\u0131n Rusya\u2019ya destek vermek i\u00e7in Ukrayna\u2019ya asker g\u00f6nderdi\u011fini iddia etmi\u015f, ABD d\u00fcn bunu do\u011frulam\u0131\u015ft\u0131.<\/p>\n<p>Seul\u2019un Pyongyang\u2019\u0131n Ukrayna\u2019ya asker g\u00f6nderdi\u011fi hakk\u0131ndaki a\u00e7\u0131klamas\u0131n\u0131n ard\u0131ndan Kuzey Kore lideri Kim Jong-un\u2019un k\u0131z karde\u015fi Kim Yo-jong, Ukraynal\u0131 ve G\u00fcney Koreli yetkililere \u201cdeliler\u201d diye hitap etmi\u015f ve bu \u00fclkelerin, n\u00fckleer silah sahibi \u00fclkelere kar\u015f\u0131 \u201ctakip kabiliyeti olmaks\u0131z\u0131n rastgele ve pervas\u0131zca s\u00f6zler sarf etti\u011fini\u201d savunmu\u015ftu.<\/p>\n<\/p><\/div>\n<p><script async\n                    defer\n                    crossorigin=\"anonymous\"\n                    src=\"https:\/\/connect.facebook.net\/tr_TR\/sdk.js#xfbml=1&#038;version=v3.3\"\n            ><\/script><\/p>\n","protected":false},"excerpt":{"rendered":"<p>G\u00fcney Kore, Kuzey\u2019den g\u00f6nderilen \u00e7\u00f6p dolu balonun havada patlad\u0131\u011f\u0131n\u0131 ve at\u0131klar\u0131n ba\u015fkent Seul\u2019deki Devlet Ba\u015fkanl\u0131\u011f\u0131 yerle\u015fkesinin \u00fczerine d\u00fc\u015ft\u00fc\u011f\u00fcn\u00fc a\u00e7\u0131klad\u0131. Yonhap\u2019\u0131n haberine g\u00f6re G\u00fcney Kore ordusu, Kuzey\u2019den yeni \u00e7\u00f6p balonlar\u0131 g\u00f6nderildi\u011fini duyurdu. G\u00fcney Kore Devlet Ba\u015fkanl\u0131\u011f\u0131 G\u00fcvenlik Te\u015fkilat\u0131ndan yap\u0131lan a\u00e7\u0131klamada ise g\u00f6nderilen balonlardan birinin Devlet Ba\u015fkanl\u0131\u011f\u0131 binas\u0131n\u0131n \u00fcst\u00fcndeyken havada patlad\u0131\u011f\u0131 ve balondaki at\u0131klar\u0131n binan\u0131n \u00fcst\u00fcne d\u00fc\u015ft\u00fc\u011f\u00fc<\/p>\n","protected":false},"author":1,"featured_media":67534,"comment_status":"open","ping_status":"open","sticky":false,"template":"","format":"standard","meta":{"footnotes":""},"categories":[1],"tags":[],"class_list":["post-67533","post","type-post","status-publish","format-standard","has-post-thumbnail","hentry","category-gundem"],"yoast_head":"<!-- This site is optimized with the Yoast SEO plugin v27.5 - https:\/\/yoast.com\/product\/yoast-seo-wordpress\/ -->\n<title>Kuzey Kore\u2019den balonla g\u00f6nderilen \u00e7\u00f6pler G\u00fcney Kore Devlet Ba\u015fkanl\u0131\u011f\u0131 yerle\u015fkesine d\u00fc\u015ft\u00fc -<\/title>\n<meta name=\"robots\" content=\"index, follow, max-snippet:-1, max-image-preview:large, max-video-preview:-1\" \/>\n<link rel=\"canonical\" href=\"https:\/\/kibrisdakik.com\/?p=67533\" \/>\n<meta property=\"og:locale\" content=\"tr_TR\" \/>\n<meta property=\"og:type\" content=\"article\" \/>\n<meta property=\"og:title\" content=\"Kuzey Kore\u2019den balonla g\u00f6nderilen \u00e7\u00f6pler G\u00fcney Kore Devlet Ba\u015fkanl\u0131\u011f\u0131 yerle\u015fkesine d\u00fc\u015ft\u00fc -\" \/>\n<meta property=\"og:description\" content=\"G\u00fcney Kore, Kuzey\u2019den g\u00f6nderilen \u00e7\u00f6p dolu balonun havada patlad\u0131\u011f\u0131n\u0131 ve at\u0131klar\u0131n ba\u015fkent Seul\u2019deki Devlet Ba\u015fkanl\u0131\u011f\u0131 yerle\u015fkesinin \u00fczerine d\u00fc\u015ft\u00fc\u011f\u00fcn\u00fc a\u00e7\u0131klad\u0131. Yonhap\u2019\u0131n haberine g\u00f6re G\u00fcney Kore ordusu, Kuzey\u2019den yeni \u00e7\u00f6p balonlar\u0131 g\u00f6nderildi\u011fini duyurdu. G\u00fcney Kore Devlet Ba\u015fkanl\u0131\u011f\u0131 G\u00fcvenlik Te\u015fkilat\u0131ndan yap\u0131lan a\u00e7\u0131klamada ise g\u00f6nderilen balonlardan birinin Devlet Ba\u015fkanl\u0131\u011f\u0131 binas\u0131n\u0131n \u00fcst\u00fcndeyken havada patlad\u0131\u011f\u0131 ve balondaki at\u0131klar\u0131n binan\u0131n \u00fcst\u00fcne d\u00fc\u015ft\u00fc\u011f\u00fc\" \/>\n<meta property=\"og:url\" content=\"https:\/\/kibrisdakik.com\/?p=67533\" \/>\n<meta property=\"article:published_time\" content=\"2024-10-24T07:38:11+00:00\" \/>\n<meta property=\"og:image\" content=\"https:\/\/kibrisdakik.com\/wp-content\/uploads\/2024\/10\/afsfaa-740x420.jpg\" \/>\n\t<meta property=\"og:image:width\" content=\"1280\" \/>\n\t<meta property=\"og:image:height\" content=\"720\" \/>\n\t<meta property=\"og:image:type\" content=\"image\/jpeg\" \/>\n<meta name=\"author\" content=\"admin\" \/>\n<meta name=\"twitter:card\" content=\"summary_large_image\" \/>\n<meta name=\"twitter:label1\" content=\"Yazan:\" \/>\n\t<meta name=\"twitter:data1\" content=\"admin\" \/>\n\t<meta name=\"twitter:label2\" content=\"Tahmini okuma s\u00fcresi\" \/>\n\t<meta name=\"twitter:data2\" content=\"2 dakika\" \/>\n<script type=\"application\/ld+json\" class=\"yoast-schema-graph\">{\"@context\":\"https:\\\/\\\/schema.org\",\"@graph\":[{\"@type\":\"Article\",\"@id\":\"https:\\\/\\\/kibrisdakik.com\\\/?p=67533#article\",\"isPartOf\":{\"@id\":\"https:\\\/\\\/kibrisdakik.com\\\/?p=67533\"},\"author\":{\"name\":\"admin\",\"@id\":\"https:\\\/\\\/kibrisdakik.com\\\/#\\\/schema\\\/person\\\/9cd9d437bbb44f72b73ba127e06d8e79\"},\"headline\":\"Kuzey Kore\u2019den balonla g\u00f6nderilen \u00e7\u00f6pler G\u00fcney Kore Devlet Ba\u015fkanl\u0131\u011f\u0131 yerle\u015fkesine d\u00fc\u015ft\u00fc\",\"datePublished\":\"2024-10-24T07:38:11+00:00\",\"mainEntityOfPage\":{\"@id\":\"https:\\\/\\\/kibrisdakik.com\\\/?p=67533\"},\"wordCount\":361,\"commentCount\":0,\"image\":{\"@id\":\"https:\\\/\\\/kibrisdakik.com\\\/?p=67533#primaryimage\"},\"thumbnailUrl\":\"https:\\\/\\\/kibrisdakik.com\\\/wp-content\\\/uploads\\\/2024\\\/10\\\/afsfaa-740x420.jpg\",\"articleSection\":[\"G\u00fcndem\"],\"inLanguage\":\"tr\",\"potentialAction\":[{\"@type\":\"CommentAction\",\"name\":\"Comment\",\"target\":[\"https:\\\/\\\/kibrisdakik.com\\\/?p=67533#respond\"]}]},{\"@type\":\"WebPage\",\"@id\":\"https:\\\/\\\/kibrisdakik.com\\\/?p=67533\",\"url\":\"https:\\\/\\\/kibrisdakik.com\\\/?p=67533\",\"name\":\"Kuzey Kore\u2019den balonla g\u00f6nderilen \u00e7\u00f6pler G\u00fcney Kore Devlet Ba\u015fkanl\u0131\u011f\u0131 yerle\u015fkesine d\u00fc\u015ft\u00fc -\",\"isPartOf\":{\"@id\":\"https:\\\/\\\/kibrisdakik.com\\\/#website\"},\"primaryImageOfPage\":{\"@id\":\"https:\\\/\\\/kibrisdakik.com\\\/?p=67533#primaryimage\"},\"image\":{\"@id\":\"https:\\\/\\\/kibrisdakik.com\\\/?p=67533#primaryimage\"},\"thumbnailUrl\":\"https:\\\/\\\/kibrisdakik.com\\\/wp-content\\\/uploads\\\/2024\\\/10\\\/afsfaa-740x420.jpg\",\"datePublished\":\"2024-10-24T07:38:11+00:00\",\"author\":{\"@id\":\"https:\\\/\\\/kibrisdakik.com\\\/#\\\/schema\\\/person\\\/9cd9d437bbb44f72b73ba127e06d8e79\"},\"breadcrumb\":{\"@id\":\"https:\\\/\\\/kibrisdakik.com\\\/?p=67533#breadcrumb\"},\"inLanguage\":\"tr\",\"potentialAction\":[{\"@type\":\"ReadAction\",\"target\":[\"https:\\\/\\\/kibrisdakik.com\\\/?p=67533\"]}]},{\"@type\":\"ImageObject\",\"inLanguage\":\"tr\",\"@id\":\"https:\\\/\\\/kibrisdakik.com\\\/?p=67533#primaryimage\",\"url\":\"https:\\\/\\\/kibrisdakik.com\\\/wp-content\\\/uploads\\\/2024\\\/10\\\/afsfaa-740x420.jpg\",\"contentUrl\":\"https:\\\/\\\/kibrisdakik.com\\\/wp-content\\\/uploads\\\/2024\\\/10\\\/afsfaa-740x420.jpg\",\"width\":1280,\"height\":720},{\"@type\":\"BreadcrumbList\",\"@id\":\"https:\\\/\\\/kibrisdakik.com\\\/?p=67533#breadcrumb\",\"itemListElement\":[{\"@type\":\"ListItem\",\"position\":1,\"name\":\"Home\",\"item\":\"https:\\\/\\\/kibrisdakik.com\\\/\"},{\"@type\":\"ListItem\",\"position\":2,\"name\":\"Kuzey Kore\u2019den balonla g\u00f6nderilen \u00e7\u00f6pler G\u00fcney Kore Devlet Ba\u015fkanl\u0131\u011f\u0131 yerle\u015fkesine d\u00fc\u015ft\u00fc\"}]},{\"@type\":\"WebSite\",\"@id\":\"https:\\\/\\\/kibrisdakik.com\\\/#website\",\"url\":\"https:\\\/\\\/kibrisdakik.com\\\/\",\"name\":\"\",\"description\":\"Tam vaktinde haber\",\"potentialAction\":[{\"@type\":\"SearchAction\",\"target\":{\"@type\":\"EntryPoint\",\"urlTemplate\":\"https:\\\/\\\/kibrisdakik.com\\\/?s={search_term_string}\"},\"query-input\":{\"@type\":\"PropertyValueSpecification\",\"valueRequired\":true,\"valueName\":\"search_term_string\"}}],\"inLanguage\":\"tr\"},{\"@type\":\"Person\",\"@id\":\"https:\\\/\\\/kibrisdakik.com\\\/#\\\/schema\\\/person\\\/9cd9d437bbb44f72b73ba127e06d8e79\",\"name\":\"admin\",\"image\":{\"@type\":\"ImageObject\",\"inLanguage\":\"tr\",\"@id\":\"https:\\\/\\\/secure.gravatar.com\\\/avatar\\\/ccc17943b9d660506c869530f897617f7cb1c21a4bf30023f252596d83e1f007?s=96&d=mm&r=g\",\"url\":\"https:\\\/\\\/secure.gravatar.com\\\/avatar\\\/ccc17943b9d660506c869530f897617f7cb1c21a4bf30023f252596d83e1f007?s=96&d=mm&r=g\",\"contentUrl\":\"https:\\\/\\\/secure.gravatar.com\\\/avatar\\\/ccc17943b9d660506c869530f897617f7cb1c21a4bf30023f252596d83e1f007?s=96&d=mm&r=g\",\"caption\":\"admin\"},\"sameAs\":[\"https:\\\/\\\/kibrisdakik.com\"],\"url\":\"https:\\\/\\\/kibrisdakik.com\\\/?author=1\"}]}<\/script>\n<!-- \/ Yoast SEO plugin. -->","yoast_head_json":{"title":"Kuzey Kore\u2019den balonla g\u00f6nderilen \u00e7\u00f6pler G\u00fcney Kore Devlet Ba\u015fkanl\u0131\u011f\u0131 yerle\u015fkesine d\u00fc\u015ft\u00fc -","robots":{"index":"index","follow":"follow","max-snippet":"max-snippet:-1","max-image-preview":"max-image-preview:large","max-video-preview":"max-video-preview:-1"},"canonical":"https:\/\/kibrisdakik.com\/?p=67533","og_locale":"tr_TR","og_type":"article","og_title":"Kuzey Kore\u2019den balonla g\u00f6nderilen \u00e7\u00f6pler G\u00fcney Kore Devlet Ba\u015fkanl\u0131\u011f\u0131 yerle\u015fkesine d\u00fc\u015ft\u00fc -","og_description":"G\u00fcney Kore, Kuzey\u2019den g\u00f6nderilen \u00e7\u00f6p dolu balonun havada patlad\u0131\u011f\u0131n\u0131 ve at\u0131klar\u0131n ba\u015fkent Seul\u2019deki Devlet Ba\u015fkanl\u0131\u011f\u0131 yerle\u015fkesinin \u00fczerine d\u00fc\u015ft\u00fc\u011f\u00fcn\u00fc a\u00e7\u0131klad\u0131. Yonhap\u2019\u0131n haberine g\u00f6re G\u00fcney Kore ordusu, Kuzey\u2019den yeni \u00e7\u00f6p balonlar\u0131 g\u00f6nderildi\u011fini duyurdu. G\u00fcney Kore Devlet Ba\u015fkanl\u0131\u011f\u0131 G\u00fcvenlik Te\u015fkilat\u0131ndan yap\u0131lan a\u00e7\u0131klamada ise g\u00f6nderilen balonlardan birinin Devlet Ba\u015fkanl\u0131\u011f\u0131 binas\u0131n\u0131n \u00fcst\u00fcndeyken havada patlad\u0131\u011f\u0131 ve balondaki at\u0131klar\u0131n binan\u0131n \u00fcst\u00fcne d\u00fc\u015ft\u00fc\u011f\u00fc","og_url":"https:\/\/kibrisdakik.com\/?p=67533","article_published_time":"2024-10-24T07:38:11+00:00","og_image":[{"width":1280,"height":720,"url":"https:\/\/kibrisdakik.com\/wp-content\/uploads\/2024\/10\/afsfaa-740x420.jpg","type":"image\/jpeg"}],"author":"admin","twitter_card":"summary_large_image","twitter_misc":{"Yazan:":"admin","Tahmini okuma s\u00fcresi":"2 dakika"},"schema":{"@context":"https:\/\/schema.org","@graph":[{"@type":"Article","@id":"https:\/\/kibrisdakik.com\/?p=67533#article","isPartOf":{"@id":"https:\/\/kibrisdakik.com\/?p=67533"},"author":{"name":"admin","@id":"https:\/\/kibrisdakik.com\/#\/schema\/person\/9cd9d437bbb44f72b73ba127e06d8e79"},"headline":"Kuzey Kore\u2019den balonla g\u00f6nderilen \u00e7\u00f6pler G\u00fcney Kore Devlet Ba\u015fkanl\u0131\u011f\u0131 yerle\u015fkesine d\u00fc\u015ft\u00fc","datePublished":"2024-10-24T07:38:11+00:00","mainEntityOfPage":{"@id":"https:\/\/kibrisdakik.com\/?p=67533"},"wordCount":361,"commentCount":0,"image":{"@id":"https:\/\/kibrisdakik.com\/?p=67533#primaryimage"},"thumbnailUrl":"https:\/\/kibrisdakik.com\/wp-content\/uploads\/2024\/10\/afsfaa-740x420.jpg","articleSection":["G\u00fcndem"],"inLanguage":"tr","potentialAction":[{"@type":"CommentAction","name":"Comment","target":["https:\/\/kibrisdakik.com\/?p=67533#respond"]}]},{"@type":"WebPage","@id":"https:\/\/kibrisdakik.com\/?p=67533","url":"https:\/\/kibrisdakik.com\/?p=67533","name":"Kuzey Kore\u2019den balonla g\u00f6nderilen \u00e7\u00f6pler G\u00fcney Kore Devlet Ba\u015fkanl\u0131\u011f\u0131 yerle\u015fkesine d\u00fc\u015ft\u00fc -","isPartOf":{"@id":"https:\/\/kibrisdakik.com\/#website"},"primaryImageOfPage":{"@id":"https:\/\/kibrisdakik.com\/?p=67533#primaryimage"},"image":{"@id":"https:\/\/kibrisdakik.com\/?p=67533#primaryimage"},"thumbnailUrl":"https:\/\/kibrisdakik.com\/wp-content\/uploads\/2024\/10\/afsfaa-740x420.jpg","datePublished":"2024-10-24T07:38:11+00:00","author":{"@id":"https:\/\/kibrisdakik.com\/#\/schema\/person\/9cd9d437bbb44f72b73ba127e06d8e79"},"breadcrumb":{"@id":"https:\/\/kibrisdakik.com\/?p=67533#breadcrumb"},"inLanguage":"tr","potentialAction":[{"@type":"ReadAction","target":["https:\/\/kibrisdakik.com\/?p=67533"]}]},{"@type":"ImageObject","inLanguage":"tr","@id":"https:\/\/kibrisdakik.com\/?p=67533#primaryimage","url":"https:\/\/kibrisdakik.com\/wp-content\/uploads\/2024\/10\/afsfaa-740x420.jpg","contentUrl":"https:\/\/kibrisdakik.com\/wp-content\/uploads\/2024\/10\/afsfaa-740x420.jpg","width":1280,"height":720},{"@type":"BreadcrumbList","@id":"https:\/\/kibrisdakik.com\/?p=67533#breadcrumb","itemListElement":[{"@type":"ListItem","position":1,"name":"Home","item":"https:\/\/kibrisdakik.com\/"},{"@type":"ListItem","position":2,"name":"Kuzey Kore\u2019den balonla g\u00f6nderilen \u00e7\u00f6pler G\u00fcney Kore Devlet Ba\u015fkanl\u0131\u011f\u0131 yerle\u015fkesine d\u00fc\u015ft\u00fc"}]},{"@type":"WebSite","@id":"https:\/\/kibrisdakik.com\/#website","url":"https:\/\/kibrisdakik.com\/","name":"","description":"Tam vaktinde haber","potentialAction":[{"@type":"SearchAction","target":{"@type":"EntryPoint","urlTemplate":"https:\/\/kibrisdakik.com\/?s={search_term_string}"},"query-input":{"@type":"PropertyValueSpecification","valueRequired":true,"valueName":"search_term_string"}}],"inLanguage":"tr"},{"@type":"Person","@id":"https:\/\/kibrisdakik.com\/#\/schema\/person\/9cd9d437bbb44f72b73ba127e06d8e79","name":"admin","image":{"@type":"ImageObject","inLanguage":"tr","@id":"https:\/\/secure.gravatar.com\/avatar\/ccc17943b9d660506c869530f897617f7cb1c21a4bf30023f252596d83e1f007?s=96&d=mm&r=g","url":"https:\/\/secure.gravatar.com\/avatar\/ccc17943b9d660506c869530f897617f7cb1c21a4bf30023f252596d83e1f007?s=96&d=mm&r=g","contentUrl":"https:\/\/secure.gravatar.com\/avatar\/ccc17943b9d660506c869530f897617f7cb1c21a4bf30023f252596d83e1f007?s=96&d=mm&r=g","caption":"admin"},"sameAs":["https:\/\/kibrisdakik.com"],"url":"https:\/\/kibrisdakik.com\/?author=1"}]}},"_links":{"self":[{"href":"https:\/\/kibrisdakik.com\/index.php?rest_route=\/wp\/v2\/posts\/67533","targetHints":{"allow":["GET"]}}],"collection":[{"href":"https:\/\/kibrisdakik.com\/index.php?rest_route=\/wp\/v2\/posts"}],"about":[{"href":"https:\/\/kibrisdakik.com\/index.php?rest_route=\/wp\/v2\/types\/post"}],"author":[{"embeddable":true,"href":"https:\/\/kibrisdakik.com\/index.php?rest_route=\/wp\/v2\/users\/1"}],"replies":[{"embeddable":true,"href":"https:\/\/kibrisdakik.com\/index.php?rest_route=%2Fwp%2Fv2%2Fcomments&post=67533"}],"version-history":[{"count":0,"href":"https:\/\/kibrisdakik.com\/index.php?rest_route=\/wp\/v2\/posts\/67533\/revisions"}],"wp:featuredmedia":[{"embeddable":true,"href":"https:\/\/kibrisdakik.com\/index.php?rest_route=\/wp\/v2\/media\/67534"}],"wp:attachment":[{"href":"https:\/\/kibrisdakik.com\/index.php?rest_route=%2Fwp%2Fv2%2Fmedia&parent=67533"}],"wp:term":[{"taxonomy":"category","embeddable":true,"href":"https:\/\/kibrisdakik.com\/index.php?rest_route=%2Fwp%2Fv2%2Fcategories&post=67533"},{"taxonomy":"post_tag","embeddable":true,"href":"https:\/\/kibrisdakik.com\/index.php?rest_route=%2Fwp%2Fv2%2Ftags&post=67533"}],"curies":[{"name":"wp","href":"https:\/\/api.w.org\/{rel}","templated":true}]}}