{"id":67539,"date":"2024-10-24T12:59:52","date_gmt":"2024-10-24T09:59:52","guid":{"rendered":"https:\/\/kibrisdakik.com\/index.php\/2024\/10\/24\/helin-reessurun-katili-altundag-5-davada-da-suclu-bulunup-mahkum-edildi\/"},"modified":"2024-10-24T12:59:52","modified_gmt":"2024-10-24T09:59:52","slug":"helin-reessurun-katili-altundag-5-davada-da-suclu-bulunup-mahkum-edildi","status":"publish","type":"post","link":"https:\/\/kibrisdakik.com\/?p=67539","title":{"rendered":"Helin Reessur\u2019un katili Altunda\u011f 5 davada da su\u00e7lu bulunup mahkum edildi"},"content":{"rendered":"<div>\n<div class=\"mariselle-image-container none\">\n                                            <\/div>\n<p style=\"font-weight: 300;\"><span style=\"font-weight: 300 !important;\">\u0130skele\u2019de 25 Ocak 2023\u2019te hunharca katledilen 16 ya\u015f\u0131ndaki Zehie Helin Reessur\u2019un katli Sefer Bu\u011fra Altunda\u011f, tasarlayarak ve planlayarak adam \u00f6ld\u00fcrme dahil 5 davadan da oy birli\u011fiyle su\u00e7lu bulunup, mahkum edildi.<\/span><\/p>\n<p style=\"font-weight: 300;\"><span style=\"font-weight: 300 !important;\">Karar\u0131, \u0130skele Kaza Mahkemesi Ba\u015fkan\u0131 Hasan Da\u011fl\u0131 okudu.<\/span><\/p>\n<p style=\"font-weight: 300;\"><span style=\"font-weight: 300 !important;\">San\u0131\u011fa verilecek cezan\u0131n a\u00e7\u0131klanmas\u0131 i\u00e7in oturuma 15 dakika ara verildi.<\/span><\/p>\n<p style=\"font-weight: 300;\"><span style=\"font-weight: 300 !important;\">Dava karar\u0131n\u0131n a\u00e7\u0131kland\u0131\u011f\u0131 \u0130skele Kaza Mahkemesi\u2019nde, iki taraf\u0131n aileleri de haz\u0131r bulundu. Karar, san\u0131k ve aileler taraf\u0131ndan so\u011fukkanl\u0131l\u0131kla dinlendi.<\/span><\/p>\n<p style=\"font-weight: 300;\"><span style=\"font-weight: 300 !important;\">Mahkeme Ba\u015fkan\u0131 Hasan Da\u011fl\u0131, san\u0131\u011f\u0131n kendisine y\u00f6neltilen davalar\u0131, tasarlayarak ve planl\u0131 \u00f6ld\u00fcrme d\u0131\u015f\u0131nda kabul etti\u011fini s\u00f6yledi.<\/span><\/p>\n<p style=\"font-weight: 300;\"><span style=\"font-weight: 300 !important;\">San\u0131\u011f\u0131n, su\u00e7u tahrik ve bir anl\u0131k cinnet sonucu i\u015fledi\u011fini kabul etti\u011fini, ancak tasarlay\u0131p planlamad\u0131\u011f\u0131n\u0131 iddia etti\u011fini belirten Da\u011fl\u0131, al\u0131nan ifadelere g\u00f6re olay \u00f6ncesi ya\u015fananlar\u0131 anlatt\u0131.<\/span><\/p>\n<p style=\"font-weight: 300;\"><span style=\"font-weight: 300 !important;\">Maktulenin, in\u015faat alan\u0131nda \u00e7eki\u00e7 ve in\u015faat malzemesi darbesiyle \u00f6ld\u00fcr\u00fcld\u00fc\u011f\u00fcn\u00fcn tespit edildi\u011fini ifade eden Da\u011fl\u0131, san\u0131\u011f\u0131n G\u00fcneye ka\u00e7t\u0131\u011f\u0131n\u0131 ve ayn\u0131 g\u00fcn tutuklan\u0131p iade edildi\u011fini kaydetti.<\/span><\/p>\n<p style=\"font-weight: 300;\"><span style=\"font-weight: 300 !important;\">San\u0131\u011f\u0131n maktulenin \u00f6l\u00fcm\u00fcne sebep oldu\u011funu tespit ettiklerini ifade eden Da\u011fl\u0131, san\u0131\u011f\u0131n, cinayet \u00f6nceden tasarlamad\u0131\u011f\u0131n\u0131, maktulenin \u201cabi\u201d diye hitap etti\u011fi san\u0131\u011fa \u201cSizi polise \u015fikayet edece\u011fim, \u00f6ld\u00fcrtece\u011fim\u201d demesi \u00fczerine san\u0131\u011f\u0131n baba korkusundan cinayeti i\u015fledi\u011fini s\u00f6yledi\u011fini anlatt\u0131.<\/span><\/p>\n<p style=\"font-weight: 300;\"><span style=\"font-weight: 300 !important;\">Da\u011fl\u0131, karar\u0131 okurken, olay\u0131n \u00f6ncesi ve sonras\u0131 ile ilgili polise verilen ifadeleri okudu, mahkemedeki bulgulara de\u011findi ve tan\u0131klar\u0131n ifadelerine yer verdi.<\/span><\/p>\n<p style=\"font-weight: 300;\"><span style=\"font-weight: 300 !important;\">Maktulenin olay gecesi \u00e7ok sarho\u015f oldu\u011funu, san\u0131\u011fa kar\u015f\u0131 duygusal bir ba\u011f\u0131 veya iste\u011fi olmad\u0131\u011f\u0131n\u0131, hatta san\u0131\u011fa \u201cabi\u201d diye hitap etti\u011fini ifade eden Da\u011fl\u0131, san\u0131\u011f\u0131n bir evde birlikte vakit ge\u00e7irdi\u011fi maktuleyi eve g\u00f6t\u00fcrmek yerine korkusundan ba\u015fka yerine g\u00f6t\u00fcrd\u00fc\u011f\u00fcn\u00fc, ara\u00e7ta maktuleye vurdu\u011funu, konu\u015fmak i\u00e7in sessiz tenha bir yere g\u00f6t\u00fcrmek amac\u0131yla in\u015faat alan\u0131na g\u00f6t\u00fcrd\u00fc\u011f\u00fcn\u00fc kaydetti.<\/span><\/p>\n<p style=\"font-weight: 300;\"><span style=\"font-weight: 300 !important;\">Saat 01.59 s\u0131ralar\u0131nda in\u015faat alan\u0131na geldiklerinde, san\u0131\u011f\u0131n Maktulenin ba\u015f\u0131na 6 kez \u00e7eki\u00e7le vurdu\u011funu, neden 6 kez diye soruldu\u011funda da cinnet ge\u00e7irmi\u015f olabilece\u011fini s\u00f6yledi\u011fini belirten Da\u011fl\u0131, Ma\u011fusa ile \u0130skele aras\u0131nda in\u015faat alan\u0131na gidene kadar \u00e7ok sesiz alan oldu\u011fu halde, onu ortadan kald\u0131rabilece\u011fini d\u00fc\u015f\u00fcnd\u00fc\u011f\u00fcn\u00fc ve bu niyetle in\u015faat alan\u0131na gitti\u011fini s\u00f6yledi.<\/span><\/p>\n<p style=\"font-weight: 300;\"><span style=\"font-weight: 300 !important;\">San\u0131\u011f\u0131n, Bahad\u0131r \u00d6zcan isimli ki\u015finin evindeyken, maktule i\u00e7in s\u00f6ylenen \u201cba\u015f\u0131na bela olacak\u201d s\u00f6z\u00fc \u00fczerine bu cinayeti planlad\u0131\u011f\u0131n\u0131, \u00e7\u00fcnk\u00fc evden \u00e7\u0131kt\u0131\u011f\u0131 s\u00fcre ile cinayetin i\u015flendi\u011fi saat i\u00e7erisinde so\u011fukkanl\u0131l\u0131kla d\u00fc\u015f\u00fcnme \u015fans\u0131 oldu\u011funu ifade eden Da\u011fl\u0131, maktulenin in\u015faat alan\u0131na do\u011fru giderken bir uyan\u0131k bir uykuda oldu\u011funu, Salamis Otel civar\u0131nda uyand\u0131\u011f\u0131n\u0131, olay an\u0131nda da uyan\u0131k oldu\u011funu, maktulenin ba\u015f\u0131na 6 kez \u00e7eki\u00e7le vurulmas\u0131n\u0131n da san\u0131\u011f\u0131n \u00f6ld\u00fcrme niyetiyle hareket etti\u011fini g\u00f6sterdi\u011fini kaydetti.<\/span><\/p>\n<p style=\"font-weight: 300;\"><span style=\"font-weight: 300 !important;\">Da\u011fl\u0131, san\u0131\u011f\u0131n cinayetten vazge\u00e7me \u015fans\u0131 oldu\u011fu halde vazge\u00e7medi\u011fini, \u00e7eki\u00e7 sonras\u0131 kal\u0131p tahtas\u0131 ile de maktulenin kafas\u0131na vurdu\u011funu belirterek, buradan, olay yerinden ayr\u0131ld\u0131\u011f\u0131n\u0131, emareleri ortadan kald\u0131rmak istedi\u011fini, G\u00fcneye ka\u00e7t\u0131\u011f\u0131n\u0131 s\u00f6yledi.<\/span><\/p>\n<p style=\"font-weight: 300;\"><span style=\"font-weight: 300 !important;\">Otopsi ile ilgili doktor raporunu da okuyan Da\u011fl\u0131, maktulenin, kafa kemi\u011fi k\u0131r\u0131\u011f\u0131, beyin kanamas\u0131 ve boyun k\u0131r\u0131\u011f\u0131 sonucu ya\u015fam\u0131n\u0131 kaybetti\u011fini belirtti.<\/span><\/p>\n<p style=\"font-weight: 300;\"><span style=\"font-weight: 300 !important;\">Da\u011fl\u0131, san\u0131\u011f\u0131n, maktulenin \u00e7e\u015fitli b\u00f6lgelerine vurdu\u011funu, bunun da cinayetin bir anl\u0131k cinnet ile olmad\u0131\u011f\u0131n\u0131 g\u00f6sterdi\u011fini ifade ederek, alkoll\u00fc ve kendinde olmayan gen\u00e7 bir k\u0131z\u0131n, nas\u0131l kar\u015f\u0131s\u0131ndakinin cinnet ge\u00e7irmesine sebep olabilece\u011finin cevab\u0131n\u0131 alamad\u0131klar\u0131n\u0131 s\u00f6yledi.<\/span><\/p>\n<p style=\"font-weight: 300;\"><span style=\"font-weight: 300 !important;\">Da\u011fl\u0131, san\u0131\u011f\u0131n baba korkusu, \u015fikayet korkusu ile cinayet, ka\u00e7mak, emareleri yok etmek dahil t\u00fcm s\u00fcreci planlayarak yapt\u0131\u011f\u0131n\u0131 tespit ettiklerini belirterek, san\u0131\u011f\u0131n oybirli\u011fi ile 5 davadan da su\u00e7lu bulunup mahkum edildi\u011fini a\u00e7\u0131klad\u0131.<\/span><\/p>\n<p style=\"font-weight: 300;\"><span style=\"font-weight: 300 !important;\">San\u0131\u011fa verilecek cezan\u0131n a\u00e7\u0131klanmas\u0131 i\u00e7in oturuma 15 dakika ara verildi.<\/span><\/p>\n<p>\u00a0<\/p>\n<p>\u00a0<\/p>\n<\/p><\/div>\n<p><script async\n                    defer\n                    crossorigin=\"anonymous\"\n                    src=\"https:\/\/connect.facebook.net\/tr_TR\/sdk.js#xfbml=1&#038;version=v3.3\"\n            ><\/script><\/p>\n","protected":false},"excerpt":{"rendered":"<p>\u0130skele\u2019de 25 Ocak 2023\u2019te hunharca katledilen 16 ya\u015f\u0131ndaki Zehie Helin Reessur\u2019un katli Sefer Bu\u011fra Altunda\u011f, tasarlayarak ve planlayarak adam \u00f6ld\u00fcrme dahil 5 davadan da oy birli\u011fiyle su\u00e7lu bulunup, mahkum edildi. Karar\u0131, \u0130skele Kaza Mahkemesi Ba\u015fkan\u0131 Hasan Da\u011fl\u0131 okudu. San\u0131\u011fa verilecek cezan\u0131n a\u00e7\u0131klanmas\u0131 i\u00e7in oturuma 15 dakika ara verildi. Dava karar\u0131n\u0131n a\u00e7\u0131kland\u0131\u011f\u0131 \u0130skele Kaza Mahkemesi\u2019nde, iki<\/p>\n","protected":false},"author":1,"featured_media":67540,"comment_status":"open","ping_status":"open","sticky":false,"template":"","format":"standard","meta":{"footnotes":""},"categories":[81],"tags":[],"class_list":["post-67539","post","type-post","status-publish","format-standard","has-post-thumbnail","hentry","category-kibris"],"yoast_head":"<!-- This site is optimized with the Yoast SEO plugin v27.5 - https:\/\/yoast.com\/product\/yoast-seo-wordpress\/ -->\n<title>Helin Reessur\u2019un katili Altunda\u011f 5 davada da su\u00e7lu bulunup mahkum edildi -<\/title>\n<meta name=\"robots\" content=\"index, follow, max-snippet:-1, max-image-preview:large, max-video-preview:-1\" \/>\n<link rel=\"canonical\" href=\"https:\/\/kibrisdakik.com\/?p=67539\" \/>\n<meta property=\"og:locale\" content=\"tr_TR\" \/>\n<meta property=\"og:type\" content=\"article\" \/>\n<meta property=\"og:title\" content=\"Helin Reessur\u2019un katili Altunda\u011f 5 davada da su\u00e7lu bulunup mahkum edildi -\" \/>\n<meta property=\"og:description\" content=\"\u0130skele\u2019de 25 Ocak 2023\u2019te hunharca katledilen 16 ya\u015f\u0131ndaki Zehie Helin Reessur\u2019un katli Sefer Bu\u011fra Altunda\u011f, tasarlayarak ve planlayarak adam \u00f6ld\u00fcrme dahil 5 davadan da oy birli\u011fiyle su\u00e7lu bulunup, mahkum edildi. Karar\u0131, \u0130skele Kaza Mahkemesi Ba\u015fkan\u0131 Hasan Da\u011fl\u0131 okudu. San\u0131\u011fa verilecek cezan\u0131n a\u00e7\u0131klanmas\u0131 i\u00e7in oturuma 15 dakika ara verildi. Dava karar\u0131n\u0131n a\u00e7\u0131kland\u0131\u011f\u0131 \u0130skele Kaza Mahkemesi\u2019nde, iki\" \/>\n<meta property=\"og:url\" content=\"https:\/\/kibrisdakik.com\/?p=67539\" \/>\n<meta property=\"article:published_time\" content=\"2024-10-24T09:59:52+00:00\" \/>\n<meta property=\"og:image\" content=\"https:\/\/kibrisdakik.com\/wp-content\/uploads\/2024\/10\/IMG-20241024-WA0000-740x420.jpg\" \/>\n\t<meta property=\"og:image:width\" content=\"2000\" \/>\n\t<meta property=\"og:image:height\" content=\"1126\" \/>\n\t<meta property=\"og:image:type\" content=\"image\/jpeg\" \/>\n<meta name=\"author\" content=\"admin\" \/>\n<meta name=\"twitter:card\" content=\"summary_large_image\" \/>\n<meta name=\"twitter:label1\" content=\"Yazan:\" \/>\n\t<meta name=\"twitter:data1\" content=\"admin\" \/>\n\t<meta name=\"twitter:label2\" content=\"Tahmini okuma s\u00fcresi\" \/>\n\t<meta name=\"twitter:data2\" content=\"4 dakika\" \/>\n<script type=\"application\/ld+json\" class=\"yoast-schema-graph\">{\"@context\":\"https:\\\/\\\/schema.org\",\"@graph\":[{\"@type\":\"Article\",\"@id\":\"https:\\\/\\\/kibrisdakik.com\\\/?p=67539#article\",\"isPartOf\":{\"@id\":\"https:\\\/\\\/kibrisdakik.com\\\/?p=67539\"},\"author\":{\"name\":\"admin\",\"@id\":\"https:\\\/\\\/kibrisdakik.com\\\/#\\\/schema\\\/person\\\/9cd9d437bbb44f72b73ba127e06d8e79\"},\"headline\":\"Helin Reessur\u2019un katili Altunda\u011f 5 davada da su\u00e7lu bulunup mahkum edildi\",\"datePublished\":\"2024-10-24T09:59:52+00:00\",\"mainEntityOfPage\":{\"@id\":\"https:\\\/\\\/kibrisdakik.com\\\/?p=67539\"},\"wordCount\":714,\"commentCount\":0,\"image\":{\"@id\":\"https:\\\/\\\/kibrisdakik.com\\\/?p=67539#primaryimage\"},\"thumbnailUrl\":\"https:\\\/\\\/kibrisdakik.com\\\/wp-content\\\/uploads\\\/2024\\\/10\\\/IMG-20241024-WA0000-740x420.jpg\",\"articleSection\":[\"K\u0131br\u0131s\"],\"inLanguage\":\"tr\",\"potentialAction\":[{\"@type\":\"CommentAction\",\"name\":\"Comment\",\"target\":[\"https:\\\/\\\/kibrisdakik.com\\\/?p=67539#respond\"]}]},{\"@type\":\"WebPage\",\"@id\":\"https:\\\/\\\/kibrisdakik.com\\\/?p=67539\",\"url\":\"https:\\\/\\\/kibrisdakik.com\\\/?p=67539\",\"name\":\"Helin Reessur\u2019un katili Altunda\u011f 5 davada da su\u00e7lu bulunup mahkum edildi -\",\"isPartOf\":{\"@id\":\"https:\\\/\\\/kibrisdakik.com\\\/#website\"},\"primaryImageOfPage\":{\"@id\":\"https:\\\/\\\/kibrisdakik.com\\\/?p=67539#primaryimage\"},\"image\":{\"@id\":\"https:\\\/\\\/kibrisdakik.com\\\/?p=67539#primaryimage\"},\"thumbnailUrl\":\"https:\\\/\\\/kibrisdakik.com\\\/wp-content\\\/uploads\\\/2024\\\/10\\\/IMG-20241024-WA0000-740x420.jpg\",\"datePublished\":\"2024-10-24T09:59:52+00:00\",\"author\":{\"@id\":\"https:\\\/\\\/kibrisdakik.com\\\/#\\\/schema\\\/person\\\/9cd9d437bbb44f72b73ba127e06d8e79\"},\"breadcrumb\":{\"@id\":\"https:\\\/\\\/kibrisdakik.com\\\/?p=67539#breadcrumb\"},\"inLanguage\":\"tr\",\"potentialAction\":[{\"@type\":\"ReadAction\",\"target\":[\"https:\\\/\\\/kibrisdakik.com\\\/?p=67539\"]}]},{\"@type\":\"ImageObject\",\"inLanguage\":\"tr\",\"@id\":\"https:\\\/\\\/kibrisdakik.com\\\/?p=67539#primaryimage\",\"url\":\"https:\\\/\\\/kibrisdakik.com\\\/wp-content\\\/uploads\\\/2024\\\/10\\\/IMG-20241024-WA0000-740x420.jpg\",\"contentUrl\":\"https:\\\/\\\/kibrisdakik.com\\\/wp-content\\\/uploads\\\/2024\\\/10\\\/IMG-20241024-WA0000-740x420.jpg\",\"width\":2000,\"height\":1126},{\"@type\":\"BreadcrumbList\",\"@id\":\"https:\\\/\\\/kibrisdakik.com\\\/?p=67539#breadcrumb\",\"itemListElement\":[{\"@type\":\"ListItem\",\"position\":1,\"name\":\"Home\",\"item\":\"https:\\\/\\\/kibrisdakik.com\\\/\"},{\"@type\":\"ListItem\",\"position\":2,\"name\":\"Helin Reessur\u2019un katili Altunda\u011f 5 davada da su\u00e7lu bulunup mahkum edildi\"}]},{\"@type\":\"WebSite\",\"@id\":\"https:\\\/\\\/kibrisdakik.com\\\/#website\",\"url\":\"https:\\\/\\\/kibrisdakik.com\\\/\",\"name\":\"\",\"description\":\"Tam vaktinde haber\",\"potentialAction\":[{\"@type\":\"SearchAction\",\"target\":{\"@type\":\"EntryPoint\",\"urlTemplate\":\"https:\\\/\\\/kibrisdakik.com\\\/?s={search_term_string}\"},\"query-input\":{\"@type\":\"PropertyValueSpecification\",\"valueRequired\":true,\"valueName\":\"search_term_string\"}}],\"inLanguage\":\"tr\"},{\"@type\":\"Person\",\"@id\":\"https:\\\/\\\/kibrisdakik.com\\\/#\\\/schema\\\/person\\\/9cd9d437bbb44f72b73ba127e06d8e79\",\"name\":\"admin\",\"image\":{\"@type\":\"ImageObject\",\"inLanguage\":\"tr\",\"@id\":\"https:\\\/\\\/secure.gravatar.com\\\/avatar\\\/ccc17943b9d660506c869530f897617f7cb1c21a4bf30023f252596d83e1f007?s=96&d=mm&r=g\",\"url\":\"https:\\\/\\\/secure.gravatar.com\\\/avatar\\\/ccc17943b9d660506c869530f897617f7cb1c21a4bf30023f252596d83e1f007?s=96&d=mm&r=g\",\"contentUrl\":\"https:\\\/\\\/secure.gravatar.com\\\/avatar\\\/ccc17943b9d660506c869530f897617f7cb1c21a4bf30023f252596d83e1f007?s=96&d=mm&r=g\",\"caption\":\"admin\"},\"sameAs\":[\"https:\\\/\\\/kibrisdakik.com\"],\"url\":\"https:\\\/\\\/kibrisdakik.com\\\/?author=1\"}]}<\/script>\n<!-- \/ Yoast SEO plugin. -->","yoast_head_json":{"title":"Helin Reessur\u2019un katili Altunda\u011f 5 davada da su\u00e7lu bulunup mahkum edildi -","robots":{"index":"index","follow":"follow","max-snippet":"max-snippet:-1","max-image-preview":"max-image-preview:large","max-video-preview":"max-video-preview:-1"},"canonical":"https:\/\/kibrisdakik.com\/?p=67539","og_locale":"tr_TR","og_type":"article","og_title":"Helin Reessur\u2019un katili Altunda\u011f 5 davada da su\u00e7lu bulunup mahkum edildi -","og_description":"\u0130skele\u2019de 25 Ocak 2023\u2019te hunharca katledilen 16 ya\u015f\u0131ndaki Zehie Helin Reessur\u2019un katli Sefer Bu\u011fra Altunda\u011f, tasarlayarak ve planlayarak adam \u00f6ld\u00fcrme dahil 5 davadan da oy birli\u011fiyle su\u00e7lu bulunup, mahkum edildi. Karar\u0131, \u0130skele Kaza Mahkemesi Ba\u015fkan\u0131 Hasan Da\u011fl\u0131 okudu. San\u0131\u011fa verilecek cezan\u0131n a\u00e7\u0131klanmas\u0131 i\u00e7in oturuma 15 dakika ara verildi. Dava karar\u0131n\u0131n a\u00e7\u0131kland\u0131\u011f\u0131 \u0130skele Kaza Mahkemesi\u2019nde, iki","og_url":"https:\/\/kibrisdakik.com\/?p=67539","article_published_time":"2024-10-24T09:59:52+00:00","og_image":[{"width":2000,"height":1126,"url":"https:\/\/kibrisdakik.com\/wp-content\/uploads\/2024\/10\/IMG-20241024-WA0000-740x420.jpg","type":"image\/jpeg"}],"author":"admin","twitter_card":"summary_large_image","twitter_misc":{"Yazan:":"admin","Tahmini okuma s\u00fcresi":"4 dakika"},"schema":{"@context":"https:\/\/schema.org","@graph":[{"@type":"Article","@id":"https:\/\/kibrisdakik.com\/?p=67539#article","isPartOf":{"@id":"https:\/\/kibrisdakik.com\/?p=67539"},"author":{"name":"admin","@id":"https:\/\/kibrisdakik.com\/#\/schema\/person\/9cd9d437bbb44f72b73ba127e06d8e79"},"headline":"Helin Reessur\u2019un katili Altunda\u011f 5 davada da su\u00e7lu bulunup mahkum edildi","datePublished":"2024-10-24T09:59:52+00:00","mainEntityOfPage":{"@id":"https:\/\/kibrisdakik.com\/?p=67539"},"wordCount":714,"commentCount":0,"image":{"@id":"https:\/\/kibrisdakik.com\/?p=67539#primaryimage"},"thumbnailUrl":"https:\/\/kibrisdakik.com\/wp-content\/uploads\/2024\/10\/IMG-20241024-WA0000-740x420.jpg","articleSection":["K\u0131br\u0131s"],"inLanguage":"tr","potentialAction":[{"@type":"CommentAction","name":"Comment","target":["https:\/\/kibrisdakik.com\/?p=67539#respond"]}]},{"@type":"WebPage","@id":"https:\/\/kibrisdakik.com\/?p=67539","url":"https:\/\/kibrisdakik.com\/?p=67539","name":"Helin Reessur\u2019un katili Altunda\u011f 5 davada da su\u00e7lu bulunup mahkum edildi -","isPartOf":{"@id":"https:\/\/kibrisdakik.com\/#website"},"primaryImageOfPage":{"@id":"https:\/\/kibrisdakik.com\/?p=67539#primaryimage"},"image":{"@id":"https:\/\/kibrisdakik.com\/?p=67539#primaryimage"},"thumbnailUrl":"https:\/\/kibrisdakik.com\/wp-content\/uploads\/2024\/10\/IMG-20241024-WA0000-740x420.jpg","datePublished":"2024-10-24T09:59:52+00:00","author":{"@id":"https:\/\/kibrisdakik.com\/#\/schema\/person\/9cd9d437bbb44f72b73ba127e06d8e79"},"breadcrumb":{"@id":"https:\/\/kibrisdakik.com\/?p=67539#breadcrumb"},"inLanguage":"tr","potentialAction":[{"@type":"ReadAction","target":["https:\/\/kibrisdakik.com\/?p=67539"]}]},{"@type":"ImageObject","inLanguage":"tr","@id":"https:\/\/kibrisdakik.com\/?p=67539#primaryimage","url":"https:\/\/kibrisdakik.com\/wp-content\/uploads\/2024\/10\/IMG-20241024-WA0000-740x420.jpg","contentUrl":"https:\/\/kibrisdakik.com\/wp-content\/uploads\/2024\/10\/IMG-20241024-WA0000-740x420.jpg","width":2000,"height":1126},{"@type":"BreadcrumbList","@id":"https:\/\/kibrisdakik.com\/?p=67539#breadcrumb","itemListElement":[{"@type":"ListItem","position":1,"name":"Home","item":"https:\/\/kibrisdakik.com\/"},{"@type":"ListItem","position":2,"name":"Helin Reessur\u2019un katili Altunda\u011f 5 davada da su\u00e7lu bulunup mahkum edildi"}]},{"@type":"WebSite","@id":"https:\/\/kibrisdakik.com\/#website","url":"https:\/\/kibrisdakik.com\/","name":"","description":"Tam vaktinde haber","potentialAction":[{"@type":"SearchAction","target":{"@type":"EntryPoint","urlTemplate":"https:\/\/kibrisdakik.com\/?s={search_term_string}"},"query-input":{"@type":"PropertyValueSpecification","valueRequired":true,"valueName":"search_term_string"}}],"inLanguage":"tr"},{"@type":"Person","@id":"https:\/\/kibrisdakik.com\/#\/schema\/person\/9cd9d437bbb44f72b73ba127e06d8e79","name":"admin","image":{"@type":"ImageObject","inLanguage":"tr","@id":"https:\/\/secure.gravatar.com\/avatar\/ccc17943b9d660506c869530f897617f7cb1c21a4bf30023f252596d83e1f007?s=96&d=mm&r=g","url":"https:\/\/secure.gravatar.com\/avatar\/ccc17943b9d660506c869530f897617f7cb1c21a4bf30023f252596d83e1f007?s=96&d=mm&r=g","contentUrl":"https:\/\/secure.gravatar.com\/avatar\/ccc17943b9d660506c869530f897617f7cb1c21a4bf30023f252596d83e1f007?s=96&d=mm&r=g","caption":"admin"},"sameAs":["https:\/\/kibrisdakik.com"],"url":"https:\/\/kibrisdakik.com\/?author=1"}]}},"_links":{"self":[{"href":"https:\/\/kibrisdakik.com\/index.php?rest_route=\/wp\/v2\/posts\/67539","targetHints":{"allow":["GET"]}}],"collection":[{"href":"https:\/\/kibrisdakik.com\/index.php?rest_route=\/wp\/v2\/posts"}],"about":[{"href":"https:\/\/kibrisdakik.com\/index.php?rest_route=\/wp\/v2\/types\/post"}],"author":[{"embeddable":true,"href":"https:\/\/kibrisdakik.com\/index.php?rest_route=\/wp\/v2\/users\/1"}],"replies":[{"embeddable":true,"href":"https:\/\/kibrisdakik.com\/index.php?rest_route=%2Fwp%2Fv2%2Fcomments&post=67539"}],"version-history":[{"count":0,"href":"https:\/\/kibrisdakik.com\/index.php?rest_route=\/wp\/v2\/posts\/67539\/revisions"}],"wp:featuredmedia":[{"embeddable":true,"href":"https:\/\/kibrisdakik.com\/index.php?rest_route=\/wp\/v2\/media\/67540"}],"wp:attachment":[{"href":"https:\/\/kibrisdakik.com\/index.php?rest_route=%2Fwp%2Fv2%2Fmedia&parent=67539"}],"wp:term":[{"taxonomy":"category","embeddable":true,"href":"https:\/\/kibrisdakik.com\/index.php?rest_route=%2Fwp%2Fv2%2Fcategories&post=67539"},{"taxonomy":"post_tag","embeddable":true,"href":"https:\/\/kibrisdakik.com\/index.php?rest_route=%2Fwp%2Fv2%2Ftags&post=67539"}],"curies":[{"name":"wp","href":"https:\/\/api.w.org\/{rel}","templated":true}]}}