{"id":67541,"date":"2024-10-24T13:03:11","date_gmt":"2024-10-24T10:03:11","guid":{"rendered":"https:\/\/kibrisdakik.com\/index.php\/2024\/10\/24\/kalkinma-bankasi-olagan-genel-kurulu-yapildi\/"},"modified":"2024-10-24T13:03:11","modified_gmt":"2024-10-24T10:03:11","slug":"kalkinma-bankasi-olagan-genel-kurulu-yapildi","status":"publish","type":"post","link":"https:\/\/kibrisdakik.com\/?p=67541","title":{"rendered":"Kalk\u0131nma Bankas\u0131 Ola\u011fan Genel Kurulu yap\u0131ld\u0131"},"content":{"rendered":"<div>\n<div class=\"mariselle-image-container none\">\n                                            <\/div>\n<p style=\"font-weight: 300;\"><span style=\"font-weight: 300 !important;\">Kalk\u0131nma Bankas\u0131\u2019n\u0131n 29. ve 30. y\u0131ll\u0131k Ola\u011fan Genel Kurul toplant\u0131s\u0131 bug\u00fcn yap\u0131ld\u0131.<\/span><\/p>\n<p style=\"font-weight: 300;\"><span style=\"font-weight: 300 !important;\">Genel Kurul\u2019da Cumhurba\u015fkan\u0131 Ersin Tatar, Ekonomi ve Enerji Bakan\u0131 Olgun Amcao\u011flu, Kalk\u0131nma Bankas\u0131 Y\u00f6netim Kurulu Ba\u015fkan\u0131 Hande Kayasal ve Kalk\u0131nma Bankas\u0131 Genel M\u00fcd\u00fcr\u00fc \u0130nan\u00e7 Babaliki konu\u015fma yapt\u0131.<\/span><\/p>\n<p style=\"font-weight: 300;\"><span style=\"font-weight: 300 !important;\">Cumhurba\u015fkan\u0131 Ersin Tatar, Kalk\u0131nma Bankas\u0131\u2019n\u0131n \u00fclkeye \u00f6nemli hizmetler verdi\u011fini s\u00f6yleyerek, bankaya eme\u011fi ge\u00e7enlere te\u015fekk\u00fcr etti.<\/span><\/p>\n<p style=\"font-weight: 300;\"><span style=\"font-weight: 300 !important;\">Kalk\u0131nma Bankas\u0131\u2019n\u0131n \u00fclke kalk\u0131nmas\u0131na katk\u0131 yapt\u0131\u011f\u0131n\u0131 dile getiren Tatar, KKTC\u2019nin kalk\u0131nmakta olan bir \u00fclke oldu\u011funu belirtti.<\/span><\/p>\n<p style=\"font-weight: 300;\"><span style=\"font-weight: 300 !important;\">Sanayi sekt\u00f6r\u00fcnde kalk\u0131nman\u0131n sa\u011flanmas\u0131n\u0131n en b\u00fcy\u00fck temennileri oldu\u011funu s\u00f6yleyen Tatar, sanayi yat\u0131r\u0131mlar\u0131n\u0131n eskiye g\u00f6re artt\u0131\u011f\u0131n\u0131 kaydetti.<\/span><\/p>\n<p style=\"font-weight: 300;\"><span style=\"font-weight: 300 !important;\">Pandemi d\u00f6neminde s\u0131k\u0131nt\u0131lar ya\u015fand\u0131\u011f\u0131n\u0131, bedeller \u00f6dendi\u011fini ancak bug\u00fcn o zor g\u00fcnlerin a\u015f\u0131ld\u0131\u011f\u0131n\u0131 dile getiren Tatar, Ercan Havaliman\u0131 \u00f6rne\u011fini vererek, \u00fclkeye giri\u015f \u00e7\u0131k\u0131\u015flarda 2019 y\u0131l\u0131 rakamlar\u0131n\u0131n ge\u00e7ildi\u011fini belirtti.<\/span><\/p>\n<p style=\"font-weight: 300;\"><span style=\"font-weight: 300 !important;\">Yerel gelirlerin artt\u0131\u011f\u0131n\u0131 vurgulayan Tatar, ekonominin kay\u0131t alt\u0131na al\u0131nmas\u0131 noktas\u0131nda tedbirler al\u0131nd\u0131\u011f\u0131n\u0131, geli\u015fmeler kaydedildi\u011fini s\u00f6yledi.<\/span><\/p>\n<p style=\"font-weight: 300;\"><span style=\"font-weight: 300 !important;\">\u201cBize d\u00fc\u015fen bu zemini korumakt\u0131r\u201d diyen Tatar, zeminin KKTC oldu\u011funu s\u00f6yleyerek, \u201cKKTC vard\u0131r ve ya\u015fayacakt\u0131r\u201d diye konu\u015ftu.<\/span><\/p>\n<p style=\"font-weight: 300;\"><span style=\"font-weight: 300 !important;\">Zemin kayarsa \u00fclkeye yat\u0131r\u0131m yap\u0131lmayaca\u011f\u0131n\u0131 dile getiren Tatar, turizm, in\u015faat ve e\u011fitim sekt\u00f6r\u00fcnde ya\u015fanan olumlu\u00a0 geli\u015fmelere de\u011findi.<\/span><\/p>\n<p style=\"font-weight: 300;\"><span style=\"font-weight: 300 !important;\">Ekonomi ve Enerji Bakan\u0131 Olgun Amcao\u011flu, Kalk\u0131nma Bankas\u0131\u2019n\u0131n \u00fclke ekonomisi i\u00e7in \u00f6nemli oldu\u011funu belirtti.<\/span><\/p>\n<p style=\"font-weight: 300;\"><span style=\"font-weight: 300 !important;\">Amcao\u011flu, hayat pahal\u0131l\u0131\u011f\u0131 rakamlar\u0131na\u00a0 de\u011finerek, son \u00fc\u00e7 y\u0131ll\u0131k s\u00fcre\u00e7te oranlar\u0131n y\u00fczde 80\u2019lerden y\u00fczde 60\u2019lara geriledi\u011fini, gelecekle ilgili tahminlerin y\u00fczde 50\u2019lerde oldu\u011funu ifade etti.<\/span><\/p>\n<p style=\"font-weight: 300;\"><span style=\"font-weight: 300 !important;\">Bu rakamlar\u0131n dikkatle incelenmesi gerekti\u011fini dile getiren Amcao\u011flu, pandemi d\u00f6neminde ya\u015fanan s\u0131k\u0131nt\u0131lar\u0131n, h\u00fck\u00fcmet taraf\u0131ndan al\u0131nan kararlar ve verilen kredilerle a\u015f\u0131ld\u0131\u011f\u0131n\u0131, esnaf\u0131n derdine \u00e7are \u00fcretildi\u011fini belirtti.<\/span><\/p>\n<p style=\"font-weight: 300;\"><span style=\"font-weight: 300 !important;\">Amcao\u011flu, gen\u00e7 i\u015fsizlik say\u0131lar\u0131n\u0131n o d\u00f6nemde y\u00fczde 29 iken bug\u00fcn y\u00fczde 14\u2019e geriledi\u011fini, gen\u00e7 kad\u0131nlar\u0131n i\u015f hayat\u0131na kazand\u0131r\u0131lmalar\u0131n\u0131n da \u00f6nemli oldu\u011funu kaydetti.<\/span><\/p>\n<p style=\"font-weight: 300;\"><span style=\"font-weight: 300 !important;\">\u201c\u00d6zel sekt\u00f6r yoksa devlet yoktur\u201d diyen Amcao\u011flu, 2009 y\u0131l\u0131ndan sonra d\u00f6nemin Ba\u015fbakan\u0131 Ersin Tatar\u2019\u0131n ald\u0131\u011f\u0131 radikal kararlar olmasayd\u0131 bug\u00fcnk\u00fc b\u00fcy\u00fcmelerin ya\u015fanamayaca\u011f\u0131n\u0131 belirtti.<\/span><\/p>\n<p style=\"font-weight: 300;\"><span style=\"font-weight: 300 !important;\">G\u00fcvercinlik Sanayi b\u00f6lgesine y\u00f6nelik \u00e7al\u0131\u015fmalarla ilgili bilgi veren Amcao\u011flu, ihale a\u015famas\u0131na gelindi\u011fini, yak\u0131nda hayata ge\u00e7ece\u011fini s\u00f6yledi.<\/span><\/p>\n<p style=\"font-weight: 300;\"><span style=\"font-weight: 300 !important;\">Amcao\u011flu, k\u0131sa, orta, uzun vadeli kalk\u0131nma plan\u0131 i\u00e7in \u00e7al\u0131\u015fma yap\u0131lmas\u0131 gerekti\u011fini kaydetti.<\/span><\/p>\n<p style=\"font-weight: 300;\"><span style=\"font-weight: 300 !important;\">Kalk\u0131nma Bankas\u0131 Y\u00f6netim Kurulu Ba\u015fkan\u0131 Hande Kayasal da, bankan\u0131n, \u00fclke ekonomisinin s\u00fcrd\u00fcr\u00fclebilir geli\u015fimine katk\u0131 sa\u011flad\u0131\u011f\u0131n\u0131 belirtti.<\/span><\/p>\n<p style=\"font-weight: 300;\"><span style=\"font-weight: 300 !important;\">Kredilendirme yelpazesini geni\u015flettiklerini, gen\u00e7 kad\u0131n giri\u015fimciler ve hayvanc\u0131lara da destek sa\u011flamaya ba\u015flad\u0131klar\u0131n\u0131 dile getiren Kayasal, \u00fcretim ve ihracat gibi alanlara katk\u0131 sa\u011flayan firmalar\u0131n ayakta kalmas\u0131na katk\u0131 sunduklar\u0131n\u0131 kaydetti.<\/span><\/p>\n<p style=\"font-weight: 300;\"><span style=\"font-weight: 300 !important;\">Kayasal, kredilerin geri d\u00f6n\u00fc\u015f\u00fcmlerinde sa\u011flanan ba\u015far\u0131ya i\u015faret ederek, geri d\u00f6n\u00fc\u015f\u00fcm\u00fc m\u00fcmk\u00fcn g\u00f6r\u00fcnmeyen 34 dosya konusunda sa\u011flanan ilerlemeye de\u011findi.<\/span><\/p>\n<p style=\"font-weight: 300;\"><span style=\"font-weight: 300 !important;\">Kalk\u0131nma Bankas\u0131 Genel M\u00fcd\u00fcr\u00fc \u0130nan\u00e7 Babaliki, Kalk\u0131nma Bankas\u0131\u2019n\u0131n mevcut ve yeni yat\u0131r\u0131mlar i\u00e7in kredi sa\u011flayarak \u00fclke ekonomisinde katk\u0131 sa\u011flad\u0131\u011f\u0131n\u0131 s\u00f6yledi.<\/span><\/p>\n<p style=\"font-weight: 300;\"><span style=\"font-weight: 300 !important;\">Babaliki, 913 milyon TL\u2019ye yak\u0131n yat\u0131r\u0131m imkan\u0131 sa\u011fland\u0131\u011f\u0131n\u0131 dile getirerek, yelpazenin geni\u015fletilerek \u00a0hayvanc\u0131l\u0131k gibi \u00e7e\u015fitli \u00a0sekt\u00f6rlerde yat\u0131r\u0131mc\u0131lara kredi sa\u011fland\u0131\u011f\u0131n\u0131 belirtti.<\/span><\/p>\n<p style=\"font-weight: 300;\"><span style=\"font-weight: 300 !important;\">Genel Kurul\u2019da konu\u015fmalar\u0131n ard\u0131ndan verilen ara sonras\u0131 divan olu\u015fturularak, g\u00fcndeme ge\u00e7ildi.\u00a0\u00a0<\/span><\/p>\n<p style=\"font-weight: 300;\">G\u00fcndemde;\u00a0 \u201cY\u00f6netim Kurulu Raporunun sunulmas\u0131, 2022 ve 2023 y\u0131llar\u0131na ait Bilan\u00e7o, K\u00e2r Zarar hesaplar\u0131n\u0131n ve Denet\u00e7iler Raporunun okunup tezekk\u00fcr edilmesi, Sermayenin Art\u0131r\u0131lmas\u0131 (900 milyon TL\u2019den 1.7 milyar TL\u2019ye \u00e7\u0131kar\u0131lmas\u0131), K\u00e2r da\u011f\u0131t\u0131m\u0131n\u0131n karara ba\u011flanmas\u0131, Y\u00f6netim Kurulu\u2019nda B Hisselerini temsil edecek olan bir \u00fcyenin B Hissedarlar\u0131 aras\u0131ndan se\u00e7ilmesi ile Dilek ve temenniler\u201d bulunuyor.<\/p>\n<p>\u00a0<\/p>\n<p>\u00a0<\/p>\n<\/p><\/div>\n<p><script async\n                    defer\n                    crossorigin=\"anonymous\"\n                    src=\"https:\/\/connect.facebook.net\/tr_TR\/sdk.js#xfbml=1&#038;version=v3.3\"\n            ><\/script><\/p>\n","protected":false},"excerpt":{"rendered":"<p>Kalk\u0131nma Bankas\u0131\u2019n\u0131n 29. ve 30. y\u0131ll\u0131k Ola\u011fan Genel Kurul toplant\u0131s\u0131 bug\u00fcn yap\u0131ld\u0131. Genel Kurul\u2019da Cumhurba\u015fkan\u0131 Ersin Tatar, Ekonomi ve Enerji Bakan\u0131 Olgun Amcao\u011flu, Kalk\u0131nma Bankas\u0131 Y\u00f6netim Kurulu Ba\u015fkan\u0131 Hande Kayasal ve Kalk\u0131nma Bankas\u0131 Genel M\u00fcd\u00fcr\u00fc \u0130nan\u00e7 Babaliki konu\u015fma yapt\u0131. Cumhurba\u015fkan\u0131 Ersin Tatar, Kalk\u0131nma Bankas\u0131\u2019n\u0131n \u00fclkeye \u00f6nemli hizmetler verdi\u011fini s\u00f6yleyerek, bankaya eme\u011fi ge\u00e7enlere te\u015fekk\u00fcr etti. Kalk\u0131nma<\/p>\n","protected":false},"author":1,"featured_media":67542,"comment_status":"open","ping_status":"open","sticky":false,"template":"","format":"standard","meta":{"footnotes":""},"categories":[81],"tags":[],"class_list":["post-67541","post","type-post","status-publish","format-standard","has-post-thumbnail","hentry","category-kibris"],"yoast_head":"<!-- This site is optimized with the Yoast SEO plugin v27.4 - https:\/\/yoast.com\/product\/yoast-seo-wordpress\/ -->\n<title>Kalk\u0131nma Bankas\u0131 Ola\u011fan Genel Kurulu yap\u0131ld\u0131 -<\/title>\n<meta name=\"robots\" content=\"index, follow, max-snippet:-1, max-image-preview:large, max-video-preview:-1\" \/>\n<link rel=\"canonical\" href=\"https:\/\/kibrisdakik.com\/?p=67541\" \/>\n<meta property=\"og:locale\" content=\"tr_TR\" \/>\n<meta property=\"og:type\" content=\"article\" \/>\n<meta property=\"og:title\" content=\"Kalk\u0131nma Bankas\u0131 Ola\u011fan Genel Kurulu yap\u0131ld\u0131 -\" \/>\n<meta property=\"og:description\" content=\"Kalk\u0131nma Bankas\u0131\u2019n\u0131n 29. ve 30. y\u0131ll\u0131k Ola\u011fan Genel Kurul toplant\u0131s\u0131 bug\u00fcn yap\u0131ld\u0131. Genel Kurul\u2019da Cumhurba\u015fkan\u0131 Ersin Tatar, Ekonomi ve Enerji Bakan\u0131 Olgun Amcao\u011flu, Kalk\u0131nma Bankas\u0131 Y\u00f6netim Kurulu Ba\u015fkan\u0131 Hande Kayasal ve Kalk\u0131nma Bankas\u0131 Genel M\u00fcd\u00fcr\u00fc \u0130nan\u00e7 Babaliki konu\u015fma yapt\u0131. Cumhurba\u015fkan\u0131 Ersin Tatar, Kalk\u0131nma Bankas\u0131\u2019n\u0131n \u00fclkeye \u00f6nemli hizmetler verdi\u011fini s\u00f6yleyerek, bankaya eme\u011fi ge\u00e7enlere te\u015fekk\u00fcr etti. Kalk\u0131nma\" \/>\n<meta property=\"og:url\" content=\"https:\/\/kibrisdakik.com\/?p=67541\" \/>\n<meta property=\"article:published_time\" content=\"2024-10-24T10:03:11+00:00\" \/>\n<meta property=\"og:image\" content=\"https:\/\/kibrisdakik.com\/wp-content\/uploads\/2024\/10\/kalkinma-bankasi-genel-kurul-tim-2--740x420.jpg\" \/>\n\t<meta property=\"og:image:width\" content=\"1654\" \/>\n\t<meta property=\"og:image:height\" content=\"1104\" \/>\n\t<meta property=\"og:image:type\" content=\"image\/jpeg\" \/>\n<meta name=\"author\" content=\"admin\" \/>\n<meta name=\"twitter:card\" content=\"summary_large_image\" \/>\n<meta name=\"twitter:label1\" content=\"Yazan:\" \/>\n\t<meta name=\"twitter:data1\" content=\"admin\" \/>\n\t<meta name=\"twitter:label2\" content=\"Tahmini okuma s\u00fcresi\" \/>\n\t<meta name=\"twitter:data2\" content=\"4 dakika\" \/>\n<script type=\"application\/ld+json\" class=\"yoast-schema-graph\">{\"@context\":\"https:\\\/\\\/schema.org\",\"@graph\":[{\"@type\":\"Article\",\"@id\":\"https:\\\/\\\/kibrisdakik.com\\\/?p=67541#article\",\"isPartOf\":{\"@id\":\"https:\\\/\\\/kibrisdakik.com\\\/?p=67541\"},\"author\":{\"name\":\"admin\",\"@id\":\"https:\\\/\\\/kibrisdakik.com\\\/#\\\/schema\\\/person\\\/9cd9d437bbb44f72b73ba127e06d8e79\"},\"headline\":\"Kalk\u0131nma Bankas\u0131 Ola\u011fan Genel Kurulu yap\u0131ld\u0131\",\"datePublished\":\"2024-10-24T10:03:11+00:00\",\"mainEntityOfPage\":{\"@id\":\"https:\\\/\\\/kibrisdakik.com\\\/?p=67541\"},\"wordCount\":742,\"commentCount\":0,\"image\":{\"@id\":\"https:\\\/\\\/kibrisdakik.com\\\/?p=67541#primaryimage\"},\"thumbnailUrl\":\"https:\\\/\\\/kibrisdakik.com\\\/wp-content\\\/uploads\\\/2024\\\/10\\\/kalkinma-bankasi-genel-kurul-tim-2--740x420.jpg\",\"articleSection\":[\"K\u0131br\u0131s\"],\"inLanguage\":\"tr\",\"potentialAction\":[{\"@type\":\"CommentAction\",\"name\":\"Comment\",\"target\":[\"https:\\\/\\\/kibrisdakik.com\\\/?p=67541#respond\"]}]},{\"@type\":\"WebPage\",\"@id\":\"https:\\\/\\\/kibrisdakik.com\\\/?p=67541\",\"url\":\"https:\\\/\\\/kibrisdakik.com\\\/?p=67541\",\"name\":\"Kalk\u0131nma Bankas\u0131 Ola\u011fan Genel Kurulu yap\u0131ld\u0131 -\",\"isPartOf\":{\"@id\":\"https:\\\/\\\/kibrisdakik.com\\\/#website\"},\"primaryImageOfPage\":{\"@id\":\"https:\\\/\\\/kibrisdakik.com\\\/?p=67541#primaryimage\"},\"image\":{\"@id\":\"https:\\\/\\\/kibrisdakik.com\\\/?p=67541#primaryimage\"},\"thumbnailUrl\":\"https:\\\/\\\/kibrisdakik.com\\\/wp-content\\\/uploads\\\/2024\\\/10\\\/kalkinma-bankasi-genel-kurul-tim-2--740x420.jpg\",\"datePublished\":\"2024-10-24T10:03:11+00:00\",\"author\":{\"@id\":\"https:\\\/\\\/kibrisdakik.com\\\/#\\\/schema\\\/person\\\/9cd9d437bbb44f72b73ba127e06d8e79\"},\"breadcrumb\":{\"@id\":\"https:\\\/\\\/kibrisdakik.com\\\/?p=67541#breadcrumb\"},\"inLanguage\":\"tr\",\"potentialAction\":[{\"@type\":\"ReadAction\",\"target\":[\"https:\\\/\\\/kibrisdakik.com\\\/?p=67541\"]}]},{\"@type\":\"ImageObject\",\"inLanguage\":\"tr\",\"@id\":\"https:\\\/\\\/kibrisdakik.com\\\/?p=67541#primaryimage\",\"url\":\"https:\\\/\\\/kibrisdakik.com\\\/wp-content\\\/uploads\\\/2024\\\/10\\\/kalkinma-bankasi-genel-kurul-tim-2--740x420.jpg\",\"contentUrl\":\"https:\\\/\\\/kibrisdakik.com\\\/wp-content\\\/uploads\\\/2024\\\/10\\\/kalkinma-bankasi-genel-kurul-tim-2--740x420.jpg\",\"width\":1654,\"height\":1104},{\"@type\":\"BreadcrumbList\",\"@id\":\"https:\\\/\\\/kibrisdakik.com\\\/?p=67541#breadcrumb\",\"itemListElement\":[{\"@type\":\"ListItem\",\"position\":1,\"name\":\"Home\",\"item\":\"https:\\\/\\\/kibrisdakik.com\\\/\"},{\"@type\":\"ListItem\",\"position\":2,\"name\":\"Kalk\u0131nma Bankas\u0131 Ola\u011fan Genel Kurulu yap\u0131ld\u0131\"}]},{\"@type\":\"WebSite\",\"@id\":\"https:\\\/\\\/kibrisdakik.com\\\/#website\",\"url\":\"https:\\\/\\\/kibrisdakik.com\\\/\",\"name\":\"\",\"description\":\"Tam vaktinde haber\",\"potentialAction\":[{\"@type\":\"SearchAction\",\"target\":{\"@type\":\"EntryPoint\",\"urlTemplate\":\"https:\\\/\\\/kibrisdakik.com\\\/?s={search_term_string}\"},\"query-input\":{\"@type\":\"PropertyValueSpecification\",\"valueRequired\":true,\"valueName\":\"search_term_string\"}}],\"inLanguage\":\"tr\"},{\"@type\":\"Person\",\"@id\":\"https:\\\/\\\/kibrisdakik.com\\\/#\\\/schema\\\/person\\\/9cd9d437bbb44f72b73ba127e06d8e79\",\"name\":\"admin\",\"image\":{\"@type\":\"ImageObject\",\"inLanguage\":\"tr\",\"@id\":\"https:\\\/\\\/secure.gravatar.com\\\/avatar\\\/ccc17943b9d660506c869530f897617f7cb1c21a4bf30023f252596d83e1f007?s=96&d=mm&r=g\",\"url\":\"https:\\\/\\\/secure.gravatar.com\\\/avatar\\\/ccc17943b9d660506c869530f897617f7cb1c21a4bf30023f252596d83e1f007?s=96&d=mm&r=g\",\"contentUrl\":\"https:\\\/\\\/secure.gravatar.com\\\/avatar\\\/ccc17943b9d660506c869530f897617f7cb1c21a4bf30023f252596d83e1f007?s=96&d=mm&r=g\",\"caption\":\"admin\"},\"sameAs\":[\"https:\\\/\\\/kibrisdakik.com\"],\"url\":\"https:\\\/\\\/kibrisdakik.com\\\/?author=1\"}]}<\/script>\n<!-- \/ Yoast SEO plugin. -->","yoast_head_json":{"title":"Kalk\u0131nma Bankas\u0131 Ola\u011fan Genel Kurulu yap\u0131ld\u0131 -","robots":{"index":"index","follow":"follow","max-snippet":"max-snippet:-1","max-image-preview":"max-image-preview:large","max-video-preview":"max-video-preview:-1"},"canonical":"https:\/\/kibrisdakik.com\/?p=67541","og_locale":"tr_TR","og_type":"article","og_title":"Kalk\u0131nma Bankas\u0131 Ola\u011fan Genel Kurulu yap\u0131ld\u0131 -","og_description":"Kalk\u0131nma Bankas\u0131\u2019n\u0131n 29. ve 30. y\u0131ll\u0131k Ola\u011fan Genel Kurul toplant\u0131s\u0131 bug\u00fcn yap\u0131ld\u0131. Genel Kurul\u2019da Cumhurba\u015fkan\u0131 Ersin Tatar, Ekonomi ve Enerji Bakan\u0131 Olgun Amcao\u011flu, Kalk\u0131nma Bankas\u0131 Y\u00f6netim Kurulu Ba\u015fkan\u0131 Hande Kayasal ve Kalk\u0131nma Bankas\u0131 Genel M\u00fcd\u00fcr\u00fc \u0130nan\u00e7 Babaliki konu\u015fma yapt\u0131. Cumhurba\u015fkan\u0131 Ersin Tatar, Kalk\u0131nma Bankas\u0131\u2019n\u0131n \u00fclkeye \u00f6nemli hizmetler verdi\u011fini s\u00f6yleyerek, bankaya eme\u011fi ge\u00e7enlere te\u015fekk\u00fcr etti. Kalk\u0131nma","og_url":"https:\/\/kibrisdakik.com\/?p=67541","article_published_time":"2024-10-24T10:03:11+00:00","og_image":[{"width":1654,"height":1104,"url":"https:\/\/kibrisdakik.com\/wp-content\/uploads\/2024\/10\/kalkinma-bankasi-genel-kurul-tim-2--740x420.jpg","type":"image\/jpeg"}],"author":"admin","twitter_card":"summary_large_image","twitter_misc":{"Yazan:":"admin","Tahmini okuma s\u00fcresi":"4 dakika"},"schema":{"@context":"https:\/\/schema.org","@graph":[{"@type":"Article","@id":"https:\/\/kibrisdakik.com\/?p=67541#article","isPartOf":{"@id":"https:\/\/kibrisdakik.com\/?p=67541"},"author":{"name":"admin","@id":"https:\/\/kibrisdakik.com\/#\/schema\/person\/9cd9d437bbb44f72b73ba127e06d8e79"},"headline":"Kalk\u0131nma Bankas\u0131 Ola\u011fan Genel Kurulu yap\u0131ld\u0131","datePublished":"2024-10-24T10:03:11+00:00","mainEntityOfPage":{"@id":"https:\/\/kibrisdakik.com\/?p=67541"},"wordCount":742,"commentCount":0,"image":{"@id":"https:\/\/kibrisdakik.com\/?p=67541#primaryimage"},"thumbnailUrl":"https:\/\/kibrisdakik.com\/wp-content\/uploads\/2024\/10\/kalkinma-bankasi-genel-kurul-tim-2--740x420.jpg","articleSection":["K\u0131br\u0131s"],"inLanguage":"tr","potentialAction":[{"@type":"CommentAction","name":"Comment","target":["https:\/\/kibrisdakik.com\/?p=67541#respond"]}]},{"@type":"WebPage","@id":"https:\/\/kibrisdakik.com\/?p=67541","url":"https:\/\/kibrisdakik.com\/?p=67541","name":"Kalk\u0131nma Bankas\u0131 Ola\u011fan Genel Kurulu yap\u0131ld\u0131 -","isPartOf":{"@id":"https:\/\/kibrisdakik.com\/#website"},"primaryImageOfPage":{"@id":"https:\/\/kibrisdakik.com\/?p=67541#primaryimage"},"image":{"@id":"https:\/\/kibrisdakik.com\/?p=67541#primaryimage"},"thumbnailUrl":"https:\/\/kibrisdakik.com\/wp-content\/uploads\/2024\/10\/kalkinma-bankasi-genel-kurul-tim-2--740x420.jpg","datePublished":"2024-10-24T10:03:11+00:00","author":{"@id":"https:\/\/kibrisdakik.com\/#\/schema\/person\/9cd9d437bbb44f72b73ba127e06d8e79"},"breadcrumb":{"@id":"https:\/\/kibrisdakik.com\/?p=67541#breadcrumb"},"inLanguage":"tr","potentialAction":[{"@type":"ReadAction","target":["https:\/\/kibrisdakik.com\/?p=67541"]}]},{"@type":"ImageObject","inLanguage":"tr","@id":"https:\/\/kibrisdakik.com\/?p=67541#primaryimage","url":"https:\/\/kibrisdakik.com\/wp-content\/uploads\/2024\/10\/kalkinma-bankasi-genel-kurul-tim-2--740x420.jpg","contentUrl":"https:\/\/kibrisdakik.com\/wp-content\/uploads\/2024\/10\/kalkinma-bankasi-genel-kurul-tim-2--740x420.jpg","width":1654,"height":1104},{"@type":"BreadcrumbList","@id":"https:\/\/kibrisdakik.com\/?p=67541#breadcrumb","itemListElement":[{"@type":"ListItem","position":1,"name":"Home","item":"https:\/\/kibrisdakik.com\/"},{"@type":"ListItem","position":2,"name":"Kalk\u0131nma Bankas\u0131 Ola\u011fan Genel Kurulu yap\u0131ld\u0131"}]},{"@type":"WebSite","@id":"https:\/\/kibrisdakik.com\/#website","url":"https:\/\/kibrisdakik.com\/","name":"","description":"Tam vaktinde haber","potentialAction":[{"@type":"SearchAction","target":{"@type":"EntryPoint","urlTemplate":"https:\/\/kibrisdakik.com\/?s={search_term_string}"},"query-input":{"@type":"PropertyValueSpecification","valueRequired":true,"valueName":"search_term_string"}}],"inLanguage":"tr"},{"@type":"Person","@id":"https:\/\/kibrisdakik.com\/#\/schema\/person\/9cd9d437bbb44f72b73ba127e06d8e79","name":"admin","image":{"@type":"ImageObject","inLanguage":"tr","@id":"https:\/\/secure.gravatar.com\/avatar\/ccc17943b9d660506c869530f897617f7cb1c21a4bf30023f252596d83e1f007?s=96&d=mm&r=g","url":"https:\/\/secure.gravatar.com\/avatar\/ccc17943b9d660506c869530f897617f7cb1c21a4bf30023f252596d83e1f007?s=96&d=mm&r=g","contentUrl":"https:\/\/secure.gravatar.com\/avatar\/ccc17943b9d660506c869530f897617f7cb1c21a4bf30023f252596d83e1f007?s=96&d=mm&r=g","caption":"admin"},"sameAs":["https:\/\/kibrisdakik.com"],"url":"https:\/\/kibrisdakik.com\/?author=1"}]}},"_links":{"self":[{"href":"https:\/\/kibrisdakik.com\/index.php?rest_route=\/wp\/v2\/posts\/67541","targetHints":{"allow":["GET"]}}],"collection":[{"href":"https:\/\/kibrisdakik.com\/index.php?rest_route=\/wp\/v2\/posts"}],"about":[{"href":"https:\/\/kibrisdakik.com\/index.php?rest_route=\/wp\/v2\/types\/post"}],"author":[{"embeddable":true,"href":"https:\/\/kibrisdakik.com\/index.php?rest_route=\/wp\/v2\/users\/1"}],"replies":[{"embeddable":true,"href":"https:\/\/kibrisdakik.com\/index.php?rest_route=%2Fwp%2Fv2%2Fcomments&post=67541"}],"version-history":[{"count":0,"href":"https:\/\/kibrisdakik.com\/index.php?rest_route=\/wp\/v2\/posts\/67541\/revisions"}],"wp:featuredmedia":[{"embeddable":true,"href":"https:\/\/kibrisdakik.com\/index.php?rest_route=\/wp\/v2\/media\/67542"}],"wp:attachment":[{"href":"https:\/\/kibrisdakik.com\/index.php?rest_route=%2Fwp%2Fv2%2Fmedia&parent=67541"}],"wp:term":[{"taxonomy":"category","embeddable":true,"href":"https:\/\/kibrisdakik.com\/index.php?rest_route=%2Fwp%2Fv2%2Fcategories&post=67541"},{"taxonomy":"post_tag","embeddable":true,"href":"https:\/\/kibrisdakik.com\/index.php?rest_route=%2Fwp%2Fv2%2Ftags&post=67541"}],"curies":[{"name":"wp","href":"https:\/\/api.w.org\/{rel}","templated":true}]}}