{"id":67544,"date":"2024-10-24T13:09:50","date_gmt":"2024-10-24T10:09:50","guid":{"rendered":"https:\/\/kibrisdakik.com\/index.php\/2024\/10\/24\/kamusen-lefkosa-ve-girne-sosyal-sigortalar-dairelerinde-tam-gun-greve-gitti\/"},"modified":"2024-10-24T13:09:50","modified_gmt":"2024-10-24T10:09:50","slug":"kamusen-lefkosa-ve-girne-sosyal-sigortalar-dairelerinde-tam-gun-greve-gitti","status":"publish","type":"post","link":"https:\/\/kibrisdakik.com\/?p=67544","title":{"rendered":"KAMUSEN Lefko\u015fa ve Girne Sosyal Sigortalar Dairelerinde tam g\u00fcn greve gitti"},"content":{"rendered":"<div>\n<div class=\"mariselle-image-container none\">\n                                            <\/div>\n<p style=\"font-weight: 300;\"><span style=\"font-weight: 300 !important;\">K\u0131br\u0131s T\u00fcrk Kamu G\u00f6revlileri Sendikas\u0131 (KAMUSEN), Lefko\u015fa ve Girne Sosyal Sigortalar Dairelerinde 08.00-17.30 saatleri aras\u0131nda tam greve gitti.<\/span><\/p>\n<p style=\"font-weight: 300;\"><span style=\"font-weight: 300 !important;\">Sendika Ba\u015fkan\u0131 Metin Atan, personel eksikli\u011fi giderilmezse grevin yar\u0131n da devam edece\u011fini, gelecek hafta ise s\u00fcresiz greve gidilece\u011fini kaydetti. Atan, Te\u015fkilat Yasas\u0131\u2019n\u0131n g\u00fcncellenmesi konusunda da tarih istedi.<\/span><\/p>\n<p style=\"font-weight: 300;\"><span style=\"font-weight: 300 !important;\">Sendika, Lefko\u015fa Sosyal Sigortalar Dairesi \u00f6n\u00fcnde bas\u0131n a\u00e7\u0131klamas\u0131 yapt\u0131.<\/span><\/p>\n<p style=\"font-weight: 300;\"><span style=\"font-weight: 300 !important;\">-Atan: \u201cPersonel eksikli\u011fi\u2026.te\u015fkilat yasas\u0131\u2026\u201d<\/span><\/p>\n<p style=\"font-weight: 300;\"><span style=\"font-weight: 300 !important;\">KAMUSEN Ba\u015fkan\u0131 Metin Atan konu\u015fmas\u0131nda, ilk olarak T\u00fcrkiye\u2019de meydana gelen ter\u00f6r sald\u0131r\u0131s\u0131n\u0131 k\u0131nad\u0131. \u015eehitlere Allah\u2019tan rahmet, yaral\u0131lara acil \u015fifalar dileyen Atan, \u201cB\u00f6yle olaylar\u0131n ya\u015fanmas\u0131 ger\u00e7ekten \u00fcz\u00fcc\u00fc, in\u015fallah son olur\u201d dedi. Atan, T\u00fcrkiye\u2019nin g\u00fc\u00e7l\u00fc bir devlet oldu\u011funu da vurgulad\u0131.<\/span><\/p>\n<p style=\"font-weight: 300;\"><span style=\"font-weight: 300 !important;\">-\u201c200 bin aktif sigortal\u0131ya hizmet veriliyor, be\u015f tane personel verilemedi\u201d<\/span><\/p>\n<p style=\"font-weight: 300;\"><span style=\"font-weight: 300 !important;\">Uzun s\u00fcreden beridir Sosyal Sigortalar Dairesi\u2019nin s\u0131k\u0131nt\u0131lar i\u00e7erisinde oldu\u011funu ifade eden Metin Atan, 200 bin aktif sigortal\u0131ya hizmet veren Girne ve Lefko\u015fa Sigortalar\u0131n personel ihtiyac\u0131 oldu\u011funa dikkat \u00e7ekti. Atan, yakla\u015f\u0131k bir y\u0131ld\u0131r konuyla ilgili Ba\u015fbakan\u2019dan ve yetkililerden s\u00f6z almalar\u0131na ra\u011fmen be\u015f tane personelin verilemedi\u011fini kaydetti.<\/span><\/p>\n<p style=\"font-weight: 300;\"><span style=\"font-weight: 300 !important;\">Te\u015fkilat Yasas\u0131\u2019n\u0131n da \u00f6nemli oldu\u011funu ifade eden Atan, yasan\u0131n g\u00fcncellenmesi i\u00e7in tarih talep etti. Atan, yasada m\u00fcnhallerin a\u00e7\u0131lmas\u0131, kadrolar\u0131n art\u0131r\u0131lmas\u0131 gerekti\u011fini belirtti.<\/span><\/p>\n<p style=\"font-weight: 300;\">-\u201cMaliye\u2019nin kasas\u0131na para koyan bu dairelere \u00f6zel \u00f6nem g\u00f6sterilmesi gerekirken\u2026\u201d<\/p>\n<p style=\"font-weight: 300;\"><span style=\"font-weight: 300 !important;\">\u201cNe diyeyim \u015fimdi yani ben bu h\u00fck\u00fcmete s\u00f6yler misiniz? Bu \u00fclkeyi b\u00f6yle mi y\u00f6netece\u011fiz?\u201d sorular\u0131n\u0131 soran KAMUSEN Ba\u015fkan\u0131 Atan, Sosyal Sigortalar Dairesi, Posta Dairesi, Vergi Dairesi ve Tapu Dairesi\u2019nin Maliyenin kasas\u0131na para koydu\u011funu ifade etti. Bu dairelere \u00f6zel \u00f6nem g\u00f6sterilmesi gerekirken, 235 ki\u015fiye kadro verildi\u011fini savunan Atan, Bilgi Edinme Yasas\u0131\u2019yla bu ki\u015filerin nereye istihdam edildi\u011fini \u00f6\u011frenmek istedi\u011fini s\u00f6yledi, \u201cHangi dairelere verildi bu arkada\u015flar?\u201d diye sordu.<\/span><\/p>\n<p style=\"font-weight: 300;\"><strong>-\u201c\u00dc\u00e7 personel verildi, ikisi geri \u00e7ekildi\u201d<\/strong><\/p>\n<p style=\"font-weight: 300;\"><span style=\"font-weight: 300 !important;\">\u201cBu \u00fclkeye hizmet veremiyorsan\u0131z o koltukta oturman\u0131z\u0131n anlam\u0131 yoktur\u201d diyen Metin Atan, d\u00fcn grevle ilgili kendisini arad\u0131klar\u0131n\u0131 ve cuma g\u00fcn\u00fcne kadar sorunun \u00e7\u00f6z\u00fclece\u011fini s\u00f6ylediklerini kaydetti. \u201cNiye cuma g\u00fcn\u00fc de, d\u00fcn de\u011fil?\u201d sorusunu soran Atan, ge\u00e7en hafta \u00fc\u00e7 personelin sigortalara verilmesine kar\u015f\u0131n ikisinin geri \u00e7ekildi\u011fini savundu.<\/span><\/p>\n<p style=\"font-weight: 300;\"><span style=\"font-weight: 300 !important;\">Personel eksikli\u011fi giderilmezse grevin yar\u0131n da devam edece\u011fini belirten Atan, gelecek hafta ise s\u00fcresiz greve gidecekleri uyar\u0131s\u0131nda bulundu. Vatanda\u015f\u0131n daha iyi hizmet alabilmesi i\u00e7in grev yapt\u0131klar\u0131n\u0131 dile getiren Metin Atan, Meclis Ba\u015fkanl\u0131\u011f\u0131 se\u00e7iminde ya\u015fananlar\u0131 ele\u015ftirdi.<\/span><\/p>\n<p style=\"font-weight: 300;\"><span style=\"font-weight: 300 !important;\">\u201cUyu\u015fturucu, yolsuzluk, h\u0131rs\u0131zl\u0131k diz boyu bu \u00fclkede, siz alt\u0131 tane ya da on tane personeli \u00e7ok g\u00f6receksiniz\u201d iddialar\u0131nda bulunan Atan, Lefko\u015fa\u2019da Posta Dairesi\u2019nde de grev yapacaklar\u0131n\u0131 a\u00e7\u0131klad\u0131.<\/span><\/p>\n<p style=\"font-weight: 300;\"><strong>-\u201cTe\u015fkilat Yasas\u0131 dairelerin can\u0131d\u0131r\u201d<\/strong><\/p>\n<p style=\"font-weight: 300;\"><span style=\"font-weight: 300 !important;\">Ba\u015fbakana, personel g\u00f6nderilmesi i\u00e7in \u00e7a\u011fr\u0131 yapan KAMUSEN Ba\u015fkan\u0131 Atan, Te\u015fkilat Yasas\u0131 i\u00e7in de tarih iste\u011fini yineledi. \u201cTe\u015fkilat Yasas\u0131 dairelerin can\u0131d\u0131r\u201d diyen Atan, yasan\u0131n g\u00fcncellenmesi gerekti\u011fini s\u00f6yledi. Metin Atan, \u00e7al\u0131\u015fan\u0131n huzurlu olmas\u0131n\u0131 ve vatanda\u015fa iyi hizmet vermesini istediklerini dile getirdi.<\/span><\/p>\n<p style=\"font-weight: 300;\"><span style=\"font-weight: 300 !important;\">YDP Genel Ba\u015fkan Yard\u0131mc\u0131s\u0131\u2019n\u0131n, \u201cKKTC\u2019yi hasta ve T\u00fcrkiye\u2019nin s\u0131rt\u0131ndaki kambur\u201d olarak tan\u0131mlamas\u0131na da de\u011finen Atan, \u201cBu s\u00f6ylemler T\u00fcrkiye ile aram\u0131za nifak sokmak i\u00e7in s\u00f6yleniyor, ayr\u0131mc\u0131l\u0131k yap\u0131l\u0131yor, k\u0131n\u0131yorum\u201d dedi.<\/span><\/p>\n<p style=\"font-weight: 300;\"><span style=\"font-weight: 300 !important;\">YDP Genel Ba\u015fkan\u0131\u2019n\u0131n \u2018\u00f6yle demek istemedi\u201d \u015feklinde a\u00e7\u0131klama yapt\u0131\u011f\u0131n\u0131 savunan Atan, \u201cRahats\u0131zsan\u0131z o koltukta oturmazs\u0131n\u0131z, istifa edersiniz. Ba\u015fkan Yard\u0131mc\u0131n\u0131za da bu konuda tepki korsunuz\u201d dedi.<\/span><\/p>\n<p style=\"font-weight: 300;\"><span style=\"font-weight: 300 !important;\">Atan, Bay\u0131nd\u0131rl\u0131k ve Ula\u015ft\u0131rma Bakanl\u0131\u011f\u0131\u2019na ba\u011fl\u0131 Posta Dairesi\u2019ne personel al\u0131nmas\u0131 i\u00e7in \u00e7a\u011fr\u0131da da bulundu.<\/span><\/p>\n<p>TAK\/BRT<\/p>\n<\/p><\/div>\n<p><script async\n                    defer\n                    crossorigin=\"anonymous\"\n                    src=\"https:\/\/connect.facebook.net\/tr_TR\/sdk.js#xfbml=1&#038;version=v3.3\"\n            ><\/script><\/p>\n","protected":false},"excerpt":{"rendered":"<p>K\u0131br\u0131s T\u00fcrk Kamu G\u00f6revlileri Sendikas\u0131 (KAMUSEN), Lefko\u015fa ve Girne Sosyal Sigortalar Dairelerinde 08.00-17.30 saatleri aras\u0131nda tam greve gitti. Sendika Ba\u015fkan\u0131 Metin Atan, personel eksikli\u011fi giderilmezse grevin yar\u0131n da devam edece\u011fini, gelecek hafta ise s\u00fcresiz greve gidilece\u011fini kaydetti. Atan, Te\u015fkilat Yasas\u0131\u2019n\u0131n g\u00fcncellenmesi konusunda da tarih istedi. Sendika, Lefko\u015fa Sosyal Sigortalar Dairesi \u00f6n\u00fcnde bas\u0131n a\u00e7\u0131klamas\u0131 yapt\u0131. -Atan:<\/p>\n","protected":false},"author":1,"featured_media":67545,"comment_status":"open","ping_status":"open","sticky":false,"template":"","format":"standard","meta":{"footnotes":""},"categories":[81],"tags":[],"class_list":["post-67544","post","type-post","status-publish","format-standard","has-post-thumbnail","hentry","category-kibris"],"yoast_head":"<!-- This site is optimized with the Yoast SEO plugin v27.4 - https:\/\/yoast.com\/product\/yoast-seo-wordpress\/ -->\n<title>KAMUSEN Lefko\u015fa ve Girne Sosyal Sigortalar Dairelerinde tam g\u00fcn greve gitti -<\/title>\n<meta name=\"robots\" content=\"index, follow, max-snippet:-1, max-image-preview:large, max-video-preview:-1\" \/>\n<link rel=\"canonical\" href=\"https:\/\/kibrisdakik.com\/?p=67544\" \/>\n<meta property=\"og:locale\" content=\"tr_TR\" \/>\n<meta property=\"og:type\" content=\"article\" \/>\n<meta property=\"og:title\" content=\"KAMUSEN Lefko\u015fa ve Girne Sosyal Sigortalar Dairelerinde tam g\u00fcn greve gitti -\" \/>\n<meta property=\"og:description\" content=\"K\u0131br\u0131s T\u00fcrk Kamu G\u00f6revlileri Sendikas\u0131 (KAMUSEN), Lefko\u015fa ve Girne Sosyal Sigortalar Dairelerinde 08.00-17.30 saatleri aras\u0131nda tam greve gitti. Sendika Ba\u015fkan\u0131 Metin Atan, personel eksikli\u011fi giderilmezse grevin yar\u0131n da devam edece\u011fini, gelecek hafta ise s\u00fcresiz greve gidilece\u011fini kaydetti. Atan, Te\u015fkilat Yasas\u0131\u2019n\u0131n g\u00fcncellenmesi konusunda da tarih istedi. Sendika, Lefko\u015fa Sosyal Sigortalar Dairesi \u00f6n\u00fcnde bas\u0131n a\u00e7\u0131klamas\u0131 yapt\u0131. -Atan:\" \/>\n<meta property=\"og:url\" content=\"https:\/\/kibrisdakik.com\/?p=67544\" \/>\n<meta property=\"article:published_time\" content=\"2024-10-24T10:09:50+00:00\" \/>\n<meta property=\"og:image\" content=\"https:\/\/kibrisdakik.com\/wp-content\/uploads\/2024\/10\/kamusen-af-1-scaled-740x420.jpg\" \/>\n\t<meta property=\"og:image:width\" content=\"2560\" \/>\n\t<meta property=\"og:image:height\" content=\"1920\" \/>\n\t<meta property=\"og:image:type\" content=\"image\/jpeg\" \/>\n<meta name=\"author\" content=\"admin\" \/>\n<meta name=\"twitter:card\" content=\"summary_large_image\" \/>\n<meta name=\"twitter:label1\" content=\"Yazan:\" \/>\n\t<meta name=\"twitter:data1\" content=\"admin\" \/>\n\t<meta name=\"twitter:label2\" content=\"Tahmini okuma s\u00fcresi\" \/>\n\t<meta name=\"twitter:data2\" content=\"3 dakika\" \/>\n<script type=\"application\/ld+json\" class=\"yoast-schema-graph\">{\"@context\":\"https:\\\/\\\/schema.org\",\"@graph\":[{\"@type\":\"Article\",\"@id\":\"https:\\\/\\\/kibrisdakik.com\\\/?p=67544#article\",\"isPartOf\":{\"@id\":\"https:\\\/\\\/kibrisdakik.com\\\/?p=67544\"},\"author\":{\"name\":\"admin\",\"@id\":\"https:\\\/\\\/kibrisdakik.com\\\/#\\\/schema\\\/person\\\/9cd9d437bbb44f72b73ba127e06d8e79\"},\"headline\":\"KAMUSEN Lefko\u015fa ve Girne Sosyal Sigortalar Dairelerinde tam g\u00fcn greve gitti\",\"datePublished\":\"2024-10-24T10:09:50+00:00\",\"mainEntityOfPage\":{\"@id\":\"https:\\\/\\\/kibrisdakik.com\\\/?p=67544\"},\"wordCount\":701,\"commentCount\":0,\"image\":{\"@id\":\"https:\\\/\\\/kibrisdakik.com\\\/?p=67544#primaryimage\"},\"thumbnailUrl\":\"https:\\\/\\\/kibrisdakik.com\\\/wp-content\\\/uploads\\\/2024\\\/10\\\/kamusen-af-1-scaled-740x420.jpg\",\"articleSection\":[\"K\u0131br\u0131s\"],\"inLanguage\":\"tr\",\"potentialAction\":[{\"@type\":\"CommentAction\",\"name\":\"Comment\",\"target\":[\"https:\\\/\\\/kibrisdakik.com\\\/?p=67544#respond\"]}]},{\"@type\":\"WebPage\",\"@id\":\"https:\\\/\\\/kibrisdakik.com\\\/?p=67544\",\"url\":\"https:\\\/\\\/kibrisdakik.com\\\/?p=67544\",\"name\":\"KAMUSEN Lefko\u015fa ve Girne Sosyal Sigortalar Dairelerinde tam g\u00fcn greve gitti -\",\"isPartOf\":{\"@id\":\"https:\\\/\\\/kibrisdakik.com\\\/#website\"},\"primaryImageOfPage\":{\"@id\":\"https:\\\/\\\/kibrisdakik.com\\\/?p=67544#primaryimage\"},\"image\":{\"@id\":\"https:\\\/\\\/kibrisdakik.com\\\/?p=67544#primaryimage\"},\"thumbnailUrl\":\"https:\\\/\\\/kibrisdakik.com\\\/wp-content\\\/uploads\\\/2024\\\/10\\\/kamusen-af-1-scaled-740x420.jpg\",\"datePublished\":\"2024-10-24T10:09:50+00:00\",\"author\":{\"@id\":\"https:\\\/\\\/kibrisdakik.com\\\/#\\\/schema\\\/person\\\/9cd9d437bbb44f72b73ba127e06d8e79\"},\"breadcrumb\":{\"@id\":\"https:\\\/\\\/kibrisdakik.com\\\/?p=67544#breadcrumb\"},\"inLanguage\":\"tr\",\"potentialAction\":[{\"@type\":\"ReadAction\",\"target\":[\"https:\\\/\\\/kibrisdakik.com\\\/?p=67544\"]}]},{\"@type\":\"ImageObject\",\"inLanguage\":\"tr\",\"@id\":\"https:\\\/\\\/kibrisdakik.com\\\/?p=67544#primaryimage\",\"url\":\"https:\\\/\\\/kibrisdakik.com\\\/wp-content\\\/uploads\\\/2024\\\/10\\\/kamusen-af-1-scaled-740x420.jpg\",\"contentUrl\":\"https:\\\/\\\/kibrisdakik.com\\\/wp-content\\\/uploads\\\/2024\\\/10\\\/kamusen-af-1-scaled-740x420.jpg\",\"width\":2560,\"height\":1920},{\"@type\":\"BreadcrumbList\",\"@id\":\"https:\\\/\\\/kibrisdakik.com\\\/?p=67544#breadcrumb\",\"itemListElement\":[{\"@type\":\"ListItem\",\"position\":1,\"name\":\"Home\",\"item\":\"https:\\\/\\\/kibrisdakik.com\\\/\"},{\"@type\":\"ListItem\",\"position\":2,\"name\":\"KAMUSEN Lefko\u015fa ve Girne Sosyal Sigortalar Dairelerinde tam g\u00fcn greve gitti\"}]},{\"@type\":\"WebSite\",\"@id\":\"https:\\\/\\\/kibrisdakik.com\\\/#website\",\"url\":\"https:\\\/\\\/kibrisdakik.com\\\/\",\"name\":\"\",\"description\":\"Tam vaktinde haber\",\"potentialAction\":[{\"@type\":\"SearchAction\",\"target\":{\"@type\":\"EntryPoint\",\"urlTemplate\":\"https:\\\/\\\/kibrisdakik.com\\\/?s={search_term_string}\"},\"query-input\":{\"@type\":\"PropertyValueSpecification\",\"valueRequired\":true,\"valueName\":\"search_term_string\"}}],\"inLanguage\":\"tr\"},{\"@type\":\"Person\",\"@id\":\"https:\\\/\\\/kibrisdakik.com\\\/#\\\/schema\\\/person\\\/9cd9d437bbb44f72b73ba127e06d8e79\",\"name\":\"admin\",\"image\":{\"@type\":\"ImageObject\",\"inLanguage\":\"tr\",\"@id\":\"https:\\\/\\\/secure.gravatar.com\\\/avatar\\\/ccc17943b9d660506c869530f897617f7cb1c21a4bf30023f252596d83e1f007?s=96&d=mm&r=g\",\"url\":\"https:\\\/\\\/secure.gravatar.com\\\/avatar\\\/ccc17943b9d660506c869530f897617f7cb1c21a4bf30023f252596d83e1f007?s=96&d=mm&r=g\",\"contentUrl\":\"https:\\\/\\\/secure.gravatar.com\\\/avatar\\\/ccc17943b9d660506c869530f897617f7cb1c21a4bf30023f252596d83e1f007?s=96&d=mm&r=g\",\"caption\":\"admin\"},\"sameAs\":[\"https:\\\/\\\/kibrisdakik.com\"],\"url\":\"https:\\\/\\\/kibrisdakik.com\\\/?author=1\"}]}<\/script>\n<!-- \/ Yoast SEO plugin. -->","yoast_head_json":{"title":"KAMUSEN Lefko\u015fa ve Girne Sosyal Sigortalar Dairelerinde tam g\u00fcn greve gitti -","robots":{"index":"index","follow":"follow","max-snippet":"max-snippet:-1","max-image-preview":"max-image-preview:large","max-video-preview":"max-video-preview:-1"},"canonical":"https:\/\/kibrisdakik.com\/?p=67544","og_locale":"tr_TR","og_type":"article","og_title":"KAMUSEN Lefko\u015fa ve Girne Sosyal Sigortalar Dairelerinde tam g\u00fcn greve gitti -","og_description":"K\u0131br\u0131s T\u00fcrk Kamu G\u00f6revlileri Sendikas\u0131 (KAMUSEN), Lefko\u015fa ve Girne Sosyal Sigortalar Dairelerinde 08.00-17.30 saatleri aras\u0131nda tam greve gitti. Sendika Ba\u015fkan\u0131 Metin Atan, personel eksikli\u011fi giderilmezse grevin yar\u0131n da devam edece\u011fini, gelecek hafta ise s\u00fcresiz greve gidilece\u011fini kaydetti. Atan, Te\u015fkilat Yasas\u0131\u2019n\u0131n g\u00fcncellenmesi konusunda da tarih istedi. Sendika, Lefko\u015fa Sosyal Sigortalar Dairesi \u00f6n\u00fcnde bas\u0131n a\u00e7\u0131klamas\u0131 yapt\u0131. -Atan:","og_url":"https:\/\/kibrisdakik.com\/?p=67544","article_published_time":"2024-10-24T10:09:50+00:00","og_image":[{"width":2560,"height":1920,"url":"https:\/\/kibrisdakik.com\/wp-content\/uploads\/2024\/10\/kamusen-af-1-scaled-740x420.jpg","type":"image\/jpeg"}],"author":"admin","twitter_card":"summary_large_image","twitter_misc":{"Yazan:":"admin","Tahmini okuma s\u00fcresi":"3 dakika"},"schema":{"@context":"https:\/\/schema.org","@graph":[{"@type":"Article","@id":"https:\/\/kibrisdakik.com\/?p=67544#article","isPartOf":{"@id":"https:\/\/kibrisdakik.com\/?p=67544"},"author":{"name":"admin","@id":"https:\/\/kibrisdakik.com\/#\/schema\/person\/9cd9d437bbb44f72b73ba127e06d8e79"},"headline":"KAMUSEN Lefko\u015fa ve Girne Sosyal Sigortalar Dairelerinde tam g\u00fcn greve gitti","datePublished":"2024-10-24T10:09:50+00:00","mainEntityOfPage":{"@id":"https:\/\/kibrisdakik.com\/?p=67544"},"wordCount":701,"commentCount":0,"image":{"@id":"https:\/\/kibrisdakik.com\/?p=67544#primaryimage"},"thumbnailUrl":"https:\/\/kibrisdakik.com\/wp-content\/uploads\/2024\/10\/kamusen-af-1-scaled-740x420.jpg","articleSection":["K\u0131br\u0131s"],"inLanguage":"tr","potentialAction":[{"@type":"CommentAction","name":"Comment","target":["https:\/\/kibrisdakik.com\/?p=67544#respond"]}]},{"@type":"WebPage","@id":"https:\/\/kibrisdakik.com\/?p=67544","url":"https:\/\/kibrisdakik.com\/?p=67544","name":"KAMUSEN Lefko\u015fa ve Girne Sosyal Sigortalar Dairelerinde tam g\u00fcn greve gitti -","isPartOf":{"@id":"https:\/\/kibrisdakik.com\/#website"},"primaryImageOfPage":{"@id":"https:\/\/kibrisdakik.com\/?p=67544#primaryimage"},"image":{"@id":"https:\/\/kibrisdakik.com\/?p=67544#primaryimage"},"thumbnailUrl":"https:\/\/kibrisdakik.com\/wp-content\/uploads\/2024\/10\/kamusen-af-1-scaled-740x420.jpg","datePublished":"2024-10-24T10:09:50+00:00","author":{"@id":"https:\/\/kibrisdakik.com\/#\/schema\/person\/9cd9d437bbb44f72b73ba127e06d8e79"},"breadcrumb":{"@id":"https:\/\/kibrisdakik.com\/?p=67544#breadcrumb"},"inLanguage":"tr","potentialAction":[{"@type":"ReadAction","target":["https:\/\/kibrisdakik.com\/?p=67544"]}]},{"@type":"ImageObject","inLanguage":"tr","@id":"https:\/\/kibrisdakik.com\/?p=67544#primaryimage","url":"https:\/\/kibrisdakik.com\/wp-content\/uploads\/2024\/10\/kamusen-af-1-scaled-740x420.jpg","contentUrl":"https:\/\/kibrisdakik.com\/wp-content\/uploads\/2024\/10\/kamusen-af-1-scaled-740x420.jpg","width":2560,"height":1920},{"@type":"BreadcrumbList","@id":"https:\/\/kibrisdakik.com\/?p=67544#breadcrumb","itemListElement":[{"@type":"ListItem","position":1,"name":"Home","item":"https:\/\/kibrisdakik.com\/"},{"@type":"ListItem","position":2,"name":"KAMUSEN Lefko\u015fa ve Girne Sosyal Sigortalar Dairelerinde tam g\u00fcn greve gitti"}]},{"@type":"WebSite","@id":"https:\/\/kibrisdakik.com\/#website","url":"https:\/\/kibrisdakik.com\/","name":"","description":"Tam vaktinde haber","potentialAction":[{"@type":"SearchAction","target":{"@type":"EntryPoint","urlTemplate":"https:\/\/kibrisdakik.com\/?s={search_term_string}"},"query-input":{"@type":"PropertyValueSpecification","valueRequired":true,"valueName":"search_term_string"}}],"inLanguage":"tr"},{"@type":"Person","@id":"https:\/\/kibrisdakik.com\/#\/schema\/person\/9cd9d437bbb44f72b73ba127e06d8e79","name":"admin","image":{"@type":"ImageObject","inLanguage":"tr","@id":"https:\/\/secure.gravatar.com\/avatar\/ccc17943b9d660506c869530f897617f7cb1c21a4bf30023f252596d83e1f007?s=96&d=mm&r=g","url":"https:\/\/secure.gravatar.com\/avatar\/ccc17943b9d660506c869530f897617f7cb1c21a4bf30023f252596d83e1f007?s=96&d=mm&r=g","contentUrl":"https:\/\/secure.gravatar.com\/avatar\/ccc17943b9d660506c869530f897617f7cb1c21a4bf30023f252596d83e1f007?s=96&d=mm&r=g","caption":"admin"},"sameAs":["https:\/\/kibrisdakik.com"],"url":"https:\/\/kibrisdakik.com\/?author=1"}]}},"_links":{"self":[{"href":"https:\/\/kibrisdakik.com\/index.php?rest_route=\/wp\/v2\/posts\/67544","targetHints":{"allow":["GET"]}}],"collection":[{"href":"https:\/\/kibrisdakik.com\/index.php?rest_route=\/wp\/v2\/posts"}],"about":[{"href":"https:\/\/kibrisdakik.com\/index.php?rest_route=\/wp\/v2\/types\/post"}],"author":[{"embeddable":true,"href":"https:\/\/kibrisdakik.com\/index.php?rest_route=\/wp\/v2\/users\/1"}],"replies":[{"embeddable":true,"href":"https:\/\/kibrisdakik.com\/index.php?rest_route=%2Fwp%2Fv2%2Fcomments&post=67544"}],"version-history":[{"count":0,"href":"https:\/\/kibrisdakik.com\/index.php?rest_route=\/wp\/v2\/posts\/67544\/revisions"}],"wp:featuredmedia":[{"embeddable":true,"href":"https:\/\/kibrisdakik.com\/index.php?rest_route=\/wp\/v2\/media\/67545"}],"wp:attachment":[{"href":"https:\/\/kibrisdakik.com\/index.php?rest_route=%2Fwp%2Fv2%2Fmedia&parent=67544"}],"wp:term":[{"taxonomy":"category","embeddable":true,"href":"https:\/\/kibrisdakik.com\/index.php?rest_route=%2Fwp%2Fv2%2Fcategories&post=67544"},{"taxonomy":"post_tag","embeddable":true,"href":"https:\/\/kibrisdakik.com\/index.php?rest_route=%2Fwp%2Fv2%2Ftags&post=67544"}],"curies":[{"name":"wp","href":"https:\/\/api.w.org\/{rel}","templated":true}]}}