{"id":67565,"date":"2024-10-24T18:04:28","date_gmt":"2024-10-24T15:04:28","guid":{"rendered":"https:\/\/kibrisdakik.com\/index.php\/2024\/10\/24\/tusastaki-hain-saldiriyi-gerceklestiren-teroristlerin-kimligi-belirlendi\/"},"modified":"2024-10-24T18:04:28","modified_gmt":"2024-10-24T15:04:28","slug":"tusastaki-hain-saldiriyi-gerceklestiren-teroristlerin-kimligi-belirlendi","status":"publish","type":"post","link":"https:\/\/kibrisdakik.com\/?p=67565","title":{"rendered":"TUSA\u015e\u2019taki hain sald\u0131r\u0131y\u0131 ger\u00e7ekle\u015ftiren ter\u00f6ristlerin kimli\u011fi belirlendi"},"content":{"rendered":"<p><\/p>\n<div>\n<div class=\"mariselle-image-container center\">\n                <img loading=\"lazy\" decoding=\"async\" width=\"641\" height=\"380\" class=\"lazy-image\" alt=\"\" sizes=\"auto, (max-width: 641px) 100vw, 641px\" src=\"https:\/\/brtk.net\/wp-content\/uploads\/2024\/10\/24\/tusas-saldiri3-1.webp?ver=bff344d270c66081153b3482f065337e\" srcset=\"https:\/\/brtk.net\/wp-content\/uploads\/2024\/10\/24\/tusas-saldiri3-1.webp?ver=bff344d270c66081153b3482f065337e 641w, https:\/\/brtk.net\/wp-content\/uploads\/2024\/10\/24\/tusas-saldiri3-1-300x178.webp?ver=bff344d270c66081153b3482f065337e 300w\"\/>                            <\/div>\n<p>TUSA\u015e\u2019taki hain sald\u0131r\u0131y\u0131 ger\u00e7ekle\u015ftiren ter\u00f6ristlerin PKK ter\u00f6r \u00f6rg\u00fct\u00fc \u00fcyesi \u2018Rojger\u2019 kod adl\u0131 Ali \u00d6rek ve Mine Sevjin Al\u00e7i\u00e7ek oldu\u011fu tespit edildi.<\/p>\n<p>TC \u0130\u00e7i\u015fleri Bakan\u0131 Ali Yerlikaya, X sosyal medya hesab\u0131ndan yapt\u0131\u011f\u0131 a\u00e7\u0131klamada, TUSA\u015e\u2019a d\u00fczenlenen hain ter\u00f6r sald\u0131r\u0131s\u0131nda etkisiz hale getirilen ter\u00f6ristlerin kimli\u011finin belirlendi\u011fini belirtti.<\/p>\n<p>Hainlerin, PKK ter\u00f6r \u00f6rg\u00fct\u00fc \u00fcyesi \u2018Rojger\u2019 kod adl\u0131 Ali \u00d6rek ve Mine Sevjin Al\u00e7i\u00e7ek oldu\u011funun tespit edildi\u011fini ifade eden Yerlikaya, b\u00f6ylece TUSA\u015e\u2019a sald\u0131ran her iki hainin de PKK \u00fcyesi oldu\u011funun netle\u015fti\u011fini vurgulad\u0131.<\/p>\n<p><strong>\u201cTer\u00f6r \u00f6rg\u00fct\u00fcn\u00fc topraklar\u0131m\u0131zdan kaz\u0131y\u0131p atmaya kararl\u0131y\u0131z\u201d<\/strong><br \/>Yerlikaya, \u201c\u00dclkemizin birlik ve beraberli\u011fine, huzuruna kast eden hain ter\u00f6r \u00f6rg\u00fct\u00fcn\u00fc topraklar\u0131m\u0131zdan kaz\u0131y\u0131p atmaya kararl\u0131y\u0131z. \u015eehitlerimize bir kez daha Allah\u2019tan rahmet, yaral\u0131lar\u0131m\u0131za acil \u015fifalar diliyorum.\u201d dedi.<\/p>\n<\/p><\/div>\n<p><script async\n                    defer\n                    crossorigin=\"anonymous\"\n                    src=\"https:\/\/connect.facebook.net\/tr_TR\/sdk.js#xfbml=1&#038;version=v3.3\"\n            ><\/script><\/p>\n","protected":false},"excerpt":{"rendered":"<p>TUSA\u015e\u2019taki hain sald\u0131r\u0131y\u0131 ger\u00e7ekle\u015ftiren ter\u00f6ristlerin PKK ter\u00f6r \u00f6rg\u00fct\u00fc \u00fcyesi \u2018Rojger\u2019 kod adl\u0131 Ali \u00d6rek ve Mine Sevjin Al\u00e7i\u00e7ek oldu\u011fu tespit edildi. TC \u0130\u00e7i\u015fleri Bakan\u0131 Ali Yerlikaya, X sosyal medya hesab\u0131ndan yapt\u0131\u011f\u0131 a\u00e7\u0131klamada, TUSA\u015e\u2019a d\u00fczenlenen hain ter\u00f6r sald\u0131r\u0131s\u0131nda etkisiz hale getirilen ter\u00f6ristlerin kimli\u011finin belirlendi\u011fini belirtti. Hainlerin, PKK ter\u00f6r \u00f6rg\u00fct\u00fc \u00fcyesi \u2018Rojger\u2019 kod adl\u0131 Ali \u00d6rek ve<\/p>\n","protected":false},"author":1,"featured_media":67485,"comment_status":"open","ping_status":"open","sticky":false,"template":"","format":"standard","meta":{"footnotes":""},"categories":[86],"tags":[],"class_list":["post-67565","post","type-post","status-publish","format-standard","has-post-thumbnail","hentry","category-turkiye"],"yoast_head":"<!-- This site is optimized with the Yoast SEO plugin v27.5 - https:\/\/yoast.com\/product\/yoast-seo-wordpress\/ -->\n<title>TUSA\u015e\u2019taki hain sald\u0131r\u0131y\u0131 ger\u00e7ekle\u015ftiren ter\u00f6ristlerin kimli\u011fi belirlendi -<\/title>\n<meta name=\"robots\" content=\"index, follow, max-snippet:-1, max-image-preview:large, max-video-preview:-1\" \/>\n<link rel=\"canonical\" href=\"https:\/\/kibrisdakik.com\/?p=67565\" \/>\n<meta property=\"og:locale\" content=\"tr_TR\" \/>\n<meta property=\"og:type\" content=\"article\" \/>\n<meta property=\"og:title\" content=\"TUSA\u015e\u2019taki hain sald\u0131r\u0131y\u0131 ger\u00e7ekle\u015ftiren ter\u00f6ristlerin kimli\u011fi belirlendi -\" \/>\n<meta property=\"og:description\" content=\"TUSA\u015e\u2019taki hain sald\u0131r\u0131y\u0131 ger\u00e7ekle\u015ftiren ter\u00f6ristlerin PKK ter\u00f6r \u00f6rg\u00fct\u00fc \u00fcyesi \u2018Rojger\u2019 kod adl\u0131 Ali \u00d6rek ve Mine Sevjin Al\u00e7i\u00e7ek oldu\u011fu tespit edildi. TC \u0130\u00e7i\u015fleri Bakan\u0131 Ali Yerlikaya, X sosyal medya hesab\u0131ndan yapt\u0131\u011f\u0131 a\u00e7\u0131klamada, TUSA\u015e\u2019a d\u00fczenlenen hain ter\u00f6r sald\u0131r\u0131s\u0131nda etkisiz hale getirilen ter\u00f6ristlerin kimli\u011finin belirlendi\u011fini belirtti. Hainlerin, PKK ter\u00f6r \u00f6rg\u00fct\u00fc \u00fcyesi \u2018Rojger\u2019 kod adl\u0131 Ali \u00d6rek ve\" \/>\n<meta property=\"og:url\" content=\"https:\/\/kibrisdakik.com\/?p=67565\" \/>\n<meta property=\"article:published_time\" content=\"2024-10-24T15:04:28+00:00\" \/>\n<meta property=\"og:image\" content=\"https:\/\/kibrisdakik.com\/wp-content\/uploads\/2024\/10\/skskskl.webp.webp\" \/>\n\t<meta property=\"og:image:width\" content=\"641\" \/>\n\t<meta property=\"og:image:height\" content=\"380\" \/>\n\t<meta property=\"og:image:type\" content=\"image\/webp\" \/>\n<meta name=\"author\" content=\"admin\" \/>\n<meta name=\"twitter:card\" content=\"summary_large_image\" \/>\n<meta name=\"twitter:label1\" content=\"Yazan:\" \/>\n\t<meta name=\"twitter:data1\" content=\"admin\" \/>\n\t<meta name=\"twitter:label2\" content=\"Tahmini okuma s\u00fcresi\" \/>\n\t<meta name=\"twitter:data2\" content=\"1 dakika\" \/>\n<script type=\"application\/ld+json\" class=\"yoast-schema-graph\">{\"@context\":\"https:\\\/\\\/schema.org\",\"@graph\":[{\"@type\":\"Article\",\"@id\":\"https:\\\/\\\/kibrisdakik.com\\\/?p=67565#article\",\"isPartOf\":{\"@id\":\"https:\\\/\\\/kibrisdakik.com\\\/?p=67565\"},\"author\":{\"name\":\"admin\",\"@id\":\"https:\\\/\\\/kibrisdakik.com\\\/#\\\/schema\\\/person\\\/9cd9d437bbb44f72b73ba127e06d8e79\"},\"headline\":\"TUSA\u015e\u2019taki hain sald\u0131r\u0131y\u0131 ger\u00e7ekle\u015ftiren ter\u00f6ristlerin kimli\u011fi belirlendi\",\"datePublished\":\"2024-10-24T15:04:28+00:00\",\"mainEntityOfPage\":{\"@id\":\"https:\\\/\\\/kibrisdakik.com\\\/?p=67565\"},\"wordCount\":180,\"commentCount\":0,\"image\":{\"@id\":\"https:\\\/\\\/kibrisdakik.com\\\/?p=67565#primaryimage\"},\"thumbnailUrl\":\"https:\\\/\\\/kibrisdakik.com\\\/wp-content\\\/uploads\\\/2024\\\/10\\\/skskskl.webp.webp\",\"articleSection\":[\"T\u00fcrkiye\"],\"inLanguage\":\"tr\",\"potentialAction\":[{\"@type\":\"CommentAction\",\"name\":\"Comment\",\"target\":[\"https:\\\/\\\/kibrisdakik.com\\\/?p=67565#respond\"]}]},{\"@type\":\"WebPage\",\"@id\":\"https:\\\/\\\/kibrisdakik.com\\\/?p=67565\",\"url\":\"https:\\\/\\\/kibrisdakik.com\\\/?p=67565\",\"name\":\"TUSA\u015e\u2019taki hain sald\u0131r\u0131y\u0131 ger\u00e7ekle\u015ftiren ter\u00f6ristlerin kimli\u011fi belirlendi -\",\"isPartOf\":{\"@id\":\"https:\\\/\\\/kibrisdakik.com\\\/#website\"},\"primaryImageOfPage\":{\"@id\":\"https:\\\/\\\/kibrisdakik.com\\\/?p=67565#primaryimage\"},\"image\":{\"@id\":\"https:\\\/\\\/kibrisdakik.com\\\/?p=67565#primaryimage\"},\"thumbnailUrl\":\"https:\\\/\\\/kibrisdakik.com\\\/wp-content\\\/uploads\\\/2024\\\/10\\\/skskskl.webp.webp\",\"datePublished\":\"2024-10-24T15:04:28+00:00\",\"author\":{\"@id\":\"https:\\\/\\\/kibrisdakik.com\\\/#\\\/schema\\\/person\\\/9cd9d437bbb44f72b73ba127e06d8e79\"},\"breadcrumb\":{\"@id\":\"https:\\\/\\\/kibrisdakik.com\\\/?p=67565#breadcrumb\"},\"inLanguage\":\"tr\",\"potentialAction\":[{\"@type\":\"ReadAction\",\"target\":[\"https:\\\/\\\/kibrisdakik.com\\\/?p=67565\"]}]},{\"@type\":\"ImageObject\",\"inLanguage\":\"tr\",\"@id\":\"https:\\\/\\\/kibrisdakik.com\\\/?p=67565#primaryimage\",\"url\":\"https:\\\/\\\/kibrisdakik.com\\\/wp-content\\\/uploads\\\/2024\\\/10\\\/skskskl.webp.webp\",\"contentUrl\":\"https:\\\/\\\/kibrisdakik.com\\\/wp-content\\\/uploads\\\/2024\\\/10\\\/skskskl.webp.webp\",\"width\":641,\"height\":380},{\"@type\":\"BreadcrumbList\",\"@id\":\"https:\\\/\\\/kibrisdakik.com\\\/?p=67565#breadcrumb\",\"itemListElement\":[{\"@type\":\"ListItem\",\"position\":1,\"name\":\"Home\",\"item\":\"https:\\\/\\\/kibrisdakik.com\\\/\"},{\"@type\":\"ListItem\",\"position\":2,\"name\":\"TUSA\u015e\u2019taki hain sald\u0131r\u0131y\u0131 ger\u00e7ekle\u015ftiren ter\u00f6ristlerin kimli\u011fi belirlendi\"}]},{\"@type\":\"WebSite\",\"@id\":\"https:\\\/\\\/kibrisdakik.com\\\/#website\",\"url\":\"https:\\\/\\\/kibrisdakik.com\\\/\",\"name\":\"\",\"description\":\"Tam vaktinde haber\",\"potentialAction\":[{\"@type\":\"SearchAction\",\"target\":{\"@type\":\"EntryPoint\",\"urlTemplate\":\"https:\\\/\\\/kibrisdakik.com\\\/?s={search_term_string}\"},\"query-input\":{\"@type\":\"PropertyValueSpecification\",\"valueRequired\":true,\"valueName\":\"search_term_string\"}}],\"inLanguage\":\"tr\"},{\"@type\":\"Person\",\"@id\":\"https:\\\/\\\/kibrisdakik.com\\\/#\\\/schema\\\/person\\\/9cd9d437bbb44f72b73ba127e06d8e79\",\"name\":\"admin\",\"image\":{\"@type\":\"ImageObject\",\"inLanguage\":\"tr\",\"@id\":\"https:\\\/\\\/secure.gravatar.com\\\/avatar\\\/ccc17943b9d660506c869530f897617f7cb1c21a4bf30023f252596d83e1f007?s=96&d=mm&r=g\",\"url\":\"https:\\\/\\\/secure.gravatar.com\\\/avatar\\\/ccc17943b9d660506c869530f897617f7cb1c21a4bf30023f252596d83e1f007?s=96&d=mm&r=g\",\"contentUrl\":\"https:\\\/\\\/secure.gravatar.com\\\/avatar\\\/ccc17943b9d660506c869530f897617f7cb1c21a4bf30023f252596d83e1f007?s=96&d=mm&r=g\",\"caption\":\"admin\"},\"sameAs\":[\"https:\\\/\\\/kibrisdakik.com\"],\"url\":\"https:\\\/\\\/kibrisdakik.com\\\/?author=1\"}]}<\/script>\n<!-- \/ Yoast SEO plugin. -->","yoast_head_json":{"title":"TUSA\u015e\u2019taki hain sald\u0131r\u0131y\u0131 ger\u00e7ekle\u015ftiren ter\u00f6ristlerin kimli\u011fi belirlendi -","robots":{"index":"index","follow":"follow","max-snippet":"max-snippet:-1","max-image-preview":"max-image-preview:large","max-video-preview":"max-video-preview:-1"},"canonical":"https:\/\/kibrisdakik.com\/?p=67565","og_locale":"tr_TR","og_type":"article","og_title":"TUSA\u015e\u2019taki hain sald\u0131r\u0131y\u0131 ger\u00e7ekle\u015ftiren ter\u00f6ristlerin kimli\u011fi belirlendi -","og_description":"TUSA\u015e\u2019taki hain sald\u0131r\u0131y\u0131 ger\u00e7ekle\u015ftiren ter\u00f6ristlerin PKK ter\u00f6r \u00f6rg\u00fct\u00fc \u00fcyesi \u2018Rojger\u2019 kod adl\u0131 Ali \u00d6rek ve Mine Sevjin Al\u00e7i\u00e7ek oldu\u011fu tespit edildi. TC \u0130\u00e7i\u015fleri Bakan\u0131 Ali Yerlikaya, X sosyal medya hesab\u0131ndan yapt\u0131\u011f\u0131 a\u00e7\u0131klamada, TUSA\u015e\u2019a d\u00fczenlenen hain ter\u00f6r sald\u0131r\u0131s\u0131nda etkisiz hale getirilen ter\u00f6ristlerin kimli\u011finin belirlendi\u011fini belirtti. Hainlerin, PKK ter\u00f6r \u00f6rg\u00fct\u00fc \u00fcyesi \u2018Rojger\u2019 kod adl\u0131 Ali \u00d6rek ve","og_url":"https:\/\/kibrisdakik.com\/?p=67565","article_published_time":"2024-10-24T15:04:28+00:00","og_image":[{"width":641,"height":380,"url":"https:\/\/kibrisdakik.com\/wp-content\/uploads\/2024\/10\/skskskl.webp.webp","type":"image\/webp"}],"author":"admin","twitter_card":"summary_large_image","twitter_misc":{"Yazan:":"admin","Tahmini okuma s\u00fcresi":"1 dakika"},"schema":{"@context":"https:\/\/schema.org","@graph":[{"@type":"Article","@id":"https:\/\/kibrisdakik.com\/?p=67565#article","isPartOf":{"@id":"https:\/\/kibrisdakik.com\/?p=67565"},"author":{"name":"admin","@id":"https:\/\/kibrisdakik.com\/#\/schema\/person\/9cd9d437bbb44f72b73ba127e06d8e79"},"headline":"TUSA\u015e\u2019taki hain sald\u0131r\u0131y\u0131 ger\u00e7ekle\u015ftiren ter\u00f6ristlerin kimli\u011fi belirlendi","datePublished":"2024-10-24T15:04:28+00:00","mainEntityOfPage":{"@id":"https:\/\/kibrisdakik.com\/?p=67565"},"wordCount":180,"commentCount":0,"image":{"@id":"https:\/\/kibrisdakik.com\/?p=67565#primaryimage"},"thumbnailUrl":"https:\/\/kibrisdakik.com\/wp-content\/uploads\/2024\/10\/skskskl.webp.webp","articleSection":["T\u00fcrkiye"],"inLanguage":"tr","potentialAction":[{"@type":"CommentAction","name":"Comment","target":["https:\/\/kibrisdakik.com\/?p=67565#respond"]}]},{"@type":"WebPage","@id":"https:\/\/kibrisdakik.com\/?p=67565","url":"https:\/\/kibrisdakik.com\/?p=67565","name":"TUSA\u015e\u2019taki hain sald\u0131r\u0131y\u0131 ger\u00e7ekle\u015ftiren ter\u00f6ristlerin kimli\u011fi belirlendi -","isPartOf":{"@id":"https:\/\/kibrisdakik.com\/#website"},"primaryImageOfPage":{"@id":"https:\/\/kibrisdakik.com\/?p=67565#primaryimage"},"image":{"@id":"https:\/\/kibrisdakik.com\/?p=67565#primaryimage"},"thumbnailUrl":"https:\/\/kibrisdakik.com\/wp-content\/uploads\/2024\/10\/skskskl.webp.webp","datePublished":"2024-10-24T15:04:28+00:00","author":{"@id":"https:\/\/kibrisdakik.com\/#\/schema\/person\/9cd9d437bbb44f72b73ba127e06d8e79"},"breadcrumb":{"@id":"https:\/\/kibrisdakik.com\/?p=67565#breadcrumb"},"inLanguage":"tr","potentialAction":[{"@type":"ReadAction","target":["https:\/\/kibrisdakik.com\/?p=67565"]}]},{"@type":"ImageObject","inLanguage":"tr","@id":"https:\/\/kibrisdakik.com\/?p=67565#primaryimage","url":"https:\/\/kibrisdakik.com\/wp-content\/uploads\/2024\/10\/skskskl.webp.webp","contentUrl":"https:\/\/kibrisdakik.com\/wp-content\/uploads\/2024\/10\/skskskl.webp.webp","width":641,"height":380},{"@type":"BreadcrumbList","@id":"https:\/\/kibrisdakik.com\/?p=67565#breadcrumb","itemListElement":[{"@type":"ListItem","position":1,"name":"Home","item":"https:\/\/kibrisdakik.com\/"},{"@type":"ListItem","position":2,"name":"TUSA\u015e\u2019taki hain sald\u0131r\u0131y\u0131 ger\u00e7ekle\u015ftiren ter\u00f6ristlerin kimli\u011fi belirlendi"}]},{"@type":"WebSite","@id":"https:\/\/kibrisdakik.com\/#website","url":"https:\/\/kibrisdakik.com\/","name":"","description":"Tam vaktinde haber","potentialAction":[{"@type":"SearchAction","target":{"@type":"EntryPoint","urlTemplate":"https:\/\/kibrisdakik.com\/?s={search_term_string}"},"query-input":{"@type":"PropertyValueSpecification","valueRequired":true,"valueName":"search_term_string"}}],"inLanguage":"tr"},{"@type":"Person","@id":"https:\/\/kibrisdakik.com\/#\/schema\/person\/9cd9d437bbb44f72b73ba127e06d8e79","name":"admin","image":{"@type":"ImageObject","inLanguage":"tr","@id":"https:\/\/secure.gravatar.com\/avatar\/ccc17943b9d660506c869530f897617f7cb1c21a4bf30023f252596d83e1f007?s=96&d=mm&r=g","url":"https:\/\/secure.gravatar.com\/avatar\/ccc17943b9d660506c869530f897617f7cb1c21a4bf30023f252596d83e1f007?s=96&d=mm&r=g","contentUrl":"https:\/\/secure.gravatar.com\/avatar\/ccc17943b9d660506c869530f897617f7cb1c21a4bf30023f252596d83e1f007?s=96&d=mm&r=g","caption":"admin"},"sameAs":["https:\/\/kibrisdakik.com"],"url":"https:\/\/kibrisdakik.com\/?author=1"}]}},"_links":{"self":[{"href":"https:\/\/kibrisdakik.com\/index.php?rest_route=\/wp\/v2\/posts\/67565","targetHints":{"allow":["GET"]}}],"collection":[{"href":"https:\/\/kibrisdakik.com\/index.php?rest_route=\/wp\/v2\/posts"}],"about":[{"href":"https:\/\/kibrisdakik.com\/index.php?rest_route=\/wp\/v2\/types\/post"}],"author":[{"embeddable":true,"href":"https:\/\/kibrisdakik.com\/index.php?rest_route=\/wp\/v2\/users\/1"}],"replies":[{"embeddable":true,"href":"https:\/\/kibrisdakik.com\/index.php?rest_route=%2Fwp%2Fv2%2Fcomments&post=67565"}],"version-history":[{"count":0,"href":"https:\/\/kibrisdakik.com\/index.php?rest_route=\/wp\/v2\/posts\/67565\/revisions"}],"wp:featuredmedia":[{"embeddable":true,"href":"https:\/\/kibrisdakik.com\/index.php?rest_route=\/wp\/v2\/media\/67485"}],"wp:attachment":[{"href":"https:\/\/kibrisdakik.com\/index.php?rest_route=%2Fwp%2Fv2%2Fmedia&parent=67565"}],"wp:term":[{"taxonomy":"category","embeddable":true,"href":"https:\/\/kibrisdakik.com\/index.php?rest_route=%2Fwp%2Fv2%2Fcategories&post=67565"},{"taxonomy":"post_tag","embeddable":true,"href":"https:\/\/kibrisdakik.com\/index.php?rest_route=%2Fwp%2Fv2%2Ftags&post=67565"}],"curies":[{"name":"wp","href":"https:\/\/api.w.org\/{rel}","templated":true}]}}