{"id":67580,"date":"2024-10-25T01:21:57","date_gmt":"2024-10-24T22:21:57","guid":{"rendered":"https:\/\/kibrisdakik.com\/?p=67580"},"modified":"2024-10-25T01:21:57","modified_gmt":"2024-10-24T22:21:57","slug":"magusa-kitap-ve-uretim-festivali-basladi","status":"publish","type":"post","link":"https:\/\/kibrisdakik.com\/?p=67580","title":{"rendered":"\u201cMa\u011fusa Kitap ve \u00dcretim Festivali\u201d ba\u015flad\u0131"},"content":{"rendered":"<p> <br \/>\n<\/p>\n<div>\n<div class=\"mariselle-image-container center\">\n                <img loading=\"lazy\" decoding=\"async\" width=\"2560\" height=\"1439\" class=\"lazy-image\" alt=\"\" sizes=\"auto, (max-width: 2560px) 100vw, 2560px\" src=\"https:\/\/brtk.net\/wp-content\/uploads\/2024\/10\/24\/InShot_20241024_222720812-scaled.jpg?ver=aa9db2985ce32133d7d1ed6a75a92379\" srcset=\"https:\/\/brtk.net\/wp-content\/uploads\/2024\/10\/24\/InShot_20241024_222720812-scaled.jpg?ver=aa9db2985ce32133d7d1ed6a75a92379 2560w, https:\/\/brtk.net\/wp-content\/uploads\/2024\/10\/24\/InShot_20241024_222720812-300x169.jpg?ver=aa9db2985ce32133d7d1ed6a75a92379 300w, https:\/\/brtk.net\/wp-content\/uploads\/2024\/10\/24\/InShot_20241024_222720812-1024x576.jpg?ver=35c1fb3c8704a135619eddb112a860c9 1024w, https:\/\/brtk.net\/wp-content\/uploads\/2024\/10\/24\/InShot_20241024_222720812-768x432.jpg?ver=35c1fb3c8704a135619eddb112a860c9 768w, https:\/\/brtk.net\/wp-content\/uploads\/2024\/10\/24\/InShot_20241024_222720812-1536x863.jpg?ver=fe782c7cb10bd14a7a6e5086d180ee10 1536w, https:\/\/brtk.net\/wp-content\/uploads\/2024\/10\/24\/InShot_20241024_222720812-2048x1151.jpg?ver=bc3650087291cc77d77b6ecce484a986 2048w\"\/>                            <\/div>\n<p>Gazima\u011fusa Belediyesi ile K\u0131br\u0131s T\u00fcrk Esnaf ve Zanaatkarlar Odas\u0131 i\u015fbirli\u011finde d\u00fczenlenen \u201cMa\u011fusa Kitap ve \u00dcretim Festivali\u201d ba\u015flad\u0131.<br \/>Festivalin a\u00e7\u0131l\u0131\u015f\u0131nda konu\u015fan Esnaf ve Zanaatkarlar Odas\u0131 Ba\u015fkan\u0131 H\u00fcrrem Tulga, K\u0131br\u0131s T\u00fcrk halk\u0131n\u0131n her anlamda \u00fcretmek zorunda oldu\u011funu s\u00f6yledi. <\/p>\n<p>\u201c\u00dcrettik\u00e7e var olaca\u011f\u0131z\u201d ifadelerini kullanan Tulga, \u00fcretilen her g\u00fczelli\u011fin gelecek nesillere ta\u015f\u0131nmas\u0131 gereklili\u011fine vurgu yapt\u0131; bunun birlik ve beraberlik i\u00e7inde m\u00fcmk\u00fcn olabilece\u011fini kaydetti. <\/p>\n<p> Gazima\u011fusa Belediyesi Meclis \u00dcyesi H\u00fcseyin Aran\u0131r da belediyenin yenilenen yap\u0131s\u0131yla k\u00fclt\u00fcr ve sanat etkinliklerine  \u00f6nem verdi\u011fini ifade ederek,  birlik ve beraberlik i\u00e7inde g\u00fczel i\u015flerin ba\u015far\u0131lmas\u0131ndan duydu\u011fu memnuniyeti dile getirdi. <\/p>\n<p>  K\u0131br\u0131s T\u00fcrk Karikat\u00fcrc\u00fcler Derne\u011fi\u2019nin karikat\u00fcrlerinin de yer ald\u0131\u011f\u0131  festivalde,  konser, \u015fiir dinletisi, kitap tan\u0131t\u0131m\u0131, film g\u00f6sterimi ve a\u00e7\u0131k oturum gibi etkinlikler de yer ald\u0131. <\/p>\n<p>24-27 Ekim tarihleri aras\u0131nda Bandabuliya\u2019da yer alacak festivalde,  indirimli kitap sat\u0131\u015f\u0131 da yap\u0131lacak.<\/p>\n<\/p><\/div>\n<p><script async\n                    defer\n                    crossorigin=\"anonymous\"\n                    src=\"https:\/\/connect.facebook.net\/tr_TR\/sdk.js#xfbml=1&#038;version=v3.3\"\n            ><\/script><br \/>\n<br \/><br \/>\n<br \/><a href=\"https:\/\/brtk.net\/magusa-kitap-ve-uretim-festivali-basladi\/\">kpostasi <\/a><\/p>\n","protected":false},"excerpt":{"rendered":"<p>Gazima\u011fusa Belediyesi ile K\u0131br\u0131s T\u00fcrk Esnaf ve Zanaatkarlar Odas\u0131 i\u015fbirli\u011finde d\u00fczenlenen \u201cMa\u011fusa Kitap ve \u00dcretim Festivali\u201d ba\u015flad\u0131.Festivalin a\u00e7\u0131l\u0131\u015f\u0131nda konu\u015fan Esnaf ve Zanaatkarlar Odas\u0131 Ba\u015fkan\u0131 H\u00fcrrem Tulga, K\u0131br\u0131s T\u00fcrk halk\u0131n\u0131n her anlamda \u00fcretmek zorunda oldu\u011funu s\u00f6yledi. \u201c\u00dcrettik\u00e7e var olaca\u011f\u0131z\u201d ifadelerini kullanan Tulga, \u00fcretilen her g\u00fczelli\u011fin gelecek nesillere ta\u015f\u0131nmas\u0131 gereklili\u011fine vurgu yapt\u0131; bunun birlik ve beraberlik i\u00e7inde<\/p>\n","protected":false},"author":1,"featured_media":67581,"comment_status":"open","ping_status":"open","sticky":false,"template":"","format":"standard","meta":{"footnotes":""},"categories":[1,81],"tags":[],"class_list":["post-67580","post","type-post","status-publish","format-standard","has-post-thumbnail","hentry","category-gundem","category-kibris"],"yoast_head":"<!-- This site is optimized with the Yoast SEO plugin v27.5 - https:\/\/yoast.com\/product\/yoast-seo-wordpress\/ -->\n<title>\u201cMa\u011fusa Kitap ve \u00dcretim Festivali\u201d ba\u015flad\u0131 -<\/title>\n<meta name=\"robots\" content=\"index, follow, max-snippet:-1, max-image-preview:large, max-video-preview:-1\" \/>\n<link rel=\"canonical\" href=\"https:\/\/kibrisdakik.com\/?p=67580\" \/>\n<meta property=\"og:locale\" content=\"tr_TR\" \/>\n<meta property=\"og:type\" content=\"article\" \/>\n<meta property=\"og:title\" content=\"\u201cMa\u011fusa Kitap ve \u00dcretim Festivali\u201d ba\u015flad\u0131 -\" \/>\n<meta property=\"og:description\" content=\"Gazima\u011fusa Belediyesi ile K\u0131br\u0131s T\u00fcrk Esnaf ve Zanaatkarlar Odas\u0131 i\u015fbirli\u011finde d\u00fczenlenen \u201cMa\u011fusa Kitap ve \u00dcretim Festivali\u201d ba\u015flad\u0131.Festivalin a\u00e7\u0131l\u0131\u015f\u0131nda konu\u015fan Esnaf ve Zanaatkarlar Odas\u0131 Ba\u015fkan\u0131 H\u00fcrrem Tulga, K\u0131br\u0131s T\u00fcrk halk\u0131n\u0131n her anlamda \u00fcretmek zorunda oldu\u011funu s\u00f6yledi. \u201c\u00dcrettik\u00e7e var olaca\u011f\u0131z\u201d ifadelerini kullanan Tulga, \u00fcretilen her g\u00fczelli\u011fin gelecek nesillere ta\u015f\u0131nmas\u0131 gereklili\u011fine vurgu yapt\u0131; bunun birlik ve beraberlik i\u00e7inde\" \/>\n<meta property=\"og:url\" content=\"https:\/\/kibrisdakik.com\/?p=67580\" \/>\n<meta property=\"article:published_time\" content=\"2024-10-24T22:21:57+00:00\" \/>\n<meta property=\"og:image\" content=\"https:\/\/kibrisdakik.com\/wp-content\/uploads\/2024\/10\/InShot_20241024_222720812-scaled-740x420.jpg\" \/>\n\t<meta property=\"og:image:width\" content=\"2560\" \/>\n\t<meta property=\"og:image:height\" content=\"1439\" \/>\n\t<meta property=\"og:image:type\" content=\"image\/jpeg\" \/>\n<meta name=\"author\" content=\"admin\" \/>\n<meta name=\"twitter:card\" content=\"summary_large_image\" \/>\n<meta name=\"twitter:label1\" content=\"Yazan:\" \/>\n\t<meta name=\"twitter:data1\" content=\"admin\" \/>\n\t<meta name=\"twitter:label2\" content=\"Tahmini okuma s\u00fcresi\" \/>\n\t<meta name=\"twitter:data2\" content=\"1 dakika\" \/>\n<script type=\"application\/ld+json\" class=\"yoast-schema-graph\">{\"@context\":\"https:\\\/\\\/schema.org\",\"@graph\":[{\"@type\":\"Article\",\"@id\":\"https:\\\/\\\/kibrisdakik.com\\\/?p=67580#article\",\"isPartOf\":{\"@id\":\"https:\\\/\\\/kibrisdakik.com\\\/?p=67580\"},\"author\":{\"name\":\"admin\",\"@id\":\"https:\\\/\\\/kibrisdakik.com\\\/#\\\/schema\\\/person\\\/9cd9d437bbb44f72b73ba127e06d8e79\"},\"headline\":\"\u201cMa\u011fusa Kitap ve \u00dcretim Festivali\u201d ba\u015flad\u0131\",\"datePublished\":\"2024-10-24T22:21:57+00:00\",\"mainEntityOfPage\":{\"@id\":\"https:\\\/\\\/kibrisdakik.com\\\/?p=67580\"},\"wordCount\":197,\"commentCount\":0,\"image\":{\"@id\":\"https:\\\/\\\/kibrisdakik.com\\\/?p=67580#primaryimage\"},\"thumbnailUrl\":\"https:\\\/\\\/kibrisdakik.com\\\/wp-content\\\/uploads\\\/2024\\\/10\\\/InShot_20241024_222720812-scaled-740x420.jpg\",\"articleSection\":[\"G\u00fcndem\",\"K\u0131br\u0131s\"],\"inLanguage\":\"tr\",\"potentialAction\":[{\"@type\":\"CommentAction\",\"name\":\"Comment\",\"target\":[\"https:\\\/\\\/kibrisdakik.com\\\/?p=67580#respond\"]}]},{\"@type\":\"WebPage\",\"@id\":\"https:\\\/\\\/kibrisdakik.com\\\/?p=67580\",\"url\":\"https:\\\/\\\/kibrisdakik.com\\\/?p=67580\",\"name\":\"\u201cMa\u011fusa Kitap ve \u00dcretim Festivali\u201d ba\u015flad\u0131 -\",\"isPartOf\":{\"@id\":\"https:\\\/\\\/kibrisdakik.com\\\/#website\"},\"primaryImageOfPage\":{\"@id\":\"https:\\\/\\\/kibrisdakik.com\\\/?p=67580#primaryimage\"},\"image\":{\"@id\":\"https:\\\/\\\/kibrisdakik.com\\\/?p=67580#primaryimage\"},\"thumbnailUrl\":\"https:\\\/\\\/kibrisdakik.com\\\/wp-content\\\/uploads\\\/2024\\\/10\\\/InShot_20241024_222720812-scaled-740x420.jpg\",\"datePublished\":\"2024-10-24T22:21:57+00:00\",\"author\":{\"@id\":\"https:\\\/\\\/kibrisdakik.com\\\/#\\\/schema\\\/person\\\/9cd9d437bbb44f72b73ba127e06d8e79\"},\"breadcrumb\":{\"@id\":\"https:\\\/\\\/kibrisdakik.com\\\/?p=67580#breadcrumb\"},\"inLanguage\":\"tr\",\"potentialAction\":[{\"@type\":\"ReadAction\",\"target\":[\"https:\\\/\\\/kibrisdakik.com\\\/?p=67580\"]}]},{\"@type\":\"ImageObject\",\"inLanguage\":\"tr\",\"@id\":\"https:\\\/\\\/kibrisdakik.com\\\/?p=67580#primaryimage\",\"url\":\"https:\\\/\\\/kibrisdakik.com\\\/wp-content\\\/uploads\\\/2024\\\/10\\\/InShot_20241024_222720812-scaled-740x420.jpg\",\"contentUrl\":\"https:\\\/\\\/kibrisdakik.com\\\/wp-content\\\/uploads\\\/2024\\\/10\\\/InShot_20241024_222720812-scaled-740x420.jpg\",\"width\":2560,\"height\":1439},{\"@type\":\"BreadcrumbList\",\"@id\":\"https:\\\/\\\/kibrisdakik.com\\\/?p=67580#breadcrumb\",\"itemListElement\":[{\"@type\":\"ListItem\",\"position\":1,\"name\":\"Home\",\"item\":\"https:\\\/\\\/kibrisdakik.com\\\/\"},{\"@type\":\"ListItem\",\"position\":2,\"name\":\"\u201cMa\u011fusa Kitap ve \u00dcretim Festivali\u201d ba\u015flad\u0131\"}]},{\"@type\":\"WebSite\",\"@id\":\"https:\\\/\\\/kibrisdakik.com\\\/#website\",\"url\":\"https:\\\/\\\/kibrisdakik.com\\\/\",\"name\":\"\",\"description\":\"Tam vaktinde haber\",\"potentialAction\":[{\"@type\":\"SearchAction\",\"target\":{\"@type\":\"EntryPoint\",\"urlTemplate\":\"https:\\\/\\\/kibrisdakik.com\\\/?s={search_term_string}\"},\"query-input\":{\"@type\":\"PropertyValueSpecification\",\"valueRequired\":true,\"valueName\":\"search_term_string\"}}],\"inLanguage\":\"tr\"},{\"@type\":\"Person\",\"@id\":\"https:\\\/\\\/kibrisdakik.com\\\/#\\\/schema\\\/person\\\/9cd9d437bbb44f72b73ba127e06d8e79\",\"name\":\"admin\",\"image\":{\"@type\":\"ImageObject\",\"inLanguage\":\"tr\",\"@id\":\"https:\\\/\\\/secure.gravatar.com\\\/avatar\\\/ccc17943b9d660506c869530f897617f7cb1c21a4bf30023f252596d83e1f007?s=96&d=mm&r=g\",\"url\":\"https:\\\/\\\/secure.gravatar.com\\\/avatar\\\/ccc17943b9d660506c869530f897617f7cb1c21a4bf30023f252596d83e1f007?s=96&d=mm&r=g\",\"contentUrl\":\"https:\\\/\\\/secure.gravatar.com\\\/avatar\\\/ccc17943b9d660506c869530f897617f7cb1c21a4bf30023f252596d83e1f007?s=96&d=mm&r=g\",\"caption\":\"admin\"},\"sameAs\":[\"https:\\\/\\\/kibrisdakik.com\"],\"url\":\"https:\\\/\\\/kibrisdakik.com\\\/?author=1\"}]}<\/script>\n<!-- \/ Yoast SEO plugin. -->","yoast_head_json":{"title":"\u201cMa\u011fusa Kitap ve \u00dcretim Festivali\u201d ba\u015flad\u0131 -","robots":{"index":"index","follow":"follow","max-snippet":"max-snippet:-1","max-image-preview":"max-image-preview:large","max-video-preview":"max-video-preview:-1"},"canonical":"https:\/\/kibrisdakik.com\/?p=67580","og_locale":"tr_TR","og_type":"article","og_title":"\u201cMa\u011fusa Kitap ve \u00dcretim Festivali\u201d ba\u015flad\u0131 -","og_description":"Gazima\u011fusa Belediyesi ile K\u0131br\u0131s T\u00fcrk Esnaf ve Zanaatkarlar Odas\u0131 i\u015fbirli\u011finde d\u00fczenlenen \u201cMa\u011fusa Kitap ve \u00dcretim Festivali\u201d ba\u015flad\u0131.Festivalin a\u00e7\u0131l\u0131\u015f\u0131nda konu\u015fan Esnaf ve Zanaatkarlar Odas\u0131 Ba\u015fkan\u0131 H\u00fcrrem Tulga, K\u0131br\u0131s T\u00fcrk halk\u0131n\u0131n her anlamda \u00fcretmek zorunda oldu\u011funu s\u00f6yledi. \u201c\u00dcrettik\u00e7e var olaca\u011f\u0131z\u201d ifadelerini kullanan Tulga, \u00fcretilen her g\u00fczelli\u011fin gelecek nesillere ta\u015f\u0131nmas\u0131 gereklili\u011fine vurgu yapt\u0131; bunun birlik ve beraberlik i\u00e7inde","og_url":"https:\/\/kibrisdakik.com\/?p=67580","article_published_time":"2024-10-24T22:21:57+00:00","og_image":[{"width":2560,"height":1439,"url":"https:\/\/kibrisdakik.com\/wp-content\/uploads\/2024\/10\/InShot_20241024_222720812-scaled-740x420.jpg","type":"image\/jpeg"}],"author":"admin","twitter_card":"summary_large_image","twitter_misc":{"Yazan:":"admin","Tahmini okuma s\u00fcresi":"1 dakika"},"schema":{"@context":"https:\/\/schema.org","@graph":[{"@type":"Article","@id":"https:\/\/kibrisdakik.com\/?p=67580#article","isPartOf":{"@id":"https:\/\/kibrisdakik.com\/?p=67580"},"author":{"name":"admin","@id":"https:\/\/kibrisdakik.com\/#\/schema\/person\/9cd9d437bbb44f72b73ba127e06d8e79"},"headline":"\u201cMa\u011fusa Kitap ve \u00dcretim Festivali\u201d ba\u015flad\u0131","datePublished":"2024-10-24T22:21:57+00:00","mainEntityOfPage":{"@id":"https:\/\/kibrisdakik.com\/?p=67580"},"wordCount":197,"commentCount":0,"image":{"@id":"https:\/\/kibrisdakik.com\/?p=67580#primaryimage"},"thumbnailUrl":"https:\/\/kibrisdakik.com\/wp-content\/uploads\/2024\/10\/InShot_20241024_222720812-scaled-740x420.jpg","articleSection":["G\u00fcndem","K\u0131br\u0131s"],"inLanguage":"tr","potentialAction":[{"@type":"CommentAction","name":"Comment","target":["https:\/\/kibrisdakik.com\/?p=67580#respond"]}]},{"@type":"WebPage","@id":"https:\/\/kibrisdakik.com\/?p=67580","url":"https:\/\/kibrisdakik.com\/?p=67580","name":"\u201cMa\u011fusa Kitap ve \u00dcretim Festivali\u201d ba\u015flad\u0131 -","isPartOf":{"@id":"https:\/\/kibrisdakik.com\/#website"},"primaryImageOfPage":{"@id":"https:\/\/kibrisdakik.com\/?p=67580#primaryimage"},"image":{"@id":"https:\/\/kibrisdakik.com\/?p=67580#primaryimage"},"thumbnailUrl":"https:\/\/kibrisdakik.com\/wp-content\/uploads\/2024\/10\/InShot_20241024_222720812-scaled-740x420.jpg","datePublished":"2024-10-24T22:21:57+00:00","author":{"@id":"https:\/\/kibrisdakik.com\/#\/schema\/person\/9cd9d437bbb44f72b73ba127e06d8e79"},"breadcrumb":{"@id":"https:\/\/kibrisdakik.com\/?p=67580#breadcrumb"},"inLanguage":"tr","potentialAction":[{"@type":"ReadAction","target":["https:\/\/kibrisdakik.com\/?p=67580"]}]},{"@type":"ImageObject","inLanguage":"tr","@id":"https:\/\/kibrisdakik.com\/?p=67580#primaryimage","url":"https:\/\/kibrisdakik.com\/wp-content\/uploads\/2024\/10\/InShot_20241024_222720812-scaled-740x420.jpg","contentUrl":"https:\/\/kibrisdakik.com\/wp-content\/uploads\/2024\/10\/InShot_20241024_222720812-scaled-740x420.jpg","width":2560,"height":1439},{"@type":"BreadcrumbList","@id":"https:\/\/kibrisdakik.com\/?p=67580#breadcrumb","itemListElement":[{"@type":"ListItem","position":1,"name":"Home","item":"https:\/\/kibrisdakik.com\/"},{"@type":"ListItem","position":2,"name":"\u201cMa\u011fusa Kitap ve \u00dcretim Festivali\u201d ba\u015flad\u0131"}]},{"@type":"WebSite","@id":"https:\/\/kibrisdakik.com\/#website","url":"https:\/\/kibrisdakik.com\/","name":"","description":"Tam vaktinde haber","potentialAction":[{"@type":"SearchAction","target":{"@type":"EntryPoint","urlTemplate":"https:\/\/kibrisdakik.com\/?s={search_term_string}"},"query-input":{"@type":"PropertyValueSpecification","valueRequired":true,"valueName":"search_term_string"}}],"inLanguage":"tr"},{"@type":"Person","@id":"https:\/\/kibrisdakik.com\/#\/schema\/person\/9cd9d437bbb44f72b73ba127e06d8e79","name":"admin","image":{"@type":"ImageObject","inLanguage":"tr","@id":"https:\/\/secure.gravatar.com\/avatar\/ccc17943b9d660506c869530f897617f7cb1c21a4bf30023f252596d83e1f007?s=96&d=mm&r=g","url":"https:\/\/secure.gravatar.com\/avatar\/ccc17943b9d660506c869530f897617f7cb1c21a4bf30023f252596d83e1f007?s=96&d=mm&r=g","contentUrl":"https:\/\/secure.gravatar.com\/avatar\/ccc17943b9d660506c869530f897617f7cb1c21a4bf30023f252596d83e1f007?s=96&d=mm&r=g","caption":"admin"},"sameAs":["https:\/\/kibrisdakik.com"],"url":"https:\/\/kibrisdakik.com\/?author=1"}]}},"_links":{"self":[{"href":"https:\/\/kibrisdakik.com\/index.php?rest_route=\/wp\/v2\/posts\/67580","targetHints":{"allow":["GET"]}}],"collection":[{"href":"https:\/\/kibrisdakik.com\/index.php?rest_route=\/wp\/v2\/posts"}],"about":[{"href":"https:\/\/kibrisdakik.com\/index.php?rest_route=\/wp\/v2\/types\/post"}],"author":[{"embeddable":true,"href":"https:\/\/kibrisdakik.com\/index.php?rest_route=\/wp\/v2\/users\/1"}],"replies":[{"embeddable":true,"href":"https:\/\/kibrisdakik.com\/index.php?rest_route=%2Fwp%2Fv2%2Fcomments&post=67580"}],"version-history":[{"count":1,"href":"https:\/\/kibrisdakik.com\/index.php?rest_route=\/wp\/v2\/posts\/67580\/revisions"}],"predecessor-version":[{"id":67593,"href":"https:\/\/kibrisdakik.com\/index.php?rest_route=\/wp\/v2\/posts\/67580\/revisions\/67593"}],"wp:featuredmedia":[{"embeddable":true,"href":"https:\/\/kibrisdakik.com\/index.php?rest_route=\/wp\/v2\/media\/67581"}],"wp:attachment":[{"href":"https:\/\/kibrisdakik.com\/index.php?rest_route=%2Fwp%2Fv2%2Fmedia&parent=67580"}],"wp:term":[{"taxonomy":"category","embeddable":true,"href":"https:\/\/kibrisdakik.com\/index.php?rest_route=%2Fwp%2Fv2%2Fcategories&post=67580"},{"taxonomy":"post_tag","embeddable":true,"href":"https:\/\/kibrisdakik.com\/index.php?rest_route=%2Fwp%2Fv2%2Ftags&post=67580"}],"curies":[{"name":"wp","href":"https:\/\/api.w.org\/{rel}","templated":true}]}}