{"id":67587,"date":"2024-10-24T09:36:02","date_gmt":"2024-10-24T06:36:02","guid":{"rendered":"https:\/\/kibrisdakik.com\/index.php\/2024\/10\/24\/irakin-ve-suriyenin-kuzeyine-duzenlenen-hava-harekatinda-32-teror-hedefi-imha-edildi\/"},"modified":"2024-10-24T09:36:02","modified_gmt":"2024-10-24T06:36:02","slug":"irakin-ve-suriyenin-kuzeyine-duzenlenen-hava-harekatinda-32-teror-hedefi-imha-edildi","status":"publish","type":"post","link":"https:\/\/kibrisdakik.com\/?p=67587","title":{"rendered":"Irak\u2019\u0131n ve Suriye\u2019nin kuzeyine d\u00fczenlenen hava harekat\u0131nda 32 ter\u00f6r hedefi imha edildi"},"content":{"rendered":"<p><\/p>\n<div>\n<div class=\"mariselle-image-container none\">\n                <img loading=\"lazy\" decoding=\"async\" width=\"864\" height=\"486\" class=\"lazy-image\" alt=\"\" sizes=\"auto, (max-width: 864px) 100vw, 864px\" src=\"https:\/\/brtk.net\/wp-content\/uploads\/2024\/10\/24\/hava-harekati.jpg?ver=af3cb1e0a6cec925983aa9216d044fa3\" srcset=\"https:\/\/brtk.net\/wp-content\/uploads\/2024\/10\/24\/hava-harekati.jpg?ver=af3cb1e0a6cec925983aa9216d044fa3 864w, https:\/\/brtk.net\/wp-content\/uploads\/2024\/10\/24\/hava-harekati-300x169.jpg?ver=af3cb1e0a6cec925983aa9216d044fa3 300w, https:\/\/brtk.net\/wp-content\/uploads\/2024\/10\/24\/hava-harekati-768x432.jpg?ver=af3cb1e0a6cec925983aa9216d044fa3 768w\"\/>                            <\/div>\n<p style=\"font-weight: 300;\">T\u00fcrkiye Milli Savunma Bakanl\u0131\u011f\u0131, Irak\u2019\u0131n ve Suriye\u2019nin kuzeyine d\u00fczenlenen hava harekat\u0131nda 32 ter\u00f6r hedefinin imha edildi\u011fini, \u00e7ok say\u0131da ter\u00f6ristin etkisiz hale getirildi\u011fini bildirdi.<\/p>\n<p style=\"font-weight: 300;\">Bakanl\u0131ktan yap\u0131lan a\u00e7\u0131klamada, PKK\/KCK ve di\u011fer ter\u00f6rist unsurlar\u0131 etkisiz hale getirerek halka ve g\u00fcvenlik g\u00fc\u00e7lerine y\u00f6nelik ter\u00f6r sald\u0131r\u0131lar\u0131n\u0131 bertaraf etmek ve hudut g\u00fcvenli\u011fini sa\u011flamak amac\u0131yla Birle\u015fmi\u015f Milletler Anla\u015fmas\u0131\u2019n\u0131n 51\u2019inci maddesinden do\u011fan me\u015fru m\u00fcdafaa hakk\u0131 do\u011frultusunda, Irak\u2019\u0131n ve Suriye\u2019nin kuzeyinde bulunan ter\u00f6rist hedeflerine 23 Ekim\u2019de hava harekat\u0131 d\u00fczenlendi\u011fi belirtildi.<\/p>\n<p style=\"font-weight: 300;\">A\u00e7\u0131klamada, ter\u00f6ristlere ait 32 hedefin ba\u015far\u0131l\u0131 \u015fekilde imha edildi\u011fi, hava harekatlar\u0131n\u0131n kararl\u0131 \u015fekilde devam etti\u011fi kaydedildi.<\/p>\n<p style=\"font-weight: 300;\">\u0130cra edilen harekatlarda azami oranda yerli ve milli m\u00fchimmat kullan\u0131larak \u00e7ok say\u0131da ter\u00f6ristin etkisiz hale getirildi\u011fi vurgulanan a\u00e7\u0131klamada, \u201cAsil milletimizin ba\u011fr\u0131ndan \u00e7\u0131kan T\u00fcrk Silahl\u0131 Kuvvetleri, ge\u00e7mi\u015fte oldu\u011fu gibi bug\u00fcn de \u00fclkemizin ve milletimizin beka ve g\u00fcvenli\u011fi i\u00e7in ter\u00f6rle m\u00fccadeleye tek bir ter\u00f6rist kalmay\u0131ncaya kadar azim ve kararl\u0131l\u0131kla devam edecektir. Bu harekatlar s\u0131ras\u0131nda, masum sivillerin, dost unsurlar\u0131n, tarihi ve k\u00fclt\u00fcrel varl\u0131klar ile \u00e7evrenin zarar g\u00f6rmemesi i\u00e7in her t\u00fcrl\u00fc tedbir al\u0131nm\u0131\u015ft\u0131r.\u201d ifadeleri kullan\u0131ld\u0131.<\/p>\n<p>\u00a0<\/p>\n<\/p><\/div>\n<p><script async\n                    defer\n                    crossorigin=\"anonymous\"\n                    src=\"https:\/\/connect.facebook.net\/tr_TR\/sdk.js#xfbml=1&#038;version=v3.3\"\n            ><\/script><\/p>\n","protected":false},"excerpt":{"rendered":"<p>T\u00fcrkiye Milli Savunma Bakanl\u0131\u011f\u0131, Irak\u2019\u0131n ve Suriye\u2019nin kuzeyine d\u00fczenlenen hava harekat\u0131nda 32 ter\u00f6r hedefinin imha edildi\u011fini, \u00e7ok say\u0131da ter\u00f6ristin etkisiz hale getirildi\u011fini bildirdi. Bakanl\u0131ktan yap\u0131lan a\u00e7\u0131klamada, PKK\/KCK ve di\u011fer ter\u00f6rist unsurlar\u0131 etkisiz hale getirerek halka ve g\u00fcvenlik g\u00fc\u00e7lerine y\u00f6nelik ter\u00f6r sald\u0131r\u0131lar\u0131n\u0131 bertaraf etmek ve hudut g\u00fcvenli\u011fini sa\u011flamak amac\u0131yla Birle\u015fmi\u015f Milletler Anla\u015fmas\u0131\u2019n\u0131n 51\u2019inci maddesinden do\u011fan me\u015fru<\/p>\n","protected":false},"author":1,"featured_media":67588,"comment_status":"open","ping_status":"open","sticky":false,"template":"","format":"standard","meta":{"footnotes":""},"categories":[1],"tags":[],"class_list":["post-67587","post","type-post","status-publish","format-standard","has-post-thumbnail","hentry","category-gundem"],"yoast_head":"<!-- This site is optimized with the Yoast SEO plugin v27.4 - https:\/\/yoast.com\/product\/yoast-seo-wordpress\/ -->\n<title>Irak\u2019\u0131n ve Suriye\u2019nin kuzeyine d\u00fczenlenen hava harekat\u0131nda 32 ter\u00f6r hedefi imha edildi -<\/title>\n<meta name=\"robots\" content=\"index, follow, max-snippet:-1, max-image-preview:large, max-video-preview:-1\" \/>\n<link rel=\"canonical\" href=\"https:\/\/kibrisdakik.com\/?p=67587\" \/>\n<meta property=\"og:locale\" content=\"tr_TR\" \/>\n<meta property=\"og:type\" content=\"article\" \/>\n<meta property=\"og:title\" content=\"Irak\u2019\u0131n ve Suriye\u2019nin kuzeyine d\u00fczenlenen hava harekat\u0131nda 32 ter\u00f6r hedefi imha edildi -\" \/>\n<meta property=\"og:description\" content=\"T\u00fcrkiye Milli Savunma Bakanl\u0131\u011f\u0131, Irak\u2019\u0131n ve Suriye\u2019nin kuzeyine d\u00fczenlenen hava harekat\u0131nda 32 ter\u00f6r hedefinin imha edildi\u011fini, \u00e7ok say\u0131da ter\u00f6ristin etkisiz hale getirildi\u011fini bildirdi. Bakanl\u0131ktan yap\u0131lan a\u00e7\u0131klamada, PKK\/KCK ve di\u011fer ter\u00f6rist unsurlar\u0131 etkisiz hale getirerek halka ve g\u00fcvenlik g\u00fc\u00e7lerine y\u00f6nelik ter\u00f6r sald\u0131r\u0131lar\u0131n\u0131 bertaraf etmek ve hudut g\u00fcvenli\u011fini sa\u011flamak amac\u0131yla Birle\u015fmi\u015f Milletler Anla\u015fmas\u0131\u2019n\u0131n 51\u2019inci maddesinden do\u011fan me\u015fru\" \/>\n<meta property=\"og:url\" content=\"https:\/\/kibrisdakik.com\/?p=67587\" \/>\n<meta property=\"article:published_time\" content=\"2024-10-24T06:36:02+00:00\" \/>\n<meta property=\"og:image\" content=\"https:\/\/kibrisdakik.com\/wp-content\/uploads\/2024\/10\/hava-harekati-740x420.jpg\" \/>\n\t<meta property=\"og:image:width\" content=\"864\" \/>\n\t<meta property=\"og:image:height\" content=\"486\" \/>\n\t<meta property=\"og:image:type\" content=\"image\/jpeg\" \/>\n<meta name=\"author\" content=\"admin\" \/>\n<meta name=\"twitter:card\" content=\"summary_large_image\" \/>\n<meta name=\"twitter:label1\" content=\"Yazan:\" \/>\n\t<meta name=\"twitter:data1\" content=\"admin\" \/>\n\t<meta name=\"twitter:label2\" content=\"Tahmini okuma s\u00fcresi\" \/>\n\t<meta name=\"twitter:data2\" content=\"1 dakika\" \/>\n<script type=\"application\/ld+json\" class=\"yoast-schema-graph\">{\"@context\":\"https:\\\/\\\/schema.org\",\"@graph\":[{\"@type\":\"Article\",\"@id\":\"https:\\\/\\\/kibrisdakik.com\\\/?p=67587#article\",\"isPartOf\":{\"@id\":\"https:\\\/\\\/kibrisdakik.com\\\/?p=67587\"},\"author\":{\"name\":\"admin\",\"@id\":\"https:\\\/\\\/kibrisdakik.com\\\/#\\\/schema\\\/person\\\/9cd9d437bbb44f72b73ba127e06d8e79\"},\"headline\":\"Irak\u2019\u0131n ve Suriye\u2019nin kuzeyine d\u00fczenlenen hava harekat\u0131nda 32 ter\u00f6r hedefi imha edildi\",\"datePublished\":\"2024-10-24T06:36:02+00:00\",\"mainEntityOfPage\":{\"@id\":\"https:\\\/\\\/kibrisdakik.com\\\/?p=67587\"},\"wordCount\":255,\"commentCount\":0,\"image\":{\"@id\":\"https:\\\/\\\/kibrisdakik.com\\\/?p=67587#primaryimage\"},\"thumbnailUrl\":\"https:\\\/\\\/kibrisdakik.com\\\/wp-content\\\/uploads\\\/2024\\\/10\\\/hava-harekati-740x420.jpg\",\"articleSection\":[\"G\u00fcndem\"],\"inLanguage\":\"tr\",\"potentialAction\":[{\"@type\":\"CommentAction\",\"name\":\"Comment\",\"target\":[\"https:\\\/\\\/kibrisdakik.com\\\/?p=67587#respond\"]}]},{\"@type\":\"WebPage\",\"@id\":\"https:\\\/\\\/kibrisdakik.com\\\/?p=67587\",\"url\":\"https:\\\/\\\/kibrisdakik.com\\\/?p=67587\",\"name\":\"Irak\u2019\u0131n ve Suriye\u2019nin kuzeyine d\u00fczenlenen hava harekat\u0131nda 32 ter\u00f6r hedefi imha edildi -\",\"isPartOf\":{\"@id\":\"https:\\\/\\\/kibrisdakik.com\\\/#website\"},\"primaryImageOfPage\":{\"@id\":\"https:\\\/\\\/kibrisdakik.com\\\/?p=67587#primaryimage\"},\"image\":{\"@id\":\"https:\\\/\\\/kibrisdakik.com\\\/?p=67587#primaryimage\"},\"thumbnailUrl\":\"https:\\\/\\\/kibrisdakik.com\\\/wp-content\\\/uploads\\\/2024\\\/10\\\/hava-harekati-740x420.jpg\",\"datePublished\":\"2024-10-24T06:36:02+00:00\",\"author\":{\"@id\":\"https:\\\/\\\/kibrisdakik.com\\\/#\\\/schema\\\/person\\\/9cd9d437bbb44f72b73ba127e06d8e79\"},\"breadcrumb\":{\"@id\":\"https:\\\/\\\/kibrisdakik.com\\\/?p=67587#breadcrumb\"},\"inLanguage\":\"tr\",\"potentialAction\":[{\"@type\":\"ReadAction\",\"target\":[\"https:\\\/\\\/kibrisdakik.com\\\/?p=67587\"]}]},{\"@type\":\"ImageObject\",\"inLanguage\":\"tr\",\"@id\":\"https:\\\/\\\/kibrisdakik.com\\\/?p=67587#primaryimage\",\"url\":\"https:\\\/\\\/kibrisdakik.com\\\/wp-content\\\/uploads\\\/2024\\\/10\\\/hava-harekati-740x420.jpg\",\"contentUrl\":\"https:\\\/\\\/kibrisdakik.com\\\/wp-content\\\/uploads\\\/2024\\\/10\\\/hava-harekati-740x420.jpg\",\"width\":864,\"height\":486},{\"@type\":\"BreadcrumbList\",\"@id\":\"https:\\\/\\\/kibrisdakik.com\\\/?p=67587#breadcrumb\",\"itemListElement\":[{\"@type\":\"ListItem\",\"position\":1,\"name\":\"Home\",\"item\":\"https:\\\/\\\/kibrisdakik.com\\\/\"},{\"@type\":\"ListItem\",\"position\":2,\"name\":\"Irak\u2019\u0131n ve Suriye\u2019nin kuzeyine d\u00fczenlenen hava harekat\u0131nda 32 ter\u00f6r hedefi imha edildi\"}]},{\"@type\":\"WebSite\",\"@id\":\"https:\\\/\\\/kibrisdakik.com\\\/#website\",\"url\":\"https:\\\/\\\/kibrisdakik.com\\\/\",\"name\":\"\",\"description\":\"Tam vaktinde haber\",\"potentialAction\":[{\"@type\":\"SearchAction\",\"target\":{\"@type\":\"EntryPoint\",\"urlTemplate\":\"https:\\\/\\\/kibrisdakik.com\\\/?s={search_term_string}\"},\"query-input\":{\"@type\":\"PropertyValueSpecification\",\"valueRequired\":true,\"valueName\":\"search_term_string\"}}],\"inLanguage\":\"tr\"},{\"@type\":\"Person\",\"@id\":\"https:\\\/\\\/kibrisdakik.com\\\/#\\\/schema\\\/person\\\/9cd9d437bbb44f72b73ba127e06d8e79\",\"name\":\"admin\",\"image\":{\"@type\":\"ImageObject\",\"inLanguage\":\"tr\",\"@id\":\"https:\\\/\\\/secure.gravatar.com\\\/avatar\\\/ccc17943b9d660506c869530f897617f7cb1c21a4bf30023f252596d83e1f007?s=96&d=mm&r=g\",\"url\":\"https:\\\/\\\/secure.gravatar.com\\\/avatar\\\/ccc17943b9d660506c869530f897617f7cb1c21a4bf30023f252596d83e1f007?s=96&d=mm&r=g\",\"contentUrl\":\"https:\\\/\\\/secure.gravatar.com\\\/avatar\\\/ccc17943b9d660506c869530f897617f7cb1c21a4bf30023f252596d83e1f007?s=96&d=mm&r=g\",\"caption\":\"admin\"},\"sameAs\":[\"https:\\\/\\\/kibrisdakik.com\"],\"url\":\"https:\\\/\\\/kibrisdakik.com\\\/?author=1\"}]}<\/script>\n<!-- \/ Yoast SEO plugin. -->","yoast_head_json":{"title":"Irak\u2019\u0131n ve Suriye\u2019nin kuzeyine d\u00fczenlenen hava harekat\u0131nda 32 ter\u00f6r hedefi imha edildi -","robots":{"index":"index","follow":"follow","max-snippet":"max-snippet:-1","max-image-preview":"max-image-preview:large","max-video-preview":"max-video-preview:-1"},"canonical":"https:\/\/kibrisdakik.com\/?p=67587","og_locale":"tr_TR","og_type":"article","og_title":"Irak\u2019\u0131n ve Suriye\u2019nin kuzeyine d\u00fczenlenen hava harekat\u0131nda 32 ter\u00f6r hedefi imha edildi -","og_description":"T\u00fcrkiye Milli Savunma Bakanl\u0131\u011f\u0131, Irak\u2019\u0131n ve Suriye\u2019nin kuzeyine d\u00fczenlenen hava harekat\u0131nda 32 ter\u00f6r hedefinin imha edildi\u011fini, \u00e7ok say\u0131da ter\u00f6ristin etkisiz hale getirildi\u011fini bildirdi. Bakanl\u0131ktan yap\u0131lan a\u00e7\u0131klamada, PKK\/KCK ve di\u011fer ter\u00f6rist unsurlar\u0131 etkisiz hale getirerek halka ve g\u00fcvenlik g\u00fc\u00e7lerine y\u00f6nelik ter\u00f6r sald\u0131r\u0131lar\u0131n\u0131 bertaraf etmek ve hudut g\u00fcvenli\u011fini sa\u011flamak amac\u0131yla Birle\u015fmi\u015f Milletler Anla\u015fmas\u0131\u2019n\u0131n 51\u2019inci maddesinden do\u011fan me\u015fru","og_url":"https:\/\/kibrisdakik.com\/?p=67587","article_published_time":"2024-10-24T06:36:02+00:00","og_image":[{"width":864,"height":486,"url":"https:\/\/kibrisdakik.com\/wp-content\/uploads\/2024\/10\/hava-harekati-740x420.jpg","type":"image\/jpeg"}],"author":"admin","twitter_card":"summary_large_image","twitter_misc":{"Yazan:":"admin","Tahmini okuma s\u00fcresi":"1 dakika"},"schema":{"@context":"https:\/\/schema.org","@graph":[{"@type":"Article","@id":"https:\/\/kibrisdakik.com\/?p=67587#article","isPartOf":{"@id":"https:\/\/kibrisdakik.com\/?p=67587"},"author":{"name":"admin","@id":"https:\/\/kibrisdakik.com\/#\/schema\/person\/9cd9d437bbb44f72b73ba127e06d8e79"},"headline":"Irak\u2019\u0131n ve Suriye\u2019nin kuzeyine d\u00fczenlenen hava harekat\u0131nda 32 ter\u00f6r hedefi imha edildi","datePublished":"2024-10-24T06:36:02+00:00","mainEntityOfPage":{"@id":"https:\/\/kibrisdakik.com\/?p=67587"},"wordCount":255,"commentCount":0,"image":{"@id":"https:\/\/kibrisdakik.com\/?p=67587#primaryimage"},"thumbnailUrl":"https:\/\/kibrisdakik.com\/wp-content\/uploads\/2024\/10\/hava-harekati-740x420.jpg","articleSection":["G\u00fcndem"],"inLanguage":"tr","potentialAction":[{"@type":"CommentAction","name":"Comment","target":["https:\/\/kibrisdakik.com\/?p=67587#respond"]}]},{"@type":"WebPage","@id":"https:\/\/kibrisdakik.com\/?p=67587","url":"https:\/\/kibrisdakik.com\/?p=67587","name":"Irak\u2019\u0131n ve Suriye\u2019nin kuzeyine d\u00fczenlenen hava harekat\u0131nda 32 ter\u00f6r hedefi imha edildi -","isPartOf":{"@id":"https:\/\/kibrisdakik.com\/#website"},"primaryImageOfPage":{"@id":"https:\/\/kibrisdakik.com\/?p=67587#primaryimage"},"image":{"@id":"https:\/\/kibrisdakik.com\/?p=67587#primaryimage"},"thumbnailUrl":"https:\/\/kibrisdakik.com\/wp-content\/uploads\/2024\/10\/hava-harekati-740x420.jpg","datePublished":"2024-10-24T06:36:02+00:00","author":{"@id":"https:\/\/kibrisdakik.com\/#\/schema\/person\/9cd9d437bbb44f72b73ba127e06d8e79"},"breadcrumb":{"@id":"https:\/\/kibrisdakik.com\/?p=67587#breadcrumb"},"inLanguage":"tr","potentialAction":[{"@type":"ReadAction","target":["https:\/\/kibrisdakik.com\/?p=67587"]}]},{"@type":"ImageObject","inLanguage":"tr","@id":"https:\/\/kibrisdakik.com\/?p=67587#primaryimage","url":"https:\/\/kibrisdakik.com\/wp-content\/uploads\/2024\/10\/hava-harekati-740x420.jpg","contentUrl":"https:\/\/kibrisdakik.com\/wp-content\/uploads\/2024\/10\/hava-harekati-740x420.jpg","width":864,"height":486},{"@type":"BreadcrumbList","@id":"https:\/\/kibrisdakik.com\/?p=67587#breadcrumb","itemListElement":[{"@type":"ListItem","position":1,"name":"Home","item":"https:\/\/kibrisdakik.com\/"},{"@type":"ListItem","position":2,"name":"Irak\u2019\u0131n ve Suriye\u2019nin kuzeyine d\u00fczenlenen hava harekat\u0131nda 32 ter\u00f6r hedefi imha edildi"}]},{"@type":"WebSite","@id":"https:\/\/kibrisdakik.com\/#website","url":"https:\/\/kibrisdakik.com\/","name":"","description":"Tam vaktinde haber","potentialAction":[{"@type":"SearchAction","target":{"@type":"EntryPoint","urlTemplate":"https:\/\/kibrisdakik.com\/?s={search_term_string}"},"query-input":{"@type":"PropertyValueSpecification","valueRequired":true,"valueName":"search_term_string"}}],"inLanguage":"tr"},{"@type":"Person","@id":"https:\/\/kibrisdakik.com\/#\/schema\/person\/9cd9d437bbb44f72b73ba127e06d8e79","name":"admin","image":{"@type":"ImageObject","inLanguage":"tr","@id":"https:\/\/secure.gravatar.com\/avatar\/ccc17943b9d660506c869530f897617f7cb1c21a4bf30023f252596d83e1f007?s=96&d=mm&r=g","url":"https:\/\/secure.gravatar.com\/avatar\/ccc17943b9d660506c869530f897617f7cb1c21a4bf30023f252596d83e1f007?s=96&d=mm&r=g","contentUrl":"https:\/\/secure.gravatar.com\/avatar\/ccc17943b9d660506c869530f897617f7cb1c21a4bf30023f252596d83e1f007?s=96&d=mm&r=g","caption":"admin"},"sameAs":["https:\/\/kibrisdakik.com"],"url":"https:\/\/kibrisdakik.com\/?author=1"}]}},"_links":{"self":[{"href":"https:\/\/kibrisdakik.com\/index.php?rest_route=\/wp\/v2\/posts\/67587","targetHints":{"allow":["GET"]}}],"collection":[{"href":"https:\/\/kibrisdakik.com\/index.php?rest_route=\/wp\/v2\/posts"}],"about":[{"href":"https:\/\/kibrisdakik.com\/index.php?rest_route=\/wp\/v2\/types\/post"}],"author":[{"embeddable":true,"href":"https:\/\/kibrisdakik.com\/index.php?rest_route=\/wp\/v2\/users\/1"}],"replies":[{"embeddable":true,"href":"https:\/\/kibrisdakik.com\/index.php?rest_route=%2Fwp%2Fv2%2Fcomments&post=67587"}],"version-history":[{"count":0,"href":"https:\/\/kibrisdakik.com\/index.php?rest_route=\/wp\/v2\/posts\/67587\/revisions"}],"wp:featuredmedia":[{"embeddable":true,"href":"https:\/\/kibrisdakik.com\/index.php?rest_route=\/wp\/v2\/media\/67588"}],"wp:attachment":[{"href":"https:\/\/kibrisdakik.com\/index.php?rest_route=%2Fwp%2Fv2%2Fmedia&parent=67587"}],"wp:term":[{"taxonomy":"category","embeddable":true,"href":"https:\/\/kibrisdakik.com\/index.php?rest_route=%2Fwp%2Fv2%2Fcategories&post=67587"},{"taxonomy":"post_tag","embeddable":true,"href":"https:\/\/kibrisdakik.com\/index.php?rest_route=%2Fwp%2Fv2%2Ftags&post=67587"}],"curies":[{"name":"wp","href":"https:\/\/api.w.org\/{rel}","templated":true}]}}