{"id":67613,"date":"2024-10-25T10:38:27","date_gmt":"2024-10-25T07:38:27","guid":{"rendered":"https:\/\/kibrisdakik.com\/index.php\/2024\/10\/25\/29-ekim-cumhuriyet-bayraminin-kibris-turk-edebiyatina-yansimalari-konulu-panel-duzenleniyor\/"},"modified":"2024-10-25T10:38:27","modified_gmt":"2024-10-25T07:38:27","slug":"29-ekim-cumhuriyet-bayraminin-kibris-turk-edebiyatina-yansimalari-konulu-panel-duzenleniyor","status":"publish","type":"post","link":"https:\/\/kibrisdakik.com\/?p=67613","title":{"rendered":"29 Ekim Cumhuriyet Bayram\u0131\u2019n\u0131n K\u0131br\u0131s T\u00fcrk Edebiyat\u0131na Yans\u0131malar\u0131 konulu panel d\u00fczenleniyor"},"content":{"rendered":"<p> <br \/>\n<\/p>\n<div>\n<div class=\"mariselle-image-container center\">\n                <img loading=\"lazy\" decoding=\"async\" width=\"1600\" height=\"1541\" class=\"lazy-image\" alt=\"\" sizes=\"auto, (max-width: 1600px) 100vw, 1600px\" src=\"https:\/\/brtk.net\/wp-content\/uploads\/2024\/10\/25\/asf22.jpg?ver=4212b1cae62944732414956ddef7c7d5\" srcset=\"https:\/\/brtk.net\/wp-content\/uploads\/2024\/10\/25\/asf22.jpg?ver=4212b1cae62944732414956ddef7c7d5 1600w, https:\/\/brtk.net\/wp-content\/uploads\/2024\/10\/25\/asf22-300x289.jpg?ver=4212b1cae62944732414956ddef7c7d5 300w, https:\/\/brtk.net\/wp-content\/uploads\/2024\/10\/25\/asf22-1024x986.jpg?ver=14ee2b7f4bebd2d6b8d71d37932ccd6b 1024w, https:\/\/brtk.net\/wp-content\/uploads\/2024\/10\/25\/asf22-768x740.jpg?ver=14ee2b7f4bebd2d6b8d71d37932ccd6b 768w, https:\/\/brtk.net\/wp-content\/uploads\/2024\/10\/25\/asf22-1536x1479.jpg?ver=64678225ccf17ce8e43a25effebc75d7 1536w\"\/>                            <\/div>\n<p> K\u00fclt\u00fcr Dairesi ile Yak\u0131n Do\u011fu \u00dcniversitesi K\u0131br\u0131s Ara\u015ft\u0131rmalar\u0131 Merkezi, 29 Ekim Cumhuriyet Bayram\u0131\u2019n\u0131n K\u0131br\u0131s T\u00fcrk Edebiyat\u0131na Yans\u0131malar\u0131 konulu panel d\u00fczenliyor.<\/p>\n<p> K\u00fclt\u00fcr Dairesi\u2019nden verilen bilgiye g\u00f6re,  30 Ekim \u00c7ar\u015famba, Atat\u00fcrk K\u00fclt\u00fcr Merkezi\u2019nde yer alacak panel saat 10:00\u2019da ba\u015flayacak.<\/p>\n<p>Panel konu\u015fmac\u0131lar\u0131 ara\u015ft\u0131rmac\u0131 yazar Eralp Adan\u0131r, Dr. H\u00fcseyin Ezilmez ve \u0130smail Bozkurt olacak. Oturum ba\u015fkanl\u0131\u011f\u0131n\u0131 K\u0131br\u0131s Ara\u015ft\u0131rmalar\u0131 Merkezi Ba\u015fkan\u0131 Prof. Dr. \u015eevket \u00d6znur; panelin a\u00e7\u0131l\u0131\u015f konu\u015fmas\u0131n\u0131 ise K\u00fclt\u00fcr Dairesi M\u00fcd\u00fcr\u00fc \u015eirin Zafery\u0131ld\u0131z\u0131 Zaima\u011fao\u011flu yapacak.<\/p>\n<\/p><\/div>\n<p><script async\n                    defer\n                    crossorigin=\"anonymous\"\n                    src=\"https:\/\/connect.facebook.net\/tr_TR\/sdk.js#xfbml=1&#038;version=v3.3\"\n            ><\/script><br \/>\n<br \/><br \/>\n<br \/><a href=\"https:\/\/brtk.net\/29-ekim-cumhuriyet-bayraminin-kibris-turk-edebiyatina-yansimalari-konulu-panel-duzenleniyor\/\">kpostasi <\/a><\/p>\n","protected":false},"excerpt":{"rendered":"<p>K\u00fclt\u00fcr Dairesi ile Yak\u0131n Do\u011fu \u00dcniversitesi K\u0131br\u0131s Ara\u015ft\u0131rmalar\u0131 Merkezi, 29 Ekim Cumhuriyet Bayram\u0131\u2019n\u0131n K\u0131br\u0131s T\u00fcrk Edebiyat\u0131na Yans\u0131malar\u0131 konulu panel d\u00fczenliyor. K\u00fclt\u00fcr Dairesi\u2019nden verilen bilgiye g\u00f6re, 30 Ekim \u00c7ar\u015famba, Atat\u00fcrk K\u00fclt\u00fcr Merkezi\u2019nde yer alacak panel saat 10:00\u2019da ba\u015flayacak. Panel konu\u015fmac\u0131lar\u0131 ara\u015ft\u0131rmac\u0131 yazar Eralp Adan\u0131r, Dr. H\u00fcseyin Ezilmez ve \u0130smail Bozkurt olacak. Oturum ba\u015fkanl\u0131\u011f\u0131n\u0131 K\u0131br\u0131s Ara\u015ft\u0131rmalar\u0131 Merkezi<\/p>\n","protected":false},"author":1,"featured_media":67614,"comment_status":"open","ping_status":"open","sticky":false,"template":"","format":"standard","meta":{"footnotes":""},"categories":[1,81],"tags":[],"class_list":["post-67613","post","type-post","status-publish","format-standard","has-post-thumbnail","hentry","category-gundem","category-kibris"],"yoast_head":"<!-- This site is optimized with the Yoast SEO plugin v27.5 - https:\/\/yoast.com\/product\/yoast-seo-wordpress\/ -->\n<title>29 Ekim Cumhuriyet Bayram\u0131\u2019n\u0131n K\u0131br\u0131s T\u00fcrk Edebiyat\u0131na Yans\u0131malar\u0131 konulu panel d\u00fczenleniyor -<\/title>\n<meta name=\"robots\" content=\"index, follow, max-snippet:-1, max-image-preview:large, max-video-preview:-1\" \/>\n<link rel=\"canonical\" href=\"https:\/\/kibrisdakik.com\/?p=67613\" \/>\n<meta property=\"og:locale\" content=\"tr_TR\" \/>\n<meta property=\"og:type\" content=\"article\" \/>\n<meta property=\"og:title\" content=\"29 Ekim Cumhuriyet Bayram\u0131\u2019n\u0131n K\u0131br\u0131s T\u00fcrk Edebiyat\u0131na Yans\u0131malar\u0131 konulu panel d\u00fczenleniyor -\" \/>\n<meta property=\"og:description\" content=\"K\u00fclt\u00fcr Dairesi ile Yak\u0131n Do\u011fu \u00dcniversitesi K\u0131br\u0131s Ara\u015ft\u0131rmalar\u0131 Merkezi, 29 Ekim Cumhuriyet Bayram\u0131\u2019n\u0131n K\u0131br\u0131s T\u00fcrk Edebiyat\u0131na Yans\u0131malar\u0131 konulu panel d\u00fczenliyor. K\u00fclt\u00fcr Dairesi\u2019nden verilen bilgiye g\u00f6re, 30 Ekim \u00c7ar\u015famba, Atat\u00fcrk K\u00fclt\u00fcr Merkezi\u2019nde yer alacak panel saat 10:00\u2019da ba\u015flayacak. Panel konu\u015fmac\u0131lar\u0131 ara\u015ft\u0131rmac\u0131 yazar Eralp Adan\u0131r, Dr. H\u00fcseyin Ezilmez ve \u0130smail Bozkurt olacak. Oturum ba\u015fkanl\u0131\u011f\u0131n\u0131 K\u0131br\u0131s Ara\u015ft\u0131rmalar\u0131 Merkezi\" \/>\n<meta property=\"og:url\" content=\"https:\/\/kibrisdakik.com\/?p=67613\" \/>\n<meta property=\"article:published_time\" content=\"2024-10-25T07:38:27+00:00\" \/>\n<meta property=\"og:image\" content=\"https:\/\/kibrisdakik.com\/wp-content\/uploads\/2024\/10\/asf22-740x420.jpg\" \/>\n\t<meta property=\"og:image:width\" content=\"1600\" \/>\n\t<meta property=\"og:image:height\" content=\"1541\" \/>\n\t<meta property=\"og:image:type\" content=\"image\/jpeg\" \/>\n<meta name=\"author\" content=\"admin\" \/>\n<meta name=\"twitter:card\" content=\"summary_large_image\" \/>\n<meta name=\"twitter:label1\" content=\"Yazan:\" \/>\n\t<meta name=\"twitter:data1\" content=\"admin\" \/>\n\t<meta name=\"twitter:label2\" content=\"Tahmini okuma s\u00fcresi\" \/>\n\t<meta name=\"twitter:data2\" content=\"1 dakika\" \/>\n<script type=\"application\/ld+json\" class=\"yoast-schema-graph\">{\"@context\":\"https:\\\/\\\/schema.org\",\"@graph\":[{\"@type\":\"Article\",\"@id\":\"https:\\\/\\\/kibrisdakik.com\\\/?p=67613#article\",\"isPartOf\":{\"@id\":\"https:\\\/\\\/kibrisdakik.com\\\/?p=67613\"},\"author\":{\"name\":\"admin\",\"@id\":\"https:\\\/\\\/kibrisdakik.com\\\/#\\\/schema\\\/person\\\/9cd9d437bbb44f72b73ba127e06d8e79\"},\"headline\":\"29 Ekim Cumhuriyet Bayram\u0131\u2019n\u0131n K\u0131br\u0131s T\u00fcrk Edebiyat\u0131na Yans\u0131malar\u0131 konulu panel d\u00fczenleniyor\",\"datePublished\":\"2024-10-25T07:38:27+00:00\",\"mainEntityOfPage\":{\"@id\":\"https:\\\/\\\/kibrisdakik.com\\\/?p=67613\"},\"wordCount\":140,\"commentCount\":0,\"image\":{\"@id\":\"https:\\\/\\\/kibrisdakik.com\\\/?p=67613#primaryimage\"},\"thumbnailUrl\":\"https:\\\/\\\/kibrisdakik.com\\\/wp-content\\\/uploads\\\/2024\\\/10\\\/asf22-740x420.jpg\",\"articleSection\":[\"G\u00fcndem\",\"K\u0131br\u0131s\"],\"inLanguage\":\"tr\",\"potentialAction\":[{\"@type\":\"CommentAction\",\"name\":\"Comment\",\"target\":[\"https:\\\/\\\/kibrisdakik.com\\\/?p=67613#respond\"]}]},{\"@type\":\"WebPage\",\"@id\":\"https:\\\/\\\/kibrisdakik.com\\\/?p=67613\",\"url\":\"https:\\\/\\\/kibrisdakik.com\\\/?p=67613\",\"name\":\"29 Ekim Cumhuriyet Bayram\u0131\u2019n\u0131n K\u0131br\u0131s T\u00fcrk Edebiyat\u0131na Yans\u0131malar\u0131 konulu panel d\u00fczenleniyor -\",\"isPartOf\":{\"@id\":\"https:\\\/\\\/kibrisdakik.com\\\/#website\"},\"primaryImageOfPage\":{\"@id\":\"https:\\\/\\\/kibrisdakik.com\\\/?p=67613#primaryimage\"},\"image\":{\"@id\":\"https:\\\/\\\/kibrisdakik.com\\\/?p=67613#primaryimage\"},\"thumbnailUrl\":\"https:\\\/\\\/kibrisdakik.com\\\/wp-content\\\/uploads\\\/2024\\\/10\\\/asf22-740x420.jpg\",\"datePublished\":\"2024-10-25T07:38:27+00:00\",\"author\":{\"@id\":\"https:\\\/\\\/kibrisdakik.com\\\/#\\\/schema\\\/person\\\/9cd9d437bbb44f72b73ba127e06d8e79\"},\"breadcrumb\":{\"@id\":\"https:\\\/\\\/kibrisdakik.com\\\/?p=67613#breadcrumb\"},\"inLanguage\":\"tr\",\"potentialAction\":[{\"@type\":\"ReadAction\",\"target\":[\"https:\\\/\\\/kibrisdakik.com\\\/?p=67613\"]}]},{\"@type\":\"ImageObject\",\"inLanguage\":\"tr\",\"@id\":\"https:\\\/\\\/kibrisdakik.com\\\/?p=67613#primaryimage\",\"url\":\"https:\\\/\\\/kibrisdakik.com\\\/wp-content\\\/uploads\\\/2024\\\/10\\\/asf22-740x420.jpg\",\"contentUrl\":\"https:\\\/\\\/kibrisdakik.com\\\/wp-content\\\/uploads\\\/2024\\\/10\\\/asf22-740x420.jpg\",\"width\":1600,\"height\":1541},{\"@type\":\"BreadcrumbList\",\"@id\":\"https:\\\/\\\/kibrisdakik.com\\\/?p=67613#breadcrumb\",\"itemListElement\":[{\"@type\":\"ListItem\",\"position\":1,\"name\":\"Home\",\"item\":\"https:\\\/\\\/kibrisdakik.com\\\/\"},{\"@type\":\"ListItem\",\"position\":2,\"name\":\"29 Ekim Cumhuriyet Bayram\u0131\u2019n\u0131n K\u0131br\u0131s T\u00fcrk Edebiyat\u0131na Yans\u0131malar\u0131 konulu panel d\u00fczenleniyor\"}]},{\"@type\":\"WebSite\",\"@id\":\"https:\\\/\\\/kibrisdakik.com\\\/#website\",\"url\":\"https:\\\/\\\/kibrisdakik.com\\\/\",\"name\":\"\",\"description\":\"Tam vaktinde haber\",\"potentialAction\":[{\"@type\":\"SearchAction\",\"target\":{\"@type\":\"EntryPoint\",\"urlTemplate\":\"https:\\\/\\\/kibrisdakik.com\\\/?s={search_term_string}\"},\"query-input\":{\"@type\":\"PropertyValueSpecification\",\"valueRequired\":true,\"valueName\":\"search_term_string\"}}],\"inLanguage\":\"tr\"},{\"@type\":\"Person\",\"@id\":\"https:\\\/\\\/kibrisdakik.com\\\/#\\\/schema\\\/person\\\/9cd9d437bbb44f72b73ba127e06d8e79\",\"name\":\"admin\",\"image\":{\"@type\":\"ImageObject\",\"inLanguage\":\"tr\",\"@id\":\"https:\\\/\\\/secure.gravatar.com\\\/avatar\\\/ccc17943b9d660506c869530f897617f7cb1c21a4bf30023f252596d83e1f007?s=96&d=mm&r=g\",\"url\":\"https:\\\/\\\/secure.gravatar.com\\\/avatar\\\/ccc17943b9d660506c869530f897617f7cb1c21a4bf30023f252596d83e1f007?s=96&d=mm&r=g\",\"contentUrl\":\"https:\\\/\\\/secure.gravatar.com\\\/avatar\\\/ccc17943b9d660506c869530f897617f7cb1c21a4bf30023f252596d83e1f007?s=96&d=mm&r=g\",\"caption\":\"admin\"},\"sameAs\":[\"https:\\\/\\\/kibrisdakik.com\"],\"url\":\"https:\\\/\\\/kibrisdakik.com\\\/?author=1\"}]}<\/script>\n<!-- \/ Yoast SEO plugin. -->","yoast_head_json":{"title":"29 Ekim Cumhuriyet Bayram\u0131\u2019n\u0131n K\u0131br\u0131s T\u00fcrk Edebiyat\u0131na Yans\u0131malar\u0131 konulu panel d\u00fczenleniyor -","robots":{"index":"index","follow":"follow","max-snippet":"max-snippet:-1","max-image-preview":"max-image-preview:large","max-video-preview":"max-video-preview:-1"},"canonical":"https:\/\/kibrisdakik.com\/?p=67613","og_locale":"tr_TR","og_type":"article","og_title":"29 Ekim Cumhuriyet Bayram\u0131\u2019n\u0131n K\u0131br\u0131s T\u00fcrk Edebiyat\u0131na Yans\u0131malar\u0131 konulu panel d\u00fczenleniyor -","og_description":"K\u00fclt\u00fcr Dairesi ile Yak\u0131n Do\u011fu \u00dcniversitesi K\u0131br\u0131s Ara\u015ft\u0131rmalar\u0131 Merkezi, 29 Ekim Cumhuriyet Bayram\u0131\u2019n\u0131n K\u0131br\u0131s T\u00fcrk Edebiyat\u0131na Yans\u0131malar\u0131 konulu panel d\u00fczenliyor. K\u00fclt\u00fcr Dairesi\u2019nden verilen bilgiye g\u00f6re, 30 Ekim \u00c7ar\u015famba, Atat\u00fcrk K\u00fclt\u00fcr Merkezi\u2019nde yer alacak panel saat 10:00\u2019da ba\u015flayacak. Panel konu\u015fmac\u0131lar\u0131 ara\u015ft\u0131rmac\u0131 yazar Eralp Adan\u0131r, Dr. H\u00fcseyin Ezilmez ve \u0130smail Bozkurt olacak. Oturum ba\u015fkanl\u0131\u011f\u0131n\u0131 K\u0131br\u0131s Ara\u015ft\u0131rmalar\u0131 Merkezi","og_url":"https:\/\/kibrisdakik.com\/?p=67613","article_published_time":"2024-10-25T07:38:27+00:00","og_image":[{"width":1600,"height":1541,"url":"https:\/\/kibrisdakik.com\/wp-content\/uploads\/2024\/10\/asf22-740x420.jpg","type":"image\/jpeg"}],"author":"admin","twitter_card":"summary_large_image","twitter_misc":{"Yazan:":"admin","Tahmini okuma s\u00fcresi":"1 dakika"},"schema":{"@context":"https:\/\/schema.org","@graph":[{"@type":"Article","@id":"https:\/\/kibrisdakik.com\/?p=67613#article","isPartOf":{"@id":"https:\/\/kibrisdakik.com\/?p=67613"},"author":{"name":"admin","@id":"https:\/\/kibrisdakik.com\/#\/schema\/person\/9cd9d437bbb44f72b73ba127e06d8e79"},"headline":"29 Ekim Cumhuriyet Bayram\u0131\u2019n\u0131n K\u0131br\u0131s T\u00fcrk Edebiyat\u0131na Yans\u0131malar\u0131 konulu panel d\u00fczenleniyor","datePublished":"2024-10-25T07:38:27+00:00","mainEntityOfPage":{"@id":"https:\/\/kibrisdakik.com\/?p=67613"},"wordCount":140,"commentCount":0,"image":{"@id":"https:\/\/kibrisdakik.com\/?p=67613#primaryimage"},"thumbnailUrl":"https:\/\/kibrisdakik.com\/wp-content\/uploads\/2024\/10\/asf22-740x420.jpg","articleSection":["G\u00fcndem","K\u0131br\u0131s"],"inLanguage":"tr","potentialAction":[{"@type":"CommentAction","name":"Comment","target":["https:\/\/kibrisdakik.com\/?p=67613#respond"]}]},{"@type":"WebPage","@id":"https:\/\/kibrisdakik.com\/?p=67613","url":"https:\/\/kibrisdakik.com\/?p=67613","name":"29 Ekim Cumhuriyet Bayram\u0131\u2019n\u0131n K\u0131br\u0131s T\u00fcrk Edebiyat\u0131na Yans\u0131malar\u0131 konulu panel d\u00fczenleniyor -","isPartOf":{"@id":"https:\/\/kibrisdakik.com\/#website"},"primaryImageOfPage":{"@id":"https:\/\/kibrisdakik.com\/?p=67613#primaryimage"},"image":{"@id":"https:\/\/kibrisdakik.com\/?p=67613#primaryimage"},"thumbnailUrl":"https:\/\/kibrisdakik.com\/wp-content\/uploads\/2024\/10\/asf22-740x420.jpg","datePublished":"2024-10-25T07:38:27+00:00","author":{"@id":"https:\/\/kibrisdakik.com\/#\/schema\/person\/9cd9d437bbb44f72b73ba127e06d8e79"},"breadcrumb":{"@id":"https:\/\/kibrisdakik.com\/?p=67613#breadcrumb"},"inLanguage":"tr","potentialAction":[{"@type":"ReadAction","target":["https:\/\/kibrisdakik.com\/?p=67613"]}]},{"@type":"ImageObject","inLanguage":"tr","@id":"https:\/\/kibrisdakik.com\/?p=67613#primaryimage","url":"https:\/\/kibrisdakik.com\/wp-content\/uploads\/2024\/10\/asf22-740x420.jpg","contentUrl":"https:\/\/kibrisdakik.com\/wp-content\/uploads\/2024\/10\/asf22-740x420.jpg","width":1600,"height":1541},{"@type":"BreadcrumbList","@id":"https:\/\/kibrisdakik.com\/?p=67613#breadcrumb","itemListElement":[{"@type":"ListItem","position":1,"name":"Home","item":"https:\/\/kibrisdakik.com\/"},{"@type":"ListItem","position":2,"name":"29 Ekim Cumhuriyet Bayram\u0131\u2019n\u0131n K\u0131br\u0131s T\u00fcrk Edebiyat\u0131na Yans\u0131malar\u0131 konulu panel d\u00fczenleniyor"}]},{"@type":"WebSite","@id":"https:\/\/kibrisdakik.com\/#website","url":"https:\/\/kibrisdakik.com\/","name":"","description":"Tam vaktinde haber","potentialAction":[{"@type":"SearchAction","target":{"@type":"EntryPoint","urlTemplate":"https:\/\/kibrisdakik.com\/?s={search_term_string}"},"query-input":{"@type":"PropertyValueSpecification","valueRequired":true,"valueName":"search_term_string"}}],"inLanguage":"tr"},{"@type":"Person","@id":"https:\/\/kibrisdakik.com\/#\/schema\/person\/9cd9d437bbb44f72b73ba127e06d8e79","name":"admin","image":{"@type":"ImageObject","inLanguage":"tr","@id":"https:\/\/secure.gravatar.com\/avatar\/ccc17943b9d660506c869530f897617f7cb1c21a4bf30023f252596d83e1f007?s=96&d=mm&r=g","url":"https:\/\/secure.gravatar.com\/avatar\/ccc17943b9d660506c869530f897617f7cb1c21a4bf30023f252596d83e1f007?s=96&d=mm&r=g","contentUrl":"https:\/\/secure.gravatar.com\/avatar\/ccc17943b9d660506c869530f897617f7cb1c21a4bf30023f252596d83e1f007?s=96&d=mm&r=g","caption":"admin"},"sameAs":["https:\/\/kibrisdakik.com"],"url":"https:\/\/kibrisdakik.com\/?author=1"}]}},"_links":{"self":[{"href":"https:\/\/kibrisdakik.com\/index.php?rest_route=\/wp\/v2\/posts\/67613","targetHints":{"allow":["GET"]}}],"collection":[{"href":"https:\/\/kibrisdakik.com\/index.php?rest_route=\/wp\/v2\/posts"}],"about":[{"href":"https:\/\/kibrisdakik.com\/index.php?rest_route=\/wp\/v2\/types\/post"}],"author":[{"embeddable":true,"href":"https:\/\/kibrisdakik.com\/index.php?rest_route=\/wp\/v2\/users\/1"}],"replies":[{"embeddable":true,"href":"https:\/\/kibrisdakik.com\/index.php?rest_route=%2Fwp%2Fv2%2Fcomments&post=67613"}],"version-history":[{"count":0,"href":"https:\/\/kibrisdakik.com\/index.php?rest_route=\/wp\/v2\/posts\/67613\/revisions"}],"wp:featuredmedia":[{"embeddable":true,"href":"https:\/\/kibrisdakik.com\/index.php?rest_route=\/wp\/v2\/media\/67614"}],"wp:attachment":[{"href":"https:\/\/kibrisdakik.com\/index.php?rest_route=%2Fwp%2Fv2%2Fmedia&parent=67613"}],"wp:term":[{"taxonomy":"category","embeddable":true,"href":"https:\/\/kibrisdakik.com\/index.php?rest_route=%2Fwp%2Fv2%2Fcategories&post=67613"},{"taxonomy":"post_tag","embeddable":true,"href":"https:\/\/kibrisdakik.com\/index.php?rest_route=%2Fwp%2Fv2%2Ftags&post=67613"}],"curies":[{"name":"wp","href":"https:\/\/api.w.org\/{rel}","templated":true}]}}