{"id":67619,"date":"2024-10-25T12:05:09","date_gmt":"2024-10-25T09:05:09","guid":{"rendered":"https:\/\/kibrisdakik.com\/index.php\/2024\/10\/25\/mehmet-akif-caddesi-ile-gulteki-sengor-sokakta-asfaltlama-nedeniyle-hafta-sonu-trafik-akisi-kontrollu-saglanacak\/"},"modified":"2024-10-25T12:05:09","modified_gmt":"2024-10-25T09:05:09","slug":"mehmet-akif-caddesi-ile-gulteki-sengor-sokakta-asfaltlama-nedeniyle-hafta-sonu-trafik-akisi-kontrollu-saglanacak","status":"publish","type":"post","link":"https:\/\/kibrisdakik.com\/?p=67619","title":{"rendered":"Mehmet Akif Caddesi ile G\u00fclteki \u015eeng\u00f6r Sokak\u2019ta asfaltlama nedeniyle hafta sonu trafik ak\u0131\u015f\u0131 kontroll\u00fc sa\u011flanacak"},"content":{"rendered":"<div>\n<div class=\"mariselle-image-container center\">\n                                            <\/div>\n<p>Lefko\u015fa\u2019da, Mehmet Akif Caddesi ile G\u00fclteki \u015eeng\u00f6r Sokak\u2019ta (Dereboyu) asfaltlama \u00e7al\u0131\u015fmalar\u0131 nedeniyle hafta sonu trafik ak\u0131\u015f\u0131 kontroll\u00fc sa\u011flanacak.<\/p>\n<p>Lefko\u015fa T\u00fcrk Belediyesi\u2019nden (LTB) verilen bilgiye g\u00f6re, yar\u0131n sabah 05.00\u2019de s\u00f6z konusu yerlerde asfalt kemirme ve temizlik i\u015flemleri ba\u015flat\u0131lacak, pazar g\u00fcnse s\u00f6z konusu g\u00fczerg\u00e2hlara kal\u0131c\u0131 asfalt d\u00f6k\u00fclecek.  Bu i\u015flem s\u0131ras\u0131nda trafik ak\u0131\u015f\u0131 kontroll\u00fc \u015fekilde sa\u011flanacak.<\/p>\n<p>A\u00e7\u0131klamaya g\u00f6re, kanalizasyon altyap\u0131 \u00e7al\u0131\u015fmas\u0131n\u0131n ard\u0131ndan Lefko\u015fa\u2019da kaz\u0131 yap\u0131lan alanlara kal\u0131c\u0131 asfalt d\u00f6k\u00fcl\u00fcyor. Boru testlerinin tamamlanmas\u0131 sonras\u0131 Bedrettin Demirel Caddesi\u2019nde de kal\u0131c\u0131 asfaltlama \u00e7al\u0131\u015fmas\u0131 olacak.<\/p>\n<\/p><\/div>\n<p><script async\n                    defer\n                    crossorigin=\"anonymous\"\n                    src=\"https:\/\/connect.facebook.net\/tr_TR\/sdk.js#xfbml=1&#038;version=v3.3\"\n            ><\/script><\/p>\n","protected":false},"excerpt":{"rendered":"<p>Lefko\u015fa\u2019da, Mehmet Akif Caddesi ile G\u00fclteki \u015eeng\u00f6r Sokak\u2019ta (Dereboyu) asfaltlama \u00e7al\u0131\u015fmalar\u0131 nedeniyle hafta sonu trafik ak\u0131\u015f\u0131 kontroll\u00fc sa\u011flanacak. Lefko\u015fa T\u00fcrk Belediyesi\u2019nden (LTB) verilen bilgiye g\u00f6re, yar\u0131n sabah 05.00\u2019de s\u00f6z konusu yerlerde asfalt kemirme ve temizlik i\u015flemleri ba\u015flat\u0131lacak, pazar g\u00fcnse s\u00f6z konusu g\u00fczerg\u00e2hlara kal\u0131c\u0131 asfalt d\u00f6k\u00fclecek. Bu i\u015flem s\u0131ras\u0131nda trafik ak\u0131\u015f\u0131 kontroll\u00fc \u015fekilde sa\u011flanacak. A\u00e7\u0131klamaya g\u00f6re,<\/p>\n","protected":false},"author":1,"featured_media":67620,"comment_status":"open","ping_status":"open","sticky":false,"template":"","format":"standard","meta":{"footnotes":""},"categories":[81],"tags":[],"class_list":["post-67619","post","type-post","status-publish","format-standard","has-post-thumbnail","hentry","category-kibris"],"yoast_head":"<!-- This site is optimized with the Yoast SEO plugin v27.4 - https:\/\/yoast.com\/product\/yoast-seo-wordpress\/ -->\n<title>Mehmet Akif Caddesi ile G\u00fclteki \u015eeng\u00f6r Sokak\u2019ta asfaltlama nedeniyle hafta sonu trafik ak\u0131\u015f\u0131 kontroll\u00fc sa\u011flanacak -<\/title>\n<meta name=\"robots\" content=\"index, follow, max-snippet:-1, max-image-preview:large, max-video-preview:-1\" \/>\n<link rel=\"canonical\" href=\"https:\/\/kibrisdakik.com\/?p=67619\" \/>\n<meta property=\"og:locale\" content=\"tr_TR\" \/>\n<meta property=\"og:type\" content=\"article\" \/>\n<meta property=\"og:title\" content=\"Mehmet Akif Caddesi ile G\u00fclteki \u015eeng\u00f6r Sokak\u2019ta asfaltlama nedeniyle hafta sonu trafik ak\u0131\u015f\u0131 kontroll\u00fc sa\u011flanacak -\" \/>\n<meta property=\"og:description\" content=\"Lefko\u015fa\u2019da, Mehmet Akif Caddesi ile G\u00fclteki \u015eeng\u00f6r Sokak\u2019ta (Dereboyu) asfaltlama \u00e7al\u0131\u015fmalar\u0131 nedeniyle hafta sonu trafik ak\u0131\u015f\u0131 kontroll\u00fc sa\u011flanacak. Lefko\u015fa T\u00fcrk Belediyesi\u2019nden (LTB) verilen bilgiye g\u00f6re, yar\u0131n sabah 05.00\u2019de s\u00f6z konusu yerlerde asfalt kemirme ve temizlik i\u015flemleri ba\u015flat\u0131lacak, pazar g\u00fcnse s\u00f6z konusu g\u00fczerg\u00e2hlara kal\u0131c\u0131 asfalt d\u00f6k\u00fclecek. Bu i\u015flem s\u0131ras\u0131nda trafik ak\u0131\u015f\u0131 kontroll\u00fc \u015fekilde sa\u011flanacak. A\u00e7\u0131klamaya g\u00f6re,\" \/>\n<meta property=\"og:url\" content=\"https:\/\/kibrisdakik.com\/?p=67619\" \/>\n<meta property=\"article:published_time\" content=\"2024-10-25T09:05:09+00:00\" \/>\n<meta property=\"og:image\" content=\"https:\/\/kibrisdakik.com\/wp-content\/uploads\/2024\/10\/trafik-dikkat7.png\" \/>\n\t<meta property=\"og:image:width\" content=\"259\" \/>\n\t<meta property=\"og:image:height\" content=\"194\" \/>\n\t<meta property=\"og:image:type\" content=\"image\/png\" \/>\n<meta name=\"author\" content=\"admin\" \/>\n<meta name=\"twitter:card\" content=\"summary_large_image\" \/>\n<meta name=\"twitter:label1\" content=\"Yazan:\" \/>\n\t<meta name=\"twitter:data1\" content=\"admin\" \/>\n\t<meta name=\"twitter:label2\" content=\"Tahmini okuma s\u00fcresi\" \/>\n\t<meta name=\"twitter:data2\" content=\"1 dakika\" \/>\n<script type=\"application\/ld+json\" class=\"yoast-schema-graph\">{\"@context\":\"https:\\\/\\\/schema.org\",\"@graph\":[{\"@type\":\"Article\",\"@id\":\"https:\\\/\\\/kibrisdakik.com\\\/?p=67619#article\",\"isPartOf\":{\"@id\":\"https:\\\/\\\/kibrisdakik.com\\\/?p=67619\"},\"author\":{\"name\":\"admin\",\"@id\":\"https:\\\/\\\/kibrisdakik.com\\\/#\\\/schema\\\/person\\\/9cd9d437bbb44f72b73ba127e06d8e79\"},\"headline\":\"Mehmet Akif Caddesi ile G\u00fclteki \u015eeng\u00f6r Sokak\u2019ta asfaltlama nedeniyle hafta sonu trafik ak\u0131\u015f\u0131 kontroll\u00fc sa\u011flanacak\",\"datePublished\":\"2024-10-25T09:05:09+00:00\",\"mainEntityOfPage\":{\"@id\":\"https:\\\/\\\/kibrisdakik.com\\\/?p=67619\"},\"wordCount\":140,\"commentCount\":0,\"image\":{\"@id\":\"https:\\\/\\\/kibrisdakik.com\\\/?p=67619#primaryimage\"},\"thumbnailUrl\":\"https:\\\/\\\/kibrisdakik.com\\\/wp-content\\\/uploads\\\/2024\\\/10\\\/trafik-dikkat7.png\",\"articleSection\":[\"K\u0131br\u0131s\"],\"inLanguage\":\"tr\",\"potentialAction\":[{\"@type\":\"CommentAction\",\"name\":\"Comment\",\"target\":[\"https:\\\/\\\/kibrisdakik.com\\\/?p=67619#respond\"]}]},{\"@type\":\"WebPage\",\"@id\":\"https:\\\/\\\/kibrisdakik.com\\\/?p=67619\",\"url\":\"https:\\\/\\\/kibrisdakik.com\\\/?p=67619\",\"name\":\"Mehmet Akif Caddesi ile G\u00fclteki \u015eeng\u00f6r Sokak\u2019ta asfaltlama nedeniyle hafta sonu trafik ak\u0131\u015f\u0131 kontroll\u00fc sa\u011flanacak -\",\"isPartOf\":{\"@id\":\"https:\\\/\\\/kibrisdakik.com\\\/#website\"},\"primaryImageOfPage\":{\"@id\":\"https:\\\/\\\/kibrisdakik.com\\\/?p=67619#primaryimage\"},\"image\":{\"@id\":\"https:\\\/\\\/kibrisdakik.com\\\/?p=67619#primaryimage\"},\"thumbnailUrl\":\"https:\\\/\\\/kibrisdakik.com\\\/wp-content\\\/uploads\\\/2024\\\/10\\\/trafik-dikkat7.png\",\"datePublished\":\"2024-10-25T09:05:09+00:00\",\"author\":{\"@id\":\"https:\\\/\\\/kibrisdakik.com\\\/#\\\/schema\\\/person\\\/9cd9d437bbb44f72b73ba127e06d8e79\"},\"breadcrumb\":{\"@id\":\"https:\\\/\\\/kibrisdakik.com\\\/?p=67619#breadcrumb\"},\"inLanguage\":\"tr\",\"potentialAction\":[{\"@type\":\"ReadAction\",\"target\":[\"https:\\\/\\\/kibrisdakik.com\\\/?p=67619\"]}]},{\"@type\":\"ImageObject\",\"inLanguage\":\"tr\",\"@id\":\"https:\\\/\\\/kibrisdakik.com\\\/?p=67619#primaryimage\",\"url\":\"https:\\\/\\\/kibrisdakik.com\\\/wp-content\\\/uploads\\\/2024\\\/10\\\/trafik-dikkat7.png\",\"contentUrl\":\"https:\\\/\\\/kibrisdakik.com\\\/wp-content\\\/uploads\\\/2024\\\/10\\\/trafik-dikkat7.png\",\"width\":259,\"height\":194},{\"@type\":\"BreadcrumbList\",\"@id\":\"https:\\\/\\\/kibrisdakik.com\\\/?p=67619#breadcrumb\",\"itemListElement\":[{\"@type\":\"ListItem\",\"position\":1,\"name\":\"Home\",\"item\":\"https:\\\/\\\/kibrisdakik.com\\\/\"},{\"@type\":\"ListItem\",\"position\":2,\"name\":\"Mehmet Akif Caddesi ile G\u00fclteki \u015eeng\u00f6r Sokak\u2019ta asfaltlama nedeniyle hafta sonu trafik ak\u0131\u015f\u0131 kontroll\u00fc sa\u011flanacak\"}]},{\"@type\":\"WebSite\",\"@id\":\"https:\\\/\\\/kibrisdakik.com\\\/#website\",\"url\":\"https:\\\/\\\/kibrisdakik.com\\\/\",\"name\":\"\",\"description\":\"Tam vaktinde haber\",\"potentialAction\":[{\"@type\":\"SearchAction\",\"target\":{\"@type\":\"EntryPoint\",\"urlTemplate\":\"https:\\\/\\\/kibrisdakik.com\\\/?s={search_term_string}\"},\"query-input\":{\"@type\":\"PropertyValueSpecification\",\"valueRequired\":true,\"valueName\":\"search_term_string\"}}],\"inLanguage\":\"tr\"},{\"@type\":\"Person\",\"@id\":\"https:\\\/\\\/kibrisdakik.com\\\/#\\\/schema\\\/person\\\/9cd9d437bbb44f72b73ba127e06d8e79\",\"name\":\"admin\",\"image\":{\"@type\":\"ImageObject\",\"inLanguage\":\"tr\",\"@id\":\"https:\\\/\\\/secure.gravatar.com\\\/avatar\\\/ccc17943b9d660506c869530f897617f7cb1c21a4bf30023f252596d83e1f007?s=96&d=mm&r=g\",\"url\":\"https:\\\/\\\/secure.gravatar.com\\\/avatar\\\/ccc17943b9d660506c869530f897617f7cb1c21a4bf30023f252596d83e1f007?s=96&d=mm&r=g\",\"contentUrl\":\"https:\\\/\\\/secure.gravatar.com\\\/avatar\\\/ccc17943b9d660506c869530f897617f7cb1c21a4bf30023f252596d83e1f007?s=96&d=mm&r=g\",\"caption\":\"admin\"},\"sameAs\":[\"https:\\\/\\\/kibrisdakik.com\"],\"url\":\"https:\\\/\\\/kibrisdakik.com\\\/?author=1\"}]}<\/script>\n<!-- \/ Yoast SEO plugin. -->","yoast_head_json":{"title":"Mehmet Akif Caddesi ile G\u00fclteki \u015eeng\u00f6r Sokak\u2019ta asfaltlama nedeniyle hafta sonu trafik ak\u0131\u015f\u0131 kontroll\u00fc sa\u011flanacak -","robots":{"index":"index","follow":"follow","max-snippet":"max-snippet:-1","max-image-preview":"max-image-preview:large","max-video-preview":"max-video-preview:-1"},"canonical":"https:\/\/kibrisdakik.com\/?p=67619","og_locale":"tr_TR","og_type":"article","og_title":"Mehmet Akif Caddesi ile G\u00fclteki \u015eeng\u00f6r Sokak\u2019ta asfaltlama nedeniyle hafta sonu trafik ak\u0131\u015f\u0131 kontroll\u00fc sa\u011flanacak -","og_description":"Lefko\u015fa\u2019da, Mehmet Akif Caddesi ile G\u00fclteki \u015eeng\u00f6r Sokak\u2019ta (Dereboyu) asfaltlama \u00e7al\u0131\u015fmalar\u0131 nedeniyle hafta sonu trafik ak\u0131\u015f\u0131 kontroll\u00fc sa\u011flanacak. Lefko\u015fa T\u00fcrk Belediyesi\u2019nden (LTB) verilen bilgiye g\u00f6re, yar\u0131n sabah 05.00\u2019de s\u00f6z konusu yerlerde asfalt kemirme ve temizlik i\u015flemleri ba\u015flat\u0131lacak, pazar g\u00fcnse s\u00f6z konusu g\u00fczerg\u00e2hlara kal\u0131c\u0131 asfalt d\u00f6k\u00fclecek. Bu i\u015flem s\u0131ras\u0131nda trafik ak\u0131\u015f\u0131 kontroll\u00fc \u015fekilde sa\u011flanacak. A\u00e7\u0131klamaya g\u00f6re,","og_url":"https:\/\/kibrisdakik.com\/?p=67619","article_published_time":"2024-10-25T09:05:09+00:00","og_image":[{"width":259,"height":194,"url":"https:\/\/kibrisdakik.com\/wp-content\/uploads\/2024\/10\/trafik-dikkat7.png","type":"image\/png"}],"author":"admin","twitter_card":"summary_large_image","twitter_misc":{"Yazan:":"admin","Tahmini okuma s\u00fcresi":"1 dakika"},"schema":{"@context":"https:\/\/schema.org","@graph":[{"@type":"Article","@id":"https:\/\/kibrisdakik.com\/?p=67619#article","isPartOf":{"@id":"https:\/\/kibrisdakik.com\/?p=67619"},"author":{"name":"admin","@id":"https:\/\/kibrisdakik.com\/#\/schema\/person\/9cd9d437bbb44f72b73ba127e06d8e79"},"headline":"Mehmet Akif Caddesi ile G\u00fclteki \u015eeng\u00f6r Sokak\u2019ta asfaltlama nedeniyle hafta sonu trafik ak\u0131\u015f\u0131 kontroll\u00fc sa\u011flanacak","datePublished":"2024-10-25T09:05:09+00:00","mainEntityOfPage":{"@id":"https:\/\/kibrisdakik.com\/?p=67619"},"wordCount":140,"commentCount":0,"image":{"@id":"https:\/\/kibrisdakik.com\/?p=67619#primaryimage"},"thumbnailUrl":"https:\/\/kibrisdakik.com\/wp-content\/uploads\/2024\/10\/trafik-dikkat7.png","articleSection":["K\u0131br\u0131s"],"inLanguage":"tr","potentialAction":[{"@type":"CommentAction","name":"Comment","target":["https:\/\/kibrisdakik.com\/?p=67619#respond"]}]},{"@type":"WebPage","@id":"https:\/\/kibrisdakik.com\/?p=67619","url":"https:\/\/kibrisdakik.com\/?p=67619","name":"Mehmet Akif Caddesi ile G\u00fclteki \u015eeng\u00f6r Sokak\u2019ta asfaltlama nedeniyle hafta sonu trafik ak\u0131\u015f\u0131 kontroll\u00fc sa\u011flanacak -","isPartOf":{"@id":"https:\/\/kibrisdakik.com\/#website"},"primaryImageOfPage":{"@id":"https:\/\/kibrisdakik.com\/?p=67619#primaryimage"},"image":{"@id":"https:\/\/kibrisdakik.com\/?p=67619#primaryimage"},"thumbnailUrl":"https:\/\/kibrisdakik.com\/wp-content\/uploads\/2024\/10\/trafik-dikkat7.png","datePublished":"2024-10-25T09:05:09+00:00","author":{"@id":"https:\/\/kibrisdakik.com\/#\/schema\/person\/9cd9d437bbb44f72b73ba127e06d8e79"},"breadcrumb":{"@id":"https:\/\/kibrisdakik.com\/?p=67619#breadcrumb"},"inLanguage":"tr","potentialAction":[{"@type":"ReadAction","target":["https:\/\/kibrisdakik.com\/?p=67619"]}]},{"@type":"ImageObject","inLanguage":"tr","@id":"https:\/\/kibrisdakik.com\/?p=67619#primaryimage","url":"https:\/\/kibrisdakik.com\/wp-content\/uploads\/2024\/10\/trafik-dikkat7.png","contentUrl":"https:\/\/kibrisdakik.com\/wp-content\/uploads\/2024\/10\/trafik-dikkat7.png","width":259,"height":194},{"@type":"BreadcrumbList","@id":"https:\/\/kibrisdakik.com\/?p=67619#breadcrumb","itemListElement":[{"@type":"ListItem","position":1,"name":"Home","item":"https:\/\/kibrisdakik.com\/"},{"@type":"ListItem","position":2,"name":"Mehmet Akif Caddesi ile G\u00fclteki \u015eeng\u00f6r Sokak\u2019ta asfaltlama nedeniyle hafta sonu trafik ak\u0131\u015f\u0131 kontroll\u00fc sa\u011flanacak"}]},{"@type":"WebSite","@id":"https:\/\/kibrisdakik.com\/#website","url":"https:\/\/kibrisdakik.com\/","name":"","description":"Tam vaktinde haber","potentialAction":[{"@type":"SearchAction","target":{"@type":"EntryPoint","urlTemplate":"https:\/\/kibrisdakik.com\/?s={search_term_string}"},"query-input":{"@type":"PropertyValueSpecification","valueRequired":true,"valueName":"search_term_string"}}],"inLanguage":"tr"},{"@type":"Person","@id":"https:\/\/kibrisdakik.com\/#\/schema\/person\/9cd9d437bbb44f72b73ba127e06d8e79","name":"admin","image":{"@type":"ImageObject","inLanguage":"tr","@id":"https:\/\/secure.gravatar.com\/avatar\/ccc17943b9d660506c869530f897617f7cb1c21a4bf30023f252596d83e1f007?s=96&d=mm&r=g","url":"https:\/\/secure.gravatar.com\/avatar\/ccc17943b9d660506c869530f897617f7cb1c21a4bf30023f252596d83e1f007?s=96&d=mm&r=g","contentUrl":"https:\/\/secure.gravatar.com\/avatar\/ccc17943b9d660506c869530f897617f7cb1c21a4bf30023f252596d83e1f007?s=96&d=mm&r=g","caption":"admin"},"sameAs":["https:\/\/kibrisdakik.com"],"url":"https:\/\/kibrisdakik.com\/?author=1"}]}},"_links":{"self":[{"href":"https:\/\/kibrisdakik.com\/index.php?rest_route=\/wp\/v2\/posts\/67619","targetHints":{"allow":["GET"]}}],"collection":[{"href":"https:\/\/kibrisdakik.com\/index.php?rest_route=\/wp\/v2\/posts"}],"about":[{"href":"https:\/\/kibrisdakik.com\/index.php?rest_route=\/wp\/v2\/types\/post"}],"author":[{"embeddable":true,"href":"https:\/\/kibrisdakik.com\/index.php?rest_route=\/wp\/v2\/users\/1"}],"replies":[{"embeddable":true,"href":"https:\/\/kibrisdakik.com\/index.php?rest_route=%2Fwp%2Fv2%2Fcomments&post=67619"}],"version-history":[{"count":0,"href":"https:\/\/kibrisdakik.com\/index.php?rest_route=\/wp\/v2\/posts\/67619\/revisions"}],"wp:featuredmedia":[{"embeddable":true,"href":"https:\/\/kibrisdakik.com\/index.php?rest_route=\/wp\/v2\/media\/67620"}],"wp:attachment":[{"href":"https:\/\/kibrisdakik.com\/index.php?rest_route=%2Fwp%2Fv2%2Fmedia&parent=67619"}],"wp:term":[{"taxonomy":"category","embeddable":true,"href":"https:\/\/kibrisdakik.com\/index.php?rest_route=%2Fwp%2Fv2%2Fcategories&post=67619"},{"taxonomy":"post_tag","embeddable":true,"href":"https:\/\/kibrisdakik.com\/index.php?rest_route=%2Fwp%2Fv2%2Ftags&post=67619"}],"curies":[{"name":"wp","href":"https:\/\/api.w.org\/{rel}","templated":true}]}}