{"id":67641,"date":"2024-10-25T14:47:12","date_gmt":"2024-10-25T11:47:12","guid":{"rendered":"https:\/\/kibrisdakik.com\/index.php\/2024\/10\/25\/ktoeos-egitimdeki-sorunlar-ve-ogretmen-eksikligi-nedeniyle-iskelede-eylem-yapti\/"},"modified":"2024-10-25T14:47:12","modified_gmt":"2024-10-25T11:47:12","slug":"ktoeos-egitimdeki-sorunlar-ve-ogretmen-eksikligi-nedeniyle-iskelede-eylem-yapti","status":"publish","type":"post","link":"https:\/\/kibrisdakik.com\/?p=67641","title":{"rendered":"KTOE\u00d6S e\u011fitimdeki sorunlar ve \u00f6\u011fretmen eksikli\u011fi nedeniyle \u0130skele\u2019de eylem yapt\u0131"},"content":{"rendered":"<div>\n<div class=\"mariselle-image-container center\">\n                                            <\/div>\n<p>K\u0131br\u0131s T\u00fcrk Orta E\u011fitim \u00d6\u011fretmenler Sendikas\u0131 (KTOE\u00d6S), e\u011fitim ve \u00f6\u011fretmen sorunlar\u0131 nedeniyle \u0130skele b\u00f6lgesi merkez okullarda bug\u00fcn 11.30-13.00 saatleri aras\u0131nda grev, 12.00\u2019de ise \u0130skele Evkaf Koleji\u2019nde grevde olan t\u00fcm okullar\u0131n \u00f6\u011fretmenlerinin de kat\u0131l\u0131m\u0131yla eylem yapt\u0131.<\/p>\n<p>Eylem gerek\u00e7elerini ili\u015fkin a\u00e7\u0131klamada bulunan K\u0131br\u0131s T\u00fcrk Orta E\u011fitim \u00d6\u011fretmenler Sendikas\u0131 Ba\u015fkan\u0131 Selma Eylem, pek \u00e7ok okulda g\u00fcvenlik riski bulunmas\u0131na ra\u011fmen okulda e\u011fitimin devam etti\u011fini, bir\u00e7ok okulda e\u011fitimde, altyap\u0131da, donan\u0131mda eksiklikler oldu\u011funu savundu.<\/p>\n<p>Eksik kadro gibi sorunlar\u0131n devam etti\u011fini s\u00f6yleyen Eylem, h\u00fck\u00fcmete g\u00f6r\u00fc\u015fme talebinde bulunduklar\u0131n\u0131 ancak sessiz kald\u0131\u011f\u0131n\u0131 ileri s\u00fcrd\u00fc ve g\u00f6r\u00fc\u015fme taleplerini bir yineledi.<\/p>\n<p>Selma Eylem, sorunlar kar\u015f\u0131s\u0131nda hem eylem, hem diyalog ve gerekirse de hukuki m\u00fccadelelerinin devam edece\u011fine de vurgu yapt\u0131.<\/p>\n<p>K\u0131br\u0131s T\u00fcrk Orta E\u011fitim \u00d6\u011fretmenler Sendikas\u0131 Genel Sekreteri Tahir G\u00f6k\u00e7ebel de okullardaki \u00f6\u011fretmen eksikli\u011fi, g\u00fcvenlik gibi konular\u0131n ivedilikle \u00e7\u00f6z\u00fclmesi gerekti\u011fini s\u00f6yleyerek, sorunlar\u0131n \u00e7\u00f6z\u00fcms\u00fcz kalmas\u0131n\u0131n kabul edilemeyece\u011fini i\u015faret etti.<\/p>\n<p>G\u00f6k\u00e7ebel sorunlar\u0131n \u00e7\u00f6z\u00fclmemesi durumunda m\u00fccadeleyi grevle, eylemle s\u00fcrd\u00fcreceklerini kaydederek \u201cH\u00fck\u00fcmet bu sese kulak vermezse do\u011facak sonu\u00e7lar\u0131n sorumlulu\u011funu ta\u015f\u0131yacakt\u0131r \u201cdedi.<\/p>\n<\/p><\/div>\n<p><script async\n                    defer\n                    crossorigin=\"anonymous\"\n                    src=\"https:\/\/connect.facebook.net\/tr_TR\/sdk.js#xfbml=1&#038;version=v3.3\"\n            ><\/script><\/p>\n","protected":false},"excerpt":{"rendered":"<p>K\u0131br\u0131s T\u00fcrk Orta E\u011fitim \u00d6\u011fretmenler Sendikas\u0131 (KTOE\u00d6S), e\u011fitim ve \u00f6\u011fretmen sorunlar\u0131 nedeniyle \u0130skele b\u00f6lgesi merkez okullarda bug\u00fcn 11.30-13.00 saatleri aras\u0131nda grev, 12.00\u2019de ise \u0130skele Evkaf Koleji\u2019nde grevde olan t\u00fcm okullar\u0131n \u00f6\u011fretmenlerinin de kat\u0131l\u0131m\u0131yla eylem yapt\u0131. Eylem gerek\u00e7elerini ili\u015fkin a\u00e7\u0131klamada bulunan K\u0131br\u0131s T\u00fcrk Orta E\u011fitim \u00d6\u011fretmenler Sendikas\u0131 Ba\u015fkan\u0131 Selma Eylem, pek \u00e7ok okulda g\u00fcvenlik riski bulunmas\u0131na<\/p>\n","protected":false},"author":1,"featured_media":67642,"comment_status":"open","ping_status":"open","sticky":false,"template":"","format":"standard","meta":{"footnotes":""},"categories":[81],"tags":[],"class_list":["post-67641","post","type-post","status-publish","format-standard","has-post-thumbnail","hentry","category-kibris"],"yoast_head":"<!-- This site is optimized with the Yoast SEO plugin v27.4 - https:\/\/yoast.com\/product\/yoast-seo-wordpress\/ -->\n<title>KTOE\u00d6S e\u011fitimdeki sorunlar ve \u00f6\u011fretmen eksikli\u011fi nedeniyle \u0130skele\u2019de eylem yapt\u0131 -<\/title>\n<meta name=\"robots\" content=\"index, follow, max-snippet:-1, max-image-preview:large, max-video-preview:-1\" \/>\n<link rel=\"canonical\" href=\"https:\/\/kibrisdakik.com\/?p=67641\" \/>\n<meta property=\"og:locale\" content=\"tr_TR\" \/>\n<meta property=\"og:type\" content=\"article\" \/>\n<meta property=\"og:title\" content=\"KTOE\u00d6S e\u011fitimdeki sorunlar ve \u00f6\u011fretmen eksikli\u011fi nedeniyle \u0130skele\u2019de eylem yapt\u0131 -\" \/>\n<meta property=\"og:description\" content=\"K\u0131br\u0131s T\u00fcrk Orta E\u011fitim \u00d6\u011fretmenler Sendikas\u0131 (KTOE\u00d6S), e\u011fitim ve \u00f6\u011fretmen sorunlar\u0131 nedeniyle \u0130skele b\u00f6lgesi merkez okullarda bug\u00fcn 11.30-13.00 saatleri aras\u0131nda grev, 12.00\u2019de ise \u0130skele Evkaf Koleji\u2019nde grevde olan t\u00fcm okullar\u0131n \u00f6\u011fretmenlerinin de kat\u0131l\u0131m\u0131yla eylem yapt\u0131. Eylem gerek\u00e7elerini ili\u015fkin a\u00e7\u0131klamada bulunan K\u0131br\u0131s T\u00fcrk Orta E\u011fitim \u00d6\u011fretmenler Sendikas\u0131 Ba\u015fkan\u0131 Selma Eylem, pek \u00e7ok okulda g\u00fcvenlik riski bulunmas\u0131na\" \/>\n<meta property=\"og:url\" content=\"https:\/\/kibrisdakik.com\/?p=67641\" \/>\n<meta property=\"article:published_time\" content=\"2024-10-25T11:47:12+00:00\" \/>\n<meta property=\"og:image\" content=\"https:\/\/kibrisdakik.com\/wp-content\/uploads\/2024\/10\/ISKELE-EVKAF-740x420.jpg\" \/>\n\t<meta property=\"og:image:width\" content=\"2040\" \/>\n\t<meta property=\"og:image:height\" content=\"1536\" \/>\n\t<meta property=\"og:image:type\" content=\"image\/jpeg\" \/>\n<meta name=\"author\" content=\"admin\" \/>\n<meta name=\"twitter:card\" content=\"summary_large_image\" \/>\n<meta name=\"twitter:label1\" content=\"Yazan:\" \/>\n\t<meta name=\"twitter:data1\" content=\"admin\" \/>\n\t<meta name=\"twitter:label2\" content=\"Tahmini okuma s\u00fcresi\" \/>\n\t<meta name=\"twitter:data2\" content=\"1 dakika\" \/>\n<script type=\"application\/ld+json\" class=\"yoast-schema-graph\">{\"@context\":\"https:\\\/\\\/schema.org\",\"@graph\":[{\"@type\":\"Article\",\"@id\":\"https:\\\/\\\/kibrisdakik.com\\\/?p=67641#article\",\"isPartOf\":{\"@id\":\"https:\\\/\\\/kibrisdakik.com\\\/?p=67641\"},\"author\":{\"name\":\"admin\",\"@id\":\"https:\\\/\\\/kibrisdakik.com\\\/#\\\/schema\\\/person\\\/9cd9d437bbb44f72b73ba127e06d8e79\"},\"headline\":\"KTOE\u00d6S e\u011fitimdeki sorunlar ve \u00f6\u011fretmen eksikli\u011fi nedeniyle \u0130skele\u2019de eylem yapt\u0131\",\"datePublished\":\"2024-10-25T11:47:12+00:00\",\"mainEntityOfPage\":{\"@id\":\"https:\\\/\\\/kibrisdakik.com\\\/?p=67641\"},\"wordCount\":252,\"commentCount\":0,\"image\":{\"@id\":\"https:\\\/\\\/kibrisdakik.com\\\/?p=67641#primaryimage\"},\"thumbnailUrl\":\"https:\\\/\\\/kibrisdakik.com\\\/wp-content\\\/uploads\\\/2024\\\/10\\\/ISKELE-EVKAF-740x420.jpg\",\"articleSection\":[\"K\u0131br\u0131s\"],\"inLanguage\":\"tr\",\"potentialAction\":[{\"@type\":\"CommentAction\",\"name\":\"Comment\",\"target\":[\"https:\\\/\\\/kibrisdakik.com\\\/?p=67641#respond\"]}]},{\"@type\":\"WebPage\",\"@id\":\"https:\\\/\\\/kibrisdakik.com\\\/?p=67641\",\"url\":\"https:\\\/\\\/kibrisdakik.com\\\/?p=67641\",\"name\":\"KTOE\u00d6S e\u011fitimdeki sorunlar ve \u00f6\u011fretmen eksikli\u011fi nedeniyle \u0130skele\u2019de eylem yapt\u0131 -\",\"isPartOf\":{\"@id\":\"https:\\\/\\\/kibrisdakik.com\\\/#website\"},\"primaryImageOfPage\":{\"@id\":\"https:\\\/\\\/kibrisdakik.com\\\/?p=67641#primaryimage\"},\"image\":{\"@id\":\"https:\\\/\\\/kibrisdakik.com\\\/?p=67641#primaryimage\"},\"thumbnailUrl\":\"https:\\\/\\\/kibrisdakik.com\\\/wp-content\\\/uploads\\\/2024\\\/10\\\/ISKELE-EVKAF-740x420.jpg\",\"datePublished\":\"2024-10-25T11:47:12+00:00\",\"author\":{\"@id\":\"https:\\\/\\\/kibrisdakik.com\\\/#\\\/schema\\\/person\\\/9cd9d437bbb44f72b73ba127e06d8e79\"},\"breadcrumb\":{\"@id\":\"https:\\\/\\\/kibrisdakik.com\\\/?p=67641#breadcrumb\"},\"inLanguage\":\"tr\",\"potentialAction\":[{\"@type\":\"ReadAction\",\"target\":[\"https:\\\/\\\/kibrisdakik.com\\\/?p=67641\"]}]},{\"@type\":\"ImageObject\",\"inLanguage\":\"tr\",\"@id\":\"https:\\\/\\\/kibrisdakik.com\\\/?p=67641#primaryimage\",\"url\":\"https:\\\/\\\/kibrisdakik.com\\\/wp-content\\\/uploads\\\/2024\\\/10\\\/ISKELE-EVKAF-740x420.jpg\",\"contentUrl\":\"https:\\\/\\\/kibrisdakik.com\\\/wp-content\\\/uploads\\\/2024\\\/10\\\/ISKELE-EVKAF-740x420.jpg\",\"width\":2040,\"height\":1536},{\"@type\":\"BreadcrumbList\",\"@id\":\"https:\\\/\\\/kibrisdakik.com\\\/?p=67641#breadcrumb\",\"itemListElement\":[{\"@type\":\"ListItem\",\"position\":1,\"name\":\"Home\",\"item\":\"https:\\\/\\\/kibrisdakik.com\\\/\"},{\"@type\":\"ListItem\",\"position\":2,\"name\":\"KTOE\u00d6S e\u011fitimdeki sorunlar ve \u00f6\u011fretmen eksikli\u011fi nedeniyle \u0130skele\u2019de eylem yapt\u0131\"}]},{\"@type\":\"WebSite\",\"@id\":\"https:\\\/\\\/kibrisdakik.com\\\/#website\",\"url\":\"https:\\\/\\\/kibrisdakik.com\\\/\",\"name\":\"\",\"description\":\"Tam vaktinde haber\",\"potentialAction\":[{\"@type\":\"SearchAction\",\"target\":{\"@type\":\"EntryPoint\",\"urlTemplate\":\"https:\\\/\\\/kibrisdakik.com\\\/?s={search_term_string}\"},\"query-input\":{\"@type\":\"PropertyValueSpecification\",\"valueRequired\":true,\"valueName\":\"search_term_string\"}}],\"inLanguage\":\"tr\"},{\"@type\":\"Person\",\"@id\":\"https:\\\/\\\/kibrisdakik.com\\\/#\\\/schema\\\/person\\\/9cd9d437bbb44f72b73ba127e06d8e79\",\"name\":\"admin\",\"image\":{\"@type\":\"ImageObject\",\"inLanguage\":\"tr\",\"@id\":\"https:\\\/\\\/secure.gravatar.com\\\/avatar\\\/ccc17943b9d660506c869530f897617f7cb1c21a4bf30023f252596d83e1f007?s=96&d=mm&r=g\",\"url\":\"https:\\\/\\\/secure.gravatar.com\\\/avatar\\\/ccc17943b9d660506c869530f897617f7cb1c21a4bf30023f252596d83e1f007?s=96&d=mm&r=g\",\"contentUrl\":\"https:\\\/\\\/secure.gravatar.com\\\/avatar\\\/ccc17943b9d660506c869530f897617f7cb1c21a4bf30023f252596d83e1f007?s=96&d=mm&r=g\",\"caption\":\"admin\"},\"sameAs\":[\"https:\\\/\\\/kibrisdakik.com\"],\"url\":\"https:\\\/\\\/kibrisdakik.com\\\/?author=1\"}]}<\/script>\n<!-- \/ Yoast SEO plugin. -->","yoast_head_json":{"title":"KTOE\u00d6S e\u011fitimdeki sorunlar ve \u00f6\u011fretmen eksikli\u011fi nedeniyle \u0130skele\u2019de eylem yapt\u0131 -","robots":{"index":"index","follow":"follow","max-snippet":"max-snippet:-1","max-image-preview":"max-image-preview:large","max-video-preview":"max-video-preview:-1"},"canonical":"https:\/\/kibrisdakik.com\/?p=67641","og_locale":"tr_TR","og_type":"article","og_title":"KTOE\u00d6S e\u011fitimdeki sorunlar ve \u00f6\u011fretmen eksikli\u011fi nedeniyle \u0130skele\u2019de eylem yapt\u0131 -","og_description":"K\u0131br\u0131s T\u00fcrk Orta E\u011fitim \u00d6\u011fretmenler Sendikas\u0131 (KTOE\u00d6S), e\u011fitim ve \u00f6\u011fretmen sorunlar\u0131 nedeniyle \u0130skele b\u00f6lgesi merkez okullarda bug\u00fcn 11.30-13.00 saatleri aras\u0131nda grev, 12.00\u2019de ise \u0130skele Evkaf Koleji\u2019nde grevde olan t\u00fcm okullar\u0131n \u00f6\u011fretmenlerinin de kat\u0131l\u0131m\u0131yla eylem yapt\u0131. Eylem gerek\u00e7elerini ili\u015fkin a\u00e7\u0131klamada bulunan K\u0131br\u0131s T\u00fcrk Orta E\u011fitim \u00d6\u011fretmenler Sendikas\u0131 Ba\u015fkan\u0131 Selma Eylem, pek \u00e7ok okulda g\u00fcvenlik riski bulunmas\u0131na","og_url":"https:\/\/kibrisdakik.com\/?p=67641","article_published_time":"2024-10-25T11:47:12+00:00","og_image":[{"width":2040,"height":1536,"url":"https:\/\/kibrisdakik.com\/wp-content\/uploads\/2024\/10\/ISKELE-EVKAF-740x420.jpg","type":"image\/jpeg"}],"author":"admin","twitter_card":"summary_large_image","twitter_misc":{"Yazan:":"admin","Tahmini okuma s\u00fcresi":"1 dakika"},"schema":{"@context":"https:\/\/schema.org","@graph":[{"@type":"Article","@id":"https:\/\/kibrisdakik.com\/?p=67641#article","isPartOf":{"@id":"https:\/\/kibrisdakik.com\/?p=67641"},"author":{"name":"admin","@id":"https:\/\/kibrisdakik.com\/#\/schema\/person\/9cd9d437bbb44f72b73ba127e06d8e79"},"headline":"KTOE\u00d6S e\u011fitimdeki sorunlar ve \u00f6\u011fretmen eksikli\u011fi nedeniyle \u0130skele\u2019de eylem yapt\u0131","datePublished":"2024-10-25T11:47:12+00:00","mainEntityOfPage":{"@id":"https:\/\/kibrisdakik.com\/?p=67641"},"wordCount":252,"commentCount":0,"image":{"@id":"https:\/\/kibrisdakik.com\/?p=67641#primaryimage"},"thumbnailUrl":"https:\/\/kibrisdakik.com\/wp-content\/uploads\/2024\/10\/ISKELE-EVKAF-740x420.jpg","articleSection":["K\u0131br\u0131s"],"inLanguage":"tr","potentialAction":[{"@type":"CommentAction","name":"Comment","target":["https:\/\/kibrisdakik.com\/?p=67641#respond"]}]},{"@type":"WebPage","@id":"https:\/\/kibrisdakik.com\/?p=67641","url":"https:\/\/kibrisdakik.com\/?p=67641","name":"KTOE\u00d6S e\u011fitimdeki sorunlar ve \u00f6\u011fretmen eksikli\u011fi nedeniyle \u0130skele\u2019de eylem yapt\u0131 -","isPartOf":{"@id":"https:\/\/kibrisdakik.com\/#website"},"primaryImageOfPage":{"@id":"https:\/\/kibrisdakik.com\/?p=67641#primaryimage"},"image":{"@id":"https:\/\/kibrisdakik.com\/?p=67641#primaryimage"},"thumbnailUrl":"https:\/\/kibrisdakik.com\/wp-content\/uploads\/2024\/10\/ISKELE-EVKAF-740x420.jpg","datePublished":"2024-10-25T11:47:12+00:00","author":{"@id":"https:\/\/kibrisdakik.com\/#\/schema\/person\/9cd9d437bbb44f72b73ba127e06d8e79"},"breadcrumb":{"@id":"https:\/\/kibrisdakik.com\/?p=67641#breadcrumb"},"inLanguage":"tr","potentialAction":[{"@type":"ReadAction","target":["https:\/\/kibrisdakik.com\/?p=67641"]}]},{"@type":"ImageObject","inLanguage":"tr","@id":"https:\/\/kibrisdakik.com\/?p=67641#primaryimage","url":"https:\/\/kibrisdakik.com\/wp-content\/uploads\/2024\/10\/ISKELE-EVKAF-740x420.jpg","contentUrl":"https:\/\/kibrisdakik.com\/wp-content\/uploads\/2024\/10\/ISKELE-EVKAF-740x420.jpg","width":2040,"height":1536},{"@type":"BreadcrumbList","@id":"https:\/\/kibrisdakik.com\/?p=67641#breadcrumb","itemListElement":[{"@type":"ListItem","position":1,"name":"Home","item":"https:\/\/kibrisdakik.com\/"},{"@type":"ListItem","position":2,"name":"KTOE\u00d6S e\u011fitimdeki sorunlar ve \u00f6\u011fretmen eksikli\u011fi nedeniyle \u0130skele\u2019de eylem yapt\u0131"}]},{"@type":"WebSite","@id":"https:\/\/kibrisdakik.com\/#website","url":"https:\/\/kibrisdakik.com\/","name":"","description":"Tam vaktinde haber","potentialAction":[{"@type":"SearchAction","target":{"@type":"EntryPoint","urlTemplate":"https:\/\/kibrisdakik.com\/?s={search_term_string}"},"query-input":{"@type":"PropertyValueSpecification","valueRequired":true,"valueName":"search_term_string"}}],"inLanguage":"tr"},{"@type":"Person","@id":"https:\/\/kibrisdakik.com\/#\/schema\/person\/9cd9d437bbb44f72b73ba127e06d8e79","name":"admin","image":{"@type":"ImageObject","inLanguage":"tr","@id":"https:\/\/secure.gravatar.com\/avatar\/ccc17943b9d660506c869530f897617f7cb1c21a4bf30023f252596d83e1f007?s=96&d=mm&r=g","url":"https:\/\/secure.gravatar.com\/avatar\/ccc17943b9d660506c869530f897617f7cb1c21a4bf30023f252596d83e1f007?s=96&d=mm&r=g","contentUrl":"https:\/\/secure.gravatar.com\/avatar\/ccc17943b9d660506c869530f897617f7cb1c21a4bf30023f252596d83e1f007?s=96&d=mm&r=g","caption":"admin"},"sameAs":["https:\/\/kibrisdakik.com"],"url":"https:\/\/kibrisdakik.com\/?author=1"}]}},"_links":{"self":[{"href":"https:\/\/kibrisdakik.com\/index.php?rest_route=\/wp\/v2\/posts\/67641","targetHints":{"allow":["GET"]}}],"collection":[{"href":"https:\/\/kibrisdakik.com\/index.php?rest_route=\/wp\/v2\/posts"}],"about":[{"href":"https:\/\/kibrisdakik.com\/index.php?rest_route=\/wp\/v2\/types\/post"}],"author":[{"embeddable":true,"href":"https:\/\/kibrisdakik.com\/index.php?rest_route=\/wp\/v2\/users\/1"}],"replies":[{"embeddable":true,"href":"https:\/\/kibrisdakik.com\/index.php?rest_route=%2Fwp%2Fv2%2Fcomments&post=67641"}],"version-history":[{"count":0,"href":"https:\/\/kibrisdakik.com\/index.php?rest_route=\/wp\/v2\/posts\/67641\/revisions"}],"wp:featuredmedia":[{"embeddable":true,"href":"https:\/\/kibrisdakik.com\/index.php?rest_route=\/wp\/v2\/media\/67642"}],"wp:attachment":[{"href":"https:\/\/kibrisdakik.com\/index.php?rest_route=%2Fwp%2Fv2%2Fmedia&parent=67641"}],"wp:term":[{"taxonomy":"category","embeddable":true,"href":"https:\/\/kibrisdakik.com\/index.php?rest_route=%2Fwp%2Fv2%2Fcategories&post=67641"},{"taxonomy":"post_tag","embeddable":true,"href":"https:\/\/kibrisdakik.com\/index.php?rest_route=%2Fwp%2Fv2%2Ftags&post=67641"}],"curies":[{"name":"wp","href":"https:\/\/api.w.org\/{rel}","templated":true}]}}