{"id":67667,"date":"2024-10-26T10:34:07","date_gmt":"2024-10-26T07:34:07","guid":{"rendered":"https:\/\/kibrisdakik.com\/index.php\/2024\/10\/26\/cumhurbaskani-tatar-temaslarda-bulunmak-ve-teror-saldirisinda-yaralananlari-ziyaret-etmek-uzere-turkiyeye-gitti\/"},"modified":"2024-10-26T10:34:07","modified_gmt":"2024-10-26T07:34:07","slug":"cumhurbaskani-tatar-temaslarda-bulunmak-ve-teror-saldirisinda-yaralananlari-ziyaret-etmek-uzere-turkiyeye-gitti","status":"publish","type":"post","link":"https:\/\/kibrisdakik.com\/?p=67667","title":{"rendered":"Cumhurba\u015fkan\u0131 Tatar, temaslarda bulunmak ve ter\u00f6r sald\u0131r\u0131s\u0131nda yaralananlar\u0131 ziyaret etmek \u00fczere T\u00fcrkiye\u2019ye gitti"},"content":{"rendered":"<div>\n<div class=\"mariselle-image-container center\">\n                                            <\/div>\n<p>Cumhurba\u015fkan\u0131 Ersin Tatar, temaslarda bulunmak ve ter\u00f6r sald\u0131r\u0131s\u0131nda yaralananlar\u0131 ziyaret etmek \u00fczere T\u00fcrkiye\u2019ye gitti<\/p>\n<p>Cumhurba\u015fkan\u0131 Ersin Tatar, \u0130stanbul\u2019da temaslarda bulunmak ve baz\u0131 etkinliklere kat\u0131lmak amac\u0131 ile bu sabah Kuzey K\u0131br\u0131s T\u00fcrk Cumhuriyeti\u2019nden ayr\u0131ld\u0131. <\/p>\n<p>Cumhurba\u015fkan\u0131 Tatar, \u0130stanbul\u2019dan Ankara\u2019ya ge\u00e7ecek, Tusa\u015f\u2019ta ger\u00e7ekle\u015fen ter\u00f6r sald\u0131r\u0131s\u0131nda yaralanan vatanda\u015flar\u0131 ziyaret edip ve \u00e7e\u015fitli temaslarda bulunacak. <\/p>\n<p>Cumhurba\u015fkan\u0131 Tatar, Pazar ak\u015fam\u0131 Kuzey K\u0131br\u0131s T\u00fcrk Cumhuriyeti\u2019ne d\u00f6necek.<\/p>\n<\/p><\/div>\n<p><script async\n                    defer\n                    crossorigin=\"anonymous\"\n                    src=\"https:\/\/connect.facebook.net\/tr_TR\/sdk.js#xfbml=1&#038;version=v3.3\"\n            ><\/script><\/p>\n","protected":false},"excerpt":{"rendered":"<p>Cumhurba\u015fkan\u0131 Ersin Tatar, temaslarda bulunmak ve ter\u00f6r sald\u0131r\u0131s\u0131nda yaralananlar\u0131 ziyaret etmek \u00fczere T\u00fcrkiye\u2019ye gitti Cumhurba\u015fkan\u0131 Ersin Tatar, \u0130stanbul\u2019da temaslarda bulunmak ve baz\u0131 etkinliklere kat\u0131lmak amac\u0131 ile bu sabah Kuzey K\u0131br\u0131s T\u00fcrk Cumhuriyeti\u2019nden ayr\u0131ld\u0131. Cumhurba\u015fkan\u0131 Tatar, \u0130stanbul\u2019dan Ankara\u2019ya ge\u00e7ecek, Tusa\u015f\u2019ta ger\u00e7ekle\u015fen ter\u00f6r sald\u0131r\u0131s\u0131nda yaralanan vatanda\u015flar\u0131 ziyaret edip ve \u00e7e\u015fitli temaslarda bulunacak. Cumhurba\u015fkan\u0131 Tatar, Pazar ak\u015fam\u0131 Kuzey<\/p>\n","protected":false},"author":1,"featured_media":67668,"comment_status":"open","ping_status":"open","sticky":false,"template":"","format":"standard","meta":{"footnotes":""},"categories":[81],"tags":[],"class_list":["post-67667","post","type-post","status-publish","format-standard","has-post-thumbnail","hentry","category-kibris"],"yoast_head":"<!-- This site is optimized with the Yoast SEO plugin v27.5 - https:\/\/yoast.com\/product\/yoast-seo-wordpress\/ -->\n<title>Cumhurba\u015fkan\u0131 Tatar, temaslarda bulunmak ve ter\u00f6r sald\u0131r\u0131s\u0131nda yaralananlar\u0131 ziyaret etmek \u00fczere T\u00fcrkiye\u2019ye gitti -<\/title>\n<meta name=\"robots\" content=\"index, follow, max-snippet:-1, max-image-preview:large, max-video-preview:-1\" \/>\n<link rel=\"canonical\" href=\"https:\/\/kibrisdakik.com\/?p=67667\" \/>\n<meta property=\"og:locale\" content=\"tr_TR\" \/>\n<meta property=\"og:type\" content=\"article\" \/>\n<meta property=\"og:title\" content=\"Cumhurba\u015fkan\u0131 Tatar, temaslarda bulunmak ve ter\u00f6r sald\u0131r\u0131s\u0131nda yaralananlar\u0131 ziyaret etmek \u00fczere T\u00fcrkiye\u2019ye gitti -\" \/>\n<meta property=\"og:description\" content=\"Cumhurba\u015fkan\u0131 Ersin Tatar, temaslarda bulunmak ve ter\u00f6r sald\u0131r\u0131s\u0131nda yaralananlar\u0131 ziyaret etmek \u00fczere T\u00fcrkiye\u2019ye gitti Cumhurba\u015fkan\u0131 Ersin Tatar, \u0130stanbul\u2019da temaslarda bulunmak ve baz\u0131 etkinliklere kat\u0131lmak amac\u0131 ile bu sabah Kuzey K\u0131br\u0131s T\u00fcrk Cumhuriyeti\u2019nden ayr\u0131ld\u0131. Cumhurba\u015fkan\u0131 Tatar, \u0130stanbul\u2019dan Ankara\u2019ya ge\u00e7ecek, Tusa\u015f\u2019ta ger\u00e7ekle\u015fen ter\u00f6r sald\u0131r\u0131s\u0131nda yaralanan vatanda\u015flar\u0131 ziyaret edip ve \u00e7e\u015fitli temaslarda bulunacak. Cumhurba\u015fkan\u0131 Tatar, Pazar ak\u015fam\u0131 Kuzey\" \/>\n<meta property=\"og:url\" content=\"https:\/\/kibrisdakik.com\/?p=67667\" \/>\n<meta property=\"article:published_time\" content=\"2024-10-26T07:34:07+00:00\" \/>\n<meta property=\"og:image\" content=\"https:\/\/kibrisdakik.com\/wp-content\/uploads\/2024\/10\/tatar-ercan-basin-24-scaled-740x420.jpg\" \/>\n\t<meta property=\"og:image:width\" content=\"2560\" \/>\n\t<meta property=\"og:image:height\" content=\"1509\" \/>\n\t<meta property=\"og:image:type\" content=\"image\/jpeg\" \/>\n<meta name=\"author\" content=\"admin\" \/>\n<meta name=\"twitter:card\" content=\"summary_large_image\" \/>\n<meta name=\"twitter:label1\" content=\"Yazan:\" \/>\n\t<meta name=\"twitter:data1\" content=\"admin\" \/>\n<script type=\"application\/ld+json\" class=\"yoast-schema-graph\">{\"@context\":\"https:\\\/\\\/schema.org\",\"@graph\":[{\"@type\":\"Article\",\"@id\":\"https:\\\/\\\/kibrisdakik.com\\\/?p=67667#article\",\"isPartOf\":{\"@id\":\"https:\\\/\\\/kibrisdakik.com\\\/?p=67667\"},\"author\":{\"name\":\"admin\",\"@id\":\"https:\\\/\\\/kibrisdakik.com\\\/#\\\/schema\\\/person\\\/9cd9d437bbb44f72b73ba127e06d8e79\"},\"headline\":\"Cumhurba\u015fkan\u0131 Tatar, temaslarda bulunmak ve ter\u00f6r sald\u0131r\u0131s\u0131nda yaralananlar\u0131 ziyaret etmek \u00fczere T\u00fcrkiye\u2019ye gitti\",\"datePublished\":\"2024-10-26T07:34:07+00:00\",\"mainEntityOfPage\":{\"@id\":\"https:\\\/\\\/kibrisdakik.com\\\/?p=67667\"},\"wordCount\":114,\"commentCount\":0,\"image\":{\"@id\":\"https:\\\/\\\/kibrisdakik.com\\\/?p=67667#primaryimage\"},\"thumbnailUrl\":\"https:\\\/\\\/kibrisdakik.com\\\/wp-content\\\/uploads\\\/2024\\\/10\\\/tatar-ercan-basin-24-scaled-740x420.jpg\",\"articleSection\":[\"K\u0131br\u0131s\"],\"inLanguage\":\"tr\",\"potentialAction\":[{\"@type\":\"CommentAction\",\"name\":\"Comment\",\"target\":[\"https:\\\/\\\/kibrisdakik.com\\\/?p=67667#respond\"]}]},{\"@type\":\"WebPage\",\"@id\":\"https:\\\/\\\/kibrisdakik.com\\\/?p=67667\",\"url\":\"https:\\\/\\\/kibrisdakik.com\\\/?p=67667\",\"name\":\"Cumhurba\u015fkan\u0131 Tatar, temaslarda bulunmak ve ter\u00f6r sald\u0131r\u0131s\u0131nda yaralananlar\u0131 ziyaret etmek \u00fczere T\u00fcrkiye\u2019ye gitti -\",\"isPartOf\":{\"@id\":\"https:\\\/\\\/kibrisdakik.com\\\/#website\"},\"primaryImageOfPage\":{\"@id\":\"https:\\\/\\\/kibrisdakik.com\\\/?p=67667#primaryimage\"},\"image\":{\"@id\":\"https:\\\/\\\/kibrisdakik.com\\\/?p=67667#primaryimage\"},\"thumbnailUrl\":\"https:\\\/\\\/kibrisdakik.com\\\/wp-content\\\/uploads\\\/2024\\\/10\\\/tatar-ercan-basin-24-scaled-740x420.jpg\",\"datePublished\":\"2024-10-26T07:34:07+00:00\",\"author\":{\"@id\":\"https:\\\/\\\/kibrisdakik.com\\\/#\\\/schema\\\/person\\\/9cd9d437bbb44f72b73ba127e06d8e79\"},\"breadcrumb\":{\"@id\":\"https:\\\/\\\/kibrisdakik.com\\\/?p=67667#breadcrumb\"},\"inLanguage\":\"tr\",\"potentialAction\":[{\"@type\":\"ReadAction\",\"target\":[\"https:\\\/\\\/kibrisdakik.com\\\/?p=67667\"]}]},{\"@type\":\"ImageObject\",\"inLanguage\":\"tr\",\"@id\":\"https:\\\/\\\/kibrisdakik.com\\\/?p=67667#primaryimage\",\"url\":\"https:\\\/\\\/kibrisdakik.com\\\/wp-content\\\/uploads\\\/2024\\\/10\\\/tatar-ercan-basin-24-scaled-740x420.jpg\",\"contentUrl\":\"https:\\\/\\\/kibrisdakik.com\\\/wp-content\\\/uploads\\\/2024\\\/10\\\/tatar-ercan-basin-24-scaled-740x420.jpg\",\"width\":2560,\"height\":1509},{\"@type\":\"BreadcrumbList\",\"@id\":\"https:\\\/\\\/kibrisdakik.com\\\/?p=67667#breadcrumb\",\"itemListElement\":[{\"@type\":\"ListItem\",\"position\":1,\"name\":\"Home\",\"item\":\"https:\\\/\\\/kibrisdakik.com\\\/\"},{\"@type\":\"ListItem\",\"position\":2,\"name\":\"Cumhurba\u015fkan\u0131 Tatar, temaslarda bulunmak ve ter\u00f6r sald\u0131r\u0131s\u0131nda yaralananlar\u0131 ziyaret etmek \u00fczere T\u00fcrkiye\u2019ye gitti\"}]},{\"@type\":\"WebSite\",\"@id\":\"https:\\\/\\\/kibrisdakik.com\\\/#website\",\"url\":\"https:\\\/\\\/kibrisdakik.com\\\/\",\"name\":\"\",\"description\":\"Tam vaktinde haber\",\"potentialAction\":[{\"@type\":\"SearchAction\",\"target\":{\"@type\":\"EntryPoint\",\"urlTemplate\":\"https:\\\/\\\/kibrisdakik.com\\\/?s={search_term_string}\"},\"query-input\":{\"@type\":\"PropertyValueSpecification\",\"valueRequired\":true,\"valueName\":\"search_term_string\"}}],\"inLanguage\":\"tr\"},{\"@type\":\"Person\",\"@id\":\"https:\\\/\\\/kibrisdakik.com\\\/#\\\/schema\\\/person\\\/9cd9d437bbb44f72b73ba127e06d8e79\",\"name\":\"admin\",\"image\":{\"@type\":\"ImageObject\",\"inLanguage\":\"tr\",\"@id\":\"https:\\\/\\\/secure.gravatar.com\\\/avatar\\\/ccc17943b9d660506c869530f897617f7cb1c21a4bf30023f252596d83e1f007?s=96&d=mm&r=g\",\"url\":\"https:\\\/\\\/secure.gravatar.com\\\/avatar\\\/ccc17943b9d660506c869530f897617f7cb1c21a4bf30023f252596d83e1f007?s=96&d=mm&r=g\",\"contentUrl\":\"https:\\\/\\\/secure.gravatar.com\\\/avatar\\\/ccc17943b9d660506c869530f897617f7cb1c21a4bf30023f252596d83e1f007?s=96&d=mm&r=g\",\"caption\":\"admin\"},\"sameAs\":[\"https:\\\/\\\/kibrisdakik.com\"],\"url\":\"https:\\\/\\\/kibrisdakik.com\\\/?author=1\"}]}<\/script>\n<!-- \/ Yoast SEO plugin. -->","yoast_head_json":{"title":"Cumhurba\u015fkan\u0131 Tatar, temaslarda bulunmak ve ter\u00f6r sald\u0131r\u0131s\u0131nda yaralananlar\u0131 ziyaret etmek \u00fczere T\u00fcrkiye\u2019ye gitti -","robots":{"index":"index","follow":"follow","max-snippet":"max-snippet:-1","max-image-preview":"max-image-preview:large","max-video-preview":"max-video-preview:-1"},"canonical":"https:\/\/kibrisdakik.com\/?p=67667","og_locale":"tr_TR","og_type":"article","og_title":"Cumhurba\u015fkan\u0131 Tatar, temaslarda bulunmak ve ter\u00f6r sald\u0131r\u0131s\u0131nda yaralananlar\u0131 ziyaret etmek \u00fczere T\u00fcrkiye\u2019ye gitti -","og_description":"Cumhurba\u015fkan\u0131 Ersin Tatar, temaslarda bulunmak ve ter\u00f6r sald\u0131r\u0131s\u0131nda yaralananlar\u0131 ziyaret etmek \u00fczere T\u00fcrkiye\u2019ye gitti Cumhurba\u015fkan\u0131 Ersin Tatar, \u0130stanbul\u2019da temaslarda bulunmak ve baz\u0131 etkinliklere kat\u0131lmak amac\u0131 ile bu sabah Kuzey K\u0131br\u0131s T\u00fcrk Cumhuriyeti\u2019nden ayr\u0131ld\u0131. Cumhurba\u015fkan\u0131 Tatar, \u0130stanbul\u2019dan Ankara\u2019ya ge\u00e7ecek, Tusa\u015f\u2019ta ger\u00e7ekle\u015fen ter\u00f6r sald\u0131r\u0131s\u0131nda yaralanan vatanda\u015flar\u0131 ziyaret edip ve \u00e7e\u015fitli temaslarda bulunacak. Cumhurba\u015fkan\u0131 Tatar, Pazar ak\u015fam\u0131 Kuzey","og_url":"https:\/\/kibrisdakik.com\/?p=67667","article_published_time":"2024-10-26T07:34:07+00:00","og_image":[{"width":2560,"height":1509,"url":"https:\/\/kibrisdakik.com\/wp-content\/uploads\/2024\/10\/tatar-ercan-basin-24-scaled-740x420.jpg","type":"image\/jpeg"}],"author":"admin","twitter_card":"summary_large_image","twitter_misc":{"Yazan:":"admin"},"schema":{"@context":"https:\/\/schema.org","@graph":[{"@type":"Article","@id":"https:\/\/kibrisdakik.com\/?p=67667#article","isPartOf":{"@id":"https:\/\/kibrisdakik.com\/?p=67667"},"author":{"name":"admin","@id":"https:\/\/kibrisdakik.com\/#\/schema\/person\/9cd9d437bbb44f72b73ba127e06d8e79"},"headline":"Cumhurba\u015fkan\u0131 Tatar, temaslarda bulunmak ve ter\u00f6r sald\u0131r\u0131s\u0131nda yaralananlar\u0131 ziyaret etmek \u00fczere T\u00fcrkiye\u2019ye gitti","datePublished":"2024-10-26T07:34:07+00:00","mainEntityOfPage":{"@id":"https:\/\/kibrisdakik.com\/?p=67667"},"wordCount":114,"commentCount":0,"image":{"@id":"https:\/\/kibrisdakik.com\/?p=67667#primaryimage"},"thumbnailUrl":"https:\/\/kibrisdakik.com\/wp-content\/uploads\/2024\/10\/tatar-ercan-basin-24-scaled-740x420.jpg","articleSection":["K\u0131br\u0131s"],"inLanguage":"tr","potentialAction":[{"@type":"CommentAction","name":"Comment","target":["https:\/\/kibrisdakik.com\/?p=67667#respond"]}]},{"@type":"WebPage","@id":"https:\/\/kibrisdakik.com\/?p=67667","url":"https:\/\/kibrisdakik.com\/?p=67667","name":"Cumhurba\u015fkan\u0131 Tatar, temaslarda bulunmak ve ter\u00f6r sald\u0131r\u0131s\u0131nda yaralananlar\u0131 ziyaret etmek \u00fczere T\u00fcrkiye\u2019ye gitti -","isPartOf":{"@id":"https:\/\/kibrisdakik.com\/#website"},"primaryImageOfPage":{"@id":"https:\/\/kibrisdakik.com\/?p=67667#primaryimage"},"image":{"@id":"https:\/\/kibrisdakik.com\/?p=67667#primaryimage"},"thumbnailUrl":"https:\/\/kibrisdakik.com\/wp-content\/uploads\/2024\/10\/tatar-ercan-basin-24-scaled-740x420.jpg","datePublished":"2024-10-26T07:34:07+00:00","author":{"@id":"https:\/\/kibrisdakik.com\/#\/schema\/person\/9cd9d437bbb44f72b73ba127e06d8e79"},"breadcrumb":{"@id":"https:\/\/kibrisdakik.com\/?p=67667#breadcrumb"},"inLanguage":"tr","potentialAction":[{"@type":"ReadAction","target":["https:\/\/kibrisdakik.com\/?p=67667"]}]},{"@type":"ImageObject","inLanguage":"tr","@id":"https:\/\/kibrisdakik.com\/?p=67667#primaryimage","url":"https:\/\/kibrisdakik.com\/wp-content\/uploads\/2024\/10\/tatar-ercan-basin-24-scaled-740x420.jpg","contentUrl":"https:\/\/kibrisdakik.com\/wp-content\/uploads\/2024\/10\/tatar-ercan-basin-24-scaled-740x420.jpg","width":2560,"height":1509},{"@type":"BreadcrumbList","@id":"https:\/\/kibrisdakik.com\/?p=67667#breadcrumb","itemListElement":[{"@type":"ListItem","position":1,"name":"Home","item":"https:\/\/kibrisdakik.com\/"},{"@type":"ListItem","position":2,"name":"Cumhurba\u015fkan\u0131 Tatar, temaslarda bulunmak ve ter\u00f6r sald\u0131r\u0131s\u0131nda yaralananlar\u0131 ziyaret etmek \u00fczere T\u00fcrkiye\u2019ye gitti"}]},{"@type":"WebSite","@id":"https:\/\/kibrisdakik.com\/#website","url":"https:\/\/kibrisdakik.com\/","name":"","description":"Tam vaktinde haber","potentialAction":[{"@type":"SearchAction","target":{"@type":"EntryPoint","urlTemplate":"https:\/\/kibrisdakik.com\/?s={search_term_string}"},"query-input":{"@type":"PropertyValueSpecification","valueRequired":true,"valueName":"search_term_string"}}],"inLanguage":"tr"},{"@type":"Person","@id":"https:\/\/kibrisdakik.com\/#\/schema\/person\/9cd9d437bbb44f72b73ba127e06d8e79","name":"admin","image":{"@type":"ImageObject","inLanguage":"tr","@id":"https:\/\/secure.gravatar.com\/avatar\/ccc17943b9d660506c869530f897617f7cb1c21a4bf30023f252596d83e1f007?s=96&d=mm&r=g","url":"https:\/\/secure.gravatar.com\/avatar\/ccc17943b9d660506c869530f897617f7cb1c21a4bf30023f252596d83e1f007?s=96&d=mm&r=g","contentUrl":"https:\/\/secure.gravatar.com\/avatar\/ccc17943b9d660506c869530f897617f7cb1c21a4bf30023f252596d83e1f007?s=96&d=mm&r=g","caption":"admin"},"sameAs":["https:\/\/kibrisdakik.com"],"url":"https:\/\/kibrisdakik.com\/?author=1"}]}},"_links":{"self":[{"href":"https:\/\/kibrisdakik.com\/index.php?rest_route=\/wp\/v2\/posts\/67667","targetHints":{"allow":["GET"]}}],"collection":[{"href":"https:\/\/kibrisdakik.com\/index.php?rest_route=\/wp\/v2\/posts"}],"about":[{"href":"https:\/\/kibrisdakik.com\/index.php?rest_route=\/wp\/v2\/types\/post"}],"author":[{"embeddable":true,"href":"https:\/\/kibrisdakik.com\/index.php?rest_route=\/wp\/v2\/users\/1"}],"replies":[{"embeddable":true,"href":"https:\/\/kibrisdakik.com\/index.php?rest_route=%2Fwp%2Fv2%2Fcomments&post=67667"}],"version-history":[{"count":0,"href":"https:\/\/kibrisdakik.com\/index.php?rest_route=\/wp\/v2\/posts\/67667\/revisions"}],"wp:featuredmedia":[{"embeddable":true,"href":"https:\/\/kibrisdakik.com\/index.php?rest_route=\/wp\/v2\/media\/67668"}],"wp:attachment":[{"href":"https:\/\/kibrisdakik.com\/index.php?rest_route=%2Fwp%2Fv2%2Fmedia&parent=67667"}],"wp:term":[{"taxonomy":"category","embeddable":true,"href":"https:\/\/kibrisdakik.com\/index.php?rest_route=%2Fwp%2Fv2%2Fcategories&post=67667"},{"taxonomy":"post_tag","embeddable":true,"href":"https:\/\/kibrisdakik.com\/index.php?rest_route=%2Fwp%2Fv2%2Ftags&post=67667"}],"curies":[{"name":"wp","href":"https:\/\/api.w.org\/{rel}","templated":true}]}}