{"id":67689,"date":"2024-10-26T19:23:37","date_gmt":"2024-10-26T16:23:37","guid":{"rendered":"https:\/\/kibrisdakik.com\/index.php\/2024\/10\/26\/is-insanlari-orgutleri-pazartesi-uyari-eylemi-yapacak\/"},"modified":"2024-10-26T19:23:37","modified_gmt":"2024-10-26T16:23:37","slug":"is-insanlari-orgutleri-pazartesi-uyari-eylemi-yapacak","status":"publish","type":"post","link":"https:\/\/kibrisdakik.com\/?p=67689","title":{"rendered":"\u0130\u015f insanlar\u0131 \u00f6rg\u00fctleri  pazartesi uyar\u0131 eylemi yapacak"},"content":{"rendered":"<div>\n<div class=\"mariselle-image-container none\">\n                                            <\/div>\n<p>Aralar\u0131nda Ticaret Odas\u0131n\u0131n da bulundu\u011fu i\u015f insanlar\u0131n\u0131n kurdu\u011fu \u00f6rg\u00fctler 28 Ekim Pazartesi g\u00fcn\u00fc G\u00fcmr\u00fckten Mal \u00e7ekmeme eylemi yapacak. Lefko\u015fa, Gazima\u011fusa ve Girne g\u00fcmr\u00fcklerinde e\u015f zamanl\u0131 yap\u0131lacak eylemin h\u00fck\u00fcmete uyar\u0131 niteli\u011finde oldu\u011fu belirtildi.<\/p>\n<p>\u00a0<\/p>\n<p>Ticaret Odas\u0131\u2019ndan yap\u0131lan a\u00e7\u0131klamada, ciddi bir tehdit olarak nitelendirilen pahal\u0131l\u0131\u011f\u0131n hayat\u0131 ya\u015fanamaz, i\u015fletmeleri \u00e7al\u0131\u015famaz hale getirdi\u011fi belirtildi.<\/p>\n<p>\u00a0<\/p>\n<p>\u0130\u015fletmelerin rekabet g\u00fcc\u00fcn\u00fcn eridi\u011fi kaydedilen a\u00e7\u0131klamada, i\u00e7ine d\u00fc\u015f\u00fclen pahal\u0131l\u0131k girdab\u0131ndan kurtulunmas\u0131 gerekti\u011fi vurguland\u0131.<\/p>\n<p>\u00a0<\/p>\n<p>28 Ekim Pazartesi g\u00fcn\u00fc Lefko\u015fa, Gazima\u011fusa ve Girne g\u00fcmr\u00fcklerinde ger\u00e7ekle\u015ftirilecek g\u00fcmr\u00fckten mal \u00e7ekmeme eyleminin bir uyar\u0131 eylemi olaca\u011f\u0131 kaydedilen a\u00e7\u0131klamada, uyar\u0131lar\u0131n dikkate al\u0131nmas\u0131 gerekti\u011fi vurguland\u0131.<\/p>\n<p>\u00a0<\/p>\n<p>A\u00e7\u0131klamada, \u201cBu uyar\u0131 eylemi bir ba\u015flang\u0131\u00e7 olacakt\u0131r. Mesaj\u0131m\u0131z yerine ula\u015fmaz ve pahal\u0131l\u0131k girdab\u0131ndan kurtulmam\u0131z i\u00e7in gerekli ad\u0131mlar at\u0131lmazsa daha ileri eylemleri g\u00fcndeme getirmekten \u00e7ekinmeyece\u011fiz\u201d ifadeleri kullan\u0131ld\u0131.<\/p>\n<p>\u00a0<\/p>\n<\/p><\/div>\n<p><script async\n                    defer\n                    crossorigin=\"anonymous\"\n                    src=\"https:\/\/connect.facebook.net\/tr_TR\/sdk.js#xfbml=1&#038;version=v3.3\"\n            ><\/script><\/p>\n","protected":false},"excerpt":{"rendered":"<p>Aralar\u0131nda Ticaret Odas\u0131n\u0131n da bulundu\u011fu i\u015f insanlar\u0131n\u0131n kurdu\u011fu \u00f6rg\u00fctler 28 Ekim Pazartesi g\u00fcn\u00fc G\u00fcmr\u00fckten Mal \u00e7ekmeme eylemi yapacak. Lefko\u015fa, Gazima\u011fusa ve Girne g\u00fcmr\u00fcklerinde e\u015f zamanl\u0131 yap\u0131lacak eylemin h\u00fck\u00fcmete uyar\u0131 niteli\u011finde oldu\u011fu belirtildi. \u00a0 Ticaret Odas\u0131\u2019ndan yap\u0131lan a\u00e7\u0131klamada, ciddi bir tehdit olarak nitelendirilen pahal\u0131l\u0131\u011f\u0131n hayat\u0131 ya\u015fanamaz, i\u015fletmeleri \u00e7al\u0131\u015famaz hale getirdi\u011fi belirtildi. \u00a0 \u0130\u015fletmelerin rekabet g\u00fcc\u00fcn\u00fcn eridi\u011fi<\/p>\n","protected":false},"author":1,"featured_media":67690,"comment_status":"open","ping_status":"open","sticky":false,"template":"","format":"standard","meta":{"footnotes":""},"categories":[81],"tags":[],"class_list":["post-67689","post","type-post","status-publish","format-standard","has-post-thumbnail","hentry","category-kibris"],"yoast_head":"<!-- This site is optimized with the Yoast SEO plugin v27.5 - https:\/\/yoast.com\/product\/yoast-seo-wordpress\/ -->\n<title>\u0130\u015f insanlar\u0131 \u00f6rg\u00fctleri pazartesi uyar\u0131 eylemi yapacak -<\/title>\n<meta name=\"robots\" content=\"index, follow, max-snippet:-1, max-image-preview:large, max-video-preview:-1\" \/>\n<link rel=\"canonical\" href=\"https:\/\/kibrisdakik.com\/?p=67689\" \/>\n<meta property=\"og:locale\" content=\"tr_TR\" \/>\n<meta property=\"og:type\" content=\"article\" \/>\n<meta property=\"og:title\" content=\"\u0130\u015f insanlar\u0131 \u00f6rg\u00fctleri pazartesi uyar\u0131 eylemi yapacak -\" \/>\n<meta property=\"og:description\" content=\"Aralar\u0131nda Ticaret Odas\u0131n\u0131n da bulundu\u011fu i\u015f insanlar\u0131n\u0131n kurdu\u011fu \u00f6rg\u00fctler 28 Ekim Pazartesi g\u00fcn\u00fc G\u00fcmr\u00fckten Mal \u00e7ekmeme eylemi yapacak. Lefko\u015fa, Gazima\u011fusa ve Girne g\u00fcmr\u00fcklerinde e\u015f zamanl\u0131 yap\u0131lacak eylemin h\u00fck\u00fcmete uyar\u0131 niteli\u011finde oldu\u011fu belirtildi. \u00a0 Ticaret Odas\u0131\u2019ndan yap\u0131lan a\u00e7\u0131klamada, ciddi bir tehdit olarak nitelendirilen pahal\u0131l\u0131\u011f\u0131n hayat\u0131 ya\u015fanamaz, i\u015fletmeleri \u00e7al\u0131\u015famaz hale getirdi\u011fi belirtildi. \u00a0 \u0130\u015fletmelerin rekabet g\u00fcc\u00fcn\u00fcn eridi\u011fi\" \/>\n<meta property=\"og:url\" content=\"https:\/\/kibrisdakik.com\/?p=67689\" \/>\n<meta property=\"article:published_time\" content=\"2024-10-26T16:23:37+00:00\" \/>\n<meta property=\"og:image\" content=\"https:\/\/kibrisdakik.com\/wp-content\/uploads\/2024\/10\/orgutler-740x410.jpg\" \/>\n\t<meta property=\"og:image:width\" content=\"930\" \/>\n\t<meta property=\"og:image:height\" content=\"410\" \/>\n\t<meta property=\"og:image:type\" content=\"image\/jpeg\" \/>\n<meta name=\"author\" content=\"admin\" \/>\n<meta name=\"twitter:card\" content=\"summary_large_image\" \/>\n<meta name=\"twitter:label1\" content=\"Yazan:\" \/>\n\t<meta name=\"twitter:data1\" content=\"admin\" \/>\n\t<meta name=\"twitter:label2\" content=\"Tahmini okuma s\u00fcresi\" \/>\n\t<meta name=\"twitter:data2\" content=\"1 dakika\" \/>\n<script type=\"application\/ld+json\" class=\"yoast-schema-graph\">{\"@context\":\"https:\\\/\\\/schema.org\",\"@graph\":[{\"@type\":\"Article\",\"@id\":\"https:\\\/\\\/kibrisdakik.com\\\/?p=67689#article\",\"isPartOf\":{\"@id\":\"https:\\\/\\\/kibrisdakik.com\\\/?p=67689\"},\"author\":{\"name\":\"admin\",\"@id\":\"https:\\\/\\\/kibrisdakik.com\\\/#\\\/schema\\\/person\\\/9cd9d437bbb44f72b73ba127e06d8e79\"},\"headline\":\"\u0130\u015f insanlar\u0131 \u00f6rg\u00fctleri pazartesi uyar\u0131 eylemi yapacak\",\"datePublished\":\"2024-10-26T16:23:37+00:00\",\"mainEntityOfPage\":{\"@id\":\"https:\\\/\\\/kibrisdakik.com\\\/?p=67689\"},\"wordCount\":188,\"commentCount\":0,\"image\":{\"@id\":\"https:\\\/\\\/kibrisdakik.com\\\/?p=67689#primaryimage\"},\"thumbnailUrl\":\"https:\\\/\\\/kibrisdakik.com\\\/wp-content\\\/uploads\\\/2024\\\/10\\\/orgutler-740x410.jpg\",\"articleSection\":[\"K\u0131br\u0131s\"],\"inLanguage\":\"tr\",\"potentialAction\":[{\"@type\":\"CommentAction\",\"name\":\"Comment\",\"target\":[\"https:\\\/\\\/kibrisdakik.com\\\/?p=67689#respond\"]}]},{\"@type\":\"WebPage\",\"@id\":\"https:\\\/\\\/kibrisdakik.com\\\/?p=67689\",\"url\":\"https:\\\/\\\/kibrisdakik.com\\\/?p=67689\",\"name\":\"\u0130\u015f insanlar\u0131 \u00f6rg\u00fctleri pazartesi uyar\u0131 eylemi yapacak -\",\"isPartOf\":{\"@id\":\"https:\\\/\\\/kibrisdakik.com\\\/#website\"},\"primaryImageOfPage\":{\"@id\":\"https:\\\/\\\/kibrisdakik.com\\\/?p=67689#primaryimage\"},\"image\":{\"@id\":\"https:\\\/\\\/kibrisdakik.com\\\/?p=67689#primaryimage\"},\"thumbnailUrl\":\"https:\\\/\\\/kibrisdakik.com\\\/wp-content\\\/uploads\\\/2024\\\/10\\\/orgutler-740x410.jpg\",\"datePublished\":\"2024-10-26T16:23:37+00:00\",\"author\":{\"@id\":\"https:\\\/\\\/kibrisdakik.com\\\/#\\\/schema\\\/person\\\/9cd9d437bbb44f72b73ba127e06d8e79\"},\"breadcrumb\":{\"@id\":\"https:\\\/\\\/kibrisdakik.com\\\/?p=67689#breadcrumb\"},\"inLanguage\":\"tr\",\"potentialAction\":[{\"@type\":\"ReadAction\",\"target\":[\"https:\\\/\\\/kibrisdakik.com\\\/?p=67689\"]}]},{\"@type\":\"ImageObject\",\"inLanguage\":\"tr\",\"@id\":\"https:\\\/\\\/kibrisdakik.com\\\/?p=67689#primaryimage\",\"url\":\"https:\\\/\\\/kibrisdakik.com\\\/wp-content\\\/uploads\\\/2024\\\/10\\\/orgutler-740x410.jpg\",\"contentUrl\":\"https:\\\/\\\/kibrisdakik.com\\\/wp-content\\\/uploads\\\/2024\\\/10\\\/orgutler-740x410.jpg\",\"width\":930,\"height\":410},{\"@type\":\"BreadcrumbList\",\"@id\":\"https:\\\/\\\/kibrisdakik.com\\\/?p=67689#breadcrumb\",\"itemListElement\":[{\"@type\":\"ListItem\",\"position\":1,\"name\":\"Home\",\"item\":\"https:\\\/\\\/kibrisdakik.com\\\/\"},{\"@type\":\"ListItem\",\"position\":2,\"name\":\"\u0130\u015f insanlar\u0131 \u00f6rg\u00fctleri pazartesi uyar\u0131 eylemi yapacak\"}]},{\"@type\":\"WebSite\",\"@id\":\"https:\\\/\\\/kibrisdakik.com\\\/#website\",\"url\":\"https:\\\/\\\/kibrisdakik.com\\\/\",\"name\":\"\",\"description\":\"Tam vaktinde haber\",\"potentialAction\":[{\"@type\":\"SearchAction\",\"target\":{\"@type\":\"EntryPoint\",\"urlTemplate\":\"https:\\\/\\\/kibrisdakik.com\\\/?s={search_term_string}\"},\"query-input\":{\"@type\":\"PropertyValueSpecification\",\"valueRequired\":true,\"valueName\":\"search_term_string\"}}],\"inLanguage\":\"tr\"},{\"@type\":\"Person\",\"@id\":\"https:\\\/\\\/kibrisdakik.com\\\/#\\\/schema\\\/person\\\/9cd9d437bbb44f72b73ba127e06d8e79\",\"name\":\"admin\",\"image\":{\"@type\":\"ImageObject\",\"inLanguage\":\"tr\",\"@id\":\"https:\\\/\\\/secure.gravatar.com\\\/avatar\\\/ccc17943b9d660506c869530f897617f7cb1c21a4bf30023f252596d83e1f007?s=96&d=mm&r=g\",\"url\":\"https:\\\/\\\/secure.gravatar.com\\\/avatar\\\/ccc17943b9d660506c869530f897617f7cb1c21a4bf30023f252596d83e1f007?s=96&d=mm&r=g\",\"contentUrl\":\"https:\\\/\\\/secure.gravatar.com\\\/avatar\\\/ccc17943b9d660506c869530f897617f7cb1c21a4bf30023f252596d83e1f007?s=96&d=mm&r=g\",\"caption\":\"admin\"},\"sameAs\":[\"https:\\\/\\\/kibrisdakik.com\"],\"url\":\"https:\\\/\\\/kibrisdakik.com\\\/?author=1\"}]}<\/script>\n<!-- \/ Yoast SEO plugin. -->","yoast_head_json":{"title":"\u0130\u015f insanlar\u0131 \u00f6rg\u00fctleri pazartesi uyar\u0131 eylemi yapacak -","robots":{"index":"index","follow":"follow","max-snippet":"max-snippet:-1","max-image-preview":"max-image-preview:large","max-video-preview":"max-video-preview:-1"},"canonical":"https:\/\/kibrisdakik.com\/?p=67689","og_locale":"tr_TR","og_type":"article","og_title":"\u0130\u015f insanlar\u0131 \u00f6rg\u00fctleri pazartesi uyar\u0131 eylemi yapacak -","og_description":"Aralar\u0131nda Ticaret Odas\u0131n\u0131n da bulundu\u011fu i\u015f insanlar\u0131n\u0131n kurdu\u011fu \u00f6rg\u00fctler 28 Ekim Pazartesi g\u00fcn\u00fc G\u00fcmr\u00fckten Mal \u00e7ekmeme eylemi yapacak. Lefko\u015fa, Gazima\u011fusa ve Girne g\u00fcmr\u00fcklerinde e\u015f zamanl\u0131 yap\u0131lacak eylemin h\u00fck\u00fcmete uyar\u0131 niteli\u011finde oldu\u011fu belirtildi. \u00a0 Ticaret Odas\u0131\u2019ndan yap\u0131lan a\u00e7\u0131klamada, ciddi bir tehdit olarak nitelendirilen pahal\u0131l\u0131\u011f\u0131n hayat\u0131 ya\u015fanamaz, i\u015fletmeleri \u00e7al\u0131\u015famaz hale getirdi\u011fi belirtildi. \u00a0 \u0130\u015fletmelerin rekabet g\u00fcc\u00fcn\u00fcn eridi\u011fi","og_url":"https:\/\/kibrisdakik.com\/?p=67689","article_published_time":"2024-10-26T16:23:37+00:00","og_image":[{"width":930,"height":410,"url":"https:\/\/kibrisdakik.com\/wp-content\/uploads\/2024\/10\/orgutler-740x410.jpg","type":"image\/jpeg"}],"author":"admin","twitter_card":"summary_large_image","twitter_misc":{"Yazan:":"admin","Tahmini okuma s\u00fcresi":"1 dakika"},"schema":{"@context":"https:\/\/schema.org","@graph":[{"@type":"Article","@id":"https:\/\/kibrisdakik.com\/?p=67689#article","isPartOf":{"@id":"https:\/\/kibrisdakik.com\/?p=67689"},"author":{"name":"admin","@id":"https:\/\/kibrisdakik.com\/#\/schema\/person\/9cd9d437bbb44f72b73ba127e06d8e79"},"headline":"\u0130\u015f insanlar\u0131 \u00f6rg\u00fctleri pazartesi uyar\u0131 eylemi yapacak","datePublished":"2024-10-26T16:23:37+00:00","mainEntityOfPage":{"@id":"https:\/\/kibrisdakik.com\/?p=67689"},"wordCount":188,"commentCount":0,"image":{"@id":"https:\/\/kibrisdakik.com\/?p=67689#primaryimage"},"thumbnailUrl":"https:\/\/kibrisdakik.com\/wp-content\/uploads\/2024\/10\/orgutler-740x410.jpg","articleSection":["K\u0131br\u0131s"],"inLanguage":"tr","potentialAction":[{"@type":"CommentAction","name":"Comment","target":["https:\/\/kibrisdakik.com\/?p=67689#respond"]}]},{"@type":"WebPage","@id":"https:\/\/kibrisdakik.com\/?p=67689","url":"https:\/\/kibrisdakik.com\/?p=67689","name":"\u0130\u015f insanlar\u0131 \u00f6rg\u00fctleri pazartesi uyar\u0131 eylemi yapacak -","isPartOf":{"@id":"https:\/\/kibrisdakik.com\/#website"},"primaryImageOfPage":{"@id":"https:\/\/kibrisdakik.com\/?p=67689#primaryimage"},"image":{"@id":"https:\/\/kibrisdakik.com\/?p=67689#primaryimage"},"thumbnailUrl":"https:\/\/kibrisdakik.com\/wp-content\/uploads\/2024\/10\/orgutler-740x410.jpg","datePublished":"2024-10-26T16:23:37+00:00","author":{"@id":"https:\/\/kibrisdakik.com\/#\/schema\/person\/9cd9d437bbb44f72b73ba127e06d8e79"},"breadcrumb":{"@id":"https:\/\/kibrisdakik.com\/?p=67689#breadcrumb"},"inLanguage":"tr","potentialAction":[{"@type":"ReadAction","target":["https:\/\/kibrisdakik.com\/?p=67689"]}]},{"@type":"ImageObject","inLanguage":"tr","@id":"https:\/\/kibrisdakik.com\/?p=67689#primaryimage","url":"https:\/\/kibrisdakik.com\/wp-content\/uploads\/2024\/10\/orgutler-740x410.jpg","contentUrl":"https:\/\/kibrisdakik.com\/wp-content\/uploads\/2024\/10\/orgutler-740x410.jpg","width":930,"height":410},{"@type":"BreadcrumbList","@id":"https:\/\/kibrisdakik.com\/?p=67689#breadcrumb","itemListElement":[{"@type":"ListItem","position":1,"name":"Home","item":"https:\/\/kibrisdakik.com\/"},{"@type":"ListItem","position":2,"name":"\u0130\u015f insanlar\u0131 \u00f6rg\u00fctleri pazartesi uyar\u0131 eylemi yapacak"}]},{"@type":"WebSite","@id":"https:\/\/kibrisdakik.com\/#website","url":"https:\/\/kibrisdakik.com\/","name":"","description":"Tam vaktinde haber","potentialAction":[{"@type":"SearchAction","target":{"@type":"EntryPoint","urlTemplate":"https:\/\/kibrisdakik.com\/?s={search_term_string}"},"query-input":{"@type":"PropertyValueSpecification","valueRequired":true,"valueName":"search_term_string"}}],"inLanguage":"tr"},{"@type":"Person","@id":"https:\/\/kibrisdakik.com\/#\/schema\/person\/9cd9d437bbb44f72b73ba127e06d8e79","name":"admin","image":{"@type":"ImageObject","inLanguage":"tr","@id":"https:\/\/secure.gravatar.com\/avatar\/ccc17943b9d660506c869530f897617f7cb1c21a4bf30023f252596d83e1f007?s=96&d=mm&r=g","url":"https:\/\/secure.gravatar.com\/avatar\/ccc17943b9d660506c869530f897617f7cb1c21a4bf30023f252596d83e1f007?s=96&d=mm&r=g","contentUrl":"https:\/\/secure.gravatar.com\/avatar\/ccc17943b9d660506c869530f897617f7cb1c21a4bf30023f252596d83e1f007?s=96&d=mm&r=g","caption":"admin"},"sameAs":["https:\/\/kibrisdakik.com"],"url":"https:\/\/kibrisdakik.com\/?author=1"}]}},"_links":{"self":[{"href":"https:\/\/kibrisdakik.com\/index.php?rest_route=\/wp\/v2\/posts\/67689","targetHints":{"allow":["GET"]}}],"collection":[{"href":"https:\/\/kibrisdakik.com\/index.php?rest_route=\/wp\/v2\/posts"}],"about":[{"href":"https:\/\/kibrisdakik.com\/index.php?rest_route=\/wp\/v2\/types\/post"}],"author":[{"embeddable":true,"href":"https:\/\/kibrisdakik.com\/index.php?rest_route=\/wp\/v2\/users\/1"}],"replies":[{"embeddable":true,"href":"https:\/\/kibrisdakik.com\/index.php?rest_route=%2Fwp%2Fv2%2Fcomments&post=67689"}],"version-history":[{"count":0,"href":"https:\/\/kibrisdakik.com\/index.php?rest_route=\/wp\/v2\/posts\/67689\/revisions"}],"wp:featuredmedia":[{"embeddable":true,"href":"https:\/\/kibrisdakik.com\/index.php?rest_route=\/wp\/v2\/media\/67690"}],"wp:attachment":[{"href":"https:\/\/kibrisdakik.com\/index.php?rest_route=%2Fwp%2Fv2%2Fmedia&parent=67689"}],"wp:term":[{"taxonomy":"category","embeddable":true,"href":"https:\/\/kibrisdakik.com\/index.php?rest_route=%2Fwp%2Fv2%2Fcategories&post=67689"},{"taxonomy":"post_tag","embeddable":true,"href":"https:\/\/kibrisdakik.com\/index.php?rest_route=%2Fwp%2Fv2%2Ftags&post=67689"}],"curies":[{"name":"wp","href":"https:\/\/api.w.org\/{rel}","templated":true}]}}