{"id":67691,"date":"2024-10-26T19:26:43","date_gmt":"2024-10-26T16:26:43","guid":{"rendered":"https:\/\/kibrisdakik.com\/index.php\/2024\/10\/26\/ubp-genel-baskani-basbakan-ustel-gazimagusa-ve-iskelede-halkla-bulustu-onceligimiz-halkimiza-hizmettir-birlik-ve-beraberlikle-yuruyecegiz\/"},"modified":"2024-10-26T19:26:43","modified_gmt":"2024-10-26T16:26:43","slug":"ubp-genel-baskani-basbakan-ustel-gazimagusa-ve-iskelede-halkla-bulustu-onceligimiz-halkimiza-hizmettir-birlik-ve-beraberlikle-yuruyecegiz","status":"publish","type":"post","link":"https:\/\/kibrisdakik.com\/?p=67691","title":{"rendered":"UBP Genel Ba\u015fkan\u0131 Ba\u015fbakan \u00dcstel Gazima\u011fusa ve \u0130skele\u2019de halkla bulu\u015ftu: \u2018\u00d6nceli\u011fimiz halk\u0131m\u0131za hizmettir, birlik ve beraberlikle y\u00fcr\u00fcyece\u011fiz\u2019"},"content":{"rendered":"<div>\n<div class=\"mariselle-image-container center\">\n                                            <\/div>\n<p>UBP Genel Ba\u015fkan\u0131 ve Ba\u015fbakan \u00dcnal \u00dcstel, E\u015fi Zerrin \u00dcstel ile birlikte UBP Gazima\u011fusa ve \u0130skele il\u00e7esinde partililer ile bulu\u015ftu.<\/p>\n<p>Etkinlikte, Gazima\u011fusa il\u00e7esi kad\u0131n kollar\u0131 Meme Sa\u011fl\u0131\u011f\u0131 Fark\u0131ndal\u0131k Ay\u0131 dolay\u0131s\u0131yla etkinlikte de d\u00fczenlendi.<\/p>\n<p>Etkinliklerde, Meclis Ba\u015fkan\u0131 Ziya \u00d6zt\u00fcrkler, Genel Sekreter O\u011fuzhan Hasipo\u011flu, \u0130\u00e7i\u015fleri Bakan\u0131 Dursun O\u011fuz, Milli E\u011fitim Bakan\u0131 Naz\u0131m \u00c7avu\u015fo\u011flu, Tar\u0131m ve Do\u011fal Kaynaklar Bakan\u0131 H\u00fcseyin \u00c7avu\u015f, Sa\u011fl\u0131k Bakan\u0131 Hakan Din\u00e7y\u00fcrek, Maliye Bakan\u0131 \u00d6zdemir Berova, Milletvekilleri Sunat Atun, Ahmet Sava\u015fan, Ali\u015fan \u015ean, Resm\u00eeye Canaltay Gazima\u011fusa \u0130l\u00e7e Ba\u015fkan\u0131 Nahit \u00d6nc\u00fc ve \u0130skele \u0130l\u00e7e Ba\u015fkan\u0131 Metin G\u00fcll\u00fc de haz\u0131r bulundu.<\/p>\n<p>UBP Genel Ba\u015fkan\u0131 ve Ba\u015fbakan \u00dcnal \u00dcstel, etkinliklerde yapt\u0131\u011f\u0131 konu\u015fmada, ilk olarak Ankara\u2019da ya\u015fanan ter\u00f6r sald\u0131r\u0131s\u0131n\u0131 k\u0131nad\u0131.<\/p>\n<div class=\"mariselle-image-container center\">\n                <img loading=\"lazy\" decoding=\"async\" width=\"1504\" height=\"1003\" class=\"lazy-image\" alt=\"\" sizes=\"auto, (max-width: 1504px) 100vw, 1504px\" src=\"https:\/\/brtk.net\/wp-content\/uploads\/2024\/10\/26\/ssaldksaksak.jpg?ver=4aef647e552634cde96a7620d39c866e\" srcset=\"https:\/\/brtk.net\/wp-content\/uploads\/2024\/10\/26\/ssaldksaksak.jpg?ver=4aef647e552634cde96a7620d39c866e 1504w, https:\/\/brtk.net\/wp-content\/uploads\/2024\/10\/26\/ssaldksaksak-300x200.jpg?ver=58396a35e59b6a4a769b5686d1e210c2 300w, https:\/\/brtk.net\/wp-content\/uploads\/2024\/10\/26\/ssaldksaksak-1024x683.jpg?ver=58396a35e59b6a4a769b5686d1e210c2 1024w, https:\/\/brtk.net\/wp-content\/uploads\/2024\/10\/26\/ssaldksaksak-768x512.jpg?ver=58396a35e59b6a4a769b5686d1e210c2 768w\"\/>                            <\/div>\n<p>Kurultay ve sonras\u0131ndaki Meclis Ba\u015fkanl\u0131\u011f\u0131 s\u00fcrecine de de\u011finen \u00dcstel, \u201cBir kurultay ge\u00e7irdik. Bu s\u00fcre\u00e7te bas\u0131nda yaz\u0131l\u0131p \u00e7izilenlere cevap vermedik. \u00c7\u00fcnk\u00fc dedik ki bizim g\u00f6revimiz halk\u0131m\u0131za hizmet etmek. \u00d6nceli\u011fimiz 2013\u2019den sonra yar\u0131m kalan projeleri bitirmek. Halk\u0131m\u0131z\u0131 daha refah seviyesini y\u00fckseltmek i\u00e7in \u00e7al\u0131\u015fmaya devam edece\u011fiz\u201d ifadelerini kulland\u0131.<\/p>\n<p>H\u00fck\u00fcmete gelindi\u011fi ilk g\u00fcnden itibaren \u00f6nce Cumhuriyet meclisini \u00e7al\u0131\u015ft\u0131rmay\u0131 hedeflediklerini ifade eden \u00dcstel, \u201cAyn\u0131 \u015fekilde yasalar\u0131 hayata ge\u00e7irip aksama ya\u015fanmamas\u0131 i\u00e7in bakanlar kurulunu da \u00e7al\u0131\u015ft\u0131rma hedefinde olduk.Gerek Bakanl\u0131klar\u0131m\u0131z gerekse Cumhuriyet Meclisi komitelerimiz halk\u0131m\u0131z\u0131n ihtiyac\u0131 olan ne yasa varsa onlar\u0131 bulup bir bir \u00e7\u0131karm\u0131\u015f ve gerekli \u00e7al\u0131\u015fmalar\u0131 yapm\u0131\u015ft\u0131r\u201d \u015feklinde konu\u015ftu.<\/p>\n<p>\u00dcstel, \u201cKurultay d\u00f6neminde bir birimizi k\u0131rmamaya dikkat ettik. Birli\u011fimizi bozmaya \u00e7al\u0131\u015fanlara kar\u015f\u0131 dik durduk ve birli\u011fimizi bozmad\u0131k. Bu saatten sonra Kurultay sayfas\u0131 kapanm\u0131\u015ft\u0131r. Partimizin birli\u011fini ve b\u00fct\u00fcnl\u00fc\u011f\u00fcn\u00fc bozmayacak \u015fekilde \u00e7al\u0131\u015fmam\u0131z gerekiyor. Ben de bu bilin\u00e7le hareket etmeye \u00e7al\u0131\u015f\u0131yorum\u201d ifadelerini de kulland\u0131.<\/p>\n<p>Cumhuriyet Meclisi ba\u015fkanl\u0131k se\u00e7im s\u00fcrecinde ya\u015fananlar\u0131 anlatan \u00dcstel, yap\u0131lan se\u00e7imin ard\u0131ndan Zorlu T\u00f6re\u2019 nin Meclis Ba\u015fkan\u0131 olarak Ziya \u00d6zt\u00fcrkler\u2019 i ilan etmesiyle h\u00fck\u00fcmete d\u00fc\u015fen tek g\u00f6revin bu sonucu resmi gazetede yay\u0131nlanmak oldu\u011funu belirtti.<\/p>\n<p>\u201c\u00dclkemizin zaman kaybedecek bir saniyesi bile yoktur\u201d diyen \u00dcstel, \u201cHer taraf\u0131m\u0131zda sava\u015f varken bizim yapmam\u0131z gereken dayan\u0131\u015fmad\u0131r. \u015eimdi tek v\u00fccut olma zaman\u0131d\u0131r. Ge\u00e7mi\u015fe bak\u0131ld\u0131\u011f\u0131 zaman UBP\u2018nin ba\u015far\u0131s\u0131 orta yerdedir. UBP bug\u00fcne kadar \u00fclkemize yap\u0131lmayan hizmetleri yapm\u0131\u015ft\u0131r\u201d dedi.<\/p>\n<p>\u00dcstel s\u00f6zlerine \u015f\u00f6yle devam etti:<br \/>\u201c\u00d6nemli bir d\u00f6neme giriyoruz. Yapmam\u0131z gereken i\u015fler, bitirmemiz gereken projeler var. Bize bo\u015funa zaman kaybettirmeye \u00e7al\u0131\u015fanlara inat, yolumuza kararl\u0131l\u0131kla devam ediyoruz. Ben bu partinin abisiyim, b\u00fcy\u00fc\u011f\u00fcy\u00fcm. Sorumlulukla hareket etmek zorunday\u0131m. Partimin b\u00fct\u00fcnl\u00fc\u011f\u00fcn\u00fc devam ettirmek zorunday\u0131m. B\u00fct\u00fcnl\u00fc\u011f\u00fcm\u00fcz\u00fc bozmaya \u00e7al\u0131\u015fanlara izin vermedik, vermeyece\u011fiz.\u201d<\/p>\n<\/p><\/div>\n<p><script async\n                    defer\n                    crossorigin=\"anonymous\"\n                    src=\"https:\/\/connect.facebook.net\/tr_TR\/sdk.js#xfbml=1&#038;version=v3.3\"\n            ><\/script><\/p>\n","protected":false},"excerpt":{"rendered":"<p>UBP Genel Ba\u015fkan\u0131 ve Ba\u015fbakan \u00dcnal \u00dcstel, E\u015fi Zerrin \u00dcstel ile birlikte UBP Gazima\u011fusa ve \u0130skele il\u00e7esinde partililer ile bulu\u015ftu. Etkinlikte, Gazima\u011fusa il\u00e7esi kad\u0131n kollar\u0131 Meme Sa\u011fl\u0131\u011f\u0131 Fark\u0131ndal\u0131k Ay\u0131 dolay\u0131s\u0131yla etkinlikte de d\u00fczenlendi. Etkinliklerde, Meclis Ba\u015fkan\u0131 Ziya \u00d6zt\u00fcrkler, Genel Sekreter O\u011fuzhan Hasipo\u011flu, \u0130\u00e7i\u015fleri Bakan\u0131 Dursun O\u011fuz, Milli E\u011fitim Bakan\u0131 Naz\u0131m \u00c7avu\u015fo\u011flu, Tar\u0131m ve Do\u011fal Kaynaklar<\/p>\n","protected":false},"author":1,"featured_media":67692,"comment_status":"open","ping_status":"open","sticky":false,"template":"","format":"standard","meta":{"footnotes":""},"categories":[81],"tags":[],"class_list":["post-67691","post","type-post","status-publish","format-standard","has-post-thumbnail","hentry","category-kibris"],"yoast_head":"<!-- This site is optimized with the Yoast SEO plugin v27.5 - https:\/\/yoast.com\/product\/yoast-seo-wordpress\/ -->\n<title>UBP Genel Ba\u015fkan\u0131 Ba\u015fbakan \u00dcstel Gazima\u011fusa ve \u0130skele\u2019de halkla bulu\u015ftu: \u2018\u00d6nceli\u011fimiz halk\u0131m\u0131za hizmettir, birlik ve beraberlikle y\u00fcr\u00fcyece\u011fiz\u2019 -<\/title>\n<meta name=\"robots\" content=\"index, follow, max-snippet:-1, max-image-preview:large, max-video-preview:-1\" \/>\n<link rel=\"canonical\" href=\"https:\/\/kibrisdakik.com\/?p=67691\" \/>\n<meta property=\"og:locale\" content=\"tr_TR\" \/>\n<meta property=\"og:type\" content=\"article\" \/>\n<meta property=\"og:title\" content=\"UBP Genel Ba\u015fkan\u0131 Ba\u015fbakan \u00dcstel Gazima\u011fusa ve \u0130skele\u2019de halkla bulu\u015ftu: \u2018\u00d6nceli\u011fimiz halk\u0131m\u0131za hizmettir, birlik ve beraberlikle y\u00fcr\u00fcyece\u011fiz\u2019 -\" \/>\n<meta property=\"og:description\" content=\"UBP Genel Ba\u015fkan\u0131 ve Ba\u015fbakan \u00dcnal \u00dcstel, E\u015fi Zerrin \u00dcstel ile birlikte UBP Gazima\u011fusa ve \u0130skele il\u00e7esinde partililer ile bulu\u015ftu. Etkinlikte, Gazima\u011fusa il\u00e7esi kad\u0131n kollar\u0131 Meme Sa\u011fl\u0131\u011f\u0131 Fark\u0131ndal\u0131k Ay\u0131 dolay\u0131s\u0131yla etkinlikte de d\u00fczenlendi. Etkinliklerde, Meclis Ba\u015fkan\u0131 Ziya \u00d6zt\u00fcrkler, Genel Sekreter O\u011fuzhan Hasipo\u011flu, \u0130\u00e7i\u015fleri Bakan\u0131 Dursun O\u011fuz, Milli E\u011fitim Bakan\u0131 Naz\u0131m \u00c7avu\u015fo\u011flu, Tar\u0131m ve Do\u011fal Kaynaklar\" \/>\n<meta property=\"og:url\" content=\"https:\/\/kibrisdakik.com\/?p=67691\" \/>\n<meta property=\"article:published_time\" content=\"2024-10-26T16:26:43+00:00\" \/>\n<meta property=\"og:image\" content=\"https:\/\/kibrisdakik.com\/wp-content\/uploads\/2024\/10\/aldjla-740x420.jpg\" \/>\n\t<meta property=\"og:image:width\" content=\"1201\" \/>\n\t<meta property=\"og:image:height\" content=\"742\" \/>\n\t<meta property=\"og:image:type\" content=\"image\/jpeg\" \/>\n<meta name=\"author\" content=\"admin\" \/>\n<meta name=\"twitter:card\" content=\"summary_large_image\" \/>\n<meta name=\"twitter:label1\" content=\"Yazan:\" \/>\n\t<meta name=\"twitter:data1\" content=\"admin\" \/>\n\t<meta name=\"twitter:label2\" content=\"Tahmini okuma s\u00fcresi\" \/>\n\t<meta name=\"twitter:data2\" content=\"3 dakika\" \/>\n<script type=\"application\/ld+json\" class=\"yoast-schema-graph\">{\"@context\":\"https:\\\/\\\/schema.org\",\"@graph\":[{\"@type\":\"Article\",\"@id\":\"https:\\\/\\\/kibrisdakik.com\\\/?p=67691#article\",\"isPartOf\":{\"@id\":\"https:\\\/\\\/kibrisdakik.com\\\/?p=67691\"},\"author\":{\"name\":\"admin\",\"@id\":\"https:\\\/\\\/kibrisdakik.com\\\/#\\\/schema\\\/person\\\/9cd9d437bbb44f72b73ba127e06d8e79\"},\"headline\":\"UBP Genel Ba\u015fkan\u0131 Ba\u015fbakan \u00dcstel Gazima\u011fusa ve \u0130skele\u2019de halkla bulu\u015ftu: \u2018\u00d6nceli\u011fimiz halk\u0131m\u0131za hizmettir, birlik ve beraberlikle y\u00fcr\u00fcyece\u011fiz\u2019\",\"datePublished\":\"2024-10-26T16:26:43+00:00\",\"mainEntityOfPage\":{\"@id\":\"https:\\\/\\\/kibrisdakik.com\\\/?p=67691\"},\"wordCount\":553,\"commentCount\":0,\"image\":{\"@id\":\"https:\\\/\\\/kibrisdakik.com\\\/?p=67691#primaryimage\"},\"thumbnailUrl\":\"https:\\\/\\\/kibrisdakik.com\\\/wp-content\\\/uploads\\\/2024\\\/10\\\/aldjla-740x420.jpg\",\"articleSection\":[\"K\u0131br\u0131s\"],\"inLanguage\":\"tr\",\"potentialAction\":[{\"@type\":\"CommentAction\",\"name\":\"Comment\",\"target\":[\"https:\\\/\\\/kibrisdakik.com\\\/?p=67691#respond\"]}]},{\"@type\":\"WebPage\",\"@id\":\"https:\\\/\\\/kibrisdakik.com\\\/?p=67691\",\"url\":\"https:\\\/\\\/kibrisdakik.com\\\/?p=67691\",\"name\":\"UBP Genel Ba\u015fkan\u0131 Ba\u015fbakan \u00dcstel Gazima\u011fusa ve \u0130skele\u2019de halkla bulu\u015ftu: \u2018\u00d6nceli\u011fimiz halk\u0131m\u0131za hizmettir, birlik ve beraberlikle y\u00fcr\u00fcyece\u011fiz\u2019 -\",\"isPartOf\":{\"@id\":\"https:\\\/\\\/kibrisdakik.com\\\/#website\"},\"primaryImageOfPage\":{\"@id\":\"https:\\\/\\\/kibrisdakik.com\\\/?p=67691#primaryimage\"},\"image\":{\"@id\":\"https:\\\/\\\/kibrisdakik.com\\\/?p=67691#primaryimage\"},\"thumbnailUrl\":\"https:\\\/\\\/kibrisdakik.com\\\/wp-content\\\/uploads\\\/2024\\\/10\\\/aldjla-740x420.jpg\",\"datePublished\":\"2024-10-26T16:26:43+00:00\",\"author\":{\"@id\":\"https:\\\/\\\/kibrisdakik.com\\\/#\\\/schema\\\/person\\\/9cd9d437bbb44f72b73ba127e06d8e79\"},\"breadcrumb\":{\"@id\":\"https:\\\/\\\/kibrisdakik.com\\\/?p=67691#breadcrumb\"},\"inLanguage\":\"tr\",\"potentialAction\":[{\"@type\":\"ReadAction\",\"target\":[\"https:\\\/\\\/kibrisdakik.com\\\/?p=67691\"]}]},{\"@type\":\"ImageObject\",\"inLanguage\":\"tr\",\"@id\":\"https:\\\/\\\/kibrisdakik.com\\\/?p=67691#primaryimage\",\"url\":\"https:\\\/\\\/kibrisdakik.com\\\/wp-content\\\/uploads\\\/2024\\\/10\\\/aldjla-740x420.jpg\",\"contentUrl\":\"https:\\\/\\\/kibrisdakik.com\\\/wp-content\\\/uploads\\\/2024\\\/10\\\/aldjla-740x420.jpg\",\"width\":1201,\"height\":742},{\"@type\":\"BreadcrumbList\",\"@id\":\"https:\\\/\\\/kibrisdakik.com\\\/?p=67691#breadcrumb\",\"itemListElement\":[{\"@type\":\"ListItem\",\"position\":1,\"name\":\"Home\",\"item\":\"https:\\\/\\\/kibrisdakik.com\\\/\"},{\"@type\":\"ListItem\",\"position\":2,\"name\":\"UBP Genel Ba\u015fkan\u0131 Ba\u015fbakan \u00dcstel Gazima\u011fusa ve \u0130skele\u2019de halkla bulu\u015ftu: \u2018\u00d6nceli\u011fimiz halk\u0131m\u0131za hizmettir, birlik ve beraberlikle y\u00fcr\u00fcyece\u011fiz\u2019\"}]},{\"@type\":\"WebSite\",\"@id\":\"https:\\\/\\\/kibrisdakik.com\\\/#website\",\"url\":\"https:\\\/\\\/kibrisdakik.com\\\/\",\"name\":\"\",\"description\":\"Tam vaktinde haber\",\"potentialAction\":[{\"@type\":\"SearchAction\",\"target\":{\"@type\":\"EntryPoint\",\"urlTemplate\":\"https:\\\/\\\/kibrisdakik.com\\\/?s={search_term_string}\"},\"query-input\":{\"@type\":\"PropertyValueSpecification\",\"valueRequired\":true,\"valueName\":\"search_term_string\"}}],\"inLanguage\":\"tr\"},{\"@type\":\"Person\",\"@id\":\"https:\\\/\\\/kibrisdakik.com\\\/#\\\/schema\\\/person\\\/9cd9d437bbb44f72b73ba127e06d8e79\",\"name\":\"admin\",\"image\":{\"@type\":\"ImageObject\",\"inLanguage\":\"tr\",\"@id\":\"https:\\\/\\\/secure.gravatar.com\\\/avatar\\\/ccc17943b9d660506c869530f897617f7cb1c21a4bf30023f252596d83e1f007?s=96&d=mm&r=g\",\"url\":\"https:\\\/\\\/secure.gravatar.com\\\/avatar\\\/ccc17943b9d660506c869530f897617f7cb1c21a4bf30023f252596d83e1f007?s=96&d=mm&r=g\",\"contentUrl\":\"https:\\\/\\\/secure.gravatar.com\\\/avatar\\\/ccc17943b9d660506c869530f897617f7cb1c21a4bf30023f252596d83e1f007?s=96&d=mm&r=g\",\"caption\":\"admin\"},\"sameAs\":[\"https:\\\/\\\/kibrisdakik.com\"],\"url\":\"https:\\\/\\\/kibrisdakik.com\\\/?author=1\"}]}<\/script>\n<!-- \/ Yoast SEO plugin. -->","yoast_head_json":{"title":"UBP Genel Ba\u015fkan\u0131 Ba\u015fbakan \u00dcstel Gazima\u011fusa ve \u0130skele\u2019de halkla bulu\u015ftu: \u2018\u00d6nceli\u011fimiz halk\u0131m\u0131za hizmettir, birlik ve beraberlikle y\u00fcr\u00fcyece\u011fiz\u2019 -","robots":{"index":"index","follow":"follow","max-snippet":"max-snippet:-1","max-image-preview":"max-image-preview:large","max-video-preview":"max-video-preview:-1"},"canonical":"https:\/\/kibrisdakik.com\/?p=67691","og_locale":"tr_TR","og_type":"article","og_title":"UBP Genel Ba\u015fkan\u0131 Ba\u015fbakan \u00dcstel Gazima\u011fusa ve \u0130skele\u2019de halkla bulu\u015ftu: \u2018\u00d6nceli\u011fimiz halk\u0131m\u0131za hizmettir, birlik ve beraberlikle y\u00fcr\u00fcyece\u011fiz\u2019 -","og_description":"UBP Genel Ba\u015fkan\u0131 ve Ba\u015fbakan \u00dcnal \u00dcstel, E\u015fi Zerrin \u00dcstel ile birlikte UBP Gazima\u011fusa ve \u0130skele il\u00e7esinde partililer ile bulu\u015ftu. Etkinlikte, Gazima\u011fusa il\u00e7esi kad\u0131n kollar\u0131 Meme Sa\u011fl\u0131\u011f\u0131 Fark\u0131ndal\u0131k Ay\u0131 dolay\u0131s\u0131yla etkinlikte de d\u00fczenlendi. Etkinliklerde, Meclis Ba\u015fkan\u0131 Ziya \u00d6zt\u00fcrkler, Genel Sekreter O\u011fuzhan Hasipo\u011flu, \u0130\u00e7i\u015fleri Bakan\u0131 Dursun O\u011fuz, Milli E\u011fitim Bakan\u0131 Naz\u0131m \u00c7avu\u015fo\u011flu, Tar\u0131m ve Do\u011fal Kaynaklar","og_url":"https:\/\/kibrisdakik.com\/?p=67691","article_published_time":"2024-10-26T16:26:43+00:00","og_image":[{"width":1201,"height":742,"url":"https:\/\/kibrisdakik.com\/wp-content\/uploads\/2024\/10\/aldjla-740x420.jpg","type":"image\/jpeg"}],"author":"admin","twitter_card":"summary_large_image","twitter_misc":{"Yazan:":"admin","Tahmini okuma s\u00fcresi":"3 dakika"},"schema":{"@context":"https:\/\/schema.org","@graph":[{"@type":"Article","@id":"https:\/\/kibrisdakik.com\/?p=67691#article","isPartOf":{"@id":"https:\/\/kibrisdakik.com\/?p=67691"},"author":{"name":"admin","@id":"https:\/\/kibrisdakik.com\/#\/schema\/person\/9cd9d437bbb44f72b73ba127e06d8e79"},"headline":"UBP Genel Ba\u015fkan\u0131 Ba\u015fbakan \u00dcstel Gazima\u011fusa ve \u0130skele\u2019de halkla bulu\u015ftu: \u2018\u00d6nceli\u011fimiz halk\u0131m\u0131za hizmettir, birlik ve beraberlikle y\u00fcr\u00fcyece\u011fiz\u2019","datePublished":"2024-10-26T16:26:43+00:00","mainEntityOfPage":{"@id":"https:\/\/kibrisdakik.com\/?p=67691"},"wordCount":553,"commentCount":0,"image":{"@id":"https:\/\/kibrisdakik.com\/?p=67691#primaryimage"},"thumbnailUrl":"https:\/\/kibrisdakik.com\/wp-content\/uploads\/2024\/10\/aldjla-740x420.jpg","articleSection":["K\u0131br\u0131s"],"inLanguage":"tr","potentialAction":[{"@type":"CommentAction","name":"Comment","target":["https:\/\/kibrisdakik.com\/?p=67691#respond"]}]},{"@type":"WebPage","@id":"https:\/\/kibrisdakik.com\/?p=67691","url":"https:\/\/kibrisdakik.com\/?p=67691","name":"UBP Genel Ba\u015fkan\u0131 Ba\u015fbakan \u00dcstel Gazima\u011fusa ve \u0130skele\u2019de halkla bulu\u015ftu: \u2018\u00d6nceli\u011fimiz halk\u0131m\u0131za hizmettir, birlik ve beraberlikle y\u00fcr\u00fcyece\u011fiz\u2019 -","isPartOf":{"@id":"https:\/\/kibrisdakik.com\/#website"},"primaryImageOfPage":{"@id":"https:\/\/kibrisdakik.com\/?p=67691#primaryimage"},"image":{"@id":"https:\/\/kibrisdakik.com\/?p=67691#primaryimage"},"thumbnailUrl":"https:\/\/kibrisdakik.com\/wp-content\/uploads\/2024\/10\/aldjla-740x420.jpg","datePublished":"2024-10-26T16:26:43+00:00","author":{"@id":"https:\/\/kibrisdakik.com\/#\/schema\/person\/9cd9d437bbb44f72b73ba127e06d8e79"},"breadcrumb":{"@id":"https:\/\/kibrisdakik.com\/?p=67691#breadcrumb"},"inLanguage":"tr","potentialAction":[{"@type":"ReadAction","target":["https:\/\/kibrisdakik.com\/?p=67691"]}]},{"@type":"ImageObject","inLanguage":"tr","@id":"https:\/\/kibrisdakik.com\/?p=67691#primaryimage","url":"https:\/\/kibrisdakik.com\/wp-content\/uploads\/2024\/10\/aldjla-740x420.jpg","contentUrl":"https:\/\/kibrisdakik.com\/wp-content\/uploads\/2024\/10\/aldjla-740x420.jpg","width":1201,"height":742},{"@type":"BreadcrumbList","@id":"https:\/\/kibrisdakik.com\/?p=67691#breadcrumb","itemListElement":[{"@type":"ListItem","position":1,"name":"Home","item":"https:\/\/kibrisdakik.com\/"},{"@type":"ListItem","position":2,"name":"UBP Genel Ba\u015fkan\u0131 Ba\u015fbakan \u00dcstel Gazima\u011fusa ve \u0130skele\u2019de halkla bulu\u015ftu: \u2018\u00d6nceli\u011fimiz halk\u0131m\u0131za hizmettir, birlik ve beraberlikle y\u00fcr\u00fcyece\u011fiz\u2019"}]},{"@type":"WebSite","@id":"https:\/\/kibrisdakik.com\/#website","url":"https:\/\/kibrisdakik.com\/","name":"","description":"Tam vaktinde haber","potentialAction":[{"@type":"SearchAction","target":{"@type":"EntryPoint","urlTemplate":"https:\/\/kibrisdakik.com\/?s={search_term_string}"},"query-input":{"@type":"PropertyValueSpecification","valueRequired":true,"valueName":"search_term_string"}}],"inLanguage":"tr"},{"@type":"Person","@id":"https:\/\/kibrisdakik.com\/#\/schema\/person\/9cd9d437bbb44f72b73ba127e06d8e79","name":"admin","image":{"@type":"ImageObject","inLanguage":"tr","@id":"https:\/\/secure.gravatar.com\/avatar\/ccc17943b9d660506c869530f897617f7cb1c21a4bf30023f252596d83e1f007?s=96&d=mm&r=g","url":"https:\/\/secure.gravatar.com\/avatar\/ccc17943b9d660506c869530f897617f7cb1c21a4bf30023f252596d83e1f007?s=96&d=mm&r=g","contentUrl":"https:\/\/secure.gravatar.com\/avatar\/ccc17943b9d660506c869530f897617f7cb1c21a4bf30023f252596d83e1f007?s=96&d=mm&r=g","caption":"admin"},"sameAs":["https:\/\/kibrisdakik.com"],"url":"https:\/\/kibrisdakik.com\/?author=1"}]}},"_links":{"self":[{"href":"https:\/\/kibrisdakik.com\/index.php?rest_route=\/wp\/v2\/posts\/67691","targetHints":{"allow":["GET"]}}],"collection":[{"href":"https:\/\/kibrisdakik.com\/index.php?rest_route=\/wp\/v2\/posts"}],"about":[{"href":"https:\/\/kibrisdakik.com\/index.php?rest_route=\/wp\/v2\/types\/post"}],"author":[{"embeddable":true,"href":"https:\/\/kibrisdakik.com\/index.php?rest_route=\/wp\/v2\/users\/1"}],"replies":[{"embeddable":true,"href":"https:\/\/kibrisdakik.com\/index.php?rest_route=%2Fwp%2Fv2%2Fcomments&post=67691"}],"version-history":[{"count":0,"href":"https:\/\/kibrisdakik.com\/index.php?rest_route=\/wp\/v2\/posts\/67691\/revisions"}],"wp:featuredmedia":[{"embeddable":true,"href":"https:\/\/kibrisdakik.com\/index.php?rest_route=\/wp\/v2\/media\/67692"}],"wp:attachment":[{"href":"https:\/\/kibrisdakik.com\/index.php?rest_route=%2Fwp%2Fv2%2Fmedia&parent=67691"}],"wp:term":[{"taxonomy":"category","embeddable":true,"href":"https:\/\/kibrisdakik.com\/index.php?rest_route=%2Fwp%2Fv2%2Fcategories&post=67691"},{"taxonomy":"post_tag","embeddable":true,"href":"https:\/\/kibrisdakik.com\/index.php?rest_route=%2Fwp%2Fv2%2Ftags&post=67691"}],"curies":[{"name":"wp","href":"https:\/\/api.w.org\/{rel}","templated":true}]}}