{"id":67724,"date":"2024-10-27T11:45:13","date_gmt":"2024-10-27T08:45:13","guid":{"rendered":"https:\/\/kibrisdakik.com\/index.php\/2024\/10\/27\/baybora-yuksek-mahkeme-tarafinda-kooperatifler-icin-onemli-ve-emsal-bir-karar-verildi\/"},"modified":"2024-10-27T11:45:13","modified_gmt":"2024-10-27T08:45:13","slug":"baybora-yuksek-mahkeme-tarafinda-kooperatifler-icin-onemli-ve-emsal-bir-karar-verildi","status":"publish","type":"post","link":"https:\/\/kibrisdakik.com\/?p=67724","title":{"rendered":"Baybora: \u201cY\u00fcksek Mahkeme taraf\u0131nda Kooperatifler i\u00e7in \u00f6nemli ve emsal bir karar verildi\u201d"},"content":{"rendered":"<div>\n<div class=\"mariselle-image-container center\">\n                                            <\/div>\n<p>\nK\u0131br\u0131s T\u00fcrk \u00d6\u011fretmenler Kooperatifi Y\u00f6netimi Kurulu Ba\u015fkan\u0131 ve K\u0131br\u0131s T\u00fcrk \u00d6\u011fretmenler Sendikas\u0131 Ba\u015fkan\u0131 Mustafa Baybora, Y\u00fcksek Mahkeme\u2019nin, K\u0131br\u0131s T\u00fcrk \u00d6\u011fretmenler Kooperatifi LTD\u2019in 2018 y\u0131l\u0131nda alm\u0131\u015f oldu\u011fu karar\u0131 onaylayarak, Kooperatifi hakl\u0131 buldu\u011funu belirtti.<\/p>\n<p>KT\u00d6S\u2019ten yap\u0131lan a\u00e7\u0131klamaya g\u00f6re, K\u0131br\u0131s T\u00fcrk \u00d6\u011fretmenler Kooperatifi LTD\u2019in baz\u0131 \u00fcyelerinin, haks\u0131zl\u0131\u011f\u0131 u\u011frad\u0131klar\u0131 gerek\u00e7esiyle K.T \u00d6\u011fretmenler Kooperatifi aleyhine a\u00e7m\u0131\u015f olduklar\u0131 davan\u0131n 11 Ekim 2024 tarihinde sonu\u00e7land\u0131\u011f\u0131n\u0131 belirten Baybora, Y\u00fcksek Mahkeme\u2019nin \u00d6\u011fretmenler Kooperatifi\u2019nin ald\u0131\u011f\u0131 karar\u0131 onaylayarak hakl\u0131 buldu\u011funu ifade etti.<\/p>\n<p>K\u0131br\u0131s T\u00fcrk \u00d6\u011fretmenler Kooperatifi\u2019nin 1958 y\u0131l\u0131ndan itibaren \u0130lkokul \u00f6\u011fretmenlerinin \u00f6rg\u00fctl\u00fc ekonomik g\u00fcc\u00fc olmaya devam etti\u011fini vurgulayan Baybora, toplumsal varolu\u015f m\u00fccadelesinde kooperatiflerin ve kooperatif\u00e7ili\u011fin \u00f6nemli bir yere sahip oldu\u011funu s\u00f6yledi ve toplumun \u00fcretken ve \u00f6rg\u00fctl\u00fc olabilmesi i\u00e7in kooperatif\u00e7ili\u011fin s\u00fcrekli geli\u015ftirilmesi gerekti\u011fini belirtti.<\/p>\n<p>Baybora ayr\u0131ca, alt\u0131 y\u0131ll\u0131k dava s\u00fcrecinde \u00d6\u011fretmenler Kooperatifi ile i\u015f birli\u011fi i\u00e7erisinde olan ve \u00e7\u0131kan kararda eme\u011fi ge\u00e7en Avukat Murat Metin Hakk\u0131\u2019ya te\u015fekk\u00fcr etti.<\/p>\n<\/p><\/div>\n<p><script async\n                    defer\n                    crossorigin=\"anonymous\"\n                    src=\"https:\/\/connect.facebook.net\/tr_TR\/sdk.js#xfbml=1&#038;version=v3.3\"\n            ><\/script><\/p>\n","protected":false},"excerpt":{"rendered":"<p>K\u0131br\u0131s T\u00fcrk \u00d6\u011fretmenler Kooperatifi Y\u00f6netimi Kurulu Ba\u015fkan\u0131 ve K\u0131br\u0131s T\u00fcrk \u00d6\u011fretmenler Sendikas\u0131 Ba\u015fkan\u0131 Mustafa Baybora, Y\u00fcksek Mahkeme\u2019nin, K\u0131br\u0131s T\u00fcrk \u00d6\u011fretmenler Kooperatifi LTD\u2019in 2018 y\u0131l\u0131nda alm\u0131\u015f oldu\u011fu karar\u0131 onaylayarak, Kooperatifi hakl\u0131 buldu\u011funu belirtti. KT\u00d6S\u2019ten yap\u0131lan a\u00e7\u0131klamaya g\u00f6re, K\u0131br\u0131s T\u00fcrk \u00d6\u011fretmenler Kooperatifi LTD\u2019in baz\u0131 \u00fcyelerinin, haks\u0131zl\u0131\u011f\u0131 u\u011frad\u0131klar\u0131 gerek\u00e7esiyle K.T \u00d6\u011fretmenler Kooperatifi aleyhine a\u00e7m\u0131\u015f olduklar\u0131 davan\u0131n 11 Ekim<\/p>\n","protected":false},"author":1,"featured_media":67725,"comment_status":"open","ping_status":"open","sticky":false,"template":"","format":"standard","meta":{"footnotes":""},"categories":[81],"tags":[],"class_list":["post-67724","post","type-post","status-publish","format-standard","has-post-thumbnail","hentry","category-kibris"],"yoast_head":"<!-- This site is optimized with the Yoast SEO plugin v27.5 - https:\/\/yoast.com\/product\/yoast-seo-wordpress\/ -->\n<title>Baybora: \u201cY\u00fcksek Mahkeme taraf\u0131nda Kooperatifler i\u00e7in \u00f6nemli ve emsal bir karar verildi\u201d -<\/title>\n<meta name=\"robots\" content=\"index, follow, max-snippet:-1, max-image-preview:large, max-video-preview:-1\" \/>\n<link rel=\"canonical\" href=\"https:\/\/kibrisdakik.com\/?p=67724\" \/>\n<meta property=\"og:locale\" content=\"tr_TR\" \/>\n<meta property=\"og:type\" content=\"article\" \/>\n<meta property=\"og:title\" content=\"Baybora: \u201cY\u00fcksek Mahkeme taraf\u0131nda Kooperatifler i\u00e7in \u00f6nemli ve emsal bir karar verildi\u201d -\" \/>\n<meta property=\"og:description\" content=\"K\u0131br\u0131s T\u00fcrk \u00d6\u011fretmenler Kooperatifi Y\u00f6netimi Kurulu Ba\u015fkan\u0131 ve K\u0131br\u0131s T\u00fcrk \u00d6\u011fretmenler Sendikas\u0131 Ba\u015fkan\u0131 Mustafa Baybora, Y\u00fcksek Mahkeme\u2019nin, K\u0131br\u0131s T\u00fcrk \u00d6\u011fretmenler Kooperatifi LTD\u2019in 2018 y\u0131l\u0131nda alm\u0131\u015f oldu\u011fu karar\u0131 onaylayarak, Kooperatifi hakl\u0131 buldu\u011funu belirtti. KT\u00d6S\u2019ten yap\u0131lan a\u00e7\u0131klamaya g\u00f6re, K\u0131br\u0131s T\u00fcrk \u00d6\u011fretmenler Kooperatifi LTD\u2019in baz\u0131 \u00fcyelerinin, haks\u0131zl\u0131\u011f\u0131 u\u011frad\u0131klar\u0131 gerek\u00e7esiyle K.T \u00d6\u011fretmenler Kooperatifi aleyhine a\u00e7m\u0131\u015f olduklar\u0131 davan\u0131n 11 Ekim\" \/>\n<meta property=\"og:url\" content=\"https:\/\/kibrisdakik.com\/?p=67724\" \/>\n<meta property=\"article:published_time\" content=\"2024-10-27T08:45:13+00:00\" \/>\n<meta property=\"og:image\" content=\"https:\/\/kibrisdakik.com\/wp-content\/uploads\/2024\/10\/ktos14-740x420.jpeg\" \/>\n\t<meta property=\"og:image:width\" content=\"1536\" \/>\n\t<meta property=\"og:image:height\" content=\"2048\" \/>\n\t<meta property=\"og:image:type\" content=\"image\/jpeg\" \/>\n<meta name=\"author\" content=\"admin\" \/>\n<meta name=\"twitter:card\" content=\"summary_large_image\" \/>\n<meta name=\"twitter:label1\" content=\"Yazan:\" \/>\n\t<meta name=\"twitter:data1\" content=\"admin\" \/>\n\t<meta name=\"twitter:label2\" content=\"Tahmini okuma s\u00fcresi\" \/>\n\t<meta name=\"twitter:data2\" content=\"1 dakika\" \/>\n<script type=\"application\/ld+json\" class=\"yoast-schema-graph\">{\"@context\":\"https:\\\/\\\/schema.org\",\"@graph\":[{\"@type\":\"Article\",\"@id\":\"https:\\\/\\\/kibrisdakik.com\\\/?p=67724#article\",\"isPartOf\":{\"@id\":\"https:\\\/\\\/kibrisdakik.com\\\/?p=67724\"},\"author\":{\"name\":\"admin\",\"@id\":\"https:\\\/\\\/kibrisdakik.com\\\/#\\\/schema\\\/person\\\/9cd9d437bbb44f72b73ba127e06d8e79\"},\"headline\":\"Baybora: \u201cY\u00fcksek Mahkeme taraf\u0131nda Kooperatifler i\u00e7in \u00f6nemli ve emsal bir karar verildi\u201d\",\"datePublished\":\"2024-10-27T08:45:13+00:00\",\"mainEntityOfPage\":{\"@id\":\"https:\\\/\\\/kibrisdakik.com\\\/?p=67724\"},\"wordCount\":220,\"commentCount\":0,\"image\":{\"@id\":\"https:\\\/\\\/kibrisdakik.com\\\/?p=67724#primaryimage\"},\"thumbnailUrl\":\"https:\\\/\\\/kibrisdakik.com\\\/wp-content\\\/uploads\\\/2024\\\/10\\\/ktos14-740x420.jpeg\",\"articleSection\":[\"K\u0131br\u0131s\"],\"inLanguage\":\"tr\",\"potentialAction\":[{\"@type\":\"CommentAction\",\"name\":\"Comment\",\"target\":[\"https:\\\/\\\/kibrisdakik.com\\\/?p=67724#respond\"]}]},{\"@type\":\"WebPage\",\"@id\":\"https:\\\/\\\/kibrisdakik.com\\\/?p=67724\",\"url\":\"https:\\\/\\\/kibrisdakik.com\\\/?p=67724\",\"name\":\"Baybora: \u201cY\u00fcksek Mahkeme taraf\u0131nda Kooperatifler i\u00e7in \u00f6nemli ve emsal bir karar verildi\u201d -\",\"isPartOf\":{\"@id\":\"https:\\\/\\\/kibrisdakik.com\\\/#website\"},\"primaryImageOfPage\":{\"@id\":\"https:\\\/\\\/kibrisdakik.com\\\/?p=67724#primaryimage\"},\"image\":{\"@id\":\"https:\\\/\\\/kibrisdakik.com\\\/?p=67724#primaryimage\"},\"thumbnailUrl\":\"https:\\\/\\\/kibrisdakik.com\\\/wp-content\\\/uploads\\\/2024\\\/10\\\/ktos14-740x420.jpeg\",\"datePublished\":\"2024-10-27T08:45:13+00:00\",\"author\":{\"@id\":\"https:\\\/\\\/kibrisdakik.com\\\/#\\\/schema\\\/person\\\/9cd9d437bbb44f72b73ba127e06d8e79\"},\"breadcrumb\":{\"@id\":\"https:\\\/\\\/kibrisdakik.com\\\/?p=67724#breadcrumb\"},\"inLanguage\":\"tr\",\"potentialAction\":[{\"@type\":\"ReadAction\",\"target\":[\"https:\\\/\\\/kibrisdakik.com\\\/?p=67724\"]}]},{\"@type\":\"ImageObject\",\"inLanguage\":\"tr\",\"@id\":\"https:\\\/\\\/kibrisdakik.com\\\/?p=67724#primaryimage\",\"url\":\"https:\\\/\\\/kibrisdakik.com\\\/wp-content\\\/uploads\\\/2024\\\/10\\\/ktos14-740x420.jpeg\",\"contentUrl\":\"https:\\\/\\\/kibrisdakik.com\\\/wp-content\\\/uploads\\\/2024\\\/10\\\/ktos14-740x420.jpeg\",\"width\":1536,\"height\":2048},{\"@type\":\"BreadcrumbList\",\"@id\":\"https:\\\/\\\/kibrisdakik.com\\\/?p=67724#breadcrumb\",\"itemListElement\":[{\"@type\":\"ListItem\",\"position\":1,\"name\":\"Home\",\"item\":\"https:\\\/\\\/kibrisdakik.com\\\/\"},{\"@type\":\"ListItem\",\"position\":2,\"name\":\"Baybora: \u201cY\u00fcksek Mahkeme taraf\u0131nda Kooperatifler i\u00e7in \u00f6nemli ve emsal bir karar verildi\u201d\"}]},{\"@type\":\"WebSite\",\"@id\":\"https:\\\/\\\/kibrisdakik.com\\\/#website\",\"url\":\"https:\\\/\\\/kibrisdakik.com\\\/\",\"name\":\"\",\"description\":\"Tam vaktinde haber\",\"potentialAction\":[{\"@type\":\"SearchAction\",\"target\":{\"@type\":\"EntryPoint\",\"urlTemplate\":\"https:\\\/\\\/kibrisdakik.com\\\/?s={search_term_string}\"},\"query-input\":{\"@type\":\"PropertyValueSpecification\",\"valueRequired\":true,\"valueName\":\"search_term_string\"}}],\"inLanguage\":\"tr\"},{\"@type\":\"Person\",\"@id\":\"https:\\\/\\\/kibrisdakik.com\\\/#\\\/schema\\\/person\\\/9cd9d437bbb44f72b73ba127e06d8e79\",\"name\":\"admin\",\"image\":{\"@type\":\"ImageObject\",\"inLanguage\":\"tr\",\"@id\":\"https:\\\/\\\/secure.gravatar.com\\\/avatar\\\/ccc17943b9d660506c869530f897617f7cb1c21a4bf30023f252596d83e1f007?s=96&d=mm&r=g\",\"url\":\"https:\\\/\\\/secure.gravatar.com\\\/avatar\\\/ccc17943b9d660506c869530f897617f7cb1c21a4bf30023f252596d83e1f007?s=96&d=mm&r=g\",\"contentUrl\":\"https:\\\/\\\/secure.gravatar.com\\\/avatar\\\/ccc17943b9d660506c869530f897617f7cb1c21a4bf30023f252596d83e1f007?s=96&d=mm&r=g\",\"caption\":\"admin\"},\"sameAs\":[\"https:\\\/\\\/kibrisdakik.com\"],\"url\":\"https:\\\/\\\/kibrisdakik.com\\\/?author=1\"}]}<\/script>\n<!-- \/ Yoast SEO plugin. -->","yoast_head_json":{"title":"Baybora: \u201cY\u00fcksek Mahkeme taraf\u0131nda Kooperatifler i\u00e7in \u00f6nemli ve emsal bir karar verildi\u201d -","robots":{"index":"index","follow":"follow","max-snippet":"max-snippet:-1","max-image-preview":"max-image-preview:large","max-video-preview":"max-video-preview:-1"},"canonical":"https:\/\/kibrisdakik.com\/?p=67724","og_locale":"tr_TR","og_type":"article","og_title":"Baybora: \u201cY\u00fcksek Mahkeme taraf\u0131nda Kooperatifler i\u00e7in \u00f6nemli ve emsal bir karar verildi\u201d -","og_description":"K\u0131br\u0131s T\u00fcrk \u00d6\u011fretmenler Kooperatifi Y\u00f6netimi Kurulu Ba\u015fkan\u0131 ve K\u0131br\u0131s T\u00fcrk \u00d6\u011fretmenler Sendikas\u0131 Ba\u015fkan\u0131 Mustafa Baybora, Y\u00fcksek Mahkeme\u2019nin, K\u0131br\u0131s T\u00fcrk \u00d6\u011fretmenler Kooperatifi LTD\u2019in 2018 y\u0131l\u0131nda alm\u0131\u015f oldu\u011fu karar\u0131 onaylayarak, Kooperatifi hakl\u0131 buldu\u011funu belirtti. KT\u00d6S\u2019ten yap\u0131lan a\u00e7\u0131klamaya g\u00f6re, K\u0131br\u0131s T\u00fcrk \u00d6\u011fretmenler Kooperatifi LTD\u2019in baz\u0131 \u00fcyelerinin, haks\u0131zl\u0131\u011f\u0131 u\u011frad\u0131klar\u0131 gerek\u00e7esiyle K.T \u00d6\u011fretmenler Kooperatifi aleyhine a\u00e7m\u0131\u015f olduklar\u0131 davan\u0131n 11 Ekim","og_url":"https:\/\/kibrisdakik.com\/?p=67724","article_published_time":"2024-10-27T08:45:13+00:00","og_image":[{"width":1536,"height":2048,"url":"https:\/\/kibrisdakik.com\/wp-content\/uploads\/2024\/10\/ktos14-740x420.jpeg","type":"image\/jpeg"}],"author":"admin","twitter_card":"summary_large_image","twitter_misc":{"Yazan:":"admin","Tahmini okuma s\u00fcresi":"1 dakika"},"schema":{"@context":"https:\/\/schema.org","@graph":[{"@type":"Article","@id":"https:\/\/kibrisdakik.com\/?p=67724#article","isPartOf":{"@id":"https:\/\/kibrisdakik.com\/?p=67724"},"author":{"name":"admin","@id":"https:\/\/kibrisdakik.com\/#\/schema\/person\/9cd9d437bbb44f72b73ba127e06d8e79"},"headline":"Baybora: \u201cY\u00fcksek Mahkeme taraf\u0131nda Kooperatifler i\u00e7in \u00f6nemli ve emsal bir karar verildi\u201d","datePublished":"2024-10-27T08:45:13+00:00","mainEntityOfPage":{"@id":"https:\/\/kibrisdakik.com\/?p=67724"},"wordCount":220,"commentCount":0,"image":{"@id":"https:\/\/kibrisdakik.com\/?p=67724#primaryimage"},"thumbnailUrl":"https:\/\/kibrisdakik.com\/wp-content\/uploads\/2024\/10\/ktos14-740x420.jpeg","articleSection":["K\u0131br\u0131s"],"inLanguage":"tr","potentialAction":[{"@type":"CommentAction","name":"Comment","target":["https:\/\/kibrisdakik.com\/?p=67724#respond"]}]},{"@type":"WebPage","@id":"https:\/\/kibrisdakik.com\/?p=67724","url":"https:\/\/kibrisdakik.com\/?p=67724","name":"Baybora: \u201cY\u00fcksek Mahkeme taraf\u0131nda Kooperatifler i\u00e7in \u00f6nemli ve emsal bir karar verildi\u201d -","isPartOf":{"@id":"https:\/\/kibrisdakik.com\/#website"},"primaryImageOfPage":{"@id":"https:\/\/kibrisdakik.com\/?p=67724#primaryimage"},"image":{"@id":"https:\/\/kibrisdakik.com\/?p=67724#primaryimage"},"thumbnailUrl":"https:\/\/kibrisdakik.com\/wp-content\/uploads\/2024\/10\/ktos14-740x420.jpeg","datePublished":"2024-10-27T08:45:13+00:00","author":{"@id":"https:\/\/kibrisdakik.com\/#\/schema\/person\/9cd9d437bbb44f72b73ba127e06d8e79"},"breadcrumb":{"@id":"https:\/\/kibrisdakik.com\/?p=67724#breadcrumb"},"inLanguage":"tr","potentialAction":[{"@type":"ReadAction","target":["https:\/\/kibrisdakik.com\/?p=67724"]}]},{"@type":"ImageObject","inLanguage":"tr","@id":"https:\/\/kibrisdakik.com\/?p=67724#primaryimage","url":"https:\/\/kibrisdakik.com\/wp-content\/uploads\/2024\/10\/ktos14-740x420.jpeg","contentUrl":"https:\/\/kibrisdakik.com\/wp-content\/uploads\/2024\/10\/ktos14-740x420.jpeg","width":1536,"height":2048},{"@type":"BreadcrumbList","@id":"https:\/\/kibrisdakik.com\/?p=67724#breadcrumb","itemListElement":[{"@type":"ListItem","position":1,"name":"Home","item":"https:\/\/kibrisdakik.com\/"},{"@type":"ListItem","position":2,"name":"Baybora: \u201cY\u00fcksek Mahkeme taraf\u0131nda Kooperatifler i\u00e7in \u00f6nemli ve emsal bir karar verildi\u201d"}]},{"@type":"WebSite","@id":"https:\/\/kibrisdakik.com\/#website","url":"https:\/\/kibrisdakik.com\/","name":"","description":"Tam vaktinde haber","potentialAction":[{"@type":"SearchAction","target":{"@type":"EntryPoint","urlTemplate":"https:\/\/kibrisdakik.com\/?s={search_term_string}"},"query-input":{"@type":"PropertyValueSpecification","valueRequired":true,"valueName":"search_term_string"}}],"inLanguage":"tr"},{"@type":"Person","@id":"https:\/\/kibrisdakik.com\/#\/schema\/person\/9cd9d437bbb44f72b73ba127e06d8e79","name":"admin","image":{"@type":"ImageObject","inLanguage":"tr","@id":"https:\/\/secure.gravatar.com\/avatar\/ccc17943b9d660506c869530f897617f7cb1c21a4bf30023f252596d83e1f007?s=96&d=mm&r=g","url":"https:\/\/secure.gravatar.com\/avatar\/ccc17943b9d660506c869530f897617f7cb1c21a4bf30023f252596d83e1f007?s=96&d=mm&r=g","contentUrl":"https:\/\/secure.gravatar.com\/avatar\/ccc17943b9d660506c869530f897617f7cb1c21a4bf30023f252596d83e1f007?s=96&d=mm&r=g","caption":"admin"},"sameAs":["https:\/\/kibrisdakik.com"],"url":"https:\/\/kibrisdakik.com\/?author=1"}]}},"_links":{"self":[{"href":"https:\/\/kibrisdakik.com\/index.php?rest_route=\/wp\/v2\/posts\/67724","targetHints":{"allow":["GET"]}}],"collection":[{"href":"https:\/\/kibrisdakik.com\/index.php?rest_route=\/wp\/v2\/posts"}],"about":[{"href":"https:\/\/kibrisdakik.com\/index.php?rest_route=\/wp\/v2\/types\/post"}],"author":[{"embeddable":true,"href":"https:\/\/kibrisdakik.com\/index.php?rest_route=\/wp\/v2\/users\/1"}],"replies":[{"embeddable":true,"href":"https:\/\/kibrisdakik.com\/index.php?rest_route=%2Fwp%2Fv2%2Fcomments&post=67724"}],"version-history":[{"count":0,"href":"https:\/\/kibrisdakik.com\/index.php?rest_route=\/wp\/v2\/posts\/67724\/revisions"}],"wp:featuredmedia":[{"embeddable":true,"href":"https:\/\/kibrisdakik.com\/index.php?rest_route=\/wp\/v2\/media\/67725"}],"wp:attachment":[{"href":"https:\/\/kibrisdakik.com\/index.php?rest_route=%2Fwp%2Fv2%2Fmedia&parent=67724"}],"wp:term":[{"taxonomy":"category","embeddable":true,"href":"https:\/\/kibrisdakik.com\/index.php?rest_route=%2Fwp%2Fv2%2Fcategories&post=67724"},{"taxonomy":"post_tag","embeddable":true,"href":"https:\/\/kibrisdakik.com\/index.php?rest_route=%2Fwp%2Fv2%2Ftags&post=67724"}],"curies":[{"name":"wp","href":"https:\/\/api.w.org\/{rel}","templated":true}]}}