{"id":67728,"date":"2024-10-27T13:02:53","date_gmt":"2024-10-27T10:02:53","guid":{"rendered":"https:\/\/kibrisdakik.com\/index.php\/2024\/10\/27\/tc-lefkosa-buyukelciligi-29-ekim-cumhuriyet-bayrami-konseri-duzenliyor-2\/"},"modified":"2024-10-27T13:02:53","modified_gmt":"2024-10-27T10:02:53","slug":"tc-lefkosa-buyukelciligi-29-ekim-cumhuriyet-bayrami-konseri-duzenliyor-2","status":"publish","type":"post","link":"https:\/\/kibrisdakik.com\/?p=67728","title":{"rendered":"TC Lefko\u015fa B\u00fcy\u00fckel\u00e7ili\u011fi 29 Ekim Cumhuriyet Bayram\u0131 konseri d\u00fczenliyor"},"content":{"rendered":"<p> <br \/>\n<\/p>\n<div>\n<div class=\"mariselle-image-container center\">\n                <img loading=\"lazy\" decoding=\"async\" width=\"1280\" height=\"720\" class=\"lazy-image\" alt=\"\" sizes=\"auto, (max-width: 1280px) 100vw, 1280px\" src=\"https:\/\/brtk.net\/wp-content\/uploads\/2024\/10\/27\/kkk.webp?ver=54fba7c4b73f06394f976995a4e805ab\" srcset=\"https:\/\/brtk.net\/wp-content\/uploads\/2024\/10\/27\/kkk.webp?ver=54fba7c4b73f06394f976995a4e805ab 1280w, https:\/\/brtk.net\/wp-content\/uploads\/2024\/10\/27\/kkk-300x169.webp?ver=54fba7c4b73f06394f976995a4e805ab 300w, https:\/\/brtk.net\/wp-content\/uploads\/2024\/10\/27\/kkk-1024x576.webp?ver=54fba7c4b73f06394f976995a4e805ab 1024w, https:\/\/brtk.net\/wp-content\/uploads\/2024\/10\/27\/kkk-768x432.webp?ver=54fba7c4b73f06394f976995a4e805ab 768w\"\/>                            <\/div>\n<p>T\u00fcrkiye Cumhuriyeti Lefko\u015fa B\u00fcy\u00fckel\u00e7ili\u011fi, 29 Ekim Cumhuriyet Bayram\u0131 dolay\u0131s\u0131yla yar\u0131n (28.10.2024) konser d\u00fczenliyor.<\/p>\n<p>Antakya Medeniyetler Korosu taraf\u0131ndan verilecek konser pazartesi g\u00fcn\u00fc saat 19.00\u2019da Girne Amfi Tiyatro\u2019da yap\u0131lacak.<\/p>\n<p>Konsere t\u00fcm halk davet edildi.<\/p>\n<\/p><\/div>\n<p><script async\n                    defer\n                    crossorigin=\"anonymous\"\n                    src=\"https:\/\/connect.facebook.net\/tr_TR\/sdk.js#xfbml=1&#038;version=v3.3\"\n            ><\/script><br \/>\n<br \/><br \/>\n<br \/><a href=\"https:\/\/brtk.net\/tc-lefkosa-buyukelciligi-29-ekim-cumhuriyet-bayrami-konseri-duzenliyor-2\/\">kpostasi <\/a><\/p>\n","protected":false},"excerpt":{"rendered":"<p>T\u00fcrkiye Cumhuriyeti Lefko\u015fa B\u00fcy\u00fckel\u00e7ili\u011fi, 29 Ekim Cumhuriyet Bayram\u0131 dolay\u0131s\u0131yla yar\u0131n (28.10.2024) konser d\u00fczenliyor. Antakya Medeniyetler Korosu taraf\u0131ndan verilecek konser pazartesi g\u00fcn\u00fc saat 19.00\u2019da Girne Amfi Tiyatro\u2019da yap\u0131lacak. Konsere t\u00fcm halk davet edildi. kpostasi<\/p>\n","protected":false},"author":1,"featured_media":67729,"comment_status":"open","ping_status":"open","sticky":false,"template":"","format":"standard","meta":{"footnotes":""},"categories":[1,81],"tags":[],"class_list":["post-67728","post","type-post","status-publish","format-standard","has-post-thumbnail","hentry","category-gundem","category-kibris"],"yoast_head":"<!-- This site is optimized with the Yoast SEO plugin v27.5 - https:\/\/yoast.com\/product\/yoast-seo-wordpress\/ -->\n<title>TC Lefko\u015fa B\u00fcy\u00fckel\u00e7ili\u011fi 29 Ekim Cumhuriyet Bayram\u0131 konseri d\u00fczenliyor -<\/title>\n<meta name=\"robots\" content=\"index, follow, max-snippet:-1, max-image-preview:large, max-video-preview:-1\" \/>\n<link rel=\"canonical\" href=\"https:\/\/kibrisdakik.com\/?p=67728\" \/>\n<meta property=\"og:locale\" content=\"tr_TR\" \/>\n<meta property=\"og:type\" content=\"article\" \/>\n<meta property=\"og:title\" content=\"TC Lefko\u015fa B\u00fcy\u00fckel\u00e7ili\u011fi 29 Ekim Cumhuriyet Bayram\u0131 konseri d\u00fczenliyor -\" \/>\n<meta property=\"og:description\" content=\"T\u00fcrkiye Cumhuriyeti Lefko\u015fa B\u00fcy\u00fckel\u00e7ili\u011fi, 29 Ekim Cumhuriyet Bayram\u0131 dolay\u0131s\u0131yla yar\u0131n (28.10.2024) konser d\u00fczenliyor. Antakya Medeniyetler Korosu taraf\u0131ndan verilecek konser pazartesi g\u00fcn\u00fc saat 19.00\u2019da Girne Amfi Tiyatro\u2019da yap\u0131lacak. Konsere t\u00fcm halk davet edildi. kpostasi\" \/>\n<meta property=\"og:url\" content=\"https:\/\/kibrisdakik.com\/?p=67728\" \/>\n<meta property=\"article:published_time\" content=\"2024-10-27T10:02:53+00:00\" \/>\n<meta property=\"og:image\" content=\"https:\/\/kibrisdakik.com\/wp-content\/uploads\/2024\/10\/kkk.webp-740x420.webp\" \/>\n\t<meta property=\"og:image:width\" content=\"1280\" \/>\n\t<meta property=\"og:image:height\" content=\"720\" \/>\n\t<meta property=\"og:image:type\" content=\"image\/webp\" \/>\n<meta name=\"author\" content=\"admin\" \/>\n<meta name=\"twitter:card\" content=\"summary_large_image\" \/>\n<meta name=\"twitter:label1\" content=\"Yazan:\" \/>\n\t<meta name=\"twitter:data1\" content=\"admin\" \/>\n<script type=\"application\/ld+json\" class=\"yoast-schema-graph\">{\"@context\":\"https:\\\/\\\/schema.org\",\"@graph\":[{\"@type\":\"Article\",\"@id\":\"https:\\\/\\\/kibrisdakik.com\\\/?p=67728#article\",\"isPartOf\":{\"@id\":\"https:\\\/\\\/kibrisdakik.com\\\/?p=67728\"},\"author\":{\"name\":\"admin\",\"@id\":\"https:\\\/\\\/kibrisdakik.com\\\/#\\\/schema\\\/person\\\/9cd9d437bbb44f72b73ba127e06d8e79\"},\"headline\":\"TC Lefko\u015fa B\u00fcy\u00fckel\u00e7ili\u011fi 29 Ekim Cumhuriyet Bayram\u0131 konseri d\u00fczenliyor\",\"datePublished\":\"2024-10-27T10:02:53+00:00\",\"mainEntityOfPage\":{\"@id\":\"https:\\\/\\\/kibrisdakik.com\\\/?p=67728\"},\"wordCount\":62,\"commentCount\":0,\"image\":{\"@id\":\"https:\\\/\\\/kibrisdakik.com\\\/?p=67728#primaryimage\"},\"thumbnailUrl\":\"https:\\\/\\\/kibrisdakik.com\\\/wp-content\\\/uploads\\\/2024\\\/10\\\/kkk.webp-740x420.webp\",\"articleSection\":[\"G\u00fcndem\",\"K\u0131br\u0131s\"],\"inLanguage\":\"tr\",\"potentialAction\":[{\"@type\":\"CommentAction\",\"name\":\"Comment\",\"target\":[\"https:\\\/\\\/kibrisdakik.com\\\/?p=67728#respond\"]}]},{\"@type\":\"WebPage\",\"@id\":\"https:\\\/\\\/kibrisdakik.com\\\/?p=67728\",\"url\":\"https:\\\/\\\/kibrisdakik.com\\\/?p=67728\",\"name\":\"TC Lefko\u015fa B\u00fcy\u00fckel\u00e7ili\u011fi 29 Ekim Cumhuriyet Bayram\u0131 konseri d\u00fczenliyor -\",\"isPartOf\":{\"@id\":\"https:\\\/\\\/kibrisdakik.com\\\/#website\"},\"primaryImageOfPage\":{\"@id\":\"https:\\\/\\\/kibrisdakik.com\\\/?p=67728#primaryimage\"},\"image\":{\"@id\":\"https:\\\/\\\/kibrisdakik.com\\\/?p=67728#primaryimage\"},\"thumbnailUrl\":\"https:\\\/\\\/kibrisdakik.com\\\/wp-content\\\/uploads\\\/2024\\\/10\\\/kkk.webp-740x420.webp\",\"datePublished\":\"2024-10-27T10:02:53+00:00\",\"author\":{\"@id\":\"https:\\\/\\\/kibrisdakik.com\\\/#\\\/schema\\\/person\\\/9cd9d437bbb44f72b73ba127e06d8e79\"},\"breadcrumb\":{\"@id\":\"https:\\\/\\\/kibrisdakik.com\\\/?p=67728#breadcrumb\"},\"inLanguage\":\"tr\",\"potentialAction\":[{\"@type\":\"ReadAction\",\"target\":[\"https:\\\/\\\/kibrisdakik.com\\\/?p=67728\"]}]},{\"@type\":\"ImageObject\",\"inLanguage\":\"tr\",\"@id\":\"https:\\\/\\\/kibrisdakik.com\\\/?p=67728#primaryimage\",\"url\":\"https:\\\/\\\/kibrisdakik.com\\\/wp-content\\\/uploads\\\/2024\\\/10\\\/kkk.webp-740x420.webp\",\"contentUrl\":\"https:\\\/\\\/kibrisdakik.com\\\/wp-content\\\/uploads\\\/2024\\\/10\\\/kkk.webp-740x420.webp\",\"width\":1280,\"height\":720},{\"@type\":\"BreadcrumbList\",\"@id\":\"https:\\\/\\\/kibrisdakik.com\\\/?p=67728#breadcrumb\",\"itemListElement\":[{\"@type\":\"ListItem\",\"position\":1,\"name\":\"Home\",\"item\":\"https:\\\/\\\/kibrisdakik.com\\\/\"},{\"@type\":\"ListItem\",\"position\":2,\"name\":\"TC Lefko\u015fa B\u00fcy\u00fckel\u00e7ili\u011fi 29 Ekim Cumhuriyet Bayram\u0131 konseri d\u00fczenliyor\"}]},{\"@type\":\"WebSite\",\"@id\":\"https:\\\/\\\/kibrisdakik.com\\\/#website\",\"url\":\"https:\\\/\\\/kibrisdakik.com\\\/\",\"name\":\"\",\"description\":\"Tam vaktinde haber\",\"potentialAction\":[{\"@type\":\"SearchAction\",\"target\":{\"@type\":\"EntryPoint\",\"urlTemplate\":\"https:\\\/\\\/kibrisdakik.com\\\/?s={search_term_string}\"},\"query-input\":{\"@type\":\"PropertyValueSpecification\",\"valueRequired\":true,\"valueName\":\"search_term_string\"}}],\"inLanguage\":\"tr\"},{\"@type\":\"Person\",\"@id\":\"https:\\\/\\\/kibrisdakik.com\\\/#\\\/schema\\\/person\\\/9cd9d437bbb44f72b73ba127e06d8e79\",\"name\":\"admin\",\"image\":{\"@type\":\"ImageObject\",\"inLanguage\":\"tr\",\"@id\":\"https:\\\/\\\/secure.gravatar.com\\\/avatar\\\/ccc17943b9d660506c869530f897617f7cb1c21a4bf30023f252596d83e1f007?s=96&d=mm&r=g\",\"url\":\"https:\\\/\\\/secure.gravatar.com\\\/avatar\\\/ccc17943b9d660506c869530f897617f7cb1c21a4bf30023f252596d83e1f007?s=96&d=mm&r=g\",\"contentUrl\":\"https:\\\/\\\/secure.gravatar.com\\\/avatar\\\/ccc17943b9d660506c869530f897617f7cb1c21a4bf30023f252596d83e1f007?s=96&d=mm&r=g\",\"caption\":\"admin\"},\"sameAs\":[\"https:\\\/\\\/kibrisdakik.com\"],\"url\":\"https:\\\/\\\/kibrisdakik.com\\\/?author=1\"}]}<\/script>\n<!-- \/ Yoast SEO plugin. -->","yoast_head_json":{"title":"TC Lefko\u015fa B\u00fcy\u00fckel\u00e7ili\u011fi 29 Ekim Cumhuriyet Bayram\u0131 konseri d\u00fczenliyor -","robots":{"index":"index","follow":"follow","max-snippet":"max-snippet:-1","max-image-preview":"max-image-preview:large","max-video-preview":"max-video-preview:-1"},"canonical":"https:\/\/kibrisdakik.com\/?p=67728","og_locale":"tr_TR","og_type":"article","og_title":"TC Lefko\u015fa B\u00fcy\u00fckel\u00e7ili\u011fi 29 Ekim Cumhuriyet Bayram\u0131 konseri d\u00fczenliyor -","og_description":"T\u00fcrkiye Cumhuriyeti Lefko\u015fa B\u00fcy\u00fckel\u00e7ili\u011fi, 29 Ekim Cumhuriyet Bayram\u0131 dolay\u0131s\u0131yla yar\u0131n (28.10.2024) konser d\u00fczenliyor. Antakya Medeniyetler Korosu taraf\u0131ndan verilecek konser pazartesi g\u00fcn\u00fc saat 19.00\u2019da Girne Amfi Tiyatro\u2019da yap\u0131lacak. Konsere t\u00fcm halk davet edildi. kpostasi","og_url":"https:\/\/kibrisdakik.com\/?p=67728","article_published_time":"2024-10-27T10:02:53+00:00","og_image":[{"width":1280,"height":720,"url":"https:\/\/kibrisdakik.com\/wp-content\/uploads\/2024\/10\/kkk.webp-740x420.webp","type":"image\/webp"}],"author":"admin","twitter_card":"summary_large_image","twitter_misc":{"Yazan:":"admin"},"schema":{"@context":"https:\/\/schema.org","@graph":[{"@type":"Article","@id":"https:\/\/kibrisdakik.com\/?p=67728#article","isPartOf":{"@id":"https:\/\/kibrisdakik.com\/?p=67728"},"author":{"name":"admin","@id":"https:\/\/kibrisdakik.com\/#\/schema\/person\/9cd9d437bbb44f72b73ba127e06d8e79"},"headline":"TC Lefko\u015fa B\u00fcy\u00fckel\u00e7ili\u011fi 29 Ekim Cumhuriyet Bayram\u0131 konseri d\u00fczenliyor","datePublished":"2024-10-27T10:02:53+00:00","mainEntityOfPage":{"@id":"https:\/\/kibrisdakik.com\/?p=67728"},"wordCount":62,"commentCount":0,"image":{"@id":"https:\/\/kibrisdakik.com\/?p=67728#primaryimage"},"thumbnailUrl":"https:\/\/kibrisdakik.com\/wp-content\/uploads\/2024\/10\/kkk.webp-740x420.webp","articleSection":["G\u00fcndem","K\u0131br\u0131s"],"inLanguage":"tr","potentialAction":[{"@type":"CommentAction","name":"Comment","target":["https:\/\/kibrisdakik.com\/?p=67728#respond"]}]},{"@type":"WebPage","@id":"https:\/\/kibrisdakik.com\/?p=67728","url":"https:\/\/kibrisdakik.com\/?p=67728","name":"TC Lefko\u015fa B\u00fcy\u00fckel\u00e7ili\u011fi 29 Ekim Cumhuriyet Bayram\u0131 konseri d\u00fczenliyor -","isPartOf":{"@id":"https:\/\/kibrisdakik.com\/#website"},"primaryImageOfPage":{"@id":"https:\/\/kibrisdakik.com\/?p=67728#primaryimage"},"image":{"@id":"https:\/\/kibrisdakik.com\/?p=67728#primaryimage"},"thumbnailUrl":"https:\/\/kibrisdakik.com\/wp-content\/uploads\/2024\/10\/kkk.webp-740x420.webp","datePublished":"2024-10-27T10:02:53+00:00","author":{"@id":"https:\/\/kibrisdakik.com\/#\/schema\/person\/9cd9d437bbb44f72b73ba127e06d8e79"},"breadcrumb":{"@id":"https:\/\/kibrisdakik.com\/?p=67728#breadcrumb"},"inLanguage":"tr","potentialAction":[{"@type":"ReadAction","target":["https:\/\/kibrisdakik.com\/?p=67728"]}]},{"@type":"ImageObject","inLanguage":"tr","@id":"https:\/\/kibrisdakik.com\/?p=67728#primaryimage","url":"https:\/\/kibrisdakik.com\/wp-content\/uploads\/2024\/10\/kkk.webp-740x420.webp","contentUrl":"https:\/\/kibrisdakik.com\/wp-content\/uploads\/2024\/10\/kkk.webp-740x420.webp","width":1280,"height":720},{"@type":"BreadcrumbList","@id":"https:\/\/kibrisdakik.com\/?p=67728#breadcrumb","itemListElement":[{"@type":"ListItem","position":1,"name":"Home","item":"https:\/\/kibrisdakik.com\/"},{"@type":"ListItem","position":2,"name":"TC Lefko\u015fa B\u00fcy\u00fckel\u00e7ili\u011fi 29 Ekim Cumhuriyet Bayram\u0131 konseri d\u00fczenliyor"}]},{"@type":"WebSite","@id":"https:\/\/kibrisdakik.com\/#website","url":"https:\/\/kibrisdakik.com\/","name":"","description":"Tam vaktinde haber","potentialAction":[{"@type":"SearchAction","target":{"@type":"EntryPoint","urlTemplate":"https:\/\/kibrisdakik.com\/?s={search_term_string}"},"query-input":{"@type":"PropertyValueSpecification","valueRequired":true,"valueName":"search_term_string"}}],"inLanguage":"tr"},{"@type":"Person","@id":"https:\/\/kibrisdakik.com\/#\/schema\/person\/9cd9d437bbb44f72b73ba127e06d8e79","name":"admin","image":{"@type":"ImageObject","inLanguage":"tr","@id":"https:\/\/secure.gravatar.com\/avatar\/ccc17943b9d660506c869530f897617f7cb1c21a4bf30023f252596d83e1f007?s=96&d=mm&r=g","url":"https:\/\/secure.gravatar.com\/avatar\/ccc17943b9d660506c869530f897617f7cb1c21a4bf30023f252596d83e1f007?s=96&d=mm&r=g","contentUrl":"https:\/\/secure.gravatar.com\/avatar\/ccc17943b9d660506c869530f897617f7cb1c21a4bf30023f252596d83e1f007?s=96&d=mm&r=g","caption":"admin"},"sameAs":["https:\/\/kibrisdakik.com"],"url":"https:\/\/kibrisdakik.com\/?author=1"}]}},"_links":{"self":[{"href":"https:\/\/kibrisdakik.com\/index.php?rest_route=\/wp\/v2\/posts\/67728","targetHints":{"allow":["GET"]}}],"collection":[{"href":"https:\/\/kibrisdakik.com\/index.php?rest_route=\/wp\/v2\/posts"}],"about":[{"href":"https:\/\/kibrisdakik.com\/index.php?rest_route=\/wp\/v2\/types\/post"}],"author":[{"embeddable":true,"href":"https:\/\/kibrisdakik.com\/index.php?rest_route=\/wp\/v2\/users\/1"}],"replies":[{"embeddable":true,"href":"https:\/\/kibrisdakik.com\/index.php?rest_route=%2Fwp%2Fv2%2Fcomments&post=67728"}],"version-history":[{"count":0,"href":"https:\/\/kibrisdakik.com\/index.php?rest_route=\/wp\/v2\/posts\/67728\/revisions"}],"wp:featuredmedia":[{"embeddable":true,"href":"https:\/\/kibrisdakik.com\/index.php?rest_route=\/wp\/v2\/media\/67729"}],"wp:attachment":[{"href":"https:\/\/kibrisdakik.com\/index.php?rest_route=%2Fwp%2Fv2%2Fmedia&parent=67728"}],"wp:term":[{"taxonomy":"category","embeddable":true,"href":"https:\/\/kibrisdakik.com\/index.php?rest_route=%2Fwp%2Fv2%2Fcategories&post=67728"},{"taxonomy":"post_tag","embeddable":true,"href":"https:\/\/kibrisdakik.com\/index.php?rest_route=%2Fwp%2Fv2%2Ftags&post=67728"}],"curies":[{"name":"wp","href":"https:\/\/api.w.org\/{rel}","templated":true}]}}