{"id":67735,"date":"2024-10-27T14:29:32","date_gmt":"2024-10-27T11:29:32","guid":{"rendered":"https:\/\/kibrisdakik.com\/index.php\/2024\/10\/27\/ziya-rizki-anildi\/"},"modified":"2024-10-27T14:29:32","modified_gmt":"2024-10-27T11:29:32","slug":"ziya-rizki-anildi","status":"publish","type":"post","link":"https:\/\/kibrisdakik.com\/?p=67735","title":{"rendered":"Ziya R\u0131zk\u0131 an\u0131ld\u0131"},"content":{"rendered":"<div>\n<div class=\"mariselle-image-container center\">\n                                            <\/div>\n<p>\nK\u0131br\u0131s T\u00fcrk halk\u0131n\u0131n var olu\u015f m\u00fccadelesinde \u00f6nemli katk\u0131lar\u0131 olan eski milletvekili, belediye ba\u015fkan\u0131, m\u00fccahit komutan\u0131, serdar ve spor adam\u0131 Ziya R\u0131zk\u0131\u2019n\u0131n \u00f6l\u00fcm y\u0131ld\u00f6n\u00fcm\u00fcnde t\u00f6renler d\u00fczenlendi.<\/p>\n<p> Ziya R\u0131zk\u0131 i\u00e7in ilk t\u00f6ren Ziya R\u0131zk\u0131 Meydan\u0131\u2019ndaki b\u00fcst\u00fc \u00f6n\u00fcnde, ikinci t\u00f6ren ise Karao\u011flano\u011flu Mezarl\u0131\u011f\u0131\u2019nda kabri ba\u015f\u0131nda d\u00fczenlendi.<\/p>\n<p>T\u00f6rene; D\u00f6rd\u00fcnc\u00fc Cumhurba\u015fkan\u0131 Mustafa Ak\u0131nc\u0131, baz\u0131 milletvekilleri, Toplumcu Demokrasi Partisi  Ba\u015fkan\u0131 Zeki \u00c7eler, Girne Belediye Ba\u015fkan\u0131 Murat \u015eenkul, Ziya R\u0131zk\u0131 Vakf\u0131 M\u00fctevelli Heyeti Ba\u015fkan\u0131 CTP Milletvekili Dr. Ceyhun Birinci, vak\u0131f \u00fcyeleri, Ziya R\u0131zk\u0131\u2019n\u0131n ailesi ve sevenleri kat\u0131ld\u0131.<br \/>Ziya R\u0131zk\u0131 Meydan\u0131\u2019ndaki ilk t\u00f6rende, b\u00fcste \u00e7elenkler konularak, bir dakikal\u0131k sayg\u0131 duru\u015funda bulunuldu.<\/p>\n<p>\u0130kinci t\u00f6ren, Ziya R\u0131zk\u0131\u2019n\u0131n Karao\u011flano\u011flu Mezarl\u0131\u011f\u0131\u2019ndaki kabri ba\u015f\u0131nda d\u00fczenlendi.<br \/>D\u00f6rd\u00fcnc\u00fc Cumhurba\u015fkan\u0131 Mustafa Ak\u0131nc\u0131, t\u00f6rende yapt\u0131\u011f\u0131 konu\u015fmada Ziya R\u0131zk\u0131\u2019n\u0131n bir de\u011ferler manzumesinin temsilcisi oldu\u011funu s\u00f6yledi.<\/p>\n<p>Ak\u0131nc\u0131, \u201cO bir disiplin adam\u0131yd\u0131, sosyal demokratt\u0131, Ziya bey ba\u011fnaz bir partici, ya da partizan de\u011fildi. Her partiden insanlar\u0131n sevgisini kazanm\u0131\u015f, partiler \u00fcst\u00fc bir ki\u015filikti\u201d diye konu\u015ftu.<br \/>TDP Ba\u015fkan\u0131 Zeki \u00c7eler de, R\u0131zk\u0131\u2019n\u0131n insanlar\u0131 partilere g\u00f6re ay\u0131rmad\u0131\u011f\u0131n\u0131, t\u00fcm halka insanlar aras\u0131nda ayr\u0131mc\u0131l\u0131k yapmadan hizmet verdi\u011fini dile getirdi.<\/p>\n<p>\u00c7eler, R\u0131zk\u0131\u2019n\u0131n ilkeleri ya\u015fatmak i\u00e7in m\u00fccadele etmeye devam edeceklerini kaydetti.<br \/>Girne Belediye Ba\u015fkan\u0131 Murat \u015eenkul da Ziya R\u0131zk\u0131 gibi sembolik bir ismin gen\u00e7 nesillere ve bu \u00fclkeyi vatan bilmi\u015f kesimlere tan\u0131tman\u0131n \u00f6nemli oldu\u011funu vurgulad\u0131.<\/p>\n<p>Demografik yap\u0131n\u0131n de\u011fi\u015fti\u011fini, \u00fclkenin k\u00fclt\u00fcrel de\u011ferlerinde sayg\u0131 duyan, \u00fclkeyi vatan bilen insanlara ula\u015fman\u0131n gerekti\u011fini dile getiren \u015eenkul, toplumsal geni\u015flemeyi sa\u011flamak ad\u0131na yeni bir politika geli\u015ftirmek gerekti\u011fini belirtti.<\/p>\n<p>Ziya R\u0131zk\u0131 Vakf\u0131 M\u00fctevelli Heyeti Ba\u015fkan\u0131, CTP Milletvekili Dr. Ceyhun Birinci de, Ziya R\u0131zk\u0131\u2019n\u0131n ya\u015fam\u0131n\u0131 halk\u0131na adad\u0131\u011f\u0131n\u0131, ya\u015fam\u0131 boyunca halk\u0131na hizmet verdi\u011fini belirtti.<\/p>\n<p>Ceyhun \u201cOnu lider yapan halk\u00e7\u0131 ki\u015fili\u011fi ve adaletten, hukuktan, d\u00fcr\u00fcstl\u00fckten yana onurlu, \u015ferefli ve haysiyetli bir ki\u015fi olmas\u0131yd\u0131\u201d dedi.<\/p>\n<p>Dr. Ayten Berkalp ile Esat Varo\u011flu da Ziya R\u0131zk\u0131 ile ilgili an\u0131lar\u0131n\u0131 payla\u015ft\u0131.<\/p>\n<\/p><\/div>\n<p><script async\n                    defer\n                    crossorigin=\"anonymous\"\n                    src=\"https:\/\/connect.facebook.net\/tr_TR\/sdk.js#xfbml=1&#038;version=v3.3\"\n            ><\/script><\/p>\n","protected":false},"excerpt":{"rendered":"<p>K\u0131br\u0131s T\u00fcrk halk\u0131n\u0131n var olu\u015f m\u00fccadelesinde \u00f6nemli katk\u0131lar\u0131 olan eski milletvekili, belediye ba\u015fkan\u0131, m\u00fccahit komutan\u0131, serdar ve spor adam\u0131 Ziya R\u0131zk\u0131\u2019n\u0131n \u00f6l\u00fcm y\u0131ld\u00f6n\u00fcm\u00fcnde t\u00f6renler d\u00fczenlendi. Ziya R\u0131zk\u0131 i\u00e7in ilk t\u00f6ren Ziya R\u0131zk\u0131 Meydan\u0131\u2019ndaki b\u00fcst\u00fc \u00f6n\u00fcnde, ikinci t\u00f6ren ise Karao\u011flano\u011flu Mezarl\u0131\u011f\u0131\u2019nda kabri ba\u015f\u0131nda d\u00fczenlendi. T\u00f6rene; D\u00f6rd\u00fcnc\u00fc Cumhurba\u015fkan\u0131 Mustafa Ak\u0131nc\u0131, baz\u0131 milletvekilleri, Toplumcu Demokrasi Partisi Ba\u015fkan\u0131 Zeki<\/p>\n","protected":false},"author":1,"featured_media":67736,"comment_status":"open","ping_status":"open","sticky":false,"template":"","format":"standard","meta":{"footnotes":""},"categories":[81],"tags":[],"class_list":["post-67735","post","type-post","status-publish","format-standard","has-post-thumbnail","hentry","category-kibris"],"yoast_head":"<!-- This site is optimized with the Yoast SEO plugin v27.4 - https:\/\/yoast.com\/product\/yoast-seo-wordpress\/ -->\n<title>Ziya R\u0131zk\u0131 an\u0131ld\u0131 -<\/title>\n<meta name=\"robots\" content=\"index, follow, max-snippet:-1, max-image-preview:large, max-video-preview:-1\" \/>\n<link rel=\"canonical\" href=\"https:\/\/kibrisdakik.com\/?p=67735\" \/>\n<meta property=\"og:locale\" content=\"tr_TR\" \/>\n<meta property=\"og:type\" content=\"article\" \/>\n<meta property=\"og:title\" content=\"Ziya R\u0131zk\u0131 an\u0131ld\u0131 -\" \/>\n<meta property=\"og:description\" content=\"K\u0131br\u0131s T\u00fcrk halk\u0131n\u0131n var olu\u015f m\u00fccadelesinde \u00f6nemli katk\u0131lar\u0131 olan eski milletvekili, belediye ba\u015fkan\u0131, m\u00fccahit komutan\u0131, serdar ve spor adam\u0131 Ziya R\u0131zk\u0131\u2019n\u0131n \u00f6l\u00fcm y\u0131ld\u00f6n\u00fcm\u00fcnde t\u00f6renler d\u00fczenlendi. Ziya R\u0131zk\u0131 i\u00e7in ilk t\u00f6ren Ziya R\u0131zk\u0131 Meydan\u0131\u2019ndaki b\u00fcst\u00fc \u00f6n\u00fcnde, ikinci t\u00f6ren ise Karao\u011flano\u011flu Mezarl\u0131\u011f\u0131\u2019nda kabri ba\u015f\u0131nda d\u00fczenlendi. T\u00f6rene; D\u00f6rd\u00fcnc\u00fc Cumhurba\u015fkan\u0131 Mustafa Ak\u0131nc\u0131, baz\u0131 milletvekilleri, Toplumcu Demokrasi Partisi Ba\u015fkan\u0131 Zeki\" \/>\n<meta property=\"og:url\" content=\"https:\/\/kibrisdakik.com\/?p=67735\" \/>\n<meta property=\"article:published_time\" content=\"2024-10-27T11:29:32+00:00\" \/>\n<meta property=\"og:image\" content=\"https:\/\/kibrisdakik.com\/wp-content\/uploads\/2024\/10\/zk7-740x383.jpg\" \/>\n\t<meta property=\"og:image:width\" content=\"768\" \/>\n\t<meta property=\"og:image:height\" content=\"383\" \/>\n\t<meta property=\"og:image:type\" content=\"image\/jpeg\" \/>\n<meta name=\"author\" content=\"admin\" \/>\n<meta name=\"twitter:card\" content=\"summary_large_image\" \/>\n<meta name=\"twitter:label1\" content=\"Yazan:\" \/>\n\t<meta name=\"twitter:data1\" content=\"admin\" \/>\n\t<meta name=\"twitter:label2\" content=\"Tahmini okuma s\u00fcresi\" \/>\n\t<meta name=\"twitter:data2\" content=\"2 dakika\" \/>\n<script type=\"application\/ld+json\" class=\"yoast-schema-graph\">{\"@context\":\"https:\\\/\\\/schema.org\",\"@graph\":[{\"@type\":\"Article\",\"@id\":\"https:\\\/\\\/kibrisdakik.com\\\/?p=67735#article\",\"isPartOf\":{\"@id\":\"https:\\\/\\\/kibrisdakik.com\\\/?p=67735\"},\"author\":{\"name\":\"admin\",\"@id\":\"https:\\\/\\\/kibrisdakik.com\\\/#\\\/schema\\\/person\\\/9cd9d437bbb44f72b73ba127e06d8e79\"},\"headline\":\"Ziya R\u0131zk\u0131 an\u0131ld\u0131\",\"datePublished\":\"2024-10-27T11:29:32+00:00\",\"mainEntityOfPage\":{\"@id\":\"https:\\\/\\\/kibrisdakik.com\\\/?p=67735\"},\"wordCount\":431,\"commentCount\":0,\"image\":{\"@id\":\"https:\\\/\\\/kibrisdakik.com\\\/?p=67735#primaryimage\"},\"thumbnailUrl\":\"https:\\\/\\\/kibrisdakik.com\\\/wp-content\\\/uploads\\\/2024\\\/10\\\/zk7-740x383.jpg\",\"articleSection\":[\"K\u0131br\u0131s\"],\"inLanguage\":\"tr\",\"potentialAction\":[{\"@type\":\"CommentAction\",\"name\":\"Comment\",\"target\":[\"https:\\\/\\\/kibrisdakik.com\\\/?p=67735#respond\"]}]},{\"@type\":\"WebPage\",\"@id\":\"https:\\\/\\\/kibrisdakik.com\\\/?p=67735\",\"url\":\"https:\\\/\\\/kibrisdakik.com\\\/?p=67735\",\"name\":\"Ziya R\u0131zk\u0131 an\u0131ld\u0131 -\",\"isPartOf\":{\"@id\":\"https:\\\/\\\/kibrisdakik.com\\\/#website\"},\"primaryImageOfPage\":{\"@id\":\"https:\\\/\\\/kibrisdakik.com\\\/?p=67735#primaryimage\"},\"image\":{\"@id\":\"https:\\\/\\\/kibrisdakik.com\\\/?p=67735#primaryimage\"},\"thumbnailUrl\":\"https:\\\/\\\/kibrisdakik.com\\\/wp-content\\\/uploads\\\/2024\\\/10\\\/zk7-740x383.jpg\",\"datePublished\":\"2024-10-27T11:29:32+00:00\",\"author\":{\"@id\":\"https:\\\/\\\/kibrisdakik.com\\\/#\\\/schema\\\/person\\\/9cd9d437bbb44f72b73ba127e06d8e79\"},\"breadcrumb\":{\"@id\":\"https:\\\/\\\/kibrisdakik.com\\\/?p=67735#breadcrumb\"},\"inLanguage\":\"tr\",\"potentialAction\":[{\"@type\":\"ReadAction\",\"target\":[\"https:\\\/\\\/kibrisdakik.com\\\/?p=67735\"]}]},{\"@type\":\"ImageObject\",\"inLanguage\":\"tr\",\"@id\":\"https:\\\/\\\/kibrisdakik.com\\\/?p=67735#primaryimage\",\"url\":\"https:\\\/\\\/kibrisdakik.com\\\/wp-content\\\/uploads\\\/2024\\\/10\\\/zk7-740x383.jpg\",\"contentUrl\":\"https:\\\/\\\/kibrisdakik.com\\\/wp-content\\\/uploads\\\/2024\\\/10\\\/zk7-740x383.jpg\",\"width\":768,\"height\":383},{\"@type\":\"BreadcrumbList\",\"@id\":\"https:\\\/\\\/kibrisdakik.com\\\/?p=67735#breadcrumb\",\"itemListElement\":[{\"@type\":\"ListItem\",\"position\":1,\"name\":\"Home\",\"item\":\"https:\\\/\\\/kibrisdakik.com\\\/\"},{\"@type\":\"ListItem\",\"position\":2,\"name\":\"Ziya R\u0131zk\u0131 an\u0131ld\u0131\"}]},{\"@type\":\"WebSite\",\"@id\":\"https:\\\/\\\/kibrisdakik.com\\\/#website\",\"url\":\"https:\\\/\\\/kibrisdakik.com\\\/\",\"name\":\"\",\"description\":\"Tam vaktinde haber\",\"potentialAction\":[{\"@type\":\"SearchAction\",\"target\":{\"@type\":\"EntryPoint\",\"urlTemplate\":\"https:\\\/\\\/kibrisdakik.com\\\/?s={search_term_string}\"},\"query-input\":{\"@type\":\"PropertyValueSpecification\",\"valueRequired\":true,\"valueName\":\"search_term_string\"}}],\"inLanguage\":\"tr\"},{\"@type\":\"Person\",\"@id\":\"https:\\\/\\\/kibrisdakik.com\\\/#\\\/schema\\\/person\\\/9cd9d437bbb44f72b73ba127e06d8e79\",\"name\":\"admin\",\"image\":{\"@type\":\"ImageObject\",\"inLanguage\":\"tr\",\"@id\":\"https:\\\/\\\/secure.gravatar.com\\\/avatar\\\/ccc17943b9d660506c869530f897617f7cb1c21a4bf30023f252596d83e1f007?s=96&d=mm&r=g\",\"url\":\"https:\\\/\\\/secure.gravatar.com\\\/avatar\\\/ccc17943b9d660506c869530f897617f7cb1c21a4bf30023f252596d83e1f007?s=96&d=mm&r=g\",\"contentUrl\":\"https:\\\/\\\/secure.gravatar.com\\\/avatar\\\/ccc17943b9d660506c869530f897617f7cb1c21a4bf30023f252596d83e1f007?s=96&d=mm&r=g\",\"caption\":\"admin\"},\"sameAs\":[\"https:\\\/\\\/kibrisdakik.com\"],\"url\":\"https:\\\/\\\/kibrisdakik.com\\\/?author=1\"}]}<\/script>\n<!-- \/ Yoast SEO plugin. -->","yoast_head_json":{"title":"Ziya R\u0131zk\u0131 an\u0131ld\u0131 -","robots":{"index":"index","follow":"follow","max-snippet":"max-snippet:-1","max-image-preview":"max-image-preview:large","max-video-preview":"max-video-preview:-1"},"canonical":"https:\/\/kibrisdakik.com\/?p=67735","og_locale":"tr_TR","og_type":"article","og_title":"Ziya R\u0131zk\u0131 an\u0131ld\u0131 -","og_description":"K\u0131br\u0131s T\u00fcrk halk\u0131n\u0131n var olu\u015f m\u00fccadelesinde \u00f6nemli katk\u0131lar\u0131 olan eski milletvekili, belediye ba\u015fkan\u0131, m\u00fccahit komutan\u0131, serdar ve spor adam\u0131 Ziya R\u0131zk\u0131\u2019n\u0131n \u00f6l\u00fcm y\u0131ld\u00f6n\u00fcm\u00fcnde t\u00f6renler d\u00fczenlendi. Ziya R\u0131zk\u0131 i\u00e7in ilk t\u00f6ren Ziya R\u0131zk\u0131 Meydan\u0131\u2019ndaki b\u00fcst\u00fc \u00f6n\u00fcnde, ikinci t\u00f6ren ise Karao\u011flano\u011flu Mezarl\u0131\u011f\u0131\u2019nda kabri ba\u015f\u0131nda d\u00fczenlendi. T\u00f6rene; D\u00f6rd\u00fcnc\u00fc Cumhurba\u015fkan\u0131 Mustafa Ak\u0131nc\u0131, baz\u0131 milletvekilleri, Toplumcu Demokrasi Partisi Ba\u015fkan\u0131 Zeki","og_url":"https:\/\/kibrisdakik.com\/?p=67735","article_published_time":"2024-10-27T11:29:32+00:00","og_image":[{"width":768,"height":383,"url":"https:\/\/kibrisdakik.com\/wp-content\/uploads\/2024\/10\/zk7-740x383.jpg","type":"image\/jpeg"}],"author":"admin","twitter_card":"summary_large_image","twitter_misc":{"Yazan:":"admin","Tahmini okuma s\u00fcresi":"2 dakika"},"schema":{"@context":"https:\/\/schema.org","@graph":[{"@type":"Article","@id":"https:\/\/kibrisdakik.com\/?p=67735#article","isPartOf":{"@id":"https:\/\/kibrisdakik.com\/?p=67735"},"author":{"name":"admin","@id":"https:\/\/kibrisdakik.com\/#\/schema\/person\/9cd9d437bbb44f72b73ba127e06d8e79"},"headline":"Ziya R\u0131zk\u0131 an\u0131ld\u0131","datePublished":"2024-10-27T11:29:32+00:00","mainEntityOfPage":{"@id":"https:\/\/kibrisdakik.com\/?p=67735"},"wordCount":431,"commentCount":0,"image":{"@id":"https:\/\/kibrisdakik.com\/?p=67735#primaryimage"},"thumbnailUrl":"https:\/\/kibrisdakik.com\/wp-content\/uploads\/2024\/10\/zk7-740x383.jpg","articleSection":["K\u0131br\u0131s"],"inLanguage":"tr","potentialAction":[{"@type":"CommentAction","name":"Comment","target":["https:\/\/kibrisdakik.com\/?p=67735#respond"]}]},{"@type":"WebPage","@id":"https:\/\/kibrisdakik.com\/?p=67735","url":"https:\/\/kibrisdakik.com\/?p=67735","name":"Ziya R\u0131zk\u0131 an\u0131ld\u0131 -","isPartOf":{"@id":"https:\/\/kibrisdakik.com\/#website"},"primaryImageOfPage":{"@id":"https:\/\/kibrisdakik.com\/?p=67735#primaryimage"},"image":{"@id":"https:\/\/kibrisdakik.com\/?p=67735#primaryimage"},"thumbnailUrl":"https:\/\/kibrisdakik.com\/wp-content\/uploads\/2024\/10\/zk7-740x383.jpg","datePublished":"2024-10-27T11:29:32+00:00","author":{"@id":"https:\/\/kibrisdakik.com\/#\/schema\/person\/9cd9d437bbb44f72b73ba127e06d8e79"},"breadcrumb":{"@id":"https:\/\/kibrisdakik.com\/?p=67735#breadcrumb"},"inLanguage":"tr","potentialAction":[{"@type":"ReadAction","target":["https:\/\/kibrisdakik.com\/?p=67735"]}]},{"@type":"ImageObject","inLanguage":"tr","@id":"https:\/\/kibrisdakik.com\/?p=67735#primaryimage","url":"https:\/\/kibrisdakik.com\/wp-content\/uploads\/2024\/10\/zk7-740x383.jpg","contentUrl":"https:\/\/kibrisdakik.com\/wp-content\/uploads\/2024\/10\/zk7-740x383.jpg","width":768,"height":383},{"@type":"BreadcrumbList","@id":"https:\/\/kibrisdakik.com\/?p=67735#breadcrumb","itemListElement":[{"@type":"ListItem","position":1,"name":"Home","item":"https:\/\/kibrisdakik.com\/"},{"@type":"ListItem","position":2,"name":"Ziya R\u0131zk\u0131 an\u0131ld\u0131"}]},{"@type":"WebSite","@id":"https:\/\/kibrisdakik.com\/#website","url":"https:\/\/kibrisdakik.com\/","name":"","description":"Tam vaktinde haber","potentialAction":[{"@type":"SearchAction","target":{"@type":"EntryPoint","urlTemplate":"https:\/\/kibrisdakik.com\/?s={search_term_string}"},"query-input":{"@type":"PropertyValueSpecification","valueRequired":true,"valueName":"search_term_string"}}],"inLanguage":"tr"},{"@type":"Person","@id":"https:\/\/kibrisdakik.com\/#\/schema\/person\/9cd9d437bbb44f72b73ba127e06d8e79","name":"admin","image":{"@type":"ImageObject","inLanguage":"tr","@id":"https:\/\/secure.gravatar.com\/avatar\/ccc17943b9d660506c869530f897617f7cb1c21a4bf30023f252596d83e1f007?s=96&d=mm&r=g","url":"https:\/\/secure.gravatar.com\/avatar\/ccc17943b9d660506c869530f897617f7cb1c21a4bf30023f252596d83e1f007?s=96&d=mm&r=g","contentUrl":"https:\/\/secure.gravatar.com\/avatar\/ccc17943b9d660506c869530f897617f7cb1c21a4bf30023f252596d83e1f007?s=96&d=mm&r=g","caption":"admin"},"sameAs":["https:\/\/kibrisdakik.com"],"url":"https:\/\/kibrisdakik.com\/?author=1"}]}},"_links":{"self":[{"href":"https:\/\/kibrisdakik.com\/index.php?rest_route=\/wp\/v2\/posts\/67735","targetHints":{"allow":["GET"]}}],"collection":[{"href":"https:\/\/kibrisdakik.com\/index.php?rest_route=\/wp\/v2\/posts"}],"about":[{"href":"https:\/\/kibrisdakik.com\/index.php?rest_route=\/wp\/v2\/types\/post"}],"author":[{"embeddable":true,"href":"https:\/\/kibrisdakik.com\/index.php?rest_route=\/wp\/v2\/users\/1"}],"replies":[{"embeddable":true,"href":"https:\/\/kibrisdakik.com\/index.php?rest_route=%2Fwp%2Fv2%2Fcomments&post=67735"}],"version-history":[{"count":0,"href":"https:\/\/kibrisdakik.com\/index.php?rest_route=\/wp\/v2\/posts\/67735\/revisions"}],"wp:featuredmedia":[{"embeddable":true,"href":"https:\/\/kibrisdakik.com\/index.php?rest_route=\/wp\/v2\/media\/67736"}],"wp:attachment":[{"href":"https:\/\/kibrisdakik.com\/index.php?rest_route=%2Fwp%2Fv2%2Fmedia&parent=67735"}],"wp:term":[{"taxonomy":"category","embeddable":true,"href":"https:\/\/kibrisdakik.com\/index.php?rest_route=%2Fwp%2Fv2%2Fcategories&post=67735"},{"taxonomy":"post_tag","embeddable":true,"href":"https:\/\/kibrisdakik.com\/index.php?rest_route=%2Fwp%2Fv2%2Ftags&post=67735"}],"curies":[{"name":"wp","href":"https:\/\/api.w.org\/{rel}","templated":true}]}}