{"id":67781,"date":"2024-10-28T06:26:40","date_gmt":"2024-10-28T03:26:40","guid":{"rendered":"https:\/\/kibrisdakik.com\/index.php\/2024\/10\/28\/dincyurekbebeklerin-saglik-durumu-iyiye-gidiyor\/"},"modified":"2024-10-28T06:26:40","modified_gmt":"2024-10-28T03:26:40","slug":"dincyurekbebeklerin-saglik-durumu-iyiye-gidiyor","status":"publish","type":"post","link":"https:\/\/kibrisdakik.com\/?p=67781","title":{"rendered":"Din\u00e7y\u00fcrek:Bebeklerin sa\u011fl\u0131k durumu iyiye gidiyor"},"content":{"rendered":"<div>\n<div class=\"mariselle-image-container center\">\n                                            <\/div>\n<p>Sa\u011fl\u0131k Bakan\u0131 Hakan Din\u00e7y\u00fcrek, Yeni Do\u011fan Bak\u0131m \u00dcnitesi\u2019ndeki alt\u0131 bebe\u011fin sa\u011fl\u0131k durumlar\u0131n\u0131n iyiye gitti\u011fini s\u00f6yledi. <\/p>\n<p>Din\u00e7y\u00fcrek, bebekleri bir an \u00f6nce sa\u011fl\u0131kl\u0131 olarak annelerinin kuca\u011f\u0131na vermenin \u00f6ncelikli hedefleri oldu\u011funu vurgulad\u0131.<br \/>Bakan Din\u00e7y\u00fcrek s\u00fcreci izledi\u011fi Acil Durum Hastanesi Ba\u015fhekimlik odas\u0131 \u00f6n\u00fcnde bas\u0131na yapt\u0131\u011f\u0131 a\u00e7\u0131klamada, olayla ilgili yeni geli\u015fmeleri aktard\u0131.<br \/>-Olayla ilgili bir ki\u015fi daha tutukland\u0131<br \/>Polisten olayla ilgili bir ki\u015finin daha tutukland\u0131\u011f\u0131 bilgisini ald\u0131klar\u0131n\u0131 belirten Din\u00e7y\u00fcrek, tutuklular\u0131n yar\u0131n mahkemeye \u00e7\u0131kar\u0131laca\u011f\u0131n\u0131 ve hayat\u0131n\u0131 kaybeden bebe\u011fe de otopsi yap\u0131laca\u011f\u0131n\u0131 kaydetti. <\/p>\n<p>S\u00fcre\u00e7 hakk\u0131nda da bilgiler veren Bakan Din\u00e7y\u00fcrek, olay\u0131n bilgilerine geldi\u011fi ilk andan itibaren alt\u0131 \u00e7ocu\u011fun hem mevcut durumunu tespit etmeye \u00e7al\u0131\u015ft\u0131klar\u0131n\u0131, hem de adadaki  b\u00fct\u00fcn hekimleri ve b\u00fcrokratlar\u0131 toplayarak kriz masas\u0131 olu\u015fturduklar\u0131n\u0131 s\u00f6yledi.<br \/>Meydana gelebilecek bir olumsuzlu\u011fa kar\u015f\u0131n ilave ekipmanlarla \u00f6nlemler ald\u0131klar\u0131n\u0131 aktaran Bakan Din\u00e7y\u00fcrek, olay\u0131n meydana geldi\u011fi gece vardiyas\u0131nda \u00e7al\u0131\u015fan 4 ki\u015fi hakk\u0131nda herhangi bir ispatlar\u0131 olmamas\u0131na ra\u011fmen, hastaneyle ili\u015fiklerinin hemen kesilerek, hem adli, hem de idari soru\u015fturma ba\u015flat\u0131ld\u0131\u011f\u0131n\u0131 anlatt\u0131. <\/p>\n<p>Adli s\u00fcre\u00e7 hakk\u0131nda bilgi veren Din\u00e7y\u00fcrek, adli birimlerin soru\u015fturman\u0131n selameti a\u00e7\u0131s\u0131ndan bir a\u00e7\u0131klama yap\u0131lmamas\u0131n\u0131 istedi\u011fini yineledi.<br \/>Bakan Din\u00e7y\u00fcrek, hayat\u0131n\u0131 kaybeden bebe\u011fe Allah\u2019tan rahmet, yasl\u0131 ailesine de sab\u0131rlar diledi.<br \/>Din\u00e7y\u00fcrek, \u201cTeknik a\u00e7\u0131dan ve hekimlik a\u00e7\u0131s\u0131ndan herhangi bir eksi\u011fimiz yok. 24 saat ge\u00e7meden bebeklerin durumunu stabil hale getirdik.\u201d \u015feklinde konu\u015ftu.<\/p>\n<\/p><\/div>\n<p><script async\n                    defer\n                    crossorigin=\"anonymous\"\n                    src=\"https:\/\/connect.facebook.net\/tr_TR\/sdk.js#xfbml=1&#038;version=v3.3\"\n            ><\/script><\/p>\n","protected":false},"excerpt":{"rendered":"<p>Sa\u011fl\u0131k Bakan\u0131 Hakan Din\u00e7y\u00fcrek, Yeni Do\u011fan Bak\u0131m \u00dcnitesi\u2019ndeki alt\u0131 bebe\u011fin sa\u011fl\u0131k durumlar\u0131n\u0131n iyiye gitti\u011fini s\u00f6yledi. Din\u00e7y\u00fcrek, bebekleri bir an \u00f6nce sa\u011fl\u0131kl\u0131 olarak annelerinin kuca\u011f\u0131na vermenin \u00f6ncelikli hedefleri oldu\u011funu vurgulad\u0131.Bakan Din\u00e7y\u00fcrek s\u00fcreci izledi\u011fi Acil Durum Hastanesi Ba\u015fhekimlik odas\u0131 \u00f6n\u00fcnde bas\u0131na yapt\u0131\u011f\u0131 a\u00e7\u0131klamada, olayla ilgili yeni geli\u015fmeleri aktard\u0131.-Olayla ilgili bir ki\u015fi daha tutukland\u0131Polisten olayla ilgili bir ki\u015finin<\/p>\n","protected":false},"author":1,"featured_media":15933,"comment_status":"open","ping_status":"open","sticky":false,"template":"","format":"standard","meta":{"footnotes":""},"categories":[81],"tags":[],"class_list":["post-67781","post","type-post","status-publish","format-standard","has-post-thumbnail","hentry","category-kibris"],"yoast_head":"<!-- This site is optimized with the Yoast SEO plugin v27.4 - https:\/\/yoast.com\/product\/yoast-seo-wordpress\/ -->\n<title>Din\u00e7y\u00fcrek:Bebeklerin sa\u011fl\u0131k durumu iyiye gidiyor -<\/title>\n<meta name=\"robots\" content=\"index, follow, max-snippet:-1, max-image-preview:large, max-video-preview:-1\" \/>\n<link rel=\"canonical\" href=\"https:\/\/kibrisdakik.com\/?p=67781\" \/>\n<meta property=\"og:locale\" content=\"tr_TR\" \/>\n<meta property=\"og:type\" content=\"article\" \/>\n<meta property=\"og:title\" content=\"Din\u00e7y\u00fcrek:Bebeklerin sa\u011fl\u0131k durumu iyiye gidiyor -\" \/>\n<meta property=\"og:description\" content=\"Sa\u011fl\u0131k Bakan\u0131 Hakan Din\u00e7y\u00fcrek, Yeni Do\u011fan Bak\u0131m \u00dcnitesi\u2019ndeki alt\u0131 bebe\u011fin sa\u011fl\u0131k durumlar\u0131n\u0131n iyiye gitti\u011fini s\u00f6yledi. Din\u00e7y\u00fcrek, bebekleri bir an \u00f6nce sa\u011fl\u0131kl\u0131 olarak annelerinin kuca\u011f\u0131na vermenin \u00f6ncelikli hedefleri oldu\u011funu vurgulad\u0131.Bakan Din\u00e7y\u00fcrek s\u00fcreci izledi\u011fi Acil Durum Hastanesi Ba\u015fhekimlik odas\u0131 \u00f6n\u00fcnde bas\u0131na yapt\u0131\u011f\u0131 a\u00e7\u0131klamada, olayla ilgili yeni geli\u015fmeleri aktard\u0131.-Olayla ilgili bir ki\u015fi daha tutukland\u0131Polisten olayla ilgili bir ki\u015finin\" \/>\n<meta property=\"og:url\" content=\"https:\/\/kibrisdakik.com\/?p=67781\" \/>\n<meta property=\"article:published_time\" content=\"2024-10-28T03:26:40+00:00\" \/>\n<meta property=\"og:image\" content=\"https:\/\/kibrisdakik.com\/wp-content\/uploads\/2023\/10\/dincyurekkkk-740x420.jpg\" \/>\n\t<meta property=\"og:image:width\" content=\"1138\" \/>\n\t<meta property=\"og:image:height\" content=\"553\" \/>\n\t<meta property=\"og:image:type\" content=\"image\/jpeg\" \/>\n<meta name=\"author\" content=\"admin\" \/>\n<meta name=\"twitter:card\" content=\"summary_large_image\" \/>\n<meta name=\"twitter:label1\" content=\"Yazan:\" \/>\n\t<meta name=\"twitter:data1\" content=\"admin\" \/>\n\t<meta name=\"twitter:label2\" content=\"Tahmini okuma s\u00fcresi\" \/>\n\t<meta name=\"twitter:data2\" content=\"1 dakika\" \/>\n<script type=\"application\/ld+json\" class=\"yoast-schema-graph\">{\"@context\":\"https:\\\/\\\/schema.org\",\"@graph\":[{\"@type\":\"Article\",\"@id\":\"https:\\\/\\\/kibrisdakik.com\\\/?p=67781#article\",\"isPartOf\":{\"@id\":\"https:\\\/\\\/kibrisdakik.com\\\/?p=67781\"},\"author\":{\"name\":\"admin\",\"@id\":\"https:\\\/\\\/kibrisdakik.com\\\/#\\\/schema\\\/person\\\/9cd9d437bbb44f72b73ba127e06d8e79\"},\"headline\":\"Din\u00e7y\u00fcrek:Bebeklerin sa\u011fl\u0131k durumu iyiye gidiyor\",\"datePublished\":\"2024-10-28T03:26:40+00:00\",\"mainEntityOfPage\":{\"@id\":\"https:\\\/\\\/kibrisdakik.com\\\/?p=67781\"},\"wordCount\":307,\"commentCount\":0,\"image\":{\"@id\":\"https:\\\/\\\/kibrisdakik.com\\\/?p=67781#primaryimage\"},\"thumbnailUrl\":\"https:\\\/\\\/kibrisdakik.com\\\/wp-content\\\/uploads\\\/2023\\\/10\\\/dincyurekkkk-740x420.jpg\",\"articleSection\":[\"K\u0131br\u0131s\"],\"inLanguage\":\"tr\",\"potentialAction\":[{\"@type\":\"CommentAction\",\"name\":\"Comment\",\"target\":[\"https:\\\/\\\/kibrisdakik.com\\\/?p=67781#respond\"]}]},{\"@type\":\"WebPage\",\"@id\":\"https:\\\/\\\/kibrisdakik.com\\\/?p=67781\",\"url\":\"https:\\\/\\\/kibrisdakik.com\\\/?p=67781\",\"name\":\"Din\u00e7y\u00fcrek:Bebeklerin sa\u011fl\u0131k durumu iyiye gidiyor -\",\"isPartOf\":{\"@id\":\"https:\\\/\\\/kibrisdakik.com\\\/#website\"},\"primaryImageOfPage\":{\"@id\":\"https:\\\/\\\/kibrisdakik.com\\\/?p=67781#primaryimage\"},\"image\":{\"@id\":\"https:\\\/\\\/kibrisdakik.com\\\/?p=67781#primaryimage\"},\"thumbnailUrl\":\"https:\\\/\\\/kibrisdakik.com\\\/wp-content\\\/uploads\\\/2023\\\/10\\\/dincyurekkkk-740x420.jpg\",\"datePublished\":\"2024-10-28T03:26:40+00:00\",\"author\":{\"@id\":\"https:\\\/\\\/kibrisdakik.com\\\/#\\\/schema\\\/person\\\/9cd9d437bbb44f72b73ba127e06d8e79\"},\"breadcrumb\":{\"@id\":\"https:\\\/\\\/kibrisdakik.com\\\/?p=67781#breadcrumb\"},\"inLanguage\":\"tr\",\"potentialAction\":[{\"@type\":\"ReadAction\",\"target\":[\"https:\\\/\\\/kibrisdakik.com\\\/?p=67781\"]}]},{\"@type\":\"ImageObject\",\"inLanguage\":\"tr\",\"@id\":\"https:\\\/\\\/kibrisdakik.com\\\/?p=67781#primaryimage\",\"url\":\"https:\\\/\\\/kibrisdakik.com\\\/wp-content\\\/uploads\\\/2023\\\/10\\\/dincyurekkkk-740x420.jpg\",\"contentUrl\":\"https:\\\/\\\/kibrisdakik.com\\\/wp-content\\\/uploads\\\/2023\\\/10\\\/dincyurekkkk-740x420.jpg\",\"width\":1138,\"height\":553},{\"@type\":\"BreadcrumbList\",\"@id\":\"https:\\\/\\\/kibrisdakik.com\\\/?p=67781#breadcrumb\",\"itemListElement\":[{\"@type\":\"ListItem\",\"position\":1,\"name\":\"Home\",\"item\":\"https:\\\/\\\/kibrisdakik.com\\\/\"},{\"@type\":\"ListItem\",\"position\":2,\"name\":\"Din\u00e7y\u00fcrek:Bebeklerin sa\u011fl\u0131k durumu iyiye gidiyor\"}]},{\"@type\":\"WebSite\",\"@id\":\"https:\\\/\\\/kibrisdakik.com\\\/#website\",\"url\":\"https:\\\/\\\/kibrisdakik.com\\\/\",\"name\":\"\",\"description\":\"Tam vaktinde haber\",\"potentialAction\":[{\"@type\":\"SearchAction\",\"target\":{\"@type\":\"EntryPoint\",\"urlTemplate\":\"https:\\\/\\\/kibrisdakik.com\\\/?s={search_term_string}\"},\"query-input\":{\"@type\":\"PropertyValueSpecification\",\"valueRequired\":true,\"valueName\":\"search_term_string\"}}],\"inLanguage\":\"tr\"},{\"@type\":\"Person\",\"@id\":\"https:\\\/\\\/kibrisdakik.com\\\/#\\\/schema\\\/person\\\/9cd9d437bbb44f72b73ba127e06d8e79\",\"name\":\"admin\",\"image\":{\"@type\":\"ImageObject\",\"inLanguage\":\"tr\",\"@id\":\"https:\\\/\\\/secure.gravatar.com\\\/avatar\\\/ccc17943b9d660506c869530f897617f7cb1c21a4bf30023f252596d83e1f007?s=96&d=mm&r=g\",\"url\":\"https:\\\/\\\/secure.gravatar.com\\\/avatar\\\/ccc17943b9d660506c869530f897617f7cb1c21a4bf30023f252596d83e1f007?s=96&d=mm&r=g\",\"contentUrl\":\"https:\\\/\\\/secure.gravatar.com\\\/avatar\\\/ccc17943b9d660506c869530f897617f7cb1c21a4bf30023f252596d83e1f007?s=96&d=mm&r=g\",\"caption\":\"admin\"},\"sameAs\":[\"https:\\\/\\\/kibrisdakik.com\"],\"url\":\"https:\\\/\\\/kibrisdakik.com\\\/?author=1\"}]}<\/script>\n<!-- \/ Yoast SEO plugin. -->","yoast_head_json":{"title":"Din\u00e7y\u00fcrek:Bebeklerin sa\u011fl\u0131k durumu iyiye gidiyor -","robots":{"index":"index","follow":"follow","max-snippet":"max-snippet:-1","max-image-preview":"max-image-preview:large","max-video-preview":"max-video-preview:-1"},"canonical":"https:\/\/kibrisdakik.com\/?p=67781","og_locale":"tr_TR","og_type":"article","og_title":"Din\u00e7y\u00fcrek:Bebeklerin sa\u011fl\u0131k durumu iyiye gidiyor -","og_description":"Sa\u011fl\u0131k Bakan\u0131 Hakan Din\u00e7y\u00fcrek, Yeni Do\u011fan Bak\u0131m \u00dcnitesi\u2019ndeki alt\u0131 bebe\u011fin sa\u011fl\u0131k durumlar\u0131n\u0131n iyiye gitti\u011fini s\u00f6yledi. Din\u00e7y\u00fcrek, bebekleri bir an \u00f6nce sa\u011fl\u0131kl\u0131 olarak annelerinin kuca\u011f\u0131na vermenin \u00f6ncelikli hedefleri oldu\u011funu vurgulad\u0131.Bakan Din\u00e7y\u00fcrek s\u00fcreci izledi\u011fi Acil Durum Hastanesi Ba\u015fhekimlik odas\u0131 \u00f6n\u00fcnde bas\u0131na yapt\u0131\u011f\u0131 a\u00e7\u0131klamada, olayla ilgili yeni geli\u015fmeleri aktard\u0131.-Olayla ilgili bir ki\u015fi daha tutukland\u0131Polisten olayla ilgili bir ki\u015finin","og_url":"https:\/\/kibrisdakik.com\/?p=67781","article_published_time":"2024-10-28T03:26:40+00:00","og_image":[{"width":1138,"height":553,"url":"https:\/\/kibrisdakik.com\/wp-content\/uploads\/2023\/10\/dincyurekkkk-740x420.jpg","type":"image\/jpeg"}],"author":"admin","twitter_card":"summary_large_image","twitter_misc":{"Yazan:":"admin","Tahmini okuma s\u00fcresi":"1 dakika"},"schema":{"@context":"https:\/\/schema.org","@graph":[{"@type":"Article","@id":"https:\/\/kibrisdakik.com\/?p=67781#article","isPartOf":{"@id":"https:\/\/kibrisdakik.com\/?p=67781"},"author":{"name":"admin","@id":"https:\/\/kibrisdakik.com\/#\/schema\/person\/9cd9d437bbb44f72b73ba127e06d8e79"},"headline":"Din\u00e7y\u00fcrek:Bebeklerin sa\u011fl\u0131k durumu iyiye gidiyor","datePublished":"2024-10-28T03:26:40+00:00","mainEntityOfPage":{"@id":"https:\/\/kibrisdakik.com\/?p=67781"},"wordCount":307,"commentCount":0,"image":{"@id":"https:\/\/kibrisdakik.com\/?p=67781#primaryimage"},"thumbnailUrl":"https:\/\/kibrisdakik.com\/wp-content\/uploads\/2023\/10\/dincyurekkkk-740x420.jpg","articleSection":["K\u0131br\u0131s"],"inLanguage":"tr","potentialAction":[{"@type":"CommentAction","name":"Comment","target":["https:\/\/kibrisdakik.com\/?p=67781#respond"]}]},{"@type":"WebPage","@id":"https:\/\/kibrisdakik.com\/?p=67781","url":"https:\/\/kibrisdakik.com\/?p=67781","name":"Din\u00e7y\u00fcrek:Bebeklerin sa\u011fl\u0131k durumu iyiye gidiyor -","isPartOf":{"@id":"https:\/\/kibrisdakik.com\/#website"},"primaryImageOfPage":{"@id":"https:\/\/kibrisdakik.com\/?p=67781#primaryimage"},"image":{"@id":"https:\/\/kibrisdakik.com\/?p=67781#primaryimage"},"thumbnailUrl":"https:\/\/kibrisdakik.com\/wp-content\/uploads\/2023\/10\/dincyurekkkk-740x420.jpg","datePublished":"2024-10-28T03:26:40+00:00","author":{"@id":"https:\/\/kibrisdakik.com\/#\/schema\/person\/9cd9d437bbb44f72b73ba127e06d8e79"},"breadcrumb":{"@id":"https:\/\/kibrisdakik.com\/?p=67781#breadcrumb"},"inLanguage":"tr","potentialAction":[{"@type":"ReadAction","target":["https:\/\/kibrisdakik.com\/?p=67781"]}]},{"@type":"ImageObject","inLanguage":"tr","@id":"https:\/\/kibrisdakik.com\/?p=67781#primaryimage","url":"https:\/\/kibrisdakik.com\/wp-content\/uploads\/2023\/10\/dincyurekkkk-740x420.jpg","contentUrl":"https:\/\/kibrisdakik.com\/wp-content\/uploads\/2023\/10\/dincyurekkkk-740x420.jpg","width":1138,"height":553},{"@type":"BreadcrumbList","@id":"https:\/\/kibrisdakik.com\/?p=67781#breadcrumb","itemListElement":[{"@type":"ListItem","position":1,"name":"Home","item":"https:\/\/kibrisdakik.com\/"},{"@type":"ListItem","position":2,"name":"Din\u00e7y\u00fcrek:Bebeklerin sa\u011fl\u0131k durumu iyiye gidiyor"}]},{"@type":"WebSite","@id":"https:\/\/kibrisdakik.com\/#website","url":"https:\/\/kibrisdakik.com\/","name":"","description":"Tam vaktinde haber","potentialAction":[{"@type":"SearchAction","target":{"@type":"EntryPoint","urlTemplate":"https:\/\/kibrisdakik.com\/?s={search_term_string}"},"query-input":{"@type":"PropertyValueSpecification","valueRequired":true,"valueName":"search_term_string"}}],"inLanguage":"tr"},{"@type":"Person","@id":"https:\/\/kibrisdakik.com\/#\/schema\/person\/9cd9d437bbb44f72b73ba127e06d8e79","name":"admin","image":{"@type":"ImageObject","inLanguage":"tr","@id":"https:\/\/secure.gravatar.com\/avatar\/ccc17943b9d660506c869530f897617f7cb1c21a4bf30023f252596d83e1f007?s=96&d=mm&r=g","url":"https:\/\/secure.gravatar.com\/avatar\/ccc17943b9d660506c869530f897617f7cb1c21a4bf30023f252596d83e1f007?s=96&d=mm&r=g","contentUrl":"https:\/\/secure.gravatar.com\/avatar\/ccc17943b9d660506c869530f897617f7cb1c21a4bf30023f252596d83e1f007?s=96&d=mm&r=g","caption":"admin"},"sameAs":["https:\/\/kibrisdakik.com"],"url":"https:\/\/kibrisdakik.com\/?author=1"}]}},"_links":{"self":[{"href":"https:\/\/kibrisdakik.com\/index.php?rest_route=\/wp\/v2\/posts\/67781","targetHints":{"allow":["GET"]}}],"collection":[{"href":"https:\/\/kibrisdakik.com\/index.php?rest_route=\/wp\/v2\/posts"}],"about":[{"href":"https:\/\/kibrisdakik.com\/index.php?rest_route=\/wp\/v2\/types\/post"}],"author":[{"embeddable":true,"href":"https:\/\/kibrisdakik.com\/index.php?rest_route=\/wp\/v2\/users\/1"}],"replies":[{"embeddable":true,"href":"https:\/\/kibrisdakik.com\/index.php?rest_route=%2Fwp%2Fv2%2Fcomments&post=67781"}],"version-history":[{"count":0,"href":"https:\/\/kibrisdakik.com\/index.php?rest_route=\/wp\/v2\/posts\/67781\/revisions"}],"wp:featuredmedia":[{"embeddable":true,"href":"https:\/\/kibrisdakik.com\/index.php?rest_route=\/wp\/v2\/media\/15933"}],"wp:attachment":[{"href":"https:\/\/kibrisdakik.com\/index.php?rest_route=%2Fwp%2Fv2%2Fmedia&parent=67781"}],"wp:term":[{"taxonomy":"category","embeddable":true,"href":"https:\/\/kibrisdakik.com\/index.php?rest_route=%2Fwp%2Fv2%2Fcategories&post=67781"},{"taxonomy":"post_tag","embeddable":true,"href":"https:\/\/kibrisdakik.com\/index.php?rest_route=%2Fwp%2Fv2%2Ftags&post=67781"}],"curies":[{"name":"wp","href":"https:\/\/api.w.org\/{rel}","templated":true}]}}