{"id":67804,"date":"2024-10-28T13:29:12","date_gmt":"2024-10-28T10:29:12","guid":{"rendered":"https:\/\/kibrisdakik.com\/index.php\/2024\/10\/28\/ctp-konunun-ort-bas-edilmesine-asla-musaade-edilmeyecek\/"},"modified":"2024-10-28T13:29:12","modified_gmt":"2024-10-28T10:29:12","slug":"ctp-konunun-ort-bas-edilmesine-asla-musaade-edilmeyecek","status":"publish","type":"post","link":"https:\/\/kibrisdakik.com\/?p=67804","title":{"rendered":"CTP: Konunun \u00f6rt bas edilmesine asla m\u00fcsaade edilmeyecek"},"content":{"rendered":"<div>\n<div class=\"mariselle-image-container center\">\n                                            <\/div>\n<p>Cumhuriyet\u00e7i T\u00fcrk Partisi Genel Ba\u015fkan\u0131 Tufan Erh\u00fcrman da Dr. Burhan Nalbanto\u011flu Acil Durum Hastanesi\u2019ne giderek ya\u015fananlarla ilgili bilgi ald\u0131.<\/p>\n<p>Erh\u00fcrman burada yapt\u0131\u011f\u0131 a\u00e7\u0131klamada, toplum olarak deh\u015fet i\u00e7inde olduklar\u0131n\u0131 belirterek, \u201cS\u00f6z\u00fcn bitti\u011fi yerdeyiz bu kald\u0131r\u0131lacak bir ac\u0131 de\u011fil\u201d ifadelerini kulland\u0131.<\/p>\n<p>\u0130nsan\u0131n akl\u0131n\u0131n alamayaca\u011f\u0131 bir olayla kar\u015f\u0131 kar\u015f\u0131ya olundu\u011funu dile getiren Erh\u00fcrman, Polis soru\u015fturmas\u0131n\u0131n s\u00fcrd\u00fc\u011f\u00fcn\u00fc ve bu a\u015famada \u00e7ok fazla konu\u015fman\u0131n do\u011fru olmad\u0131\u011f\u0131n\u0131 s\u00f6yledi.<\/p>\n<p>CTP taraf\u0131ndan bug\u00fcn yap\u0131lan a\u00e7\u0131klamada da Dr. Burhan Nalbanto\u011flu Yenido\u011fan Yo\u011fun Bak\u0131m \u00dcnitesi\u2019nde ya\u015fanan olayla ilgili Sa\u011fl\u0131k Bakan\u0131 Hakan Din\u00e7y\u00fcrek\u2019in a\u00e7\u0131klamas\u0131n\u0131n yetersiz ve samimiyetsiz oldu\u011fu savunuldu.<\/p>\n<p>A\u00e7\u0131klamada, olay\u0131n vahim ve \u00e7ok ac\u0131 oldu\u011funu belirtildi.<\/p>\n<p>Konunun \u00f6rt bas edilmesine asla m\u00fcsaade edilmeyece\u011fi kaydedilen a\u00e7\u0131klamada, \u00f6nceli\u011fin 6 bebe\u011fin sa\u011fl\u0131klar\u0131na ve ailelerine kavu\u015fmalar\u0131n\u0131n  sa\u011flanmas\u0131 oldu\u011fu ifade edildi.<br \/>Yetkililere, bebeklerin durumu ve s\u00fcre\u00e7le ile ilgili \u015feffaf olunmas\u0131 \u00e7a\u011fr\u0131s\u0131nda bulunulan a\u00e7\u0131klamada, ailelere ve topluma d\u00fczenli bilgi verilmesi istendi.<\/p>\n<\/p><\/div>\n<p><script async\n                    defer\n                    crossorigin=\"anonymous\"\n                    src=\"https:\/\/connect.facebook.net\/tr_TR\/sdk.js#xfbml=1&#038;version=v3.3\"\n            ><\/script><\/p>\n","protected":false},"excerpt":{"rendered":"<p>Cumhuriyet\u00e7i T\u00fcrk Partisi Genel Ba\u015fkan\u0131 Tufan Erh\u00fcrman da Dr. Burhan Nalbanto\u011flu Acil Durum Hastanesi\u2019ne giderek ya\u015fananlarla ilgili bilgi ald\u0131. Erh\u00fcrman burada yapt\u0131\u011f\u0131 a\u00e7\u0131klamada, toplum olarak deh\u015fet i\u00e7inde olduklar\u0131n\u0131 belirterek, \u201cS\u00f6z\u00fcn bitti\u011fi yerdeyiz bu kald\u0131r\u0131lacak bir ac\u0131 de\u011fil\u201d ifadelerini kulland\u0131. \u0130nsan\u0131n akl\u0131n\u0131n alamayaca\u011f\u0131 bir olayla kar\u015f\u0131 kar\u015f\u0131ya olundu\u011funu dile getiren Erh\u00fcrman, Polis soru\u015fturmas\u0131n\u0131n s\u00fcrd\u00fc\u011f\u00fcn\u00fc ve bu<\/p>\n","protected":false},"author":1,"featured_media":67801,"comment_status":"open","ping_status":"open","sticky":false,"template":"","format":"standard","meta":{"footnotes":""},"categories":[81],"tags":[],"class_list":["post-67804","post","type-post","status-publish","format-standard","has-post-thumbnail","hentry","category-kibris"],"yoast_head":"<!-- This site is optimized with the Yoast SEO plugin v27.4 - https:\/\/yoast.com\/product\/yoast-seo-wordpress\/ -->\n<title>CTP: Konunun \u00f6rt bas edilmesine asla m\u00fcsaade edilmeyecek -<\/title>\n<meta name=\"robots\" content=\"index, follow, max-snippet:-1, max-image-preview:large, max-video-preview:-1\" \/>\n<link rel=\"canonical\" href=\"https:\/\/kibrisdakik.com\/?p=67804\" \/>\n<meta property=\"og:locale\" content=\"tr_TR\" \/>\n<meta property=\"og:type\" content=\"article\" \/>\n<meta property=\"og:title\" content=\"CTP: Konunun \u00f6rt bas edilmesine asla m\u00fcsaade edilmeyecek -\" \/>\n<meta property=\"og:description\" content=\"Cumhuriyet\u00e7i T\u00fcrk Partisi Genel Ba\u015fkan\u0131 Tufan Erh\u00fcrman da Dr. Burhan Nalbanto\u011flu Acil Durum Hastanesi\u2019ne giderek ya\u015fananlarla ilgili bilgi ald\u0131. Erh\u00fcrman burada yapt\u0131\u011f\u0131 a\u00e7\u0131klamada, toplum olarak deh\u015fet i\u00e7inde olduklar\u0131n\u0131 belirterek, \u201cS\u00f6z\u00fcn bitti\u011fi yerdeyiz bu kald\u0131r\u0131lacak bir ac\u0131 de\u011fil\u201d ifadelerini kulland\u0131. \u0130nsan\u0131n akl\u0131n\u0131n alamayaca\u011f\u0131 bir olayla kar\u015f\u0131 kar\u015f\u0131ya olundu\u011funu dile getiren Erh\u00fcrman, Polis soru\u015fturmas\u0131n\u0131n s\u00fcrd\u00fc\u011f\u00fcn\u00fc ve bu\" \/>\n<meta property=\"og:url\" content=\"https:\/\/kibrisdakik.com\/?p=67804\" \/>\n<meta property=\"article:published_time\" content=\"2024-10-28T10:29:12+00:00\" \/>\n<meta property=\"og:image\" content=\"https:\/\/kibrisdakik.com\/wp-content\/uploads\/2024\/10\/assdkaa-740x420.jpg\" \/>\n\t<meta property=\"og:image:width\" content=\"1600\" \/>\n\t<meta property=\"og:image:height\" content=\"976\" \/>\n\t<meta property=\"og:image:type\" content=\"image\/jpeg\" \/>\n<meta name=\"author\" content=\"admin\" \/>\n<meta name=\"twitter:card\" content=\"summary_large_image\" \/>\n<meta name=\"twitter:label1\" content=\"Yazan:\" \/>\n\t<meta name=\"twitter:data1\" content=\"admin\" \/>\n\t<meta name=\"twitter:label2\" content=\"Tahmini okuma s\u00fcresi\" \/>\n\t<meta name=\"twitter:data2\" content=\"1 dakika\" \/>\n<script type=\"application\/ld+json\" class=\"yoast-schema-graph\">{\"@context\":\"https:\\\/\\\/schema.org\",\"@graph\":[{\"@type\":\"Article\",\"@id\":\"https:\\\/\\\/kibrisdakik.com\\\/?p=67804#article\",\"isPartOf\":{\"@id\":\"https:\\\/\\\/kibrisdakik.com\\\/?p=67804\"},\"author\":{\"name\":\"admin\",\"@id\":\"https:\\\/\\\/kibrisdakik.com\\\/#\\\/schema\\\/person\\\/9cd9d437bbb44f72b73ba127e06d8e79\"},\"headline\":\"CTP: Konunun \u00f6rt bas edilmesine asla m\u00fcsaade edilmeyecek\",\"datePublished\":\"2024-10-28T10:29:12+00:00\",\"mainEntityOfPage\":{\"@id\":\"https:\\\/\\\/kibrisdakik.com\\\/?p=67804\"},\"wordCount\":220,\"commentCount\":0,\"image\":{\"@id\":\"https:\\\/\\\/kibrisdakik.com\\\/?p=67804#primaryimage\"},\"thumbnailUrl\":\"https:\\\/\\\/kibrisdakik.com\\\/wp-content\\\/uploads\\\/2024\\\/10\\\/assdkaa-740x420.jpg\",\"articleSection\":[\"K\u0131br\u0131s\"],\"inLanguage\":\"tr\",\"potentialAction\":[{\"@type\":\"CommentAction\",\"name\":\"Comment\",\"target\":[\"https:\\\/\\\/kibrisdakik.com\\\/?p=67804#respond\"]}]},{\"@type\":\"WebPage\",\"@id\":\"https:\\\/\\\/kibrisdakik.com\\\/?p=67804\",\"url\":\"https:\\\/\\\/kibrisdakik.com\\\/?p=67804\",\"name\":\"CTP: Konunun \u00f6rt bas edilmesine asla m\u00fcsaade edilmeyecek -\",\"isPartOf\":{\"@id\":\"https:\\\/\\\/kibrisdakik.com\\\/#website\"},\"primaryImageOfPage\":{\"@id\":\"https:\\\/\\\/kibrisdakik.com\\\/?p=67804#primaryimage\"},\"image\":{\"@id\":\"https:\\\/\\\/kibrisdakik.com\\\/?p=67804#primaryimage\"},\"thumbnailUrl\":\"https:\\\/\\\/kibrisdakik.com\\\/wp-content\\\/uploads\\\/2024\\\/10\\\/assdkaa-740x420.jpg\",\"datePublished\":\"2024-10-28T10:29:12+00:00\",\"author\":{\"@id\":\"https:\\\/\\\/kibrisdakik.com\\\/#\\\/schema\\\/person\\\/9cd9d437bbb44f72b73ba127e06d8e79\"},\"breadcrumb\":{\"@id\":\"https:\\\/\\\/kibrisdakik.com\\\/?p=67804#breadcrumb\"},\"inLanguage\":\"tr\",\"potentialAction\":[{\"@type\":\"ReadAction\",\"target\":[\"https:\\\/\\\/kibrisdakik.com\\\/?p=67804\"]}]},{\"@type\":\"ImageObject\",\"inLanguage\":\"tr\",\"@id\":\"https:\\\/\\\/kibrisdakik.com\\\/?p=67804#primaryimage\",\"url\":\"https:\\\/\\\/kibrisdakik.com\\\/wp-content\\\/uploads\\\/2024\\\/10\\\/assdkaa-740x420.jpg\",\"contentUrl\":\"https:\\\/\\\/kibrisdakik.com\\\/wp-content\\\/uploads\\\/2024\\\/10\\\/assdkaa-740x420.jpg\",\"width\":1600,\"height\":976},{\"@type\":\"BreadcrumbList\",\"@id\":\"https:\\\/\\\/kibrisdakik.com\\\/?p=67804#breadcrumb\",\"itemListElement\":[{\"@type\":\"ListItem\",\"position\":1,\"name\":\"Home\",\"item\":\"https:\\\/\\\/kibrisdakik.com\\\/\"},{\"@type\":\"ListItem\",\"position\":2,\"name\":\"CTP: Konunun \u00f6rt bas edilmesine asla m\u00fcsaade edilmeyecek\"}]},{\"@type\":\"WebSite\",\"@id\":\"https:\\\/\\\/kibrisdakik.com\\\/#website\",\"url\":\"https:\\\/\\\/kibrisdakik.com\\\/\",\"name\":\"\",\"description\":\"Tam vaktinde haber\",\"potentialAction\":[{\"@type\":\"SearchAction\",\"target\":{\"@type\":\"EntryPoint\",\"urlTemplate\":\"https:\\\/\\\/kibrisdakik.com\\\/?s={search_term_string}\"},\"query-input\":{\"@type\":\"PropertyValueSpecification\",\"valueRequired\":true,\"valueName\":\"search_term_string\"}}],\"inLanguage\":\"tr\"},{\"@type\":\"Person\",\"@id\":\"https:\\\/\\\/kibrisdakik.com\\\/#\\\/schema\\\/person\\\/9cd9d437bbb44f72b73ba127e06d8e79\",\"name\":\"admin\",\"image\":{\"@type\":\"ImageObject\",\"inLanguage\":\"tr\",\"@id\":\"https:\\\/\\\/secure.gravatar.com\\\/avatar\\\/ccc17943b9d660506c869530f897617f7cb1c21a4bf30023f252596d83e1f007?s=96&d=mm&r=g\",\"url\":\"https:\\\/\\\/secure.gravatar.com\\\/avatar\\\/ccc17943b9d660506c869530f897617f7cb1c21a4bf30023f252596d83e1f007?s=96&d=mm&r=g\",\"contentUrl\":\"https:\\\/\\\/secure.gravatar.com\\\/avatar\\\/ccc17943b9d660506c869530f897617f7cb1c21a4bf30023f252596d83e1f007?s=96&d=mm&r=g\",\"caption\":\"admin\"},\"sameAs\":[\"https:\\\/\\\/kibrisdakik.com\"],\"url\":\"https:\\\/\\\/kibrisdakik.com\\\/?author=1\"}]}<\/script>\n<!-- \/ Yoast SEO plugin. -->","yoast_head_json":{"title":"CTP: Konunun \u00f6rt bas edilmesine asla m\u00fcsaade edilmeyecek -","robots":{"index":"index","follow":"follow","max-snippet":"max-snippet:-1","max-image-preview":"max-image-preview:large","max-video-preview":"max-video-preview:-1"},"canonical":"https:\/\/kibrisdakik.com\/?p=67804","og_locale":"tr_TR","og_type":"article","og_title":"CTP: Konunun \u00f6rt bas edilmesine asla m\u00fcsaade edilmeyecek -","og_description":"Cumhuriyet\u00e7i T\u00fcrk Partisi Genel Ba\u015fkan\u0131 Tufan Erh\u00fcrman da Dr. Burhan Nalbanto\u011flu Acil Durum Hastanesi\u2019ne giderek ya\u015fananlarla ilgili bilgi ald\u0131. Erh\u00fcrman burada yapt\u0131\u011f\u0131 a\u00e7\u0131klamada, toplum olarak deh\u015fet i\u00e7inde olduklar\u0131n\u0131 belirterek, \u201cS\u00f6z\u00fcn bitti\u011fi yerdeyiz bu kald\u0131r\u0131lacak bir ac\u0131 de\u011fil\u201d ifadelerini kulland\u0131. \u0130nsan\u0131n akl\u0131n\u0131n alamayaca\u011f\u0131 bir olayla kar\u015f\u0131 kar\u015f\u0131ya olundu\u011funu dile getiren Erh\u00fcrman, Polis soru\u015fturmas\u0131n\u0131n s\u00fcrd\u00fc\u011f\u00fcn\u00fc ve bu","og_url":"https:\/\/kibrisdakik.com\/?p=67804","article_published_time":"2024-10-28T10:29:12+00:00","og_image":[{"width":1600,"height":976,"url":"https:\/\/kibrisdakik.com\/wp-content\/uploads\/2024\/10\/assdkaa-740x420.jpg","type":"image\/jpeg"}],"author":"admin","twitter_card":"summary_large_image","twitter_misc":{"Yazan:":"admin","Tahmini okuma s\u00fcresi":"1 dakika"},"schema":{"@context":"https:\/\/schema.org","@graph":[{"@type":"Article","@id":"https:\/\/kibrisdakik.com\/?p=67804#article","isPartOf":{"@id":"https:\/\/kibrisdakik.com\/?p=67804"},"author":{"name":"admin","@id":"https:\/\/kibrisdakik.com\/#\/schema\/person\/9cd9d437bbb44f72b73ba127e06d8e79"},"headline":"CTP: Konunun \u00f6rt bas edilmesine asla m\u00fcsaade edilmeyecek","datePublished":"2024-10-28T10:29:12+00:00","mainEntityOfPage":{"@id":"https:\/\/kibrisdakik.com\/?p=67804"},"wordCount":220,"commentCount":0,"image":{"@id":"https:\/\/kibrisdakik.com\/?p=67804#primaryimage"},"thumbnailUrl":"https:\/\/kibrisdakik.com\/wp-content\/uploads\/2024\/10\/assdkaa-740x420.jpg","articleSection":["K\u0131br\u0131s"],"inLanguage":"tr","potentialAction":[{"@type":"CommentAction","name":"Comment","target":["https:\/\/kibrisdakik.com\/?p=67804#respond"]}]},{"@type":"WebPage","@id":"https:\/\/kibrisdakik.com\/?p=67804","url":"https:\/\/kibrisdakik.com\/?p=67804","name":"CTP: Konunun \u00f6rt bas edilmesine asla m\u00fcsaade edilmeyecek -","isPartOf":{"@id":"https:\/\/kibrisdakik.com\/#website"},"primaryImageOfPage":{"@id":"https:\/\/kibrisdakik.com\/?p=67804#primaryimage"},"image":{"@id":"https:\/\/kibrisdakik.com\/?p=67804#primaryimage"},"thumbnailUrl":"https:\/\/kibrisdakik.com\/wp-content\/uploads\/2024\/10\/assdkaa-740x420.jpg","datePublished":"2024-10-28T10:29:12+00:00","author":{"@id":"https:\/\/kibrisdakik.com\/#\/schema\/person\/9cd9d437bbb44f72b73ba127e06d8e79"},"breadcrumb":{"@id":"https:\/\/kibrisdakik.com\/?p=67804#breadcrumb"},"inLanguage":"tr","potentialAction":[{"@type":"ReadAction","target":["https:\/\/kibrisdakik.com\/?p=67804"]}]},{"@type":"ImageObject","inLanguage":"tr","@id":"https:\/\/kibrisdakik.com\/?p=67804#primaryimage","url":"https:\/\/kibrisdakik.com\/wp-content\/uploads\/2024\/10\/assdkaa-740x420.jpg","contentUrl":"https:\/\/kibrisdakik.com\/wp-content\/uploads\/2024\/10\/assdkaa-740x420.jpg","width":1600,"height":976},{"@type":"BreadcrumbList","@id":"https:\/\/kibrisdakik.com\/?p=67804#breadcrumb","itemListElement":[{"@type":"ListItem","position":1,"name":"Home","item":"https:\/\/kibrisdakik.com\/"},{"@type":"ListItem","position":2,"name":"CTP: Konunun \u00f6rt bas edilmesine asla m\u00fcsaade edilmeyecek"}]},{"@type":"WebSite","@id":"https:\/\/kibrisdakik.com\/#website","url":"https:\/\/kibrisdakik.com\/","name":"","description":"Tam vaktinde haber","potentialAction":[{"@type":"SearchAction","target":{"@type":"EntryPoint","urlTemplate":"https:\/\/kibrisdakik.com\/?s={search_term_string}"},"query-input":{"@type":"PropertyValueSpecification","valueRequired":true,"valueName":"search_term_string"}}],"inLanguage":"tr"},{"@type":"Person","@id":"https:\/\/kibrisdakik.com\/#\/schema\/person\/9cd9d437bbb44f72b73ba127e06d8e79","name":"admin","image":{"@type":"ImageObject","inLanguage":"tr","@id":"https:\/\/secure.gravatar.com\/avatar\/ccc17943b9d660506c869530f897617f7cb1c21a4bf30023f252596d83e1f007?s=96&d=mm&r=g","url":"https:\/\/secure.gravatar.com\/avatar\/ccc17943b9d660506c869530f897617f7cb1c21a4bf30023f252596d83e1f007?s=96&d=mm&r=g","contentUrl":"https:\/\/secure.gravatar.com\/avatar\/ccc17943b9d660506c869530f897617f7cb1c21a4bf30023f252596d83e1f007?s=96&d=mm&r=g","caption":"admin"},"sameAs":["https:\/\/kibrisdakik.com"],"url":"https:\/\/kibrisdakik.com\/?author=1"}]}},"_links":{"self":[{"href":"https:\/\/kibrisdakik.com\/index.php?rest_route=\/wp\/v2\/posts\/67804","targetHints":{"allow":["GET"]}}],"collection":[{"href":"https:\/\/kibrisdakik.com\/index.php?rest_route=\/wp\/v2\/posts"}],"about":[{"href":"https:\/\/kibrisdakik.com\/index.php?rest_route=\/wp\/v2\/types\/post"}],"author":[{"embeddable":true,"href":"https:\/\/kibrisdakik.com\/index.php?rest_route=\/wp\/v2\/users\/1"}],"replies":[{"embeddable":true,"href":"https:\/\/kibrisdakik.com\/index.php?rest_route=%2Fwp%2Fv2%2Fcomments&post=67804"}],"version-history":[{"count":0,"href":"https:\/\/kibrisdakik.com\/index.php?rest_route=\/wp\/v2\/posts\/67804\/revisions"}],"wp:featuredmedia":[{"embeddable":true,"href":"https:\/\/kibrisdakik.com\/index.php?rest_route=\/wp\/v2\/media\/67801"}],"wp:attachment":[{"href":"https:\/\/kibrisdakik.com\/index.php?rest_route=%2Fwp%2Fv2%2Fmedia&parent=67804"}],"wp:term":[{"taxonomy":"category","embeddable":true,"href":"https:\/\/kibrisdakik.com\/index.php?rest_route=%2Fwp%2Fv2%2Fcategories&post=67804"},{"taxonomy":"post_tag","embeddable":true,"href":"https:\/\/kibrisdakik.com\/index.php?rest_route=%2Fwp%2Fv2%2Ftags&post=67804"}],"curies":[{"name":"wp","href":"https:\/\/api.w.org\/{rel}","templated":true}]}}