{"id":67809,"date":"2024-10-28T14:03:05","date_gmt":"2024-10-28T11:03:05","guid":{"rendered":"https:\/\/kibrisdakik.com\/index.php\/2024\/10\/28\/29-ekim-cumhuriyet-bayrami-kutlamalaritc-lefkosa-buyukelcisi-serimin-konusmasiyla-basladihangi-oyunlar-oynanirsa-oynansin-hangi-yaptirimlar-ve-izolasyonlar-uygulanirsa-uygulansin\/"},"modified":"2024-10-28T14:03:05","modified_gmt":"2024-10-28T11:03:05","slug":"29-ekim-cumhuriyet-bayrami-kutlamalaritc-lefkosa-buyukelcisi-serimin-konusmasiyla-basladihangi-oyunlar-oynanirsa-oynansin-hangi-yaptirimlar-ve-izolasyonlar-uygulanirsa-uygulansin","status":"publish","type":"post","link":"https:\/\/kibrisdakik.com\/?p=67809","title":{"rendered":"29 Ekim Cumhuriyet Bayram\u0131 kutlamalar\u0131,TC Lefko\u015fa B\u00fcy\u00fckel\u00e7isi Serim\u2019in konu\u015fmas\u0131yla ba\u015flad\u0131:\u201cHangi oyunlar oynan\u0131rsa oynans\u0131n; hangi yapt\u0131r\u0131mlar ve izolasyonlar uygulan\u0131rsa uygulans\u0131n; bizler, bu topraklar\u0131n m\u00fcreffeh gelece\u011fini in\u015fa etmekten asla vazge\u00e7meyece\u011fiz\u201d"},"content":{"rendered":"<div>\n<div class=\"mariselle-image-container center\">\n                                            <\/div>\n<p>T\u00fcrkiye Cumhuriyeti\u2019nin 101\u2019inci y\u0131l\u0131nda 29 Ekim Cumhuriyet Bayram\u0131 kutlamalar\u0131, T\u00fcrkiye Cumhuriyeti Lefko\u015fa B\u00fcy\u00fckel\u00e7isi Yasin Ekrem Serim\u2019in saat 13.00\u2019te BRT\u2019de yapt\u0131\u011f\u0131 konu\u015fma ve 21 pare top at\u0131\u015f\u0131yla ba\u015flad\u0131.<\/p>\n<p>Konu\u015fmas\u0131nda T\u00fcrkiye Cumhuriyeti\u2019nin 101. ya\u015f\u0131n\u0131 kutlayan Serim, \u201c\u015eanl\u0131 Cumhuriyetimizin 101. Ya\u015f\u0131n\u0131 co\u015fkuyla idrak etti\u011fi bug\u00fcn, bizler i\u00e7in de \u00f6nemli bir idrak g\u00fcn\u00fcd\u00fcr\u201d dedi.<\/p>\n<p>Serim, \u201cCumhuriyetimiz, ikinci asr\u0131nda da y\u00fckselmeye devam edecek; k\u00f6k\u00fc bin y\u0131llara uzanan devlet akl\u0131yla, g\u00fc\u00e7l\u00fc gelenekleri ve de\u011ferleriyle; \u2018T\u00fcrkiye Y\u00fczy\u0131l\u0131\u2019 d\u00fcnya tarihindeki yerini alacakt\u0131r. \u2018T\u00fcrkiye Y\u00fczy\u0131l\u0131\u2019nda ba\u011f\u0131ms\u0131z ve milli d\u0131\u015f politikam\u0131z, b\u00f6lgesel bar\u0131\u015f\u0131 ve g\u00fcvenli\u011fi g\u00fc\u00e7lendirmeyi, d\u0131\u015f ili\u015fkilerimizin kurumsal zeminini geni\u015fletmeyi, b\u00f6lgemizde ekonomik kalk\u0131nmay\u0131 ve refah\u0131 geli\u015ftirmeyi ve k\u00fcresel sistemin d\u00f6n\u00fc\u015f\u00fcm\u00fcne tesir etmeyi hedeflemektedir.\u201d Dedi. <\/p>\n<p>Ulusal \u00e7\u0131karlar\u0131n\u0131 g\u00fcvence alt\u0131na al\u0131rken, insanl\u0131\u011f\u0131n ortak hedeflerine katk\u0131da bulunmay\u0131 da s\u00fcrd\u00fcreceklerine i\u015faret eden Serim, \u015f\u00f6yle konu\u015ftu:<\/p>\n<p>\u201cBizler \u2018T\u00fcrkiye Y\u00fczy\u0131l\u0131\u2019 vizyonu etraf\u0131nda kenetlendik\u00e7e; birlik ve dirli\u011fimizi peki\u015ftirdik\u00e7e; hedeflerimiz do\u011frultusunda y\u0131lmadan \u00e7al\u0131\u015ft\u0131k\u00e7a, gelenek ve de\u011ferlerimizi korurken, yenilikleri de h\u0131zla benimsemeye devam ettik\u00e7e, cumhuriyetimizin ikinci y\u00fczy\u0131l\u0131n\u0131n \u2018T\u00fcrkiye Y\u00fczy\u0131l\u0131\u2019 olaca\u011f\u0131na ve bu ger\u00e7e\u011fin t\u00fcm d\u00fcnya taraf\u0131ndan tasdik ve takdir edilece\u011fine \u015f\u00fcphe yoktur.\u201d<\/p>\n<p>B\u00fcy\u00fckel\u00e7i Yasin Ekrem Serim, T\u00fcrkiye Y\u00fczy\u0131l\u0131\u2019n\u0131n \u015f\u00fcphesiz K\u0131br\u0131s T\u00fcrk\u00fc\u2019n\u00fcn de y\u00fczy\u0131l\u0131 olaca\u011f\u0131n\u0131 vurgulayarak, T\u00fcrkiye Cumhuriyeti Cumhurba\u015fkan\u0131 Recep Tayyip Erdo\u011fan\u2019\u0131n Birle\u015fmi\u015f Milletler Genel Kurulu\u2019na son hitab\u0131nda vurgulad\u0131\u011f\u0131 gibi K\u0131br\u0131s meselesine adil, kal\u0131c\u0131 ve s\u00fcrd\u00fcr\u00fclebilir bir \u00e7\u00f6z\u00fcm getirilmesi i\u00e7in samimi irade ortaya koyan taraf\u0131n daima K\u0131br\u0131s T\u00fcrkleri ve T\u00fcrkiye oldu\u011funu belirtti.<\/p>\n<p>K\u0131br\u0131s Bar\u0131\u015f Harek\u00e2t\u0131\u2019n\u0131n \u00fczerinden 50 y\u0131l, Rumlar\u0131n ortakl\u0131k devletini gasp etmesi sonucunda K\u0131br\u0131s meselesinin ortaya \u00e7\u0131kmas\u0131n\u0131n \u00fczerinden ise 61 y\u0131l ge\u00e7ti\u011fini dile getiren T\u00fcrkiye\u2019nin Lefko\u015fa B\u00fcy\u00fckel\u00e7isi Yasin Ekrem Serim, 1974\u2019ten itibaren, Ada\u2019da bar\u0131\u015f ve s\u00fck\u00fbnetin hakim oldu\u011funu, federasyon modelinin art\u0131k ge\u00e7erlili\u011fini tamamen yitirdi\u011fini vurgulad\u0131. <\/p>\n<p>Art\u0131k federasyon modeline dair ortak zemin olmad\u0131\u011f\u0131n\u0131n Birle\u015fmi\u015f Milletler taraf\u0131ndan da resmen kayda ge\u00e7irildi\u011fini kaydeden Serim, \u201cAda\u2019da iki ayr\u0131 devlet ve iki ayr\u0131 halk vard\u0131r. K\u0131br\u0131s T\u00fcrklerinin m\u00fcktesep haklar\u0131 olan egemen e\u015fitlik ve e\u015fit uluslararas\u0131 stat\u00fcleri ivedilikle yeniden tescil edilmelidir.\u201d vurgusu yapt\u0131.<\/p>\n<p>Uluslararas\u0131 topluma Kuzey K\u0131br\u0131s T\u00fcrk Cumhuriyeti\u2019nin tan\u0131nmas\u0131; diplomatik, siyasi ve ekonomik ili\u015fkiler kurulmas\u0131 \u00e7a\u011fr\u0131s\u0131nda bulunan Serim, \u015fu ifadeleri kulland\u0131:<\/p>\n<p> \u201c\u015eu husus iyi bilinmelidir ki; hangi oyunlar oynan\u0131rsa oynans\u0131n; hangi yapt\u0131r\u0131mlar ve izolasyonlar uygulan\u0131rsa uygulans\u0131n; bizler, bu topraklar\u0131n m\u00fcreffeh gelece\u011fini in\u015fa etmekten asla vazge\u00e7meyece\u011fiz. \u015eehitlerimizin, gazilerimizin, m\u00fccahit ve m\u00fccahidelerimizinhat\u0131ralar\u0131n\u0131 onurland\u0131rmak ve vatan\u0131m\u0131z\u0131 daha g\u00fczel yar\u0131nlara ta\u015f\u0131mak, gelecek nesillerimize daha adil bir d\u00fcnya ve bar\u0131\u015f dolu bir gelecek haz\u0131rlamak i\u00e7in, t\u00fcm gayretimizle \u00e7al\u0131\u015fmaya devam edece\u011fiz.\u201d <\/p>\n<p>Do\u011fu Akdeniz\u2019de en uzun k\u0131y\u0131 \u015feridine sahip \u00fclke olan T\u00fcrkiye\u2019nin, K\u0131br\u0131s Adas\u0131\u2019n\u0131n kuzeyi ve bat\u0131s\u0131nda ilan edilmi\u015f k\u0131ta sahanl\u0131\u011f\u0131ndaki haklar\u0131, K\u0131br\u0131s T\u00fcrklerinin de Ada\u2019n\u0131n t\u00fcm\u00fc ve etraf\u0131ndaki haklar\u0131n\u0131n inkar edilemeyece\u011fine i\u015faret eden Serim, T\u00fcrkiye\u2019nin de, KKTC\u2019nin de her konuda kom\u015fular\u0131yla yap\u0131c\u0131 i\u015fbirli\u011fine haz\u0131r oldu\u011funu kaydetti ve \u201cKom\u015fular\u0131m\u0131zdan da ayn\u0131 yakla\u015f\u0131m\u0131 g\u00f6stermelerini bekliyoruz\u201d dedi.<\/p>\n<p>B\u00fcy\u00fckel\u00e7i Serim konu\u015fmas\u0131n\u0131 \u201c\u0130lelebet payidar kalacak olan Cumhuriyetimizin 101. y\u0131l\u0131n\u0131 kutluyor; tam 101 y\u0131ld\u0131r co\u015fkumuzu y\u00fcrekten payla\u015fan, bayram\u0131m\u0131z\u0131 bizimle birlikte kutlayan K\u0131br\u0131s T\u00fcrk halk\u0131na bir kez daha te\u015fekk\u00fcrlerimi sunuyorum. Ne mutlu T\u00fcrk\u2019\u00fcm diyene! Ve ne mutlu bunun k\u0131ymetini bilip, \u015f\u00fckredene\u201d s\u00f6zleriyle sonland\u0131rd\u0131.<\/p>\n<\/p><\/div>\n<p><script async\n                    defer\n                    crossorigin=\"anonymous\"\n                    src=\"https:\/\/connect.facebook.net\/tr_TR\/sdk.js#xfbml=1&#038;version=v3.3\"\n            ><\/script><\/p>\n","protected":false},"excerpt":{"rendered":"<p>T\u00fcrkiye Cumhuriyeti\u2019nin 101\u2019inci y\u0131l\u0131nda 29 Ekim Cumhuriyet Bayram\u0131 kutlamalar\u0131, T\u00fcrkiye Cumhuriyeti Lefko\u015fa B\u00fcy\u00fckel\u00e7isi Yasin Ekrem Serim\u2019in saat 13.00\u2019te BRT\u2019de yapt\u0131\u011f\u0131 konu\u015fma ve 21 pare top at\u0131\u015f\u0131yla ba\u015flad\u0131. Konu\u015fmas\u0131nda T\u00fcrkiye Cumhuriyeti\u2019nin 101. ya\u015f\u0131n\u0131 kutlayan Serim, \u201c\u015eanl\u0131 Cumhuriyetimizin 101. Ya\u015f\u0131n\u0131 co\u015fkuyla idrak etti\u011fi bug\u00fcn, bizler i\u00e7in de \u00f6nemli bir idrak g\u00fcn\u00fcd\u00fcr\u201d dedi. Serim, \u201cCumhuriyetimiz, ikinci asr\u0131nda da<\/p>\n","protected":false},"author":1,"featured_media":67810,"comment_status":"open","ping_status":"open","sticky":false,"template":"","format":"standard","meta":{"footnotes":""},"categories":[81],"tags":[],"class_list":["post-67809","post","type-post","status-publish","format-standard","has-post-thumbnail","hentry","category-kibris"],"yoast_head":"<!-- This site is optimized with the Yoast SEO plugin v27.5 - https:\/\/yoast.com\/product\/yoast-seo-wordpress\/ -->\n<title>29 Ekim Cumhuriyet Bayram\u0131 kutlamalar\u0131,TC Lefko\u015fa B\u00fcy\u00fckel\u00e7isi Serim\u2019in konu\u015fmas\u0131yla ba\u015flad\u0131:\u201cHangi oyunlar oynan\u0131rsa oynans\u0131n; hangi yapt\u0131r\u0131mlar ve izolasyonlar uygulan\u0131rsa uygulans\u0131n; bizler, bu topraklar\u0131n m\u00fcreffeh gelece\u011fini in\u015fa etmekten asla vazge\u00e7meyece\u011fiz\u201d -<\/title>\n<meta name=\"robots\" content=\"index, follow, max-snippet:-1, max-image-preview:large, max-video-preview:-1\" \/>\n<link rel=\"canonical\" href=\"https:\/\/kibrisdakik.com\/?p=67809\" \/>\n<meta property=\"og:locale\" content=\"tr_TR\" \/>\n<meta property=\"og:type\" content=\"article\" \/>\n<meta property=\"og:title\" content=\"29 Ekim Cumhuriyet Bayram\u0131 kutlamalar\u0131,TC Lefko\u015fa B\u00fcy\u00fckel\u00e7isi Serim\u2019in konu\u015fmas\u0131yla ba\u015flad\u0131:\u201cHangi oyunlar oynan\u0131rsa oynans\u0131n; hangi yapt\u0131r\u0131mlar ve izolasyonlar uygulan\u0131rsa uygulans\u0131n; bizler, bu topraklar\u0131n m\u00fcreffeh gelece\u011fini in\u015fa etmekten asla vazge\u00e7meyece\u011fiz\u201d -\" \/>\n<meta property=\"og:description\" content=\"T\u00fcrkiye Cumhuriyeti\u2019nin 101\u2019inci y\u0131l\u0131nda 29 Ekim Cumhuriyet Bayram\u0131 kutlamalar\u0131, T\u00fcrkiye Cumhuriyeti Lefko\u015fa B\u00fcy\u00fckel\u00e7isi Yasin Ekrem Serim\u2019in saat 13.00\u2019te BRT\u2019de yapt\u0131\u011f\u0131 konu\u015fma ve 21 pare top at\u0131\u015f\u0131yla ba\u015flad\u0131. Konu\u015fmas\u0131nda T\u00fcrkiye Cumhuriyeti\u2019nin 101. ya\u015f\u0131n\u0131 kutlayan Serim, \u201c\u015eanl\u0131 Cumhuriyetimizin 101. Ya\u015f\u0131n\u0131 co\u015fkuyla idrak etti\u011fi bug\u00fcn, bizler i\u00e7in de \u00f6nemli bir idrak g\u00fcn\u00fcd\u00fcr\u201d dedi. Serim, \u201cCumhuriyetimiz, ikinci asr\u0131nda da\" \/>\n<meta property=\"og:url\" content=\"https:\/\/kibrisdakik.com\/?p=67809\" \/>\n<meta property=\"article:published_time\" content=\"2024-10-28T11:03:05+00:00\" \/>\n<meta property=\"og:image\" content=\"https:\/\/kibrisdakik.com\/wp-content\/uploads\/2024\/10\/serim-740x420.jpg\" \/>\n\t<meta property=\"og:image:width\" content=\"1211\" \/>\n\t<meta property=\"og:image:height\" content=\"657\" \/>\n\t<meta property=\"og:image:type\" content=\"image\/jpeg\" \/>\n<meta name=\"author\" content=\"admin\" \/>\n<meta name=\"twitter:card\" content=\"summary_large_image\" \/>\n<meta name=\"twitter:label1\" content=\"Yazan:\" \/>\n\t<meta name=\"twitter:data1\" content=\"admin\" \/>\n\t<meta name=\"twitter:label2\" content=\"Tahmini okuma s\u00fcresi\" \/>\n\t<meta name=\"twitter:data2\" content=\"4 dakika\" \/>\n<script type=\"application\/ld+json\" class=\"yoast-schema-graph\">{\"@context\":\"https:\\\/\\\/schema.org\",\"@graph\":[{\"@type\":\"Article\",\"@id\":\"https:\\\/\\\/kibrisdakik.com\\\/?p=67809#article\",\"isPartOf\":{\"@id\":\"https:\\\/\\\/kibrisdakik.com\\\/?p=67809\"},\"author\":{\"name\":\"admin\",\"@id\":\"https:\\\/\\\/kibrisdakik.com\\\/#\\\/schema\\\/person\\\/9cd9d437bbb44f72b73ba127e06d8e79\"},\"headline\":\"29 Ekim Cumhuriyet Bayram\u0131 kutlamalar\u0131,TC Lefko\u015fa B\u00fcy\u00fckel\u00e7isi Serim\u2019in konu\u015fmas\u0131yla ba\u015flad\u0131:\u201cHangi oyunlar oynan\u0131rsa oynans\u0131n; hangi yapt\u0131r\u0131mlar ve izolasyonlar uygulan\u0131rsa uygulans\u0131n; bizler, bu topraklar\u0131n m\u00fcreffeh gelece\u011fini in\u015fa etmekten asla vazge\u00e7meyece\u011fiz\u201d\",\"datePublished\":\"2024-10-28T11:03:05+00:00\",\"mainEntityOfPage\":{\"@id\":\"https:\\\/\\\/kibrisdakik.com\\\/?p=67809\"},\"wordCount\":790,\"commentCount\":0,\"image\":{\"@id\":\"https:\\\/\\\/kibrisdakik.com\\\/?p=67809#primaryimage\"},\"thumbnailUrl\":\"https:\\\/\\\/kibrisdakik.com\\\/wp-content\\\/uploads\\\/2024\\\/10\\\/serim-740x420.jpg\",\"articleSection\":[\"K\u0131br\u0131s\"],\"inLanguage\":\"tr\",\"potentialAction\":[{\"@type\":\"CommentAction\",\"name\":\"Comment\",\"target\":[\"https:\\\/\\\/kibrisdakik.com\\\/?p=67809#respond\"]}]},{\"@type\":\"WebPage\",\"@id\":\"https:\\\/\\\/kibrisdakik.com\\\/?p=67809\",\"url\":\"https:\\\/\\\/kibrisdakik.com\\\/?p=67809\",\"name\":\"29 Ekim Cumhuriyet Bayram\u0131 kutlamalar\u0131,TC Lefko\u015fa B\u00fcy\u00fckel\u00e7isi Serim\u2019in konu\u015fmas\u0131yla ba\u015flad\u0131:\u201cHangi oyunlar oynan\u0131rsa oynans\u0131n; hangi yapt\u0131r\u0131mlar ve izolasyonlar uygulan\u0131rsa uygulans\u0131n; bizler, bu topraklar\u0131n m\u00fcreffeh gelece\u011fini in\u015fa etmekten asla vazge\u00e7meyece\u011fiz\u201d -\",\"isPartOf\":{\"@id\":\"https:\\\/\\\/kibrisdakik.com\\\/#website\"},\"primaryImageOfPage\":{\"@id\":\"https:\\\/\\\/kibrisdakik.com\\\/?p=67809#primaryimage\"},\"image\":{\"@id\":\"https:\\\/\\\/kibrisdakik.com\\\/?p=67809#primaryimage\"},\"thumbnailUrl\":\"https:\\\/\\\/kibrisdakik.com\\\/wp-content\\\/uploads\\\/2024\\\/10\\\/serim-740x420.jpg\",\"datePublished\":\"2024-10-28T11:03:05+00:00\",\"author\":{\"@id\":\"https:\\\/\\\/kibrisdakik.com\\\/#\\\/schema\\\/person\\\/9cd9d437bbb44f72b73ba127e06d8e79\"},\"breadcrumb\":{\"@id\":\"https:\\\/\\\/kibrisdakik.com\\\/?p=67809#breadcrumb\"},\"inLanguage\":\"tr\",\"potentialAction\":[{\"@type\":\"ReadAction\",\"target\":[\"https:\\\/\\\/kibrisdakik.com\\\/?p=67809\"]}]},{\"@type\":\"ImageObject\",\"inLanguage\":\"tr\",\"@id\":\"https:\\\/\\\/kibrisdakik.com\\\/?p=67809#primaryimage\",\"url\":\"https:\\\/\\\/kibrisdakik.com\\\/wp-content\\\/uploads\\\/2024\\\/10\\\/serim-740x420.jpg\",\"contentUrl\":\"https:\\\/\\\/kibrisdakik.com\\\/wp-content\\\/uploads\\\/2024\\\/10\\\/serim-740x420.jpg\",\"width\":1211,\"height\":657},{\"@type\":\"BreadcrumbList\",\"@id\":\"https:\\\/\\\/kibrisdakik.com\\\/?p=67809#breadcrumb\",\"itemListElement\":[{\"@type\":\"ListItem\",\"position\":1,\"name\":\"Home\",\"item\":\"https:\\\/\\\/kibrisdakik.com\\\/\"},{\"@type\":\"ListItem\",\"position\":2,\"name\":\"29 Ekim Cumhuriyet Bayram\u0131 kutlamalar\u0131,TC Lefko\u015fa B\u00fcy\u00fckel\u00e7isi Serim\u2019in konu\u015fmas\u0131yla ba\u015flad\u0131:\u201cHangi oyunlar oynan\u0131rsa oynans\u0131n; hangi yapt\u0131r\u0131mlar ve izolasyonlar uygulan\u0131rsa uygulans\u0131n; bizler, bu topraklar\u0131n m\u00fcreffeh gelece\u011fini in\u015fa etmekten asla vazge\u00e7meyece\u011fiz\u201d\"}]},{\"@type\":\"WebSite\",\"@id\":\"https:\\\/\\\/kibrisdakik.com\\\/#website\",\"url\":\"https:\\\/\\\/kibrisdakik.com\\\/\",\"name\":\"\",\"description\":\"Tam vaktinde haber\",\"potentialAction\":[{\"@type\":\"SearchAction\",\"target\":{\"@type\":\"EntryPoint\",\"urlTemplate\":\"https:\\\/\\\/kibrisdakik.com\\\/?s={search_term_string}\"},\"query-input\":{\"@type\":\"PropertyValueSpecification\",\"valueRequired\":true,\"valueName\":\"search_term_string\"}}],\"inLanguage\":\"tr\"},{\"@type\":\"Person\",\"@id\":\"https:\\\/\\\/kibrisdakik.com\\\/#\\\/schema\\\/person\\\/9cd9d437bbb44f72b73ba127e06d8e79\",\"name\":\"admin\",\"image\":{\"@type\":\"ImageObject\",\"inLanguage\":\"tr\",\"@id\":\"https:\\\/\\\/secure.gravatar.com\\\/avatar\\\/ccc17943b9d660506c869530f897617f7cb1c21a4bf30023f252596d83e1f007?s=96&d=mm&r=g\",\"url\":\"https:\\\/\\\/secure.gravatar.com\\\/avatar\\\/ccc17943b9d660506c869530f897617f7cb1c21a4bf30023f252596d83e1f007?s=96&d=mm&r=g\",\"contentUrl\":\"https:\\\/\\\/secure.gravatar.com\\\/avatar\\\/ccc17943b9d660506c869530f897617f7cb1c21a4bf30023f252596d83e1f007?s=96&d=mm&r=g\",\"caption\":\"admin\"},\"sameAs\":[\"https:\\\/\\\/kibrisdakik.com\"],\"url\":\"https:\\\/\\\/kibrisdakik.com\\\/?author=1\"}]}<\/script>\n<!-- \/ Yoast SEO plugin. -->","yoast_head_json":{"title":"29 Ekim Cumhuriyet Bayram\u0131 kutlamalar\u0131,TC Lefko\u015fa B\u00fcy\u00fckel\u00e7isi Serim\u2019in konu\u015fmas\u0131yla ba\u015flad\u0131:\u201cHangi oyunlar oynan\u0131rsa oynans\u0131n; hangi yapt\u0131r\u0131mlar ve izolasyonlar uygulan\u0131rsa uygulans\u0131n; bizler, bu topraklar\u0131n m\u00fcreffeh gelece\u011fini in\u015fa etmekten asla vazge\u00e7meyece\u011fiz\u201d -","robots":{"index":"index","follow":"follow","max-snippet":"max-snippet:-1","max-image-preview":"max-image-preview:large","max-video-preview":"max-video-preview:-1"},"canonical":"https:\/\/kibrisdakik.com\/?p=67809","og_locale":"tr_TR","og_type":"article","og_title":"29 Ekim Cumhuriyet Bayram\u0131 kutlamalar\u0131,TC Lefko\u015fa B\u00fcy\u00fckel\u00e7isi Serim\u2019in konu\u015fmas\u0131yla ba\u015flad\u0131:\u201cHangi oyunlar oynan\u0131rsa oynans\u0131n; hangi yapt\u0131r\u0131mlar ve izolasyonlar uygulan\u0131rsa uygulans\u0131n; bizler, bu topraklar\u0131n m\u00fcreffeh gelece\u011fini in\u015fa etmekten asla vazge\u00e7meyece\u011fiz\u201d -","og_description":"T\u00fcrkiye Cumhuriyeti\u2019nin 101\u2019inci y\u0131l\u0131nda 29 Ekim Cumhuriyet Bayram\u0131 kutlamalar\u0131, T\u00fcrkiye Cumhuriyeti Lefko\u015fa B\u00fcy\u00fckel\u00e7isi Yasin Ekrem Serim\u2019in saat 13.00\u2019te BRT\u2019de yapt\u0131\u011f\u0131 konu\u015fma ve 21 pare top at\u0131\u015f\u0131yla ba\u015flad\u0131. Konu\u015fmas\u0131nda T\u00fcrkiye Cumhuriyeti\u2019nin 101. ya\u015f\u0131n\u0131 kutlayan Serim, \u201c\u015eanl\u0131 Cumhuriyetimizin 101. Ya\u015f\u0131n\u0131 co\u015fkuyla idrak etti\u011fi bug\u00fcn, bizler i\u00e7in de \u00f6nemli bir idrak g\u00fcn\u00fcd\u00fcr\u201d dedi. Serim, \u201cCumhuriyetimiz, ikinci asr\u0131nda da","og_url":"https:\/\/kibrisdakik.com\/?p=67809","article_published_time":"2024-10-28T11:03:05+00:00","og_image":[{"width":1211,"height":657,"url":"https:\/\/kibrisdakik.com\/wp-content\/uploads\/2024\/10\/serim-740x420.jpg","type":"image\/jpeg"}],"author":"admin","twitter_card":"summary_large_image","twitter_misc":{"Yazan:":"admin","Tahmini okuma s\u00fcresi":"4 dakika"},"schema":{"@context":"https:\/\/schema.org","@graph":[{"@type":"Article","@id":"https:\/\/kibrisdakik.com\/?p=67809#article","isPartOf":{"@id":"https:\/\/kibrisdakik.com\/?p=67809"},"author":{"name":"admin","@id":"https:\/\/kibrisdakik.com\/#\/schema\/person\/9cd9d437bbb44f72b73ba127e06d8e79"},"headline":"29 Ekim Cumhuriyet Bayram\u0131 kutlamalar\u0131,TC Lefko\u015fa B\u00fcy\u00fckel\u00e7isi Serim\u2019in konu\u015fmas\u0131yla ba\u015flad\u0131:\u201cHangi oyunlar oynan\u0131rsa oynans\u0131n; hangi yapt\u0131r\u0131mlar ve izolasyonlar uygulan\u0131rsa uygulans\u0131n; bizler, bu topraklar\u0131n m\u00fcreffeh gelece\u011fini in\u015fa etmekten asla vazge\u00e7meyece\u011fiz\u201d","datePublished":"2024-10-28T11:03:05+00:00","mainEntityOfPage":{"@id":"https:\/\/kibrisdakik.com\/?p=67809"},"wordCount":790,"commentCount":0,"image":{"@id":"https:\/\/kibrisdakik.com\/?p=67809#primaryimage"},"thumbnailUrl":"https:\/\/kibrisdakik.com\/wp-content\/uploads\/2024\/10\/serim-740x420.jpg","articleSection":["K\u0131br\u0131s"],"inLanguage":"tr","potentialAction":[{"@type":"CommentAction","name":"Comment","target":["https:\/\/kibrisdakik.com\/?p=67809#respond"]}]},{"@type":"WebPage","@id":"https:\/\/kibrisdakik.com\/?p=67809","url":"https:\/\/kibrisdakik.com\/?p=67809","name":"29 Ekim Cumhuriyet Bayram\u0131 kutlamalar\u0131,TC Lefko\u015fa B\u00fcy\u00fckel\u00e7isi Serim\u2019in konu\u015fmas\u0131yla ba\u015flad\u0131:\u201cHangi oyunlar oynan\u0131rsa oynans\u0131n; hangi yapt\u0131r\u0131mlar ve izolasyonlar uygulan\u0131rsa uygulans\u0131n; bizler, bu topraklar\u0131n m\u00fcreffeh gelece\u011fini in\u015fa etmekten asla vazge\u00e7meyece\u011fiz\u201d -","isPartOf":{"@id":"https:\/\/kibrisdakik.com\/#website"},"primaryImageOfPage":{"@id":"https:\/\/kibrisdakik.com\/?p=67809#primaryimage"},"image":{"@id":"https:\/\/kibrisdakik.com\/?p=67809#primaryimage"},"thumbnailUrl":"https:\/\/kibrisdakik.com\/wp-content\/uploads\/2024\/10\/serim-740x420.jpg","datePublished":"2024-10-28T11:03:05+00:00","author":{"@id":"https:\/\/kibrisdakik.com\/#\/schema\/person\/9cd9d437bbb44f72b73ba127e06d8e79"},"breadcrumb":{"@id":"https:\/\/kibrisdakik.com\/?p=67809#breadcrumb"},"inLanguage":"tr","potentialAction":[{"@type":"ReadAction","target":["https:\/\/kibrisdakik.com\/?p=67809"]}]},{"@type":"ImageObject","inLanguage":"tr","@id":"https:\/\/kibrisdakik.com\/?p=67809#primaryimage","url":"https:\/\/kibrisdakik.com\/wp-content\/uploads\/2024\/10\/serim-740x420.jpg","contentUrl":"https:\/\/kibrisdakik.com\/wp-content\/uploads\/2024\/10\/serim-740x420.jpg","width":1211,"height":657},{"@type":"BreadcrumbList","@id":"https:\/\/kibrisdakik.com\/?p=67809#breadcrumb","itemListElement":[{"@type":"ListItem","position":1,"name":"Home","item":"https:\/\/kibrisdakik.com\/"},{"@type":"ListItem","position":2,"name":"29 Ekim Cumhuriyet Bayram\u0131 kutlamalar\u0131,TC Lefko\u015fa B\u00fcy\u00fckel\u00e7isi Serim\u2019in konu\u015fmas\u0131yla ba\u015flad\u0131:\u201cHangi oyunlar oynan\u0131rsa oynans\u0131n; hangi yapt\u0131r\u0131mlar ve izolasyonlar uygulan\u0131rsa uygulans\u0131n; bizler, bu topraklar\u0131n m\u00fcreffeh gelece\u011fini in\u015fa etmekten asla vazge\u00e7meyece\u011fiz\u201d"}]},{"@type":"WebSite","@id":"https:\/\/kibrisdakik.com\/#website","url":"https:\/\/kibrisdakik.com\/","name":"","description":"Tam vaktinde haber","potentialAction":[{"@type":"SearchAction","target":{"@type":"EntryPoint","urlTemplate":"https:\/\/kibrisdakik.com\/?s={search_term_string}"},"query-input":{"@type":"PropertyValueSpecification","valueRequired":true,"valueName":"search_term_string"}}],"inLanguage":"tr"},{"@type":"Person","@id":"https:\/\/kibrisdakik.com\/#\/schema\/person\/9cd9d437bbb44f72b73ba127e06d8e79","name":"admin","image":{"@type":"ImageObject","inLanguage":"tr","@id":"https:\/\/secure.gravatar.com\/avatar\/ccc17943b9d660506c869530f897617f7cb1c21a4bf30023f252596d83e1f007?s=96&d=mm&r=g","url":"https:\/\/secure.gravatar.com\/avatar\/ccc17943b9d660506c869530f897617f7cb1c21a4bf30023f252596d83e1f007?s=96&d=mm&r=g","contentUrl":"https:\/\/secure.gravatar.com\/avatar\/ccc17943b9d660506c869530f897617f7cb1c21a4bf30023f252596d83e1f007?s=96&d=mm&r=g","caption":"admin"},"sameAs":["https:\/\/kibrisdakik.com"],"url":"https:\/\/kibrisdakik.com\/?author=1"}]}},"_links":{"self":[{"href":"https:\/\/kibrisdakik.com\/index.php?rest_route=\/wp\/v2\/posts\/67809","targetHints":{"allow":["GET"]}}],"collection":[{"href":"https:\/\/kibrisdakik.com\/index.php?rest_route=\/wp\/v2\/posts"}],"about":[{"href":"https:\/\/kibrisdakik.com\/index.php?rest_route=\/wp\/v2\/types\/post"}],"author":[{"embeddable":true,"href":"https:\/\/kibrisdakik.com\/index.php?rest_route=\/wp\/v2\/users\/1"}],"replies":[{"embeddable":true,"href":"https:\/\/kibrisdakik.com\/index.php?rest_route=%2Fwp%2Fv2%2Fcomments&post=67809"}],"version-history":[{"count":0,"href":"https:\/\/kibrisdakik.com\/index.php?rest_route=\/wp\/v2\/posts\/67809\/revisions"}],"wp:featuredmedia":[{"embeddable":true,"href":"https:\/\/kibrisdakik.com\/index.php?rest_route=\/wp\/v2\/media\/67810"}],"wp:attachment":[{"href":"https:\/\/kibrisdakik.com\/index.php?rest_route=%2Fwp%2Fv2%2Fmedia&parent=67809"}],"wp:term":[{"taxonomy":"category","embeddable":true,"href":"https:\/\/kibrisdakik.com\/index.php?rest_route=%2Fwp%2Fv2%2Fcategories&post=67809"},{"taxonomy":"post_tag","embeddable":true,"href":"https:\/\/kibrisdakik.com\/index.php?rest_route=%2Fwp%2Fv2%2Ftags&post=67809"}],"curies":[{"name":"wp","href":"https:\/\/api.w.org\/{rel}","templated":true}]}}